[{"ano_emissao_emp":"2023","n_emp":"0000001","data_emissao":"02\/01\/2023","valor":"1.072.500,00","tipo_empenho":"Estimativo","hist_emp":"VALOR QUE SE EMPENHA, REFERE-SE A FOLHA DE PAGAMENTO DOS VEREADORES DESTA CASA LEGISLATIVA, PARA O EXERC\u00cdCIO DE 2023.","fornecedor":"FOLHA","denom_uni_orc":"CORPO DELIBERATIVO E SECRETARIA","funcao":"Legislativa","sub_funcao":"A\u00e7\u00e3o Legislativa","programa":"A\u00c7\u00c3O LEGISTIVA","acao":"MANUTEN\u00c7\u00c3O DAS ATIVIDADES LEGISLATIVAS","ident_acao":"Atividade","cat_econ":"Despesa Corrente","natureza_despesa":"Pessoal e Encargos Sociais","modalidade_despesa":"Aplica\u00e7\u00f5es Diretas","elemento_despesa":"Vencimentos e Vantagens Fixas - Pessoal Civil","sub_elem_desp":"SEM SUBELEMENTO","fonte_recurso":"Recursos do Exerc\u00edcio Corrente \/ Recursos n\u00e3o Vinculados de Impostos \/ -"},{"ano_emissao_emp":"2023","n_emp":"0000002","data_emissao":"02\/01\/2023","valor":"230.000,00","tipo_empenho":"Estimativo","hist_emp":"VALOR QUE SE EMPENHA, REFERE-SE A FOLHA DE PAGAMENTO DOS SERVIDORES COMISSIONADOS DESTA CASA LEGISLATIVA, PARA O EXERC\u00cdCIO DE 2023.","fornecedor":"FOLHA","denom_uni_orc":"CORPO DELIBERATIVO E SECRETARIA","funcao":"Legislativa","sub_funcao":"A\u00e7\u00e3o Legislativa","programa":"A\u00c7\u00c3O LEGISTIVA","acao":"MANUTEN\u00c7\u00c3O DAS ATIVIDADES ADMINISTRATIVAS","ident_acao":"Atividade","cat_econ":"Despesa Corrente","natureza_despesa":"Pessoal e Encargos Sociais","modalidade_despesa":"Aplica\u00e7\u00f5es Diretas","elemento_despesa":"Vencimentos e Vantagens Fixas - Pessoal Civil","sub_elem_desp":"SEM SUBELEMENTO","fonte_recurso":"Recursos do Exerc\u00edcio Corrente \/ Recursos n\u00e3o Vinculados de Impostos \/ -"},{"ano_emissao_emp":"2023","n_emp":"0000003","data_emissao":"02\/01\/2023","valor":"550.000,00","tipo_empenho":"Estimativo","hist_emp":"VALOR QUE SE EMPENHA, REFERE-SE A FOLHA DE PAGAMENTO DOS SERVIDORES EFETIVOS DESTA CASA LEGISLATIVA, PARA O EXERC\u00cdCIO DE 2023.","fornecedor":"FOLHA","denom_uni_orc":"CORPO DELIBERATIVO E SECRETARIA","funcao":"Legislativa","sub_funcao":"A\u00e7\u00e3o Legislativa","programa":"A\u00c7\u00c3O LEGISTIVA","acao":"MANUTEN\u00c7\u00c3O DAS ATIVIDADES ADMINISTRATIVAS","ident_acao":"Atividade","cat_econ":"Despesa Corrente","natureza_despesa":"Pessoal e Encargos Sociais","modalidade_despesa":"Aplica\u00e7\u00f5es Diretas","elemento_despesa":"Vencimentos e Vantagens Fixas - Pessoal Civil","sub_elem_desp":"SEM SUBELEMENTO","fonte_recurso":"Recursos do Exerc\u00edcio Corrente \/ Recursos n\u00e3o Vinculados de Impostos \/ -"},{"ano_emissao_emp":"2023","n_emp":"0000004","data_emissao":"02\/01\/2023","valor":"21.255,00","tipo_empenho":"Estimativo","hist_emp":"VALOR QUE SE EMPENHA, REFERE-SE A FOLHA DE PAGAMENTO DO INATIVO DESTA CASA LEGISLATIVA, PARA O EXERC\u00cdCIO DE 2023.","fornecedor":"FOLHA","denom_uni_orc":"CORPO DELIBERATIVO E SECRETARIA","funcao":"Legislativa","sub_funcao":"Previd\u00eancia B\u00e1sica","programa":"PREVIDENCIA SOCIAL A INATIVOS E PENSIONISTAS","acao":"MANUTEN\u00c7\u00c3O INATIVOS","ident_acao":"Atividade","cat_econ":"Despesa Corrente","natureza_despesa":"Pessoal e Encargos Sociais","modalidade_despesa":"Aplica\u00e7\u00f5es Diretas","elemento_despesa":"Aposentadorias, Reserva Remunerada e Reformas","sub_elem_desp":"SEM SUBELEMENTO","fonte_recurso":"Recursos do Exerc\u00edcio Corrente \/ Recursos n\u00e3o Vinculados de Impostos \/ -"},{"ano_emissao_emp":"2023","n_emp":"0000005","data_emissao":"02\/01\/2023","valor":"63.000,00","tipo_empenho":"Global","hist_emp":"VALOR QUE SE EMPENHA, REFERE-SE A VERBA DE REPRESENTA\u00c7\u00c3O PARA O EXERC\u00cdCIO DE 2023.","fornecedor":"C\u00c2MARA MUNICIPAL DE VEREADORES","denom_uni_orc":"CORPO DELIBERATIVO E SECRETARIA","funcao":"Legislativa","sub_funcao":"A\u00e7\u00e3o Legislativa","programa":"A\u00c7\u00c3O LEGISTIVA","acao":"MANUTEN\u00c7\u00c3O VERBA INDENIZATORIA","ident_acao":"Atividade","cat_econ":"Despesa Corrente","natureza_despesa":"Outras Despesas Correntes","modalidade_despesa":"Aplica\u00e7\u00f5es Diretas","elemento_despesa":"Indeniza\u00e7\u00f5es e Restitui\u00e7\u00f5es","sub_elem_desp":"SEM SUBELEMENTO","fonte_recurso":"Recursos do Exerc\u00edcio Corrente \/ Recursos n\u00e3o Vinculados de Impostos \/ -"},{"ano_emissao_emp":"2023","n_emp":"0000006","data_emissao":"02\/01\/2023","valor":"7.200,00","tipo_empenho":"Estimativo","hist_emp":"VALOR QUE SE EMPENHA CORRESPONDE AO FORNECIMENTO DE ENERGIA EL\u00c9TRICA PARA ESTA C\u00c2MARA MUNICIPAL DE VEREADORES DE TAQUARITINGA DO NORTE-PE, REFERENTE AO EXERC\u00cdCIO DE 2023.","fornecedor":"COMPANHIA ENERGETICA DE PERNAMBUCO","denom_uni_orc":"CORPO DELIBERATIVO E SECRETARIA","funcao":"Legislativa","sub_funcao":"A\u00e7\u00e3o Legislativa","programa":"A\u00c7\u00c3O LEGISTIVA","acao":"MANUTEN\u00c7\u00c3O DAS ATIVIDADES ADMINISTRATIVAS","ident_acao":"Atividade","cat_econ":"Despesa Corrente","natureza_despesa":"Outras Despesas Correntes","modalidade_despesa":"Aplica\u00e7\u00f5es Diretas","elemento_despesa":"Outros Servi\u00e7os de Terceiros - Pessoa Jur\u00eddica","sub_elem_desp":"SEM SUBELEMENTO","fonte_recurso":"Recursos do Exerc\u00edcio Corrente \/ Recursos n\u00e3o Vinculados de Impostos \/ -"},{"ano_emissao_emp":"2023","n_emp":"0000007","data_emissao":"02\/01\/2023","valor":"6.000,00","tipo_empenho":"Estimativo","hist_emp":"VALOR QUE SE EMPENHA, CORRESPONDE AO PAGAMENTO DE TARIFAS BANC\u00c1RIAS REFERENTE AO EXERC\u00cdCIO DE 2023.","fornecedor":"Banco do Brasil","denom_uni_orc":"CORPO DELIBERATIVO E SECRETARIA","funcao":"Legislativa","sub_funcao":"A\u00e7\u00e3o Legislativa","programa":"A\u00c7\u00c3O LEGISTIVA","acao":"MANUTEN\u00c7\u00c3O DAS ATIVIDADES ADMINISTRATIVAS","ident_acao":"Atividade","cat_econ":"Despesa Corrente","natureza_despesa":"Outras Despesas Correntes","modalidade_despesa":"Aplica\u00e7\u00f5es Diretas","elemento_despesa":"Outros Servi\u00e7os de Terceiros - Pessoa Jur\u00eddica","sub_elem_desp":"SEM SUBELEMENTO","fonte_recurso":"Recursos do Exerc\u00edcio Corrente \/ Recursos n\u00e3o Vinculados de Impostos \/ -"},{"ano_emissao_emp":"2023","n_emp":"0000008","data_emissao":"02\/01\/2023","valor":"450.000,00","tipo_empenho":"Estimativo","hist_emp":"VALOR QUE SE EMPENHA, CORRESPONDE AO RECOLHIMENTO DE PREVID\u00caNCIA SOCIAL, RELATIVO AOS SERVIDORES DESTA CASA LEGISLATIVA NO EXERC\u00cdCIO DE 2023.","fornecedor":"FOLHA","denom_uni_orc":"CORPO DELIBERATIVO E SECRETARIA","funcao":"Legislativa","sub_funcao":"Previd\u00eancia B\u00e1sica","programa":"PREVID\u00caNCIA SOCIAL A SEGURADOS","acao":"CONTRIBUI\u00c7\u00c3O PREVIDENCI\u00c1RIA E FGTS","ident_acao":"Atividade","cat_econ":"Despesa Corrente","natureza_despesa":"Pessoal e Encargos Sociais","modalidade_despesa":"Aplica\u00e7\u00f5es Diretas","elemento_despesa":"Obriga\u00e7\u00f5es Patronais","sub_elem_desp":"SEM SUBELEMENTO","fonte_recurso":"Recursos do Exerc\u00edcio Corrente \/ Recursos n\u00e3o Vinculados de Impostos \/ -"},{"ano_emissao_emp":"2023","n_emp":"0000009","data_emissao":"02\/01\/2023","valor":"3.600,00","tipo_empenho":"Global","hist_emp":"VALOR QUE SE EMPENHA, CORRESPONDE A CONTRIBUI\u00c7\u00c3O PARA UNI\u00c3O DOS VEREADORES DE PERNAMBUCO, REFERENTE AO EXERC\u00cdCIO DE 2023.","fornecedor":"UNIAO DOS VEREADORES DE PERNAMBUCO","denom_uni_orc":"CORPO DELIBERATIVO E SECRETARIA","funcao":"Legislativa","sub_funcao":"A\u00e7\u00e3o Legislativa","programa":"A\u00c7\u00c3O LEGISTIVA","acao":"MANUTEN\u00c7\u00c3O DAS ATIVIDADES ADMINISTRATIVAS","ident_acao":"Atividade","cat_econ":"Despesa Corrente","natureza_despesa":"Outras Despesas Correntes","modalidade_despesa":"Aplica\u00e7\u00f5es Diretas","elemento_despesa":"Outros Servi\u00e7os de Terceiros - Pessoa Jur\u00eddica","sub_elem_desp":"SEM SUBELEMENTO","fonte_recurso":"Recursos do Exerc\u00edcio Corrente \/ Recursos n\u00e3o Vinculados de Impostos \/ -"},{"ano_emissao_emp":"2023","n_emp":"0000010","data_emissao":"02\/01\/2023","valor":"27.075,00","tipo_empenho":"Global","hist_emp":"VALOR QUE SE EMPENHA, CORRESPONDE AO 2\u00b0 TERMO ADITIVO DE PRORROGA\u00c7\u00c3O AO CONTRATO N\u00b008\/2021, PROCESSO DE INEXIGIBILIDADE N\u00b0002\/2021 DE PRESTA\u00c7\u00c3O DE SERVI\u00c7OS DE ASSESSORIA JUR\u00cdDICA \u00c0 C\u00c2MARA MUNICIPAL DE VEREADORES DE TAQUARITINGA DO NORTE-PE, REFERENTE AO PER\u00cdODO DE JANEIRO A ABRIL DE 2023.","fornecedor":"EMERSON PETRIMPERNI SOCIEDADE INDIVIDUAL DE ADVOCACIA","denom_uni_orc":"CORPO DELIBERATIVO E SECRETARIA","funcao":"Legislativa","sub_funcao":"A\u00e7\u00e3o Legislativa","programa":"A\u00c7\u00c3O LEGISTIVA","acao":"MANUTEN\u00c7\u00c3O DAS ATIVIDADES ADMINISTRATIVAS","ident_acao":"Atividade","cat_econ":"Despesa Corrente","natureza_despesa":"Outras Despesas Correntes","modalidade_despesa":"Aplica\u00e7\u00f5es Diretas","elemento_despesa":"Outros Servi\u00e7os de Terceiros - Pessoa Jur\u00eddica","sub_elem_desp":"SEM SUBELEMENTO","fonte_recurso":"Recursos do Exerc\u00edcio Corrente \/ Recursos n\u00e3o Vinculados de Impostos \/ -"},{"ano_emissao_emp":"2023","n_emp":"0000011","data_emissao":"02\/01\/2023","valor":"71.334,90","tipo_empenho":"Global","hist_emp":"2\u00b0 TERMO ADITIVO DE PRORROGA\u00c7\u00c3O DE CONTRATO N\u00b0 007\/2021, PROCESSO DE INEXIGIBILIDADE N\u00b0001\/2021 DE PRESTA\u00c7\u00c3O DE SERVI\u00c7OS PROFISSIONAIS T\u00c9CNICOS ESPECIALIZADOS DE CONSULTORIA E ASSESSORIA ADMINISTRATIVA E GERENCIAL NAS \u00c1REAS CONT\u00c1BIL E FINANCEIRA, INCLUINDO SISTEMA INFORMATIZADO DE CONTABILIDADE E OR\u00c7AMENTO P\u00daBLICO COM SOFTWARE EM INTERFACE GR\u00c1FICA, SISTEMA DE FOLHA DE PAGAMENTO, CONTROLE INTERNO, SECRETARIA\/PROTOCOLO, PATRIM\u00d4NIO COM O PLANO DE CONTAS ESTABELECIDO PELA UNI\u00c3O E ADOTADO NOS ORG\u00c3OS DA ADMINIS","fornecedor":"CERTAM CENTRO REGIONAL DE TREINAMENTO EM ADMINISTRACAO MUNICIPAL LTDA","denom_uni_orc":"CORPO DELIBERATIVO E SECRETARIA","funcao":"Legislativa","sub_funcao":"A\u00e7\u00e3o Legislativa","programa":"A\u00c7\u00c3O LEGISTIVA","acao":"MANUTEN\u00c7\u00c3O DAS ATIVIDADES ADMINISTRATIVAS","ident_acao":"Atividade","cat_econ":"Despesa Corrente","natureza_despesa":"Outras Despesas Correntes","modalidade_despesa":"Aplica\u00e7\u00f5es Diretas","elemento_despesa":"Outros Servi\u00e7os de Terceiros - Pessoa Jur\u00eddica","sub_elem_desp":"SEM SUBELEMENTO","fonte_recurso":"Recursos do Exerc\u00edcio Corrente \/ Recursos n\u00e3o Vinculados de Impostos \/ -"},{"ano_emissao_emp":"2023","n_emp":"0000012","data_emissao":"02\/01\/2023","valor":"200,00","tipo_empenho":"Ordin\u00e1rio","hist_emp":"VALOR QUE SE EMPENHA, CORRESPONDE A PRESTA\u00c7\u00c3O DE SERVI\u00c7OS DE HOSPEDAGEM E MANUTEN\u00c7\u00c3O DO SISTEMA DE PROTOCOLO CENTRAL DA C\u00c2MARA MUNICIPAL DE VEREADORES DE TAQUARITINGA DO NORTE-PE, DURANTE O M\u00caS DE JANEIRO DE 2023.","fornecedor":"M\u00c1RIO LEANDRO PEREIRA DA SILVA","denom_uni_orc":"CORPO DELIBERATIVO E SECRETARIA","funcao":"Legislativa","sub_funcao":"A\u00e7\u00e3o Legislativa","programa":"A\u00c7\u00c3O LEGISTIVA","acao":"MANUTEN\u00c7\u00c3O DAS ATIVIDADES ADMINISTRATIVAS","ident_acao":"Atividade","cat_econ":"Despesa Corrente","natureza_despesa":"Outras Despesas Correntes","modalidade_despesa":"Aplica\u00e7\u00f5es Diretas","elemento_despesa":"Outros Servi\u00e7os de Terceiros - Pessoa F\u00edsica","sub_elem_desp":"SEM SUBELEMENTO","fonte_recurso":"Recursos do Exerc\u00edcio Corrente \/ Recursos n\u00e3o Vinculados de Impostos \/ -"},{"ano_emissao_emp":"2023","n_emp":"0000013","data_emissao":"02\/01\/2023","valor":"978,00","tipo_empenho":"Estimativo","hist_emp":"VALOR QUE SE EMPENHA CORRESPONDE AO ESTIMATIVO CONSUMO DE 200L DE COMBUST\u00cdVEL NO CARRO OFICIAL DESTA CASA LEGISLATIVA, PLACA QYF2630, PARA O M\u00caS DE JANEIRO DE 2023.","fornecedor":"AUTO POSTO DA SERRA LTDA","denom_uni_orc":"CORPO DELIBERATIVO E SECRETARIA","funcao":"Legislativa","sub_funcao":"A\u00e7\u00e3o Legislativa","programa":"A\u00c7\u00c3O LEGISTIVA","acao":"MANUTEN\u00c7\u00c3O DAS ATIVIDADES ADMINISTRATIVAS","ident_acao":"Atividade","cat_econ":"Despesa Corrente","natureza_despesa":"Outras Despesas Correntes","modalidade_despesa":"Aplica\u00e7\u00f5es Diretas","elemento_despesa":"Outros Servi\u00e7os de Terceiros - Pessoa Jur\u00eddica","sub_elem_desp":"SEM SUBELEMENTO","fonte_recurso":"Recursos do Exerc\u00edcio Corrente \/ Recursos n\u00e3o Vinculados de Impostos \/ -"},{"ano_emissao_emp":"2023","n_emp":"0000014","data_emissao":"02\/01\/2023","valor":"199,99","tipo_empenho":"Ordin\u00e1rio","hist_emp":"VALOR QUE SE EMPENHA CORRESPONDE A PRESTA\u00c7\u00c3O DE SERVI\u00c7OS DE INTERNET PARA ATENDER AS NECESSIDADES ADMINISTRATIVAS DA C\u00c2MARA MUNICIPAL DE VEREADORES DE TAQUARITINGA DO NORTE-PE, DURANTE O M\u00caS DE JANEIRO DE 2023.","fornecedor":"INFOR TELECOM LTDA","denom_uni_orc":"CORPO DELIBERATIVO E SECRETARIA","funcao":"Legislativa","sub_funcao":"A\u00e7\u00e3o Legislativa","programa":"A\u00c7\u00c3O LEGISTIVA","acao":"MANUTEN\u00c7\u00c3O DAS ATIVIDADES ADMINISTRATIVAS","ident_acao":"Atividade","cat_econ":"Despesa Corrente","natureza_despesa":"Outras Despesas Correntes","modalidade_despesa":"Aplica\u00e7\u00f5es Diretas","elemento_despesa":"Outros Servi\u00e7os de Terceiros - Pessoa Jur\u00eddica","sub_elem_desp":"SEM SUBELEMENTO","fonte_recurso":"Recursos do Exerc\u00edcio Corrente \/ Recursos n\u00e3o Vinculados de Impostos \/ -"},{"ano_emissao_emp":"2023","n_emp":"0000015","data_emissao":"02\/01\/2023","valor":"18.800,00","tipo_empenho":"Ordin\u00e1rio","hist_emp":"VALOR QUE SE EMPENHA CORRESPONDE AO PAGAMENTO DE AUX\u00cdLIO ALIMENTA\u00c7\u00c3O, CONFORME DISP\u00d5E A LEI N\u00b0 2110\/2022 PARA OS VEREADORES E SERVIDORES DESTA CASA LEGISLATIVA, NO M\u00caS DE JANEIRO DE 2023.","fornecedor":"C\u00c2MARA MUNICIPAL DE VEREADORES","denom_uni_orc":"CORPO DELIBERATIVO E SECRETARIA","funcao":"Legislativa","sub_funcao":"A\u00e7\u00e3o Legislativa","programa":"A\u00c7\u00c3O LEGISTIVA","acao":"AUX\u00cdLIO ALIMENTA\u00c7\u00c3O","ident_acao":"Atividade","cat_econ":"Despesa Corrente","natureza_despesa":"Outras Despesas Correntes","modalidade_despesa":"Aplica\u00e7\u00f5es Diretas","elemento_despesa":"Outros Servi\u00e7os de Terceiros - Pessoa Jur\u00eddica","sub_elem_desp":"SEM SUBELEMENTO","fonte_recurso":"Recursos do Exerc\u00edcio Corrente \/ Recursos n\u00e3o Vinculados de Impostos \/ -"},{"ano_emissao_emp":"2023","n_emp":"0000016","data_emissao":"06\/01\/2023","valor":"158,00","tipo_empenho":"Ordin\u00e1rio","hist_emp":"VALOR QUE SE EMPENHA CORRESPONDE AO ABASTECIMENTO DE \u00c1GUA POR CARRO PIPA NO PR\u00c9DIO DA C\u00c2MARA MUNICIPAL DE VEREADORES DE TAQUARITINGA DO NORTE-PE, EM JANEIRO DE 2023.","fornecedor":"M\u00c1RCIO ANDR\u00c9 MANOEL DA SILVA","denom_uni_orc":"CORPO DELIBERATIVO E SECRETARIA","funcao":"Legislativa","sub_funcao":"A\u00e7\u00e3o Legislativa","programa":"A\u00c7\u00c3O LEGISTIVA","acao":"MANUTEN\u00c7\u00c3O DAS ATIVIDADES ADMINISTRATIVAS","ident_acao":"Atividade","cat_econ":"Despesa Corrente","natureza_despesa":"Outras Despesas Correntes","modalidade_despesa":"Aplica\u00e7\u00f5es Diretas","elemento_despesa":"Outros Servi\u00e7os de Terceiros - Pessoa F\u00edsica","sub_elem_desp":"SEM SUBELEMENTO","fonte_recurso":"Recursos do Exerc\u00edcio Corrente \/ Recursos n\u00e3o Vinculados de Impostos \/ -"},{"ano_emissao_emp":"2023","n_emp":"0000017","data_emissao":"10\/01\/2023","valor":"42.000,00","tipo_empenho":"Global","hist_emp":"VALOR QUE SE EMPENHA, CORRESPONDE A PRESTA\u00c7\u00c3O DE SERVI\u00c7OS DE CONSULTORIA E ASSESSORIA JUR\u00cdDICA NA \u00c1REA DE LICITA\u00c7\u00d5ES E CONTRATOS, JUNTO \u00c0 COMISS\u00c3O PERMANENTE DE LICITA\u00c7\u00d5ES E EQUIPE DE APOIO, DE ACORDO COM O CONTRATO N\u00ba 001\/2023, REGIDA EM FACE DO ARTIGO 75 INCISO I DA LEI N\u00b0 14.133\/2021, PARA O EXERC\u00cdCIO DE 2023.","fornecedor":"MARIA DO SOCORRO DE LIMA BARBOSA","denom_uni_orc":"CORPO DELIBERATIVO E SECRETARIA","funcao":"Legislativa","sub_funcao":"A\u00e7\u00e3o Legislativa","programa":"A\u00c7\u00c3O LEGISTIVA","acao":"MANUTEN\u00c7\u00c3O DAS ATIVIDADES ADMINISTRATIVAS","ident_acao":"Atividade","cat_econ":"Despesa Corrente","natureza_despesa":"Outras Despesas Correntes","modalidade_despesa":"Aplica\u00e7\u00f5es Diretas","elemento_despesa":"Outros Servi\u00e7os de Terceiros - Pessoa F\u00edsica","sub_elem_desp":"SEM SUBELEMENTO","fonte_recurso":"Recursos do Exerc\u00edcio Corrente \/ Recursos n\u00e3o Vinculados de Impostos \/ -"},{"ano_emissao_emp":"2023","n_emp":"0000018","data_emissao":"10\/01\/2023","valor":"16.800,00","tipo_empenho":"Global","hist_emp":"VALOR QUE SE EMPENHA CORRESPONDE AO PAGAMENTO DE LICEN\u00c7A DE USO E MANUTEN\u00c7\u00c3O DO SISTEMA DO PORTAL DA TRANSPAR\u00caNCIA DA C\u00c2MARA MUNICIPAL DE VEREADORES DE TAQUARITINGA DO NORTE-PE, DE ACORDO COM O CONTRATO N\u00ba 02\/2023, NOS TERMOS DO ART. 24 DA LEI 8.666\/93, PARA O EXERC\u00cdCIO DE 2023.","fornecedor":"MK TECNOLOGIA E SEGURANCA LTDA","denom_uni_orc":"CORPO DELIBERATIVO E SECRETARIA","funcao":"Legislativa","sub_funcao":"A\u00e7\u00e3o Legislativa","programa":"A\u00c7\u00c3O LEGISTIVA","acao":"MANUTEN\u00c7\u00c3O DAS ATIVIDADES ADMINISTRATIVAS","ident_acao":"Atividade","cat_econ":"Despesa Corrente","natureza_despesa":"Outras Despesas Correntes","modalidade_despesa":"Aplica\u00e7\u00f5es Diretas","elemento_despesa":"Outros Servi\u00e7os de Terceiros - Pessoa Jur\u00eddica","sub_elem_desp":"SEM SUBELEMENTO","fonte_recurso":"Recursos do Exerc\u00edcio Corrente \/ Recursos n\u00e3o Vinculados de Impostos \/ -"},{"ano_emissao_emp":"2023","n_emp":"0000019","data_emissao":"10\/01\/2023","valor":"10.200,00","tipo_empenho":"Global","hist_emp":"VALOR QUE SE EMPENHA CORRESPONDE AO PAGAMENTO DE HOSPEDAGEM E MANUTEN\u00c7\u00c3O DO SITE WWW.TAQUARITINGADONORTE.PE.LEG.BR DA C\u00c2MARA MUNICIPAL DE VEREADORES DE TAQUARITINGA DO NORTE-PE, DE ACORDO COM O CONTRATO N\u00ba 03\/2023, NOS TERMOS DO ART. 24 DA LEI 8.666\/93, PARA O EXERC\u00cdCIO DE 2023.","fornecedor":"JMS INTERLIGADOS LTDA","denom_uni_orc":"CORPO DELIBERATIVO E SECRETARIA","funcao":"Legislativa","sub_funcao":"A\u00e7\u00e3o Legislativa","programa":"A\u00c7\u00c3O LEGISTIVA","acao":"MANUTEN\u00c7\u00c3O DAS ATIVIDADES ADMINISTRATIVAS","ident_acao":"Atividade","cat_econ":"Despesa Corrente","natureza_despesa":"Outras Despesas Correntes","modalidade_despesa":"Aplica\u00e7\u00f5es Diretas","elemento_despesa":"Outros Servi\u00e7os de Terceiros - Pessoa Jur\u00eddica","sub_elem_desp":"SEM SUBELEMENTO","fonte_recurso":"Recursos do Exerc\u00edcio Corrente \/ Recursos n\u00e3o Vinculados de Impostos \/ -"},{"ano_emissao_emp":"2023","n_emp":"0000020","data_emissao":"10\/01\/2023","valor":"600,00","tipo_empenho":"Ordin\u00e1rio","hist_emp":"VALOR QUE SE EMPENHA CORRESPONDE A SOLICITA\u00c7\u00c3O DE DI\u00c1RIA PELO SERVIDOR ANDERSON AGAMENON SILVA, PARA IR \u00c0 CIDADE DE CARUARU-PE, NO INTUITO DE SOLICITAR OR\u00c7AMENTO DE ORDEM DE SERVI\u00c7O PARA MANUTEN\u00c7\u00c3O E REVIS\u00c3O PREVENTIVA NO AUTOM\u00d3VEL OFICIAL DESTA C\u00c2MARA MUNICIPAL DE VEREADORES, DE PLACA QYF-2630, ASSIM COMO, LEVAR O MESMO PARA POSTERIOR MANUTEN\u00c7\u00c3O\/REVIS\u00c3O.","fornecedor":"ANDERSON AGAMENON SILVA","denom_uni_orc":"CORPO DELIBERATIVO E SECRETARIA","funcao":"Legislativa","sub_funcao":"A\u00e7\u00e3o Legislativa","programa":"A\u00c7\u00c3O LEGISTIVA","acao":"MANUTEN\u00c7\u00c3O DAS ATIVIDADES ADMINISTRATIVAS","ident_acao":"Atividade","cat_econ":"Despesa Corrente","natureza_despesa":"Outras Despesas Correntes","modalidade_despesa":"Aplica\u00e7\u00f5es Diretas","elemento_despesa":"Di\u00e1rias \u2013 Civil","sub_elem_desp":"SEM SUBELEMENTO","fonte_recurso":"Recursos do Exerc\u00edcio Corrente \/ Recursos n\u00e3o Vinculados de Impostos \/ -"},{"ano_emissao_emp":"2023","n_emp":"0000021","data_emissao":"10\/01\/2023","valor":"1.000,00","tipo_empenho":"Ordin\u00e1rio","hist_emp":"VALOR QUE SE EMPENHA CORRESPONDE A SOLICITA\u00c7\u00c3O DE DI\u00c1RIA PELO VEREADOR\/PRESIDENTE AMILTON C\u00cdCERO DA SILVA, PARA PARTICIPAR DO PROCESSO DE CAPACITA\u00c7\u00c3O PROFISSIONAL LIGADOS AS \u00c1REAS DE CONTABILIDADE E TESOURARIA, REFERENTE TREINAMENTO DE OPERACIONALIZA\u00c7\u00c3O DO SISTEMA DE OR\u00c7AMENTO E CONTABILIDADE P\u00daBLICA - SIORCONP, QUE SER\u00c1 REALIZADO NO DIA 12 DE JANEIRO DE 2023, JUNTO A SEDE DA SYSTEMA INFORM\u00c1TICA, LOCALIZADA EM OLINDA-PE, NA REGI\u00c3O METROPOLITANA DO RECIFE-PE.","fornecedor":"Amilton C\u00edcero da Silva","denom_uni_orc":"CORPO DELIBERATIVO E SECRETARIA","funcao":"Legislativa","sub_funcao":"A\u00e7\u00e3o Legislativa","programa":"A\u00c7\u00c3O LEGISTIVA","acao":"MANUTEN\u00c7\u00c3O DAS ATIVIDADES LEGISLATIVAS","ident_acao":"Atividade","cat_econ":"Despesa Corrente","natureza_despesa":"Outras Despesas Correntes","modalidade_despesa":"Aplica\u00e7\u00f5es Diretas","elemento_despesa":"Di\u00e1rias \u2013 Civil","sub_elem_desp":"SEM SUBELEMENTO","fonte_recurso":"Recursos do Exerc\u00edcio Corrente \/ Recursos n\u00e3o Vinculados de Impostos \/ -"},{"ano_emissao_emp":"2023","n_emp":"0000022","data_emissao":"10\/01\/2023","valor":"500,00","tipo_empenho":"Ordin\u00e1rio","hist_emp":"VALOR QUE SE EMPENHA CORRESPONDE A SOLICITA\u00c7\u00c3O DE DI\u00c1RIA PELO SERVIDOR RICARDO VALEN\u00c7A MAHON, PARA PARTICIPAR DO PROCESSO DE CAPACITA\u00c7\u00c3O PROFISSIONAL LIGADOS AS \u00c1REAS DE CONTABILIDADE E TESOURARIA, REFERENTE TREINAMENTO DE OPERACIONALIZA\u00c7\u00c3O DO SISTEMA DE OR\u00c7AMENTO E CONTABILIDADE P\u00daBLICA - SIORCONP, QUE SER\u00c1 REALIZADO NO DIA 12 DE JANEIRO DE 2023, JUNTO A SEDE DA SYSTEMA INFORM\u00c1TICA, LOCALIZADA EM OLINDA-PE, NA REGI\u00c3O METROPOLITANA DO RECIFE-PE.","fornecedor":"RICARDO VALEN\u00c7A MAHON","denom_uni_orc":"CORPO DELIBERATIVO E SECRETARIA","funcao":"Legislativa","sub_funcao":"A\u00e7\u00e3o Legislativa","programa":"A\u00c7\u00c3O LEGISTIVA","acao":"MANUTEN\u00c7\u00c3O DAS ATIVIDADES ADMINISTRATIVAS","ident_acao":"Atividade","cat_econ":"Despesa Corrente","natureza_despesa":"Outras Despesas Correntes","modalidade_despesa":"Aplica\u00e7\u00f5es Diretas","elemento_despesa":"Di\u00e1rias \u2013 Civil","sub_elem_desp":"SEM SUBELEMENTO","fonte_recurso":"Recursos do Exerc\u00edcio Corrente \/ Recursos n\u00e3o Vinculados de Impostos \/ -"},{"ano_emissao_emp":"2023","n_emp":"0000023","data_emissao":"10\/01\/2023","valor":"500,00","tipo_empenho":"Ordin\u00e1rio","hist_emp":"VALOR QUE SE EMPENHA CORRESPONDE A SOLICITA\u00c7\u00c3O DE DI\u00c1RIA PELA SERVIDORA GIRLAINE COELHO DE CASTRO LEONEL, PARA PARTICIPAR DO PROCESSO DE CAPACITA\u00c7\u00c3O PROFISSIONAL LIGADOS AS \u00c1REAS DE CONTABILIDADE E TESOURARIA, REFERENTE TREINAMENTO DE OPERACIONALIZA\u00c7\u00c3O DO SISTEMA DE OR\u00c7AMENTO E CONTABILIDADE P\u00daBLICA - SIORCONP, QUE SER\u00c1 REALIZADO NO DIA 12 DE JANEIRO DE 2023, JUNTO A SEDE DA SYSTEMA INFORM\u00c1TICA, LOCALIZADA EM OLINDA-PE, NA REGI\u00c3O METROPOLITANA DO RECIFE-PE.","fornecedor":"GIRLAINE COELHO DE CASTRO LEONEL","denom_uni_orc":"CORPO DELIBERATIVO E SECRETARIA","funcao":"Legislativa","sub_funcao":"A\u00e7\u00e3o Legislativa","programa":"A\u00c7\u00c3O LEGISTIVA","acao":"MANUTEN\u00c7\u00c3O DAS ATIVIDADES ADMINISTRATIVAS","ident_acao":"Atividade","cat_econ":"Despesa Corrente","natureza_despesa":"Outras Despesas Correntes","modalidade_despesa":"Aplica\u00e7\u00f5es Diretas","elemento_despesa":"Di\u00e1rias \u2013 Civil","sub_elem_desp":"SEM SUBELEMENTO","fonte_recurso":"Recursos do Exerc\u00edcio Corrente \/ Recursos n\u00e3o Vinculados de Impostos \/ -"},{"ano_emissao_emp":"2023","n_emp":"0000024","data_emissao":"10\/01\/2023","valor":"500,00","tipo_empenho":"Ordin\u00e1rio","hist_emp":"VALOR QUE SE EMPENHA CORRESPONDE A SOLICITA\u00c7\u00c3O DE DI\u00c1RIA PELA SERVIDORA RENATA MAIARA OLIVEIRA SANTOS SILVA, PARA PARTICIPAR DO PROCESSO DE CAPACITA\u00c7\u00c3O PROFISSIONAL LIGADOS AS \u00c1REAS DE CONTABILIDADE E TESOURARIA, REFERENTE TREINAMENTO DE OPERACIONALIZA\u00c7\u00c3O DO SISTEMA DE OR\u00c7AMENTO E CONTABILIDADE P\u00daBLICA - SIORCONP, QUE SER\u00c1 REALIZADO NO DIA 12 DE JANEIRO DE 2023, JUNTO A SEDE DA SYSTEMA INFORM\u00c1TICA, LOCALIZADA EM OLINDA-PE, NA REGI\u00c3O METROPOLITANA DO RECIFE-PE.","fornecedor":"RENATA MAIARA OLIVEIRA SANTOS SILVA","denom_uni_orc":"CORPO DELIBERATIVO E SECRETARIA","funcao":"Legislativa","sub_funcao":"A\u00e7\u00e3o Legislativa","programa":"A\u00c7\u00c3O LEGISTIVA","acao":"MANUTEN\u00c7\u00c3O DAS ATIVIDADES ADMINISTRATIVAS","ident_acao":"Atividade","cat_econ":"Despesa Corrente","natureza_despesa":"Outras Despesas Correntes","modalidade_despesa":"Aplica\u00e7\u00f5es Diretas","elemento_despesa":"Di\u00e1rias \u2013 Civil","sub_elem_desp":"SEM SUBELEMENTO","fonte_recurso":"Recursos do Exerc\u00edcio Corrente \/ Recursos n\u00e3o Vinculados de Impostos \/ -"},{"ano_emissao_emp":"2023","n_emp":"0000025","data_emissao":"11\/01\/2023","valor":"7.002,00","tipo_empenho":"Ordin\u00e1rio","hist_emp":"VALOR QUE SE EMPENHA, CORRESPONDE \u00c0 MATERIAIS PARA MANUTEN\u00c7\u00c3O DO VE\u00cdCULO OFICIAL - PLACA QYF - 2630 DA C\u00c2MARA MUNICIPAL DE TAQUARITINGA DO NORTE-PE, TAIS COMO: PNEUS, KIT CORREIA DENTADA, AMORTECEDORES, BATERIA, ENTRE OUTROS.","fornecedor":"AN7 CENTRO AUTOMOTIVO LTDA","denom_uni_orc":"CORPO DELIBERATIVO E SECRETARIA","funcao":"Legislativa","sub_funcao":"A\u00e7\u00e3o Legislativa","programa":"A\u00c7\u00c3O LEGISTIVA","acao":"MANUTEN\u00c7\u00c3O DAS ATIVIDADES ADMINISTRATIVAS","ident_acao":"Atividade","cat_econ":"Despesa Corrente","natureza_despesa":"Outras Despesas Correntes","modalidade_despesa":"Aplica\u00e7\u00f5es Diretas","elemento_despesa":"Material de Consumo","sub_elem_desp":"SEM SUBELEMENTO","fonte_recurso":"Recursos do Exerc\u00edcio Corrente \/ Recursos n\u00e3o Vinculados de Impostos \/ -"},{"ano_emissao_emp":"2023","n_emp":"0000026","data_emissao":"11\/01\/2023","valor":"1.690,00","tipo_empenho":"Ordin\u00e1rio","hist_emp":"VALOR QUE SE EMPENHA, CORRESPONDE A PRESTA\u00c7\u00c3O DE SERVI\u00c7OS DE MANUTEN\u00c7\u00c3O E REPARA\u00c7\u00c3O MEC\u00c2NICA DO VE\u00cdCULO OFICIAL - PLACA QYF 2630 DESTA C\u00c2MARA MUNICIPAL DE VEREADORES DE TAQUARITINGA DO NORTE-PE.","fornecedor":"AN7 CENTRO AUTOMOTIVO LTDA","denom_uni_orc":"CORPO DELIBERATIVO E SECRETARIA","funcao":"Legislativa","sub_funcao":"A\u00e7\u00e3o Legislativa","programa":"A\u00c7\u00c3O LEGISTIVA","acao":"MANUTEN\u00c7\u00c3O DAS ATIVIDADES ADMINISTRATIVAS","ident_acao":"Atividade","cat_econ":"Despesa Corrente","natureza_despesa":"Outras Despesas Correntes","modalidade_despesa":"Aplica\u00e7\u00f5es Diretas","elemento_despesa":"Outros Servi\u00e7os de Terceiros - Pessoa Jur\u00eddica","sub_elem_desp":"SEM SUBELEMENTO","fonte_recurso":"Recursos do Exerc\u00edcio Corrente \/ Recursos n\u00e3o Vinculados de Impostos \/ -"},{"ano_emissao_emp":"2023","n_emp":"0000027","data_emissao":"12\/01\/2023","valor":"2.200,00","tipo_empenho":"Ordin\u00e1rio","hist_emp":"VALOR QUE SE EMPENHA, CORRESPONDE AOS SERVI\u00c7OS DE GRAVA\u00c7\u00c3O E TRANSMISS\u00c3O AO VIVO, VIA INTERNET DAS SESS\u00d5ES ORDIN\u00c1RIAS, GERENCIAMENTO DE REDES SOCIAIS E CRIA\u00c7\u00c3O DE TEXTOS E ARTES DAS SESS\u00d5ES ORDIN\u00c1RIAS DESTA C\u00c2MARA MUNICIPAL DE VEREADORES DE TAQUARITINGA DO NORTE-PE, DURANTE O M\u00caS DE JANEIRO DE 2023.","fornecedor":"PAULO OTAVIO PEREIRA DE MOURA","denom_uni_orc":"CORPO DELIBERATIVO E SECRETARIA","funcao":"Legislativa","sub_funcao":"A\u00e7\u00e3o Legislativa","programa":"A\u00c7\u00c3O LEGISTIVA","acao":"MANUTEN\u00c7\u00c3O DAS ATIVIDADES ADMINISTRATIVAS","ident_acao":"Atividade","cat_econ":"Despesa Corrente","natureza_despesa":"Outras Despesas Correntes","modalidade_despesa":"Aplica\u00e7\u00f5es Diretas","elemento_despesa":"Outros Servi\u00e7os de Terceiros - Pessoa Jur\u00eddica","sub_elem_desp":"SEM SUBELEMENTO","fonte_recurso":"Recursos do Exerc\u00edcio Corrente \/ Recursos n\u00e3o Vinculados de Impostos \/ -"},{"ano_emissao_emp":"2023","n_emp":"0000028","data_emissao":"13\/01\/2023","valor":"1.000,00","tipo_empenho":"Ordin\u00e1rio","hist_emp":"VALOR QUE SE EMPENHA CORRESPONDE A SOLICITA\u00c7\u00c3O DE DI\u00c1RIA PELO VEREADOR ALEXANDRE BAS\u00cdLIO DE JESUS TIETRE, PARA IR AO PAL\u00c1CIO DO CAMPO DAS PRINCESAS - SEDE ADMINISTRATIVA DO PODER EXECUTIVO DO ESTADO DE PERNAMBUCO, SITUADO NA CIDADE DO RECIFE-PE, EM VISITA AO CHEFE DA CASA CIVIL, RUB\u00c9NS J\u00daNIOR, NO INTUITO DE TRATAR DE DEMANDAS PARA A CIDADE DE TAQUARITINGA DO NORTE-PE.","fornecedor":"ALEXANDRE BAS\u00cdLIO DE JESUS TIETRE","denom_uni_orc":"CORPO DELIBERATIVO E SECRETARIA","funcao":"Legislativa","sub_funcao":"A\u00e7\u00e3o Legislativa","programa":"A\u00c7\u00c3O LEGISTIVA","acao":"MANUTEN\u00c7\u00c3O DAS ATIVIDADES LEGISLATIVAS","ident_acao":"Atividade","cat_econ":"Despesa Corrente","natureza_despesa":"Outras Despesas Correntes","modalidade_despesa":"Aplica\u00e7\u00f5es Diretas","elemento_despesa":"Di\u00e1rias \u2013 Civil","sub_elem_desp":"SEM SUBELEMENTO","fonte_recurso":"Recursos do Exerc\u00edcio Corrente \/ Recursos n\u00e3o Vinculados de Impostos \/ -"},{"ano_emissao_emp":"2023","n_emp":"0000029","data_emissao":"17\/01\/2023","valor":"1.000,00","tipo_empenho":"Ordin\u00e1rio","hist_emp":"VALOR QUE SE EMPENHA CORRESPONDE A SOLICITA\u00c7\u00c3O DE DI\u00c1RIA PELO VEREADOR JOS\u00c9 ADEMIR MARTINS, PARA IR AO PAL\u00c1CIO DO CAMPO DAS PRINCESAS, SITUADO NA CIDADE DO RECIFE-PE, COM A FINALIDADE DE PARTICIPAR DE REUNI\u00c3O COM O SECRET\u00c1RIO EXECUTIVO RUB\u00c9NS J\u00daNIOR E APRESENTAR DEMANDAS A SEREM IMPLANTADAS, EM ESPECIAL A REFORMA DA SEDE DO GR\u00caMIO MUSICAL DO MUNIC\u00cdPIO DE TAQUARITINGA DO NORTE-PE.","fornecedor":"JOS\u00c9 ADEMIR MARTINS","denom_uni_orc":"CORPO DELIBERATIVO E SECRETARIA","funcao":"Legislativa","sub_funcao":"A\u00e7\u00e3o Legislativa","programa":"A\u00c7\u00c3O LEGISTIVA","acao":"MANUTEN\u00c7\u00c3O DAS ATIVIDADES LEGISLATIVAS","ident_acao":"Atividade","cat_econ":"Despesa Corrente","natureza_despesa":"Outras Despesas Correntes","modalidade_despesa":"Aplica\u00e7\u00f5es Diretas","elemento_despesa":"Di\u00e1rias \u2013 Civil","sub_elem_desp":"SEM SUBELEMENTO","fonte_recurso":"Recursos do Exerc\u00edcio Corrente \/ Recursos n\u00e3o Vinculados de Impostos \/ -"},{"ano_emissao_emp":"2023","n_emp":"0000030","data_emissao":"17\/01\/2023","valor":"2.400,00","tipo_empenho":"Ordin\u00e1rio","hist_emp":"VALOR QUE SE EMPENHA CORRESPONDE \u00c0 SEIS INSCRI\u00c7\u00d5ES DESTINADAS \u00c0 VEREADORES E SERVIDORES DESTA C\u00c2MARA MUNCIPAL DE TAQUARITINGA DO NORTE-PE, PARA PARTICIPAREM DO ENCONTRO DE MESAS DIRETORAS DE C\u00c2MARAS MUNICIPAIS DE PERNAMBUCO, QUE ACONTECER\u00c1 NOS DIAS 26 A 28 DE JANEIRO DE 2023, NO AUDIT\u00d3RIO DO BONITO PLAZA HOTEL, BONITO-PE.","fornecedor":"UNIAO DOS VEREADORES DE PERNAMBUCO","denom_uni_orc":"CORPO DELIBERATIVO E SECRETARIA","funcao":"Legislativa","sub_funcao":"A\u00e7\u00e3o Legislativa","programa":"A\u00c7\u00c3O LEGISTIVA","acao":"MANUTEN\u00c7\u00c3O DAS ATIVIDADES ADMINISTRATIVAS","ident_acao":"Atividade","cat_econ":"Despesa Corrente","natureza_despesa":"Outras Despesas Correntes","modalidade_despesa":"Aplica\u00e7\u00f5es Diretas","elemento_despesa":"Outros Servi\u00e7os de Terceiros - Pessoa Jur\u00eddica","sub_elem_desp":"SEM SUBELEMENTO","fonte_recurso":"Recursos do Exerc\u00edcio Corrente \/ Recursos n\u00e3o Vinculados de Impostos \/ -"},{"ano_emissao_emp":"2023","n_emp":"0000031","data_emissao":"17\/01\/2023","valor":"350,00","tipo_empenho":"Ordin\u00e1rio","hist_emp":"VALOR QUE SE EMPENHA CORRESPONDE AO TERMO DE TITULARIDADE E RESPONSABILIDADE DE CERTIFICADO DIGITAL DE PESSOA JUR\u00cdDICA, PARA ESTA C\u00c2MARA MUNICIPAL DE VEREADORES DE TAQUARITINGA DO NORTE-PE.","fornecedor":"SAFE2PAY INSTITUICAO DE PAGAMENTO LTDA","denom_uni_orc":"CORPO DELIBERATIVO E SECRETARIA","funcao":"Legislativa","sub_funcao":"A\u00e7\u00e3o Legislativa","programa":"A\u00c7\u00c3O LEGISTIVA","acao":"MANUTEN\u00c7\u00c3O DAS ATIVIDADES ADMINISTRATIVAS","ident_acao":"Atividade","cat_econ":"Despesa Corrente","natureza_despesa":"Outras Despesas Correntes","modalidade_despesa":"Aplica\u00e7\u00f5es Diretas","elemento_despesa":"Outros Servi\u00e7os de Terceiros - Pessoa Jur\u00eddica","sub_elem_desp":"SEM SUBELEMENTO","fonte_recurso":"Recursos do Exerc\u00edcio Corrente \/ Recursos n\u00e3o Vinculados de Impostos \/ -"},{"ano_emissao_emp":"2023","n_emp":"0000032","data_emissao":"17\/01\/2023","valor":"250,00","tipo_empenho":"Ordin\u00e1rio","hist_emp":"VALOR QUE SE EMPENHA CORRESPONDE AO TERMO DE TITULARIDADE E RESPONSABILIDADE DE CERTIFICADO DIGITAL DE PESSOA F\u00cdSICA, PARA ESTA C\u00c2MARA MUNICIPAL DE VEREADORES DE TAQUARITINGA DO NORTE-PE.","fornecedor":"SAFE2PAY INSTITUICAO DE PAGAMENTO LTDA","denom_uni_orc":"CORPO DELIBERATIVO E SECRETARIA","funcao":"Legislativa","sub_funcao":"A\u00e7\u00e3o Legislativa","programa":"A\u00c7\u00c3O LEGISTIVA","acao":"MANUTEN\u00c7\u00c3O DAS ATIVIDADES ADMINISTRATIVAS","ident_acao":"Atividade","cat_econ":"Despesa Corrente","natureza_despesa":"Outras Despesas Correntes","modalidade_despesa":"Aplica\u00e7\u00f5es Diretas","elemento_despesa":"Outros Servi\u00e7os de Terceiros - Pessoa Jur\u00eddica","sub_elem_desp":"SEM SUBELEMENTO","fonte_recurso":"Recursos do Exerc\u00edcio Corrente \/ Recursos n\u00e3o Vinculados de Impostos \/ -"},{"ano_emissao_emp":"2023","n_emp":"0000033","data_emissao":"20\/01\/2023","valor":"1.800,00","tipo_empenho":"Ordin\u00e1rio","hist_emp":"VALOR QUE SE EMPENHA CORRESPONDE A SOLICITA\u00c7\u00c3O DE DI\u00c1RIA PELO VEREADOR\/ PRESIDENTE AMILTON C\u00cdCERO DA SILVA, PARA PARTICIPAR DO ENCONTRO DE MESAS DIRETORAS DE C\u00c2MARAS MUNICIPAIS DE PERNAMBUCO, PROMOVIDO PELA UNI\u00c3O DOS VEREADORES DE PERNAMBUCO-UVP, QUE ACONTECER\u00c1 NOS DIAS 26 A 28 DE JANEIRO DE 2023, NO AUDIT\u00d3RIO DO BONITO PLAZA HOTEL, BONITO-PE.","fornecedor":"Amilton C\u00edcero da Silva","denom_uni_orc":"CORPO DELIBERATIVO E SECRETARIA","funcao":"Legislativa","sub_funcao":"A\u00e7\u00e3o Legislativa","programa":"A\u00c7\u00c3O LEGISTIVA","acao":"MANUTEN\u00c7\u00c3O DAS ATIVIDADES LEGISLATIVAS","ident_acao":"Atividade","cat_econ":"Despesa Corrente","natureza_despesa":"Outras Despesas Correntes","modalidade_despesa":"Aplica\u00e7\u00f5es Diretas","elemento_despesa":"Di\u00e1rias \u2013 Civil","sub_elem_desp":"SEM SUBELEMENTO","fonte_recurso":"Recursos do Exerc\u00edcio Corrente \/ Recursos n\u00e3o Vinculados de Impostos \/ -"},{"ano_emissao_emp":"2023","n_emp":"0000034","data_emissao":"20\/01\/2023","valor":"1.800,00","tipo_empenho":"Ordin\u00e1rio","hist_emp":"VALOR QUE SE EMPENHA CORRESPONDE A SOLICITA\u00c7\u00c3O DE DI\u00c1RIA PELO VEREADOR ALEXANDRE BAS\u00cdLIO DE JESUS TIETRE, PARA PARTICIPAR DO ENCONTRO DE MESAS DIRETORAS DE C\u00c2MARAS MUNICIPAIS DE PERNAMBUCO, PROMOVIDO PELA UNI\u00c3O DOS VEREADORES DE PERNAMBUCO-UVP, QUE ACONTECER\u00c1 NOS DIAS 26 A 28 DE JANEIRO DE 2023, NO AUDIT\u00d3RIO DO BONITO PLAZA HOTEL, BONITO-PE.","fornecedor":"ALEXANDRE BAS\u00cdLIO DE JESUS TIETRE","denom_uni_orc":"CORPO DELIBERATIVO E SECRETARIA","funcao":"Legislativa","sub_funcao":"A\u00e7\u00e3o Legislativa","programa":"A\u00c7\u00c3O LEGISTIVA","acao":"MANUTEN\u00c7\u00c3O DAS ATIVIDADES LEGISLATIVAS","ident_acao":"Atividade","cat_econ":"Despesa Corrente","natureza_despesa":"Outras Despesas Correntes","modalidade_despesa":"Aplica\u00e7\u00f5es Diretas","elemento_despesa":"Di\u00e1rias \u2013 Civil","sub_elem_desp":"SEM SUBELEMENTO","fonte_recurso":"Recursos do Exerc\u00edcio Corrente \/ Recursos n\u00e3o Vinculados de Impostos \/ -"},{"ano_emissao_emp":"2023","n_emp":"0000035","data_emissao":"20\/01\/2023","valor":"1.800,00","tipo_empenho":"Ordin\u00e1rio","hist_emp":"VALOR QUE SE EMPENHA CORRESPONDE A SOLICITA\u00c7\u00c3O DE DI\u00c1RIA PELO VEREADOR JOS\u00c9 ERALDO PEREIRA DOS SANTOS, PARA PARTICIPAR DO ENCONTRO DE MESAS DIRETORAS DE C\u00c2MARAS MUNICIPAIS DE PERNAMBUCO, PROMOVIDO PELA UNI\u00c3O DOS VEREADORES DE PERNAMBUCO-UVP, QUE ACONTECER\u00c1 NOS DIAS 26 A 28 DE JANEIRO DE 2023, NO AUDIT\u00d3RIO DO BONITO PLAZA HOTEL, BONITO-PE.","fornecedor":"JOS\u00c9 ERALDO PEREIRA DOS SANTOS","denom_uni_orc":"CORPO DELIBERATIVO E SECRETARIA","funcao":"Legislativa","sub_funcao":"A\u00e7\u00e3o Legislativa","programa":"A\u00c7\u00c3O LEGISTIVA","acao":"MANUTEN\u00c7\u00c3O DAS ATIVIDADES LEGISLATIVAS","ident_acao":"Atividade","cat_econ":"Despesa Corrente","natureza_despesa":"Outras Despesas Correntes","modalidade_despesa":"Aplica\u00e7\u00f5es Diretas","elemento_despesa":"Di\u00e1rias \u2013 Civil","sub_elem_desp":"SEM SUBELEMENTO","fonte_recurso":"Recursos do Exerc\u00edcio Corrente \/ Recursos n\u00e3o Vinculados de Impostos \/ -"},{"ano_emissao_emp":"2023","n_emp":"0000036","data_emissao":"20\/01\/2023","valor":"1.800,00","tipo_empenho":"Ordin\u00e1rio","hist_emp":"VALOR QUE SE EMPENHA CORRESPONDE A SOLICITA\u00c7\u00c3O DE DI\u00c1RIA PELO VEREADOR JO\u00c3O EUG\u00caNIO LEANDRO COSTA, PARA PARTICIPAR DO ENCONTRO DE MESAS DIRETORAS DE C\u00c2MARAS MUNICIPAIS DE PERNAMBUCO, PROMOVIDO PELA UNI\u00c3O DOS VEREADORES DE PERNAMBUCO-UVP, QUE ACONTECER\u00c1 NOS DIAS 26 A 28 DE JANEIRO DE 2023, NO AUDIT\u00d3RIO DO BONITO PLAZA HOTEL, BONITO-PE.","fornecedor":"JO\u00c3O EUG\u00caNIO LEANDRO COSTA","denom_uni_orc":"CORPO DELIBERATIVO E SECRETARIA","funcao":"Legislativa","sub_funcao":"A\u00e7\u00e3o Legislativa","programa":"A\u00c7\u00c3O LEGISTIVA","acao":"MANUTEN\u00c7\u00c3O DAS ATIVIDADES LEGISLATIVAS","ident_acao":"Atividade","cat_econ":"Despesa Corrente","natureza_despesa":"Outras Despesas Correntes","modalidade_despesa":"Aplica\u00e7\u00f5es Diretas","elemento_despesa":"Di\u00e1rias \u2013 Civil","sub_elem_desp":"SEM SUBELEMENTO","fonte_recurso":"Recursos do Exerc\u00edcio Corrente \/ Recursos n\u00e3o Vinculados de Impostos \/ -"},{"ano_emissao_emp":"2023","n_emp":"0000037","data_emissao":"20\/01\/2023","valor":"900,00","tipo_empenho":"Ordin\u00e1rio","hist_emp":"VALOR QUE SE EMPENHA CORRESPONDE A SOLICITA\u00c7\u00c3O DE DI\u00c1RIA PELO SERVIDOR ROMULO RENAM ANDRADE SOUZA, PARA PARTICIPAR DO ENCONTRO DE MESAS DIRETORAS DE C\u00c2MARAS MUNICIPAIS DE PERNAMBUCO, PROMOVIDO PELA UNI\u00c3O DOS VEREADORES DE PERNAMBUCO-UVP, QUE ACONTECER\u00c1 NOS DIAS 26 A 28 DE JANEIRO DE 2023, NO AUDIT\u00d3RIO DO BONITO PLAZA HOTEL, BONITO-PE.","fornecedor":"ROMULO RENAM ANDRADE SOUZA","denom_uni_orc":"CORPO DELIBERATIVO E SECRETARIA","funcao":"Legislativa","sub_funcao":"A\u00e7\u00e3o Legislativa","programa":"A\u00c7\u00c3O LEGISTIVA","acao":"MANUTEN\u00c7\u00c3O DAS ATIVIDADES ADMINISTRATIVAS","ident_acao":"Atividade","cat_econ":"Despesa Corrente","natureza_despesa":"Outras Despesas Correntes","modalidade_despesa":"Aplica\u00e7\u00f5es Diretas","elemento_despesa":"Di\u00e1rias \u2013 Civil","sub_elem_desp":"SEM SUBELEMENTO","fonte_recurso":"Recursos do Exerc\u00edcio Corrente \/ Recursos n\u00e3o Vinculados de Impostos \/ -"},{"ano_emissao_emp":"2023","n_emp":"0000038","data_emissao":"20\/01\/2023","valor":"900,00","tipo_empenho":"Ordin\u00e1rio","hist_emp":"VALOR QUE SE EMPENHA CORRESPONDE A SOLICITA\u00c7\u00c3O DE DI\u00c1RIA PELO SERVIDOR RICARDO VALEN\u00c7A MAHON, PARA PARTICIPAR DO ENCONTRO DE MESAS DIRETORAS DE C\u00c2MARAS MUNICIPAIS DE PERNAMBUCO, PROMOVIDO PELA UNI\u00c3O DOS VEREADORES DE PERNAMBUCO-UVP, QUE ACONTECER\u00c1 NOS DIAS 26 A 28 DE JANEIRO DE 2023, NO AUDIT\u00d3RIO DO BONITO PLAZA HOTEL, BONITO-PE.","fornecedor":"RICARDO VALEN\u00c7A MAHON","denom_uni_orc":"CORPO DELIBERATIVO E SECRETARIA","funcao":"Legislativa","sub_funcao":"A\u00e7\u00e3o Legislativa","programa":"A\u00c7\u00c3O LEGISTIVA","acao":"MANUTEN\u00c7\u00c3O DAS ATIVIDADES ADMINISTRATIVAS","ident_acao":"Atividade","cat_econ":"Despesa Corrente","natureza_despesa":"Outras Despesas Correntes","modalidade_despesa":"Aplica\u00e7\u00f5es Diretas","elemento_despesa":"Di\u00e1rias \u2013 Civil","sub_elem_desp":"SEM SUBELEMENTO","fonte_recurso":"Recursos do Exerc\u00edcio Corrente \/ Recursos n\u00e3o Vinculados de Impostos \/ -"},{"ano_emissao_emp":"2023","n_emp":"0000039","data_emissao":"23\/01\/2023","valor":"1.000,00","tipo_empenho":"Ordin\u00e1rio","hist_emp":"VALOR QUE SE EMPENHA CORRESPONDE A SOLICITA\u00c7\u00c3O DE DI\u00c1RIA PELA VEREADORA NAT\u00c1LIA PEREIRA DA SILVA LIMA, PARA IR \u00c0 ASSEMBL\u00c9IA LEGISLATIVA DO ESTADO DE PERNAMBUCO, SITUADA NA CIDADE DO RECIFE-PE, COM O OBJETIVO DE TRATAR DE ASSUNTOS E DEMANDAS DO MUNIC\u00cdPIO DE TAQUARITINGA DO NORTE-PE.","fornecedor":"NAT\u00c1LIA PEREIRA DA SILVA LIMA","denom_uni_orc":"CORPO DELIBERATIVO E SECRETARIA","funcao":"Legislativa","sub_funcao":"A\u00e7\u00e3o Legislativa","programa":"A\u00c7\u00c3O LEGISTIVA","acao":"MANUTEN\u00c7\u00c3O DAS ATIVIDADES LEGISLATIVAS","ident_acao":"Atividade","cat_econ":"Despesa Corrente","natureza_despesa":"Outras Despesas Correntes","modalidade_despesa":"Aplica\u00e7\u00f5es Diretas","elemento_despesa":"Di\u00e1rias \u2013 Civil","sub_elem_desp":"SEM SUBELEMENTO","fonte_recurso":"Recursos do Exerc\u00edcio Corrente \/ Recursos n\u00e3o Vinculados de Impostos \/ -"},{"ano_emissao_emp":"2023","n_emp":"0000040","data_emissao":"24\/01\/2023","valor":"1.000,00","tipo_empenho":"Ordin\u00e1rio","hist_emp":"VALOR QUE SE EMPENHA CORRESPONDE A SOLICITA\u00c7\u00c3O DE DI\u00c1RIA PELO VEREADOR RONALDO C\u00c9SAR DOS SANTOS SILVA, PARA DESEMPENHO DA FUN\u00c7\u00c3O DE VEREADOR DO MUNIC\u00cdPIO DE TAQUARITINGA DO NORTE-PE EM ATIVIDADE PARLAMENTAR NA CIDADE DO RECIFE-PE.","fornecedor":"RONALDO C\u00c9SAR DOS SANTOS SILVA","denom_uni_orc":"CORPO DELIBERATIVO E SECRETARIA","funcao":"Legislativa","sub_funcao":"A\u00e7\u00e3o Legislativa","programa":"A\u00c7\u00c3O LEGISTIVA","acao":"MANUTEN\u00c7\u00c3O DAS ATIVIDADES LEGISLATIVAS","ident_acao":"Atividade","cat_econ":"Despesa Corrente","natureza_despesa":"Outras Despesas Correntes","modalidade_despesa":"Aplica\u00e7\u00f5es Diretas","elemento_despesa":"Di\u00e1rias \u2013 Civil","sub_elem_desp":"SEM SUBELEMENTO","fonte_recurso":"Recursos do Exerc\u00edcio Corrente \/ Recursos n\u00e3o Vinculados de Impostos \/ -"},{"ano_emissao_emp":"2023","n_emp":"0000041","data_emissao":"24\/01\/2023","valor":"500,00","tipo_empenho":"Ordin\u00e1rio","hist_emp":"VALOR QUE SE EMPENHA CORRESPONDE \u00c0 SOLICITA\u00c7\u00c3O DE DI\u00c1RIA PELO SERVIDOR RICARDO VALEN\u00c7A MAHON, PARA ACOMPANHAR O VEREADOR RONALDO C\u00c9SAR DOS SANTOS SILVA EM ATIVIDADE PARLAMENTAR NA CIDADE DO RECIFE-PE.","fornecedor":"RICARDO VALEN\u00c7A MAHON","denom_uni_orc":"CORPO DELIBERATIVO E SECRETARIA","funcao":"Legislativa","sub_funcao":"A\u00e7\u00e3o Legislativa","programa":"A\u00c7\u00c3O LEGISTIVA","acao":"MANUTEN\u00c7\u00c3O DAS ATIVIDADES ADMINISTRATIVAS","ident_acao":"Atividade","cat_econ":"Despesa Corrente","natureza_despesa":"Outras Despesas Correntes","modalidade_despesa":"Aplica\u00e7\u00f5es Diretas","elemento_despesa":"Di\u00e1rias \u2013 Civil","sub_elem_desp":"SEM SUBELEMENTO","fonte_recurso":"Recursos do Exerc\u00edcio Corrente \/ Recursos n\u00e3o Vinculados de Impostos \/ -"},{"ano_emissao_emp":"2023","n_emp":"0000042","data_emissao":"24\/01\/2023","valor":"1.219,41","tipo_empenho":"Ordin\u00e1rio","hist_emp":"VALOR QUE SE EMPENHA CORRESPONDE A COMPRA DE \u00c1GUA MINERAL, ALGUNS ALIMENTOS, UTENS\u00cdLIOS E MATERAIS DE HIGIENE, TAIS COMO: CAF\u00c9, A\u00c7UCAR, CH\u00c1, DESINFETANTE, COPOS DESCART\u00c1VEIS, PAPEL HIGI\u00caNICO, ENTRE OUTROS ITENS, COM A FINALIDADE DE ATENDER AS NECESSIDADES DA C\u00c2MARA MUNICIPAL DE VEREADORES DE TAQUARITINGA DO NORTE-PE.","fornecedor":"M L LOPES REIS DE LIMA E CIA LTDA","denom_uni_orc":"CORPO DELIBERATIVO E SECRETARIA","funcao":"Legislativa","sub_funcao":"A\u00e7\u00e3o Legislativa","programa":"A\u00c7\u00c3O LEGISTIVA","acao":"MANUTEN\u00c7\u00c3O DAS ATIVIDADES ADMINISTRATIVAS","ident_acao":"Atividade","cat_econ":"Despesa Corrente","natureza_despesa":"Outras Despesas Correntes","modalidade_despesa":"Aplica\u00e7\u00f5es Diretas","elemento_despesa":"Material de Consumo","sub_elem_desp":"SEM SUBELEMENTO","fonte_recurso":"Recursos do Exerc\u00edcio Corrente \/ Recursos n\u00e3o Vinculados de Impostos \/ -"},{"ano_emissao_emp":"2023","n_emp":"0000043","data_emissao":"24\/01\/2023","valor":"1.459,06","tipo_empenho":"Ordin\u00e1rio","hist_emp":"VALOR QUE SE EMPENHA CORRESPONDE AO LICENCIAMENTO 2023 DO CARRO OFICIAL DA C\u00c2MARA MUNICIPAL DE VEREADORES DE TAQUARITINGA DO NORTE-PE, PLACA QYF 2630.","fornecedor":"DEPARTAMENTO ESTADUAL DE TRANSITO DE PERNAMBUCO","denom_uni_orc":"CORPO DELIBERATIVO E SECRETARIA","funcao":"Legislativa","sub_funcao":"A\u00e7\u00e3o Legislativa","programa":"A\u00c7\u00c3O LEGISTIVA","acao":"MANUTEN\u00c7\u00c3O DAS ATIVIDADES ADMINISTRATIVAS","ident_acao":"Atividade","cat_econ":"Despesa Corrente","natureza_despesa":"Outras Despesas Correntes","modalidade_despesa":"Aplica\u00e7\u00f5es Diretas","elemento_despesa":"Outros Servi\u00e7os de Terceiros - Pessoa Jur\u00eddica","sub_elem_desp":"SEM SUBELEMENTO","fonte_recurso":"Recursos do Exerc\u00edcio Corrente \/ Recursos n\u00e3o Vinculados de Impostos \/ -"},{"ano_emissao_emp":"2023","n_emp":"0000044","data_emissao":"25\/01\/2023","valor":"1.000,00","tipo_empenho":"Ordin\u00e1rio","hist_emp":"VALOR QUE SE EMPENHA CORRESPONDE A SOLICITA\u00c7\u00c3O DE DI\u00c1RIA PELO VEREADOR GEOVANE PEQUENO C\u00c9ZAR, PARA IR \u00c0 ASSEMBL\u00c9IA LEGISLATIVA DO ESTADO DE PERNAMBUCO, SITUADA NA CIDADE DO RECIFE-PE, COM A FINALIDADE DE TRATAR DE ASSUNTOS E DEMANDAS PERTINENTES AO MUNIC\u00cdPIO DE TAQUARITINGA DO NORTE-PE.","fornecedor":"GEOVANE PEQUENO C\u00c9ZAR","denom_uni_orc":"CORPO DELIBERATIVO E SECRETARIA","funcao":"Legislativa","sub_funcao":"A\u00e7\u00e3o Legislativa","programa":"A\u00c7\u00c3O LEGISTIVA","acao":"MANUTEN\u00c7\u00c3O DAS ATIVIDADES LEGISLATIVAS","ident_acao":"Atividade","cat_econ":"Despesa Corrente","natureza_despesa":"Outras Despesas Correntes","modalidade_despesa":"Aplica\u00e7\u00f5es Diretas","elemento_despesa":"Di\u00e1rias \u2013 Civil","sub_elem_desp":"SEM SUBELEMENTO","fonte_recurso":"Recursos do Exerc\u00edcio Corrente \/ Recursos n\u00e3o Vinculados de Impostos \/ -"},{"ano_emissao_emp":"2023","n_emp":"0000045","data_emissao":"31\/01\/2023","valor":"500,00","tipo_empenho":"Ordin\u00e1rio","hist_emp":"VALOR QUE SE EMPENHA CORRESPONDE A SOLICITA\u00c7\u00c3O DE DI\u00c1RIA PELA SERVIDORA LIDIANE FERREIRA DA SILVA, PARA IR \u00c0 CIDADE DO RECIFE-PE, EM VISITA \u00c0 ASSEMBL\u00c9IA LEGISLATIVA DO ESTADO DE PERNAMBUCO, COM A FINALIDADE DE TRATAR DE ASSUNTOS RELACIONADOS AO LEGISLATIVO MUNICIPAL DE TAQUARITINGA DO NORTE-PE.","fornecedor":"LIDIANE FERREIRA DA SILVA","denom_uni_orc":"CORPO DELIBERATIVO E SECRETARIA","funcao":"Legislativa","sub_funcao":"A\u00e7\u00e3o Legislativa","programa":"A\u00c7\u00c3O LEGISTIVA","acao":"MANUTEN\u00c7\u00c3O DAS ATIVIDADES ADMINISTRATIVAS","ident_acao":"Atividade","cat_econ":"Despesa Corrente","natureza_despesa":"Outras Despesas Correntes","modalidade_despesa":"Aplica\u00e7\u00f5es Diretas","elemento_despesa":"Di\u00e1rias \u2013 Civil","sub_elem_desp":"SEM SUBELEMENTO","fonte_recurso":"Recursos do Exerc\u00edcio Corrente \/ Recursos n\u00e3o Vinculados de Impostos \/ -"},{"ano_emissao_emp":"2023","n_emp":"0000046","data_emissao":"01\/02\/2023","valor":"199,99","tipo_empenho":"Ordin\u00e1rio","hist_emp":"VALOR QUE SE EMPENHA CORRESPONDE A PRESTA\u00c7\u00c3O DE SERVI\u00c7OS DE INTERNET PARA ATENDER AS NECESSIDADES ADMINISTRATIVAS DA C\u00c2MARA MUNICIPAL DE VEREADORES DE TAQUARITINGA DO NORTE-PE, DURANTE O M\u00caS DE FEVEREIRO DE 2023.","fornecedor":"INFOR TELECOM LTDA","denom_uni_orc":"CORPO DELIBERATIVO E SECRETARIA","funcao":"Legislativa","sub_funcao":"A\u00e7\u00e3o Legislativa","programa":"A\u00c7\u00c3O LEGISTIVA","acao":"MANUTEN\u00c7\u00c3O DAS ATIVIDADES ADMINISTRATIVAS","ident_acao":"Atividade","cat_econ":"Despesa Corrente","natureza_despesa":"Outras Despesas Correntes","modalidade_despesa":"Aplica\u00e7\u00f5es Diretas","elemento_despesa":"Outros Servi\u00e7os de Terceiros - Pessoa Jur\u00eddica","sub_elem_desp":"SEM SUBELEMENTO","fonte_recurso":"Recursos do Exerc\u00edcio Corrente \/ Recursos n\u00e3o Vinculados de Impostos \/ -"},{"ano_emissao_emp":"2023","n_emp":"0000047","data_emissao":"01\/02\/2023","valor":"300,00","tipo_empenho":"Ordin\u00e1rio","hist_emp":"VALOR QUE SE EMPENHA CORRESPONDE A SOLICITA\u00c7\u00c3O DE DI\u00c1RIA PELA SERVIDORA GIRLAINE COELHO DE CASTRO LEONEL, PARA IR AO CENTRO REGIONAL DE TREINAMENTO EM ADMINISTRA\u00c7\u00c3O MUNICIPAL- CERTAM, SITUADO NA CIDADE DE CARUARU-PE, COM A FINALIDADE DE TRATAR DE ASSUNTOS PERTINENTES AO E-SOCIAL.","fornecedor":"GIRLAINE COELHO DE CASTRO LEONEL","denom_uni_orc":"CORPO DELIBERATIVO E SECRETARIA","funcao":"Legislativa","sub_funcao":"A\u00e7\u00e3o Legislativa","programa":"A\u00c7\u00c3O LEGISTIVA","acao":"MANUTEN\u00c7\u00c3O DAS ATIVIDADES ADMINISTRATIVAS","ident_acao":"Atividade","cat_econ":"Despesa Corrente","natureza_despesa":"Outras Despesas Correntes","modalidade_despesa":"Aplica\u00e7\u00f5es Diretas","elemento_despesa":"Di\u00e1rias \u2013 Civil","sub_elem_desp":"SEM SUBELEMENTO","fonte_recurso":"Recursos do Exerc\u00edcio Corrente \/ Recursos n\u00e3o Vinculados de Impostos \/ -"},{"ano_emissao_emp":"2023","n_emp":"0000048","data_emissao":"01\/02\/2023","valor":"200,00","tipo_empenho":"Ordin\u00e1rio","hist_emp":"VALOR QUE SE EMPENHA, CORRESPONDE A PRESTA\u00c7\u00c3O DE SERVI\u00c7OS DE HOSPEDAGEM E MANUTEN\u00c7\u00c3O DO SISTEMA DE PROTOCOLO CENTRAL DA C\u00c2MARA MUNICIPAL DE VEREADORES DE TAQUARITINGA DO NORTE-PE, DURANTE O M\u00caS DE FEVEREIRO DE 2023.","fornecedor":"M\u00c1RIO LEANDRO PEREIRA DA SILVA","denom_uni_orc":"CORPO DELIBERATIVO E SECRETARIA","funcao":"Legislativa","sub_funcao":"A\u00e7\u00e3o Legislativa","programa":"A\u00c7\u00c3O LEGISTIVA","acao":"MANUTEN\u00c7\u00c3O DAS ATIVIDADES ADMINISTRATIVAS","ident_acao":"Atividade","cat_econ":"Despesa Corrente","natureza_despesa":"Outras Despesas Correntes","modalidade_despesa":"Aplica\u00e7\u00f5es Diretas","elemento_despesa":"Outros Servi\u00e7os de Terceiros - Pessoa F\u00edsica","sub_elem_desp":"SEM SUBELEMENTO","fonte_recurso":"Recursos do Exerc\u00edcio Corrente \/ Recursos n\u00e3o Vinculados de Impostos \/ -"},{"ano_emissao_emp":"2023","n_emp":"0000049","data_emissao":"01\/02\/2023","valor":"978,00","tipo_empenho":"Estimativo","hist_emp":"VALOR QUE SE EMPENHA CORRESPONDE AO ESTIMATIVO CONSUMO DE 200L DE COMBUST\u00cdVEL NO CARRO OFICIAL DESTA CASA LEGISLATIVA, PLACA QYF2630, PARA O M\u00caS DE FEVEREIRO DE 2023.","fornecedor":"AUTO POSTO DA SERRA LTDA","denom_uni_orc":"CORPO DELIBERATIVO E SECRETARIA","funcao":"Legislativa","sub_funcao":"A\u00e7\u00e3o Legislativa","programa":"A\u00c7\u00c3O LEGISTIVA","acao":"MANUTEN\u00c7\u00c3O DAS ATIVIDADES ADMINISTRATIVAS","ident_acao":"Atividade","cat_econ":"Despesa Corrente","natureza_despesa":"Outras Despesas Correntes","modalidade_despesa":"Aplica\u00e7\u00f5es Diretas","elemento_despesa":"Outros Servi\u00e7os de Terceiros - Pessoa Jur\u00eddica","sub_elem_desp":"SEM SUBELEMENTO","fonte_recurso":"Recursos do Exerc\u00edcio Corrente \/ Recursos n\u00e3o Vinculados de Impostos \/ -"},{"ano_emissao_emp":"2023","n_emp":"0000050","data_emissao":"01\/02\/2023","valor":"18.800,00","tipo_empenho":"Ordin\u00e1rio","hist_emp":"VALOR QUE SE EMPENHA CORRESPONDE AO PAGAMENTO DE AUX\u00cdLIO ALIMENTA\u00c7\u00c3O, CONFORME DISP\u00d5E A LEI N\u00b0 2110\/2022 PARA OS VEREADORES E SERVIDORES DESTA CASA LEGISLATIVA, NO M\u00caS DE FEVEREIRO DE 2023.","fornecedor":"C\u00c2MARA MUNICIPAL DE VEREADORES","denom_uni_orc":"CORPO DELIBERATIVO E SECRETARIA","funcao":"Legislativa","sub_funcao":"A\u00e7\u00e3o Legislativa","programa":"A\u00c7\u00c3O LEGISTIVA","acao":"AUX\u00cdLIO ALIMENTA\u00c7\u00c3O","ident_acao":"Atividade","cat_econ":"Despesa Corrente","natureza_despesa":"Outras Despesas Correntes","modalidade_despesa":"Aplica\u00e7\u00f5es Diretas","elemento_despesa":"Outros Servi\u00e7os de Terceiros - Pessoa Jur\u00eddica","sub_elem_desp":"SEM SUBELEMENTO","fonte_recurso":"Recursos do Exerc\u00edcio Corrente \/ Recursos n\u00e3o Vinculados de Impostos \/ -"},{"ano_emissao_emp":"2023","n_emp":"0000051","data_emissao":"01\/02\/2023","valor":"2.200,00","tipo_empenho":"Ordin\u00e1rio","hist_emp":"VALOR QUE SE EMPENHA, CORRESPONDE AOS SERVI\u00c7OS DE GRAVA\u00c7\u00c3O E TRANSMISS\u00c3O AO VIVO, VIA INTERNET DAS SESS\u00d5ES ORDIN\u00c1RIAS, GERENCIAMENTO DE REDES SOCIAIS E CRIA\u00c7\u00c3O DE TEXTOS E ARTES DAS SESS\u00d5ES ORDIN\u00c1RIAS DESTA C\u00c2MARA MUNICIPAL DE VEREADORES DE TAQUARITINGA DO NORTE-PE, DURANTE O M\u00caS DE FEVEREIRO DE 2023.","fornecedor":"PAULO OTAVIO PEREIRA DE MOURA","denom_uni_orc":"CORPO DELIBERATIVO E SECRETARIA","funcao":"Legislativa","sub_funcao":"A\u00e7\u00e3o Legislativa","programa":"A\u00c7\u00c3O LEGISTIVA","acao":"MANUTEN\u00c7\u00c3O DAS ATIVIDADES ADMINISTRATIVAS","ident_acao":"Atividade","cat_econ":"Despesa Corrente","natureza_despesa":"Outras Despesas Correntes","modalidade_despesa":"Aplica\u00e7\u00f5es Diretas","elemento_despesa":"Outros Servi\u00e7os de Terceiros - Pessoa Jur\u00eddica","sub_elem_desp":"SEM SUBELEMENTO","fonte_recurso":"Recursos do Exerc\u00edcio Corrente \/ Recursos n\u00e3o Vinculados de Impostos \/ -"},{"ano_emissao_emp":"2023","n_emp":"0000052","data_emissao":"02\/02\/2023","valor":"850,00","tipo_empenho":"Ordin\u00e1rio","hist_emp":"VALOR QUE SE EMPENHA, CORRESPONDE A PRESTA\u00c7\u00c3O DE SERVI\u00c7OS DE MANUTEN\u00c7\u00c3O E SUBSTITUI\u00c7\u00c3O DO MOTOR VENTILADOR DA CONDENSADORA E RECARGA DE FLUIDO DO AR-CONDICIONADO DA SALA EM QUE SE REUNEM OS VEREADORES DA SITUA\u00c7\u00c3O DESTA CASA LEGISLATIVA.","fornecedor":"ALBERTO JORGE DA SILVA 07502859403","denom_uni_orc":"CORPO DELIBERATIVO E SECRETARIA","funcao":"Legislativa","sub_funcao":"A\u00e7\u00e3o Legislativa","programa":"A\u00c7\u00c3O LEGISTIVA","acao":"MANUTEN\u00c7\u00c3O DAS ATIVIDADES ADMINISTRATIVAS","ident_acao":"Atividade","cat_econ":"Despesa Corrente","natureza_despesa":"Outras Despesas Correntes","modalidade_despesa":"Aplica\u00e7\u00f5es Diretas","elemento_despesa":"Outros Servi\u00e7os de Terceiros - Pessoa Jur\u00eddica","sub_elem_desp":"SEM SUBELEMENTO","fonte_recurso":"Recursos do Exerc\u00edcio Corrente \/ Recursos n\u00e3o Vinculados de Impostos \/ -"},{"ano_emissao_emp":"2023","n_emp":"0000053","data_emissao":"03\/02\/2023","valor":"600,00","tipo_empenho":"Ordin\u00e1rio","hist_emp":"VALOR QUE SE EMPENHA CORRESPONDE A SOLICITA\u00c7\u00c3O DE DI\u00c1RIA PELO VEREADOR\/ PRESIDENTE AMILTON C\u00cdCERO DA SILVA, PARA IR AO CENTRO REGIONAL DE TREINAMENTO EM ADMINISTRA\u00c7\u00c3O MUNICIPAL - CERTAM, QUE FICA SITUADO NA CIDADE DE CARUARU-PE, COM A FINALIDADE DE TRATAR DE ASSUNTOS FINANCEIROS RELACIONADOS \u00c0 ESTA C\u00c2MARA MUNICIPAL DE VEREADORES.","fornecedor":"Amilton C\u00edcero da Silva","denom_uni_orc":"CORPO DELIBERATIVO E SECRETARIA","funcao":"Legislativa","sub_funcao":"A\u00e7\u00e3o Legislativa","programa":"A\u00c7\u00c3O LEGISTIVA","acao":"MANUTEN\u00c7\u00c3O DAS ATIVIDADES LEGISLATIVAS","ident_acao":"Atividade","cat_econ":"Despesa Corrente","natureza_despesa":"Outras Despesas Correntes","modalidade_despesa":"Aplica\u00e7\u00f5es Diretas","elemento_despesa":"Di\u00e1rias \u2013 Civil","sub_elem_desp":"SEM SUBELEMENTO","fonte_recurso":"Recursos do Exerc\u00edcio Corrente \/ Recursos n\u00e3o Vinculados de Impostos \/ -"},{"ano_emissao_emp":"2023","n_emp":"0000054","data_emissao":"03\/02\/2023","valor":"300,00","tipo_empenho":"Ordin\u00e1rio","hist_emp":"VALOR QUE SE EMPENHA CORRESPONDE \u00c0 SOLICITA\u00c7\u00c3O DE DI\u00c1RIA PELO SERVIDOR RICARDO VALEN\u00c7A MAHON, PARA IR AO CENTRO REGIONAL DE TREINAMENTO EM ADMINISTRA\u00c7\u00c3O MUNICIPAL - CERTAM, QUE FICA SITUADO NA CIDADE DE CARUARU-PE, COM A FINALIDADE DE TRATAR DE ASSUNTOS FINANCEIROS RELACIONADOS \u00c0 ESTA C\u00c2MARA MUNICIPAL DE VEREADORES.","fornecedor":"RICARDO VALEN\u00c7A MAHON","denom_uni_orc":"CORPO DELIBERATIVO E SECRETARIA","funcao":"Legislativa","sub_funcao":"A\u00e7\u00e3o Legislativa","programa":"A\u00c7\u00c3O LEGISTIVA","acao":"MANUTEN\u00c7\u00c3O DAS ATIVIDADES ADMINISTRATIVAS","ident_acao":"Atividade","cat_econ":"Despesa Corrente","natureza_despesa":"Outras Despesas Correntes","modalidade_despesa":"Aplica\u00e7\u00f5es Diretas","elemento_despesa":"Di\u00e1rias \u2013 Civil","sub_elem_desp":"SEM SUBELEMENTO","fonte_recurso":"Recursos do Exerc\u00edcio Corrente \/ Recursos n\u00e3o Vinculados de Impostos \/ -"},{"ano_emissao_emp":"2023","n_emp":"0000055","data_emissao":"03\/02\/2023","valor":"480,00","tipo_empenho":"Ordin\u00e1rio","hist_emp":"VALOR QUE SE EMPENHA CORRESPONDE A PRESTA\u00c7\u00c3O DE SERVI\u00c7OS DE COFFEE BREAK, EM VIRTUDE DE POSSE DA MESA DIRETORA PARA O BI\u00caNIO 2023\/2024 DESTA C\u00c2MARA MUNICIPAL DE VEREADORES, REALIZADO EM 1\u00b0 DE JANEIRO DE 2023.","fornecedor":"MARL\u00daCIA MARIA DE OLIVEIRA","denom_uni_orc":"CORPO DELIBERATIVO E SECRETARIA","funcao":"Legislativa","sub_funcao":"A\u00e7\u00e3o Legislativa","programa":"A\u00c7\u00c3O LEGISTIVA","acao":"MANUTEN\u00c7\u00c3O DAS ATIVIDADES ADMINISTRATIVAS","ident_acao":"Atividade","cat_econ":"Despesa Corrente","natureza_despesa":"Outras Despesas Correntes","modalidade_despesa":"Aplica\u00e7\u00f5es Diretas","elemento_despesa":"Outros Servi\u00e7os de Terceiros - Pessoa F\u00edsica","sub_elem_desp":"SEM SUBELEMENTO","fonte_recurso":"Recursos do Exerc\u00edcio Corrente \/ Recursos n\u00e3o Vinculados de Impostos \/ -"},{"ano_emissao_emp":"2023","n_emp":"0000056","data_emissao":"03\/02\/2023","valor":"1.369,00","tipo_empenho":"Ordin\u00e1rio","hist_emp":"VALOR QUE SE EMPENHA CORRESPONDE AOS SERVI\u00c7OS DE MANUTEN\u00c7\u00c3O DE COMPUTADORES E IMPRESSORAS COM PE\u00c7AS INCLUSAS, NO INTUITO DE MELHOR ATENDER AS DEMANDAS ADMINISTRATIVAS DESTA CASA LEGISLATIVA.","fornecedor":"JESSE MARQUES GENUINO 07480244410","denom_uni_orc":"CORPO DELIBERATIVO E SECRETARIA","funcao":"Legislativa","sub_funcao":"A\u00e7\u00e3o Legislativa","programa":"A\u00c7\u00c3O LEGISTIVA","acao":"MANUTEN\u00c7\u00c3O DAS ATIVIDADES ADMINISTRATIVAS","ident_acao":"Atividade","cat_econ":"Despesa Corrente","natureza_despesa":"Outras Despesas Correntes","modalidade_despesa":"Aplica\u00e7\u00f5es Diretas","elemento_despesa":"Outros Servi\u00e7os de Terceiros - Pessoa Jur\u00eddica","sub_elem_desp":"SEM SUBELEMENTO","fonte_recurso":"Recursos do Exerc\u00edcio Corrente \/ Recursos n\u00e3o Vinculados de Impostos \/ -"},{"ano_emissao_emp":"2023","n_emp":"0000057","data_emissao":"06\/02\/2023","valor":"500,00","tipo_empenho":"Ordin\u00e1rio","hist_emp":"VALOR QUE SE EMPENHA CORRESPONDE A SOLICITA\u00c7\u00c3O DE DI\u00c1RIA PELO VEREADOR JOS\u00c9 ERALDO PEREIRA DOS SANTOS, PARA IR \u00c0 CIDADE DO RECIFE-PE, EM VISITA AO GABINETE DO DEPUTADO FEDERAL SILVIO COSTA FILHO, COM A FINALIDADE DE TRATAR DE DEMANDAS PARA O MUNIC\u00cdPIO DE TAQUARITINGA DO NORTE-PE.","fornecedor":"JOS\u00c9 ERALDO PEREIRA DOS SANTOS","denom_uni_orc":"CORPO DELIBERATIVO E SECRETARIA","funcao":"Legislativa","sub_funcao":"A\u00e7\u00e3o Legislativa","programa":"A\u00c7\u00c3O LEGISTIVA","acao":"MANUTEN\u00c7\u00c3O DAS ATIVIDADES LEGISLATIVAS","ident_acao":"Atividade","cat_econ":"Despesa Corrente","natureza_despesa":"Outras Despesas Correntes","modalidade_despesa":"Aplica\u00e7\u00f5es Diretas","elemento_despesa":"Di\u00e1rias \u2013 Civil","sub_elem_desp":"SEM SUBELEMENTO","fonte_recurso":"Recursos do Exerc\u00edcio Corrente \/ Recursos n\u00e3o Vinculados de Impostos \/ -"},{"ano_emissao_emp":"2023","n_emp":"0000058","data_emissao":"07\/02\/2023","valor":"500,00","tipo_empenho":"Ordin\u00e1rio","hist_emp":"VALOR QUE SE EMPENHA CORRESPONDE \u00c0 SOLICITA\u00c7\u00c3O DE DI\u00c1RIA PELO SERVIDOR RICARDO VALEN\u00c7A MAHON, PARA IR \u00c0 UNI\u00c3O DOS VEREADORES DE PERNAMBUCO \u2013 UVP, SITUADA NA CIDADE DO RECIFE-PE, NO INTUITO DE TRATAR DE ASSUNTOS DE INTERESSE DO LEGISLATIVO MUNICIPAL DE TAQUARITINGA DO NORTE-PE, JUNTO \u00c0 PRESID\u00caNCIA.","fornecedor":"RICARDO VALEN\u00c7A MAHON","denom_uni_orc":"CORPO DELIBERATIVO E SECRETARIA","funcao":"Legislativa","sub_funcao":"A\u00e7\u00e3o Legislativa","programa":"A\u00c7\u00c3O LEGISTIVA","acao":"MANUTEN\u00c7\u00c3O DAS ATIVIDADES ADMINISTRATIVAS","ident_acao":"Atividade","cat_econ":"Despesa Corrente","natureza_despesa":"Outras Despesas Correntes","modalidade_despesa":"Aplica\u00e7\u00f5es Diretas","elemento_despesa":"Di\u00e1rias \u2013 Civil","sub_elem_desp":"SEM SUBELEMENTO","fonte_recurso":"Recursos do Exerc\u00edcio Corrente \/ Recursos n\u00e3o Vinculados de Impostos \/ -"},{"ano_emissao_emp":"2023","n_emp":"0000059","data_emissao":"07\/02\/2023","valor":"1.000,00","tipo_empenho":"Ordin\u00e1rio","hist_emp":"VALOR QUE SE EMPENHA CORRESPONDE A SOLICITA\u00c7\u00c3O DE DI\u00c1RIA PELO VEREADOR\/ PRESIDENTE AMILTON C\u00cdCERO DA SILVA, PARA IR \u00c0 UNI\u00c3O DOS VEREADORES DE PERNAMBUCO \u2013 UVP, SITUADA NA CIDADE DO RECIFE-PE, NO INTUITO DE TRATAR DE ASSUNTOS DE INTERESSE DO LEGISLATIVO MUNICIPAL DE TAQUARITINGA DO NORTE-PE, JUNTO \u00c0 PRESID\u00caNCIA.","fornecedor":"Amilton C\u00edcero da Silva","denom_uni_orc":"CORPO DELIBERATIVO E SECRETARIA","funcao":"Legislativa","sub_funcao":"A\u00e7\u00e3o Legislativa","programa":"A\u00c7\u00c3O LEGISTIVA","acao":"MANUTEN\u00c7\u00c3O DAS ATIVIDADES LEGISLATIVAS","ident_acao":"Atividade","cat_econ":"Despesa Corrente","natureza_despesa":"Outras Despesas Correntes","modalidade_despesa":"Aplica\u00e7\u00f5es Diretas","elemento_despesa":"Di\u00e1rias \u2013 Civil","sub_elem_desp":"SEM SUBELEMENTO","fonte_recurso":"Recursos do Exerc\u00edcio Corrente \/ Recursos n\u00e3o Vinculados de Impostos \/ -"},{"ano_emissao_emp":"2023","n_emp":"0000060","data_emissao":"09\/02\/2023","valor":"1.000,00","tipo_empenho":"Ordin\u00e1rio","hist_emp":"VALOR QUE SE EMPENHA CORRESPONDE A SOLICITA\u00c7\u00c3O DE DI\u00c1RIA PELO VEREADOR JOS\u00c9 ERALDO PEREIRA DOS SANTOS, PARA DESEMPENHAR ATIVIDADE PARLAMENTAR NA CIDADE DO RECIFE-PE, NO PER\u00cdODO DE 10 DE FEVEREIRO DE 2023, ONDE IR\u00c1 VISITAR GABINETES DE PARLAMENTARES EM BUSCA DE MELHORIAS PARA O MUNIC\u00cdPIO DE TAQUARITINGA DO NORTE-PE.","fornecedor":"JOS\u00c9 ERALDO PEREIRA DOS SANTOS","denom_uni_orc":"CORPO DELIBERATIVO E SECRETARIA","funcao":"Legislativa","sub_funcao":"A\u00e7\u00e3o Legislativa","programa":"A\u00c7\u00c3O LEGISTIVA","acao":"MANUTEN\u00c7\u00c3O DAS ATIVIDADES LEGISLATIVAS","ident_acao":"Atividade","cat_econ":"Despesa Corrente","natureza_despesa":"Outras Despesas Correntes","modalidade_despesa":"Aplica\u00e7\u00f5es Diretas","elemento_despesa":"Di\u00e1rias \u2013 Civil","sub_elem_desp":"SEM SUBELEMENTO","fonte_recurso":"Recursos do Exerc\u00edcio Corrente \/ Recursos n\u00e3o Vinculados de Impostos \/ -"},{"ano_emissao_emp":"2023","n_emp":"0000061","data_emissao":"09\/02\/2023","valor":"1.000,00","tipo_empenho":"Ordin\u00e1rio","hist_emp":"VALOR QUE SE EMPENHA CORRESPONDE A SOLICITA\u00c7\u00c3O DE DI\u00c1RIA PELO VEREADOR ALEXANDRE BAS\u00cdLIO DE JESUS TIETRE, PARA DESEMPENHAR ATIVIDADE PARLAMENTAR NA CIDADE DO RECIFE-PE, NO PER\u00cdODO DE 10 DE FEVEREIRO DE 2023, ONDE IR\u00c1 VISITAR GABINETES DE PARLAMENTARES EM BUSCA DE MELHORIAS PARA O MUNIC\u00cdPIO DE TAQUARITINGA DO NORTE-PE.","fornecedor":"ALEXANDRE BAS\u00cdLIO DE JESUS TIETRE","denom_uni_orc":"CORPO DELIBERATIVO E SECRETARIA","funcao":"Legislativa","sub_funcao":"A\u00e7\u00e3o Legislativa","programa":"A\u00c7\u00c3O LEGISTIVA","acao":"MANUTEN\u00c7\u00c3O DAS ATIVIDADES LEGISLATIVAS","ident_acao":"Atividade","cat_econ":"Despesa Corrente","natureza_despesa":"Outras Despesas Correntes","modalidade_despesa":"Aplica\u00e7\u00f5es Diretas","elemento_despesa":"Di\u00e1rias \u2013 Civil","sub_elem_desp":"SEM SUBELEMENTO","fonte_recurso":"Recursos do Exerc\u00edcio Corrente \/ Recursos n\u00e3o Vinculados de Impostos \/ -"},{"ano_emissao_emp":"2023","n_emp":"0000062","data_emissao":"09\/02\/2023","valor":"1.000,00","tipo_empenho":"Ordin\u00e1rio","hist_emp":"VALOR QUE SE EMPENHA CORRESPONDE A SOLICITA\u00c7\u00c3O DE DI\u00c1RIA PELO VEREADOR GEOVANE PEQUENO C\u00c9ZAR, PARA DESEMPENHAR ATIVIDADE PARLAMENTAR NA CIDADE DO RECIFE-PE, NO PER\u00cdODO DE 10 DE FEVEREIRO DE 2023, ONDE IR\u00c1 VISITAR GABINETES DE PARLAMENTARES EM BUSCA DE MELHORIAS PARA O MUNIC\u00cdPIO DE TAQUARITINGA DO NORTE-PE.","fornecedor":"GEOVANE PEQUENO C\u00c9ZAR","denom_uni_orc":"CORPO DELIBERATIVO E SECRETARIA","funcao":"Legislativa","sub_funcao":"A\u00e7\u00e3o Legislativa","programa":"A\u00c7\u00c3O LEGISTIVA","acao":"MANUTEN\u00c7\u00c3O DAS ATIVIDADES LEGISLATIVAS","ident_acao":"Atividade","cat_econ":"Despesa Corrente","natureza_despesa":"Outras Despesas Correntes","modalidade_despesa":"Aplica\u00e7\u00f5es Diretas","elemento_despesa":"Di\u00e1rias \u2013 Civil","sub_elem_desp":"SEM SUBELEMENTO","fonte_recurso":"Recursos do Exerc\u00edcio Corrente \/ Recursos n\u00e3o Vinculados de Impostos \/ -"},{"ano_emissao_emp":"2023","n_emp":"0000063","data_emissao":"09\/02\/2023","valor":"1.000,00","tipo_empenho":"Ordin\u00e1rio","hist_emp":"VALOR QUE SE EMPENHA CORRESPONDE A SOLICITA\u00c7\u00c3O DE DI\u00c1RIA PELO VEREADOR JO\u00c3O EUG\u00caNIO LEANDRO COSTA, PARA DESEMPENHAR ATIVIDADE PARLAMENTAR NA CIDADE DO RECIFE-PE, NO PER\u00cdODO DE 10 DE FEVEREIRO DE 2023, ONDE IR\u00c1 VISITAR GABINETES DE PARLAMENTARES EM BUSCA DE MELHORIAS PARA O MUNIC\u00cdPIO DE TAQUARITINGA DO NORTE-PE.","fornecedor":"JO\u00c3O EUG\u00caNIO LEANDRO COSTA","denom_uni_orc":"CORPO DELIBERATIVO E SECRETARIA","funcao":"Legislativa","sub_funcao":"A\u00e7\u00e3o Legislativa","programa":"A\u00c7\u00c3O LEGISTIVA","acao":"MANUTEN\u00c7\u00c3O DAS ATIVIDADES LEGISLATIVAS","ident_acao":"Atividade","cat_econ":"Despesa Corrente","natureza_despesa":"Outras Despesas Correntes","modalidade_despesa":"Aplica\u00e7\u00f5es Diretas","elemento_despesa":"Di\u00e1rias \u2013 Civil","sub_elem_desp":"SEM SUBELEMENTO","fonte_recurso":"Recursos do Exerc\u00edcio Corrente \/ Recursos n\u00e3o Vinculados de Impostos \/ -"},{"ano_emissao_emp":"2023","n_emp":"0000064","data_emissao":"09\/02\/2023","valor":"1.000,00","tipo_empenho":"Ordin\u00e1rio","hist_emp":"VALOR QUE SE EMPENHA CORRESPONDE A SOLICITA\u00c7\u00c3O DE DI\u00c1RIA PELO VEREADOR JOS\u00c9 ADEMIR MARTINS, PARA DESEMPENHAR ATIVIDADE PARLAMENTAR NA CIDADE DO RECIFE-PE, NO PER\u00cdODO DE 10 DE FEVEREIRO DE 2023, ONDE IR\u00c1 VISITAR GABINETES DE PARLAMENTARES EM BUSCA DE MELHORIAS PARA O MUNIC\u00cdPIO DE TAQUARITINGA DO NORTE-PE.","fornecedor":"JOS\u00c9 ADEMIR MARTINS","denom_uni_orc":"CORPO DELIBERATIVO E SECRETARIA","funcao":"Legislativa","sub_funcao":"A\u00e7\u00e3o Legislativa","programa":"A\u00c7\u00c3O LEGISTIVA","acao":"MANUTEN\u00c7\u00c3O DAS ATIVIDADES LEGISLATIVAS","ident_acao":"Atividade","cat_econ":"Despesa Corrente","natureza_despesa":"Outras Despesas Correntes","modalidade_despesa":"Aplica\u00e7\u00f5es Diretas","elemento_despesa":"Di\u00e1rias \u2013 Civil","sub_elem_desp":"SEM SUBELEMENTO","fonte_recurso":"Recursos do Exerc\u00edcio Corrente \/ Recursos n\u00e3o Vinculados de Impostos \/ -"},{"ano_emissao_emp":"2023","n_emp":"0000065","data_emissao":"09\/02\/2023","valor":"2.399,00","tipo_empenho":"Ordin\u00e1rio","hist_emp":"VALOR QUE SE EMPENHA CORRESPONDE \u00c0 AQUISI\u00c7\u00c3O DE UM AR-CONDICIONADO INVERTER 12000 BTUS, PARA O DEPARTAMENTO FINANCEIRO DESTA C\u00c2MARA MUNICIPAL DE VEREADORES.","fornecedor":"VIA S.A.","denom_uni_orc":"CORPO DELIBERATIVO E SECRETARIA","funcao":"Legislativa","sub_funcao":"A\u00e7\u00e3o Legislativa","programa":"A\u00c7\u00c3O LEGISTIVA","acao":"REEQUIPAMENTO DA UNIDADE","ident_acao":"Projeto","cat_econ":"Despesa de Capital","natureza_despesa":"Investimentos","modalidade_despesa":"Aplica\u00e7\u00f5es Diretas","elemento_despesa":"Equipamentos e Material Permanente","sub_elem_desp":"SEM SUBELEMENTO","fonte_recurso":"Recursos do Exerc\u00edcio Corrente \/ Recursos n\u00e3o Vinculados de Impostos \/ -"},{"ano_emissao_emp":"2023","n_emp":"0000066","data_emissao":"10\/02\/2023","valor":"1.000,00","tipo_empenho":"Ordin\u00e1rio","hist_emp":"VALOR QUE SE EMPENHA CORRESPONDE A SOLICITA\u00c7\u00c3O DE DI\u00c1RIA PELO VEREADOR RONALDO C\u00c9SAR DOS SANTOS SILVA, PARA DESEMPENHO DA FUN\u00c7\u00c3O DE VEREADOR DO MUNIC\u00cdPIO DE TAQUARITINGA DO NORTE-PE EM ATIVIDADE PARLAMENTAR NA CIDADE DO RECIFE-PE","fornecedor":"RONALDO C\u00c9SAR DOS SANTOS SILVA","denom_uni_orc":"CORPO DELIBERATIVO E SECRETARIA","funcao":"Legislativa","sub_funcao":"A\u00e7\u00e3o Legislativa","programa":"A\u00c7\u00c3O LEGISTIVA","acao":"MANUTEN\u00c7\u00c3O DAS ATIVIDADES LEGISLATIVAS","ident_acao":"Atividade","cat_econ":"Despesa Corrente","natureza_despesa":"Outras Despesas Correntes","modalidade_despesa":"Aplica\u00e7\u00f5es Diretas","elemento_despesa":"Di\u00e1rias \u2013 Civil","sub_elem_desp":"SEM SUBELEMENTO","fonte_recurso":"Recursos do Exerc\u00edcio Corrente \/ Recursos n\u00e3o Vinculados de Impostos \/ -"},{"ano_emissao_emp":"2023","n_emp":"0000067","data_emissao":"10\/02\/2023","valor":"3.000,00","tipo_empenho":"Ordin\u00e1rio","hist_emp":"VALOR QUE SE EMPENHA CORRESPONDE A SOLICITA\u00c7\u00c3O DE DI\u00c1RIA PELO VEREADOR\/ PRESIDENTE AMILTON C\u00cdCERO DA SILVA, PARA IR \u00c0 CIDADE DE BRAS\u00cdLIA-DF, NOS DIAS 14 A 16 DE FEVEREIRO DE 2023, EM VISITA \u00c0 PRA\u00c7A DOS TR\u00caS PODERES \u2013 C\u00c2MARA DOS DEPUTADOS, NO INTUITO DE APRESENTAR DEMANDAS E SOLICITAR RECURSOS PARA O MUNIC\u00cdPIO DE TAQUARITINGA DO NORTE-PE.","fornecedor":"Amilton C\u00edcero da Silva","denom_uni_orc":"CORPO DELIBERATIVO E SECRETARIA","funcao":"Legislativa","sub_funcao":"A\u00e7\u00e3o Legislativa","programa":"A\u00c7\u00c3O LEGISTIVA","acao":"MANUTEN\u00c7\u00c3O DAS ATIVIDADES LEGISLATIVAS","ident_acao":"Atividade","cat_econ":"Despesa Corrente","natureza_despesa":"Outras Despesas Correntes","modalidade_despesa":"Aplica\u00e7\u00f5es Diretas","elemento_despesa":"Di\u00e1rias \u2013 Civil","sub_elem_desp":"SEM SUBELEMENTO","fonte_recurso":"Recursos do Exerc\u00edcio Corrente \/ Recursos n\u00e3o Vinculados de Impostos \/ -"},{"ano_emissao_emp":"2023","n_emp":"0000068","data_emissao":"10\/02\/2023","valor":"1.000,00","tipo_empenho":"Ordin\u00e1rio","hist_emp":"VALOR QUE SE EMPENHA CORRESPONDE A SOLICITA\u00c7\u00c3O DE DI\u00c1RIA PELO VEREADOR JOS\u00c9 AMAURI MINERVA FERREIRA, COM A FINALIDADE DE VIAGEM PARA ATIVIDADE PARLAMENTAR NA CIDADE DO RECIFE-PE, NO PER\u00cdODO DE 15 DE FEVEREIRO DE 2023, ONDE IR\u00c1 VISITAR A SECRETARIA DE AGRICULTURA EM BUSCA DE MELHORIAS PARA O MUNIC\u00cdPIO DE TAQUARITINGA DO NORTE-PE.","fornecedor":"JOS\u00c9 AMAURI MINERVA FERREIRA","denom_uni_orc":"CORPO DELIBERATIVO E SECRETARIA","funcao":"Legislativa","sub_funcao":"A\u00e7\u00e3o Legislativa","programa":"A\u00c7\u00c3O LEGISTIVA","acao":"MANUTEN\u00c7\u00c3O DAS ATIVIDADES LEGISLATIVAS","ident_acao":"Atividade","cat_econ":"Despesa Corrente","natureza_despesa":"Outras Despesas Correntes","modalidade_despesa":"Aplica\u00e7\u00f5es Diretas","elemento_despesa":"Di\u00e1rias \u2013 Civil","sub_elem_desp":"SEM SUBELEMENTO","fonte_recurso":"Recursos do Exerc\u00edcio Corrente \/ Recursos n\u00e3o Vinculados de Impostos \/ -"},{"ano_emissao_emp":"2023","n_emp":"0000069","data_emissao":"10\/02\/2023","valor":"1.000,00","tipo_empenho":"Ordin\u00e1rio","hist_emp":"VALOR QUE SE EMPENHA CORRESPONDE A SOLICITA\u00c7\u00c3O DE DI\u00c1RIA PELO VEREADOR H\u00c9LIO JUNIOR FLOR\u00caNCIO, COM A FINALIDADE DE VIAGEM PARA ATIVIDADE PARLAMENTAR NA CIDADE DO RECIFE-PE, NO PER\u00cdODO DE 15 DE FEVEREIRO DE 2023, ONDE IR\u00c1 VISITAR A SECRETARIA DE AGRICULTURA EM BUSCA DE MELHORIAS PARA O MUNIC\u00cdPIO DE TAQUARITINGA DO NORTE-PE.","fornecedor":"H\u00c9LIO JUNIOR FLOR\u00caNCIO","denom_uni_orc":"CORPO DELIBERATIVO E SECRETARIA","funcao":"Legislativa","sub_funcao":"A\u00e7\u00e3o Legislativa","programa":"A\u00c7\u00c3O LEGISTIVA","acao":"MANUTEN\u00c7\u00c3O DAS ATIVIDADES LEGISLATIVAS","ident_acao":"Atividade","cat_econ":"Despesa Corrente","natureza_despesa":"Outras Despesas Correntes","modalidade_despesa":"Aplica\u00e7\u00f5es Diretas","elemento_despesa":"Di\u00e1rias \u2013 Civil","sub_elem_desp":"SEM SUBELEMENTO","fonte_recurso":"Recursos do Exerc\u00edcio Corrente \/ Recursos n\u00e3o Vinculados de Impostos \/ -"},{"ano_emissao_emp":"2023","n_emp":"0000070","data_emissao":"10\/02\/2023","valor":"3.098,14","tipo_empenho":"Ordin\u00e1rio","hist_emp":"VALOR QUE SE EMPENHA, CORRESPONDE A EMISS\u00c3O DE PASSAGENS A\u00c9REA EM NOME DO VEREADOR AMILTON C\u00cdCERO DA SILVA, TENDO RECIFE\/BRAS\u00cdLIA COMO TRECHO DE IDA E BRAS\u00cdLIA\/ RECIFE COMO TRECHO DE VOLTA, SENDO A VIAGEM REALIZADA ENTRE OS DIAS 13\/02\/2023 E 16\/02\/2023.","fornecedor":"GERSON HOLANDA CURVELO DE FIGUEIREDO ARNOBIO 10438586441","denom_uni_orc":"CORPO DELIBERATIVO E SECRETARIA","funcao":"Legislativa","sub_funcao":"A\u00e7\u00e3o Legislativa","programa":"A\u00c7\u00c3O LEGISTIVA","acao":"MANUTEN\u00c7\u00c3O DAS ATIVIDADES ADMINISTRATIVAS","ident_acao":"Atividade","cat_econ":"Despesa Corrente","natureza_despesa":"Outras Despesas Correntes","modalidade_despesa":"Aplica\u00e7\u00f5es Diretas","elemento_despesa":"Passagens e Despesas com Locomo\u00e7\u00e3o","sub_elem_desp":"SEM SUBELEMENTO","fonte_recurso":"Recursos do Exerc\u00edcio Corrente \/ Recursos n\u00e3o Vinculados de Impostos \/ -"},{"ano_emissao_emp":"2023","n_emp":"0000071","data_emissao":"13\/02\/2023","valor":"300,00","tipo_empenho":"Ordin\u00e1rio","hist_emp":"VALOR QUE SE EMPENHA CORRESPONDE \u00c0 SOLICITA\u00c7\u00c3O DE DI\u00c1RIA PELO SERVIDOR RICARDO VALEN\u00c7A MAHON, PARA IR \u00c0 CIDADE DE CARUARU-PE, COM A FINALIDADE DE FAZER A COMPRA DE ROTEADORES, APARELHOS TELEF\u00d4NICOS, SWITCH E CABO PARA ATENDER AS DEMANDAS DE TROCA\/INSTALA\u00c7\u00c3O DE INTERNET E TELEFONIA DESTA CASA LEGISLATIVA.","fornecedor":"RICARDO VALEN\u00c7A MAHON","denom_uni_orc":"CORPO DELIBERATIVO E SECRETARIA","funcao":"Legislativa","sub_funcao":"A\u00e7\u00e3o Legislativa","programa":"A\u00c7\u00c3O LEGISTIVA","acao":"MANUTEN\u00c7\u00c3O DAS ATIVIDADES ADMINISTRATIVAS","ident_acao":"Atividade","cat_econ":"Despesa Corrente","natureza_despesa":"Outras Despesas Correntes","modalidade_despesa":"Aplica\u00e7\u00f5es Diretas","elemento_despesa":"Di\u00e1rias \u2013 Civil","sub_elem_desp":"SEM SUBELEMENTO","fonte_recurso":"Recursos do Exerc\u00edcio Corrente \/ Recursos n\u00e3o Vinculados de Impostos \/ -"},{"ano_emissao_emp":"2023","n_emp":"0000072","data_emissao":"13\/02\/2023","valor":"8.000,00","tipo_empenho":"Ordin\u00e1rio","hist_emp":"VALOR QUE SE EMPENHA, CORRESPONDE A PRESTA\u00c7\u00c3O DE SERVI\u00c7OS DE REALIZA\u00c7\u00c3O DE CAPACITA\u00c7\u00c3O DE SERVIDORES E VEREADORES DESTA C\u00c2MARA MUNICIPAL, ABRANGENDO DIVERSOS ASSUNTOS QUE ENGLOBAM ESTRUTURA FUNCIONAL E PROCESSO LEGISLATIVO.","fornecedor":"INSTITUTO DE GERENCIAMENTO DE CIDADES IGC","denom_uni_orc":"CORPO DELIBERATIVO E SECRETARIA","funcao":"Legislativa","sub_funcao":"A\u00e7\u00e3o Legislativa","programa":"A\u00c7\u00c3O LEGISTIVA","acao":"MANUTEN\u00c7\u00c3O DAS ATIVIDADES ADMINISTRATIVAS","ident_acao":"Atividade","cat_econ":"Despesa Corrente","natureza_despesa":"Outras Despesas Correntes","modalidade_despesa":"Aplica\u00e7\u00f5es Diretas","elemento_despesa":"Outros Servi\u00e7os de Terceiros - Pessoa Jur\u00eddica","sub_elem_desp":"SEM SUBELEMENTO","fonte_recurso":"Recursos do Exerc\u00edcio Corrente \/ Recursos n\u00e3o Vinculados de Impostos \/ -"},{"ano_emissao_emp":"2023","n_emp":"0000073","data_emissao":"15\/02\/2023","valor":"4.670,63","tipo_empenho":"Ordin\u00e1rio","hist_emp":"VALOR QUE SE EMPENHA, CORRESPONDE \u00c0 AQUISI\u00c7\u00c3O DE ROTEADORES, APARELHOS TELEF\u00d4NICOS, SWITCH E CABO PARA ATENDER AS DEMANDAS DE TROCA\/INSTALA\u00c7\u00c3O DE INTERNET E TELEFONIA DESTA CASA LEGISLATIVA.","fornecedor":"VIP INFORMATICA LTDA","denom_uni_orc":"CORPO DELIBERATIVO E SECRETARIA","funcao":"Legislativa","sub_funcao":"A\u00e7\u00e3o Legislativa","programa":"A\u00c7\u00c3O LEGISTIVA","acao":"REEQUIPAMENTO DA UNIDADE","ident_acao":"Projeto","cat_econ":"Despesa de Capital","natureza_despesa":"Investimentos","modalidade_despesa":"Aplica\u00e7\u00f5es Diretas","elemento_despesa":"Equipamentos e Material Permanente","sub_elem_desp":"SEM SUBELEMENTO","fonte_recurso":"Recursos do Exerc\u00edcio Corrente \/ Recursos n\u00e3o Vinculados de Impostos \/ -"},{"ano_emissao_emp":"2023","n_emp":"0000074","data_emissao":"15\/02\/2023","valor":"663,45","tipo_empenho":"Ordin\u00e1rio","hist_emp":"VALOR QUE SE EMPENHA, CORRESPONDE \u00c0 AQUISI\u00c7\u00c3O DE ALGUNS MATERIAIS DE EXPEDIENTE, TAIS COMO, CANETAS, ENVELOPES, GRAMPEADOR, RESMAS DE PAPEL A4, ENTRE OUTROS ITENS, NECESS\u00c1RIOS AO BOM FUNCIONAMENTO ADMINISTRATIVO DESTA CASA LEGISLATIVA.","fornecedor":"A J DE MENEZES ARMARINHOS","denom_uni_orc":"CORPO DELIBERATIVO E SECRETARIA","funcao":"Legislativa","sub_funcao":"A\u00e7\u00e3o Legislativa","programa":"A\u00c7\u00c3O LEGISTIVA","acao":"MANUTEN\u00c7\u00c3O DAS ATIVIDADES ADMINISTRATIVAS","ident_acao":"Atividade","cat_econ":"Despesa Corrente","natureza_despesa":"Outras Despesas Correntes","modalidade_despesa":"Aplica\u00e7\u00f5es Diretas","elemento_despesa":"Material de Consumo","sub_elem_desp":"SEM SUBELEMENTO","fonte_recurso":"Recursos do Exerc\u00edcio Corrente \/ Recursos n\u00e3o Vinculados de Impostos \/ -"},{"ano_emissao_emp":"2023","n_emp":"0000075","data_emissao":"16\/02\/2023","valor":"300,00","tipo_empenho":"Ordin\u00e1rio","hist_emp":"VALOR QUE SE EMPENHA, CORRESPONDE A SOLICITA\u00c7\u00c3O DE DI\u00c1RIA PELO SERVIDOR ANDERSON AGAMENON SILVA, PARA IR \u00c0 CIDADE DE CARUARU-PE, \u00c0 SERVI\u00c7O DESTA C\u00c2MARA MUNICIPAL DE VEREADORES.","fornecedor":"ANDERSON AGAMENON SILVA","denom_uni_orc":"CORPO DELIBERATIVO E SECRETARIA","funcao":"Legislativa","sub_funcao":"A\u00e7\u00e3o Legislativa","programa":"A\u00c7\u00c3O LEGISTIVA","acao":"MANUTEN\u00c7\u00c3O DAS ATIVIDADES ADMINISTRATIVAS","ident_acao":"Atividade","cat_econ":"Despesa Corrente","natureza_despesa":"Outras Despesas Correntes","modalidade_despesa":"Aplica\u00e7\u00f5es Diretas","elemento_despesa":"Di\u00e1rias \u2013 Civil","sub_elem_desp":"SEM SUBELEMENTO","fonte_recurso":"Recursos do Exerc\u00edcio Corrente \/ Recursos n\u00e3o Vinculados de Impostos \/ -"},{"ano_emissao_emp":"2023","n_emp":"0000076","data_emissao":"23\/02\/2023","valor":"300,00","tipo_empenho":"Ordin\u00e1rio","hist_emp":"VALOR QUE SE EMPENHA, CORRESPONDE \u00c0 SOLICITA\u00c7\u00c3O DE DI\u00c1RIA PELO SERVIDOR RICARDO VALEN\u00c7A MAHON, PARA IR \u00c0 CIDADE DE CARUARU-PE, COM A FINALIDADE DE FAZER A AQUISI\u00c7\u00c3O DE UM DISPOSITIVO PORT\u00c1TIL - TABLET, PARA ATENDER AS DEMANDAS DO PONTO ELETR\u00d4NICO, QUE SER\u00c1 INSTALADO NOS PR\u00d3XIMOS DIAS NESTA CASA LEGISLATIVA.","fornecedor":"RICARDO VALEN\u00c7A MAHON","denom_uni_orc":"CORPO DELIBERATIVO E SECRETARIA","funcao":"Legislativa","sub_funcao":"A\u00e7\u00e3o Legislativa","programa":"A\u00c7\u00c3O LEGISTIVA","acao":"MANUTEN\u00c7\u00c3O DAS ATIVIDADES ADMINISTRATIVAS","ident_acao":"Atividade","cat_econ":"Despesa Corrente","natureza_despesa":"Outras Despesas Correntes","modalidade_despesa":"Aplica\u00e7\u00f5es Diretas","elemento_despesa":"Di\u00e1rias \u2013 Civil","sub_elem_desp":"SEM SUBELEMENTO","fonte_recurso":"Recursos do Exerc\u00edcio Corrente \/ Recursos n\u00e3o Vinculados de Impostos \/ -"},{"ano_emissao_emp":"2023","n_emp":"0000077","data_emissao":"24\/02\/2023","valor":"1.169,10","tipo_empenho":"Ordin\u00e1rio","hist_emp":"VALOR QUE SE EMPENHA, CORRESPONDE \u00c0 AQUISI\u00c7\u00c3O DE UM DISPOSITIVO PORT\u00c1TIL - TABLET SAMSUNG GALAXY, A7, 8.7 POL., 32GB, 4G, GRAFITE - PARA ATENDER AS DEMANDAS DO PONTO ELETR\u00d4NICO, QUE SER\u00c1 INSTALADO NOS PR\u00d3XIMOS DIAS NESTA CASA LEGISLATIVA.","fornecedor":"VIP INFORMATICA LTDA","denom_uni_orc":"CORPO DELIBERATIVO E SECRETARIA","funcao":"Legislativa","sub_funcao":"A\u00e7\u00e3o Legislativa","programa":"A\u00c7\u00c3O LEGISTIVA","acao":"REEQUIPAMENTO DA UNIDADE","ident_acao":"Projeto","cat_econ":"Despesa de Capital","natureza_despesa":"Investimentos","modalidade_despesa":"Aplica\u00e7\u00f5es Diretas","elemento_despesa":"Equipamentos e Material Permanente","sub_elem_desp":"SEM SUBELEMENTO","fonte_recurso":"Recursos do Exerc\u00edcio Corrente \/ Recursos n\u00e3o Vinculados de Impostos \/ -"},{"ano_emissao_emp":"2023","n_emp":"0000078","data_emissao":"24\/02\/2023","valor":"158,00","tipo_empenho":"Ordin\u00e1rio","hist_emp":"VALOR QUE SE EMPENHA, CORRESPONDE AO ABASTECIMENTO DE \u00c1GUA POR CARRO PIPA NO PR\u00c9DIO DA C\u00c2MARA MUNICIPAL DE VEREADORES DE TAQUARITINGA DO NORTE-PE, EM FEVEREIRO DE 2023.","fornecedor":"M\u00c1RCIO ANDR\u00c9 MANOEL DA SILVA","denom_uni_orc":"CORPO DELIBERATIVO E SECRETARIA","funcao":"Legislativa","sub_funcao":"A\u00e7\u00e3o Legislativa","programa":"A\u00c7\u00c3O LEGISTIVA","acao":"MANUTEN\u00c7\u00c3O DAS ATIVIDADES ADMINISTRATIVAS","ident_acao":"Atividade","cat_econ":"Despesa Corrente","natureza_despesa":"Outras Despesas Correntes","modalidade_despesa":"Aplica\u00e7\u00f5es Diretas","elemento_despesa":"Outros Servi\u00e7os de Terceiros - Pessoa F\u00edsica","sub_elem_desp":"SEM SUBELEMENTO","fonte_recurso":"Recursos do Exerc\u00edcio Corrente \/ Recursos n\u00e3o Vinculados de Impostos \/ -"},{"ano_emissao_emp":"2023","n_emp":"0000079","data_emissao":"27\/02\/2023","valor":"400,00","tipo_empenho":"Ordin\u00e1rio","hist_emp":"VALOR QUE SE EMPENHA, CORRESPONDE A INSCRI\u00c7\u00c3O DO VEREADOR ALEXANDRE BAS\u00cdLIO DE JESUS TIETRE, PARA PARTICIPAR DA XXIV MARCHA A BRAS\u00cdLIA EM DEFESA DOS MUNICIPIOS, QUE ACONTECER\u00c1 NOS DIAS 27 A 30 DE MAR\u00c7O DE 2023, NO CENTRO INTERNACIONAL DE CONVEN\u00c7\u00d5ES DO BRASIL (CICB), EM BRAS\u00cdLIA-DF.","fornecedor":"CONFEDERACAO NACIONAL DE MUNICIPIOS","denom_uni_orc":"CORPO DELIBERATIVO E SECRETARIA","funcao":"Legislativa","sub_funcao":"A\u00e7\u00e3o Legislativa","programa":"A\u00c7\u00c3O LEGISTIVA","acao":"MANUTEN\u00c7\u00c3O DAS ATIVIDADES ADMINISTRATIVAS","ident_acao":"Atividade","cat_econ":"Despesa Corrente","natureza_despesa":"Outras Despesas Correntes","modalidade_despesa":"Aplica\u00e7\u00f5es Diretas","elemento_despesa":"Outros Servi\u00e7os de Terceiros - Pessoa Jur\u00eddica","sub_elem_desp":"SEM SUBELEMENTO","fonte_recurso":"Recursos do Exerc\u00edcio Corrente \/ Recursos n\u00e3o Vinculados de Impostos \/ -"},{"ano_emissao_emp":"2023","n_emp":"0000080","data_emissao":"27\/02\/2023","valor":"400,00","tipo_empenho":"Ordin\u00e1rio","hist_emp":"VALOR QUE SE EMPENHA, CORRESPONDE A INSCRI\u00c7\u00c3O DO VEREADOR GEOVANE PEQUENO C\u00c9ZAR, PARA PARTICIPAR DA XXIV MARCHA A BRAS\u00cdLIA EM DEFESA DOS MUNICIPIOS, QUE ACONTECER\u00c1 NOS DIAS 27 A 30 DE MAR\u00c7O DE 2023, NO CENTRO INTERNACIONAL DE CONVEN\u00c7\u00d5ES DO BRASIL (CICB), EM BRAS\u00cdLIA-DF.","fornecedor":"CONFEDERACAO NACIONAL DE MUNICIPIOS","denom_uni_orc":"CORPO DELIBERATIVO E SECRETARIA","funcao":"Legislativa","sub_funcao":"A\u00e7\u00e3o Legislativa","programa":"A\u00c7\u00c3O LEGISTIVA","acao":"MANUTEN\u00c7\u00c3O DAS ATIVIDADES ADMINISTRATIVAS","ident_acao":"Atividade","cat_econ":"Despesa Corrente","natureza_despesa":"Outras Despesas Correntes","modalidade_despesa":"Aplica\u00e7\u00f5es Diretas","elemento_despesa":"Outros Servi\u00e7os de Terceiros - Pessoa Jur\u00eddica","sub_elem_desp":"SEM SUBELEMENTO","fonte_recurso":"Recursos do Exerc\u00edcio Corrente \/ Recursos n\u00e3o Vinculados de Impostos \/ -"},{"ano_emissao_emp":"2023","n_emp":"0000081","data_emissao":"27\/02\/2023","valor":"400,00","tipo_empenho":"Ordin\u00e1rio","hist_emp":"VALOR QUE SE EMPENHA, CORRESPONDE A INSCRI\u00c7\u00c3O DO VEREADOR JO\u00c3O EUG\u00caNIO LEANDRO COSTA, PARA PARTICIPAR DA XXIV MARCHA A BRAS\u00cdLIA EM DEFESA DOS MUNICIPIOS, QUE ACONTECER\u00c1 NOS DIAS 27 A 30 DE MAR\u00c7O DE 2023, NO CENTRO INTERNACIONAL DE CONVEN\u00c7\u00d5ES DO BRASIL (CICB), EM BRAS\u00cdLIA-DF.","fornecedor":"CONFEDERACAO NACIONAL DE MUNICIPIOS","denom_uni_orc":"CORPO DELIBERATIVO E SECRETARIA","funcao":"Legislativa","sub_funcao":"A\u00e7\u00e3o Legislativa","programa":"A\u00c7\u00c3O LEGISTIVA","acao":"MANUTEN\u00c7\u00c3O DAS ATIVIDADES ADMINISTRATIVAS","ident_acao":"Atividade","cat_econ":"Despesa Corrente","natureza_despesa":"Outras Despesas Correntes","modalidade_despesa":"Aplica\u00e7\u00f5es Diretas","elemento_despesa":"Outros Servi\u00e7os de Terceiros - Pessoa Jur\u00eddica","sub_elem_desp":"SEM SUBELEMENTO","fonte_recurso":"Recursos do Exerc\u00edcio Corrente \/ Recursos n\u00e3o Vinculados de Impostos \/ -"},{"ano_emissao_emp":"2023","n_emp":"0000082","data_emissao":"27\/02\/2023","valor":"400,00","tipo_empenho":"Ordin\u00e1rio","hist_emp":"VALOR QUE SE EMPENHA, CORRESPONDE A INSCRI\u00c7\u00c3O DO VEREADOR JOS\u00c9 ADEMIR MARTINS, PARA PARTICIPAR DA XXIV MARCHA A BRAS\u00cdLIA EM DEFESA DOS MUNICIPIOS, QUE ACONTECER\u00c1 NOS DIAS 27 A 30 DE MAR\u00c7O DE 2023, NO CENTRO INTERNACIONAL DE CONVEN\u00c7\u00d5ES DO BRASIL (CICB), EM BRAS\u00cdLIA-DF.","fornecedor":"CONFEDERACAO NACIONAL DE MUNICIPIOS","denom_uni_orc":"CORPO DELIBERATIVO E SECRETARIA","funcao":"Legislativa","sub_funcao":"A\u00e7\u00e3o Legislativa","programa":"A\u00c7\u00c3O LEGISTIVA","acao":"MANUTEN\u00c7\u00c3O DAS ATIVIDADES ADMINISTRATIVAS","ident_acao":"Atividade","cat_econ":"Despesa Corrente","natureza_despesa":"Outras Despesas Correntes","modalidade_despesa":"Aplica\u00e7\u00f5es Diretas","elemento_despesa":"Outros Servi\u00e7os de Terceiros - Pessoa Jur\u00eddica","sub_elem_desp":"SEM SUBELEMENTO","fonte_recurso":"Recursos do Exerc\u00edcio Corrente \/ Recursos n\u00e3o Vinculados de Impostos \/ -"},{"ano_emissao_emp":"2023","n_emp":"0000083","data_emissao":"27\/02\/2023","valor":"400,00","tipo_empenho":"Ordin\u00e1rio","hist_emp":"VALOR QUE SE EMPENHA, CORRESPONDE A INSCRI\u00c7\u00c3O DO VEREADOR JOS\u00c9 ERALDO PEREIRA DOS SANTOS, PARA PARTICIPAR DA XXIV MARCHA A BRAS\u00cdLIA EM DEFESA DOS MUNICIPIOS, QUE ACONTECER\u00c1 NOS DIAS 27 A 30 DE MAR\u00c7O DE 2023, NO CENTRO INTERNACIONAL DE CONVEN\u00c7\u00d5ES DO BRASIL (CICB), EM BRAS\u00cdLIA-DF.","fornecedor":"CONFEDERACAO NACIONAL DE MUNICIPIOS","denom_uni_orc":"CORPO DELIBERATIVO E SECRETARIA","funcao":"Legislativa","sub_funcao":"A\u00e7\u00e3o Legislativa","programa":"A\u00c7\u00c3O LEGISTIVA","acao":"MANUTEN\u00c7\u00c3O DAS ATIVIDADES ADMINISTRATIVAS","ident_acao":"Atividade","cat_econ":"Despesa Corrente","natureza_despesa":"Outras Despesas Correntes","modalidade_despesa":"Aplica\u00e7\u00f5es Diretas","elemento_despesa":"Outros Servi\u00e7os de Terceiros - Pessoa Jur\u00eddica","sub_elem_desp":"SEM SUBELEMENTO","fonte_recurso":"Recursos do Exerc\u00edcio Corrente \/ Recursos n\u00e3o Vinculados de Impostos \/ -"},{"ano_emissao_emp":"2023","n_emp":"0000084","data_emissao":"27\/02\/2023","valor":"400,00","tipo_empenho":"Ordin\u00e1rio","hist_emp":"VALOR QUE SE EMPENHA, CORRESPONDE A INSCRI\u00c7\u00c3O DA VEREADORA NAT\u00c1LIA PEREIRA DA SILVA LIMA, PARA PARTICIPAR DA XXIV MARCHA A BRAS\u00cdLIA EM DEFESA DOS MUNICIPIOS, QUE ACONTECER\u00c1 NOS DIAS 27 A 30 DE MAR\u00c7O DE 2023, NO CENTRO INTERNACIONAL DE CONVEN\u00c7\u00d5ES DO BRASIL (CICB), EM BRAS\u00cdLIA-DF.","fornecedor":"CONFEDERACAO NACIONAL DE MUNICIPIOS","denom_uni_orc":"CORPO DELIBERATIVO E SECRETARIA","funcao":"Legislativa","sub_funcao":"A\u00e7\u00e3o Legislativa","programa":"A\u00c7\u00c3O LEGISTIVA","acao":"MANUTEN\u00c7\u00c3O DAS ATIVIDADES ADMINISTRATIVAS","ident_acao":"Atividade","cat_econ":"Despesa Corrente","natureza_despesa":"Outras Despesas Correntes","modalidade_despesa":"Aplica\u00e7\u00f5es Diretas","elemento_despesa":"Outros Servi\u00e7os de Terceiros - Pessoa Jur\u00eddica","sub_elem_desp":"SEM SUBELEMENTO","fonte_recurso":"Recursos do Exerc\u00edcio Corrente \/ Recursos n\u00e3o Vinculados de Impostos \/ -"},{"ano_emissao_emp":"2023","n_emp":"0000085","data_emissao":"27\/02\/2023","valor":"500,00","tipo_empenho":"Ordin\u00e1rio","hist_emp":"VALOR QUE SE EMPENHA CORRESPONDE \u00c0 SOLICITA\u00c7\u00c3O DE DI\u00c1RIA PELO SERVIDOR RICARDO VALEN\u00c7A MAHON, PARA IR AO GABINETE DO DEPUTADO ESTADUAL CL\u00c9BER CHAPARRAL, LOCALIZADO NA CIDADE DO RECIFE-PE, NO INTUITO DE TRATAR DE DEMANDAS LEGISLATIVAS DA C\u00c2MARA MUNICIPAL DE TAQUARITINGA DO NORTE-PE.","fornecedor":"RICARDO VALEN\u00c7A MAHON","denom_uni_orc":"CORPO DELIBERATIVO E SECRETARIA","funcao":"Legislativa","sub_funcao":"A\u00e7\u00e3o Legislativa","programa":"A\u00c7\u00c3O LEGISTIVA","acao":"MANUTEN\u00c7\u00c3O DAS ATIVIDADES ADMINISTRATIVAS","ident_acao":"Atividade","cat_econ":"Despesa Corrente","natureza_despesa":"Outras Despesas Correntes","modalidade_despesa":"Aplica\u00e7\u00f5es Diretas","elemento_despesa":"Di\u00e1rias \u2013 Civil","sub_elem_desp":"SEM SUBELEMENTO","fonte_recurso":"Recursos do Exerc\u00edcio Corrente \/ Recursos n\u00e3o Vinculados de Impostos \/ -"},{"ano_emissao_emp":"2023","n_emp":"0000086","data_emissao":"28\/02\/2023","valor":"500,00","tipo_empenho":"Ordin\u00e1rio","hist_emp":"VALOR QUE SE EMPENHA, CORRESPONDE A SOLICITA\u00c7\u00c3O DE DI\u00c1RIA PELO SERVIDOR JOS\u00c9 DI\u00caGO BEZERRA DE LIMA, PARA IR A CIDADE DO RECIFE-PE, \u00c0 SERVI\u00c7O DA C\u00c2MARA MUNICIPAL DE VEREADORES DE TAQUARITINGA DO NORTE-PE, PARA TRATAR DE ASSUNTOS DE INTERESSE DESTE PODER LEGISLATIVO.","fornecedor":"JOS\u00c9 DI\u00caGO BEZERRA DE LIMA","denom_uni_orc":"CORPO DELIBERATIVO E SECRETARIA","funcao":"Legislativa","sub_funcao":"A\u00e7\u00e3o Legislativa","programa":"A\u00c7\u00c3O LEGISTIVA","acao":"MANUTEN\u00c7\u00c3O DAS ATIVIDADES ADMINISTRATIVAS","ident_acao":"Atividade","cat_econ":"Despesa Corrente","natureza_despesa":"Outras Despesas Correntes","modalidade_despesa":"Aplica\u00e7\u00f5es Diretas","elemento_despesa":"Di\u00e1rias \u2013 Civil","sub_elem_desp":"SEM SUBELEMENTO","fonte_recurso":"Recursos do Exerc\u00edcio Corrente \/ Recursos n\u00e3o Vinculados de Impostos \/ -"},{"ano_emissao_emp":"2023","n_emp":"0000087","data_emissao":"28\/02\/2023","valor":"500,00","tipo_empenho":"Ordin\u00e1rio","hist_emp":"VALOR QUE SE EMPENHA, CORRESPONDE A SOLICITA\u00c7\u00c3O DE DI\u00c1RIA PELO SERVIDOR ALBERES XAVIER DE ASSUN\u00c7\u00c3O, PARA IR \u00c0 CIDADE DO RECIFE-PE, \u00c0 SERVI\u00c7O DA C\u00c2MARA MUNICIPAL DE VEREADORES DE TAQUARITINGA DO NORTE-PE, PARA TRATAR DE ASSUNTOS DE INTERESSE DESTE PODER LEGISLATIVO.","fornecedor":"ALBERES XAVIER DE ASSUN\u00c7\u00c3O","denom_uni_orc":"CORPO DELIBERATIVO E SECRETARIA","funcao":"Legislativa","sub_funcao":"A\u00e7\u00e3o Legislativa","programa":"A\u00c7\u00c3O LEGISTIVA","acao":"MANUTEN\u00c7\u00c3O DAS ATIVIDADES ADMINISTRATIVAS","ident_acao":"Atividade","cat_econ":"Despesa Corrente","natureza_despesa":"Outras Despesas Correntes","modalidade_despesa":"Aplica\u00e7\u00f5es Diretas","elemento_despesa":"Di\u00e1rias \u2013 Civil","sub_elem_desp":"SEM SUBELEMENTO","fonte_recurso":"Recursos do Exerc\u00edcio Corrente \/ Recursos n\u00e3o Vinculados de Impostos \/ -"},{"ano_emissao_emp":"2023","n_emp":"0000088","data_emissao":"01\/03\/2023","valor":"800,00","tipo_empenho":"Ordin\u00e1rio","hist_emp":"VALOR QUE SE EMPENHA, CORRESPONDE AOS SERVI\u00c7OS DE ADES\u00c3O DE SOFTWARE REFERENTE AO SISTEMA DE PONTO ELETR\u00d4NICO PARA CONTROLE DE FREQU\u00caNCIA DOS SERVIDORES DESTA C\u00c2MARA MUNICIPAL DE VEREADORES.","fornecedor":"CONECTA CONTROLE DE ACESSO E SISTEMAS DE INFORMACAO LTDA","denom_uni_orc":"CORPO DELIBERATIVO E SECRETARIA","funcao":"Legislativa","sub_funcao":"A\u00e7\u00e3o Legislativa","programa":"A\u00c7\u00c3O LEGISTIVA","acao":"MANUTEN\u00c7\u00c3O DAS ATIVIDADES ADMINISTRATIVAS","ident_acao":"Atividade","cat_econ":"Despesa Corrente","natureza_despesa":"Outras Despesas Correntes","modalidade_despesa":"Aplica\u00e7\u00f5es Diretas","elemento_despesa":"Outros Servi\u00e7os de Terceiros - Pessoa Jur\u00eddica","sub_elem_desp":"SEM SUBELEMENTO","fonte_recurso":"Recursos do Exerc\u00edcio Corrente \/ Recursos n\u00e3o Vinculados de Impostos \/ -"},{"ano_emissao_emp":"2023","n_emp":"0000089","data_emissao":"01\/03\/2023","valor":"730,36","tipo_empenho":"Ordin\u00e1rio","hist_emp":"VALOR QUE SE EMPENHA, CORRESPONDE \u00c0 AQUISI\u00c7\u00c3O DE DOIS APARELHOS TELEF\u00d4NICOS PARA ATENDER AS DEMANDAS DE INSTALA\u00c7\u00c3O DE TELEFONIA NAS SALAS DE SITUA\u00c7\u00c3O E OPOSI\u00c7\u00c3O DESTA CASA LEGISLATIVA.","fornecedor":"VIP INFORMATICA LTDA","denom_uni_orc":"CORPO DELIBERATIVO E SECRETARIA","funcao":"Legislativa","sub_funcao":"A\u00e7\u00e3o Legislativa","programa":"A\u00c7\u00c3O LEGISTIVA","acao":"REEQUIPAMENTO DA UNIDADE","ident_acao":"Projeto","cat_econ":"Despesa de Capital","natureza_despesa":"Investimentos","modalidade_despesa":"Aplica\u00e7\u00f5es Diretas","elemento_despesa":"Equipamentos e Material Permanente","sub_elem_desp":"SEM SUBELEMENTO","fonte_recurso":"Recursos do Exerc\u00edcio Corrente \/ Recursos n\u00e3o Vinculados de Impostos \/ -"},{"ano_emissao_emp":"2023","n_emp":"0000090","data_emissao":"01\/03\/2023","valor":"799,90","tipo_empenho":"Ordin\u00e1rio","hist_emp":"VALOR QUE SE EMPENHA, CORRESPONDE AOS SERVI\u00c7OS DE TELEFONIA E INTERNET, ASSIM COMO, MANUTEN\u00c7\u00c3O E ASSIST\u00caNCIA T\u00c9CNICA DOS MESMOS, PARA ATENDER AS DEMANDAS ADMINISTRATIVAS DESTA C\u00c2MARA MUNICIPAL DE VEREADORES, DURANTE O M\u00caS DE MAR\u00c7O DE 2023.","fornecedor":"JOBSON LUIS MELO DE NEGREIROS LTDA","denom_uni_orc":"CORPO DELIBERATIVO E SECRETARIA","funcao":"Legislativa","sub_funcao":"A\u00e7\u00e3o Legislativa","programa":"A\u00c7\u00c3O LEGISTIVA","acao":"MANUTEN\u00c7\u00c3O DAS ATIVIDADES ADMINISTRATIVAS","ident_acao":"Atividade","cat_econ":"Despesa Corrente","natureza_despesa":"Outras Despesas Correntes","modalidade_despesa":"Aplica\u00e7\u00f5es Diretas","elemento_despesa":"Outros Servi\u00e7os de Terceiros - Pessoa Jur\u00eddica","sub_elem_desp":"SEM SUBELEMENTO","fonte_recurso":"Recursos do Exerc\u00edcio Corrente \/ Recursos n\u00e3o Vinculados de Impostos \/ -"},{"ano_emissao_emp":"2023","n_emp":"0000091","data_emissao":"01\/03\/2023","valor":"1.500,00","tipo_empenho":"Estimativo","hist_emp":"VALOR QUE SE EMPENHA, CORRESPONDE AO ESTIMATIVO CONSUMO DE 300L DE COMBUST\u00cdVEL NO CARRO OFICIAL DESTA CASA LEGISLATIVA, PLACA QYF2630, PARA O M\u00caS DE MAR\u00c7O DE 2023.","fornecedor":"AUTO POSTO DA SERRA LTDA","denom_uni_orc":"CORPO DELIBERATIVO E SECRETARIA","funcao":"Legislativa","sub_funcao":"A\u00e7\u00e3o Legislativa","programa":"A\u00c7\u00c3O LEGISTIVA","acao":"MANUTEN\u00c7\u00c3O DAS ATIVIDADES ADMINISTRATIVAS","ident_acao":"Atividade","cat_econ":"Despesa Corrente","natureza_despesa":"Outras Despesas Correntes","modalidade_despesa":"Aplica\u00e7\u00f5es Diretas","elemento_despesa":"Outros Servi\u00e7os de Terceiros - Pessoa Jur\u00eddica","sub_elem_desp":"SEM SUBELEMENTO","fonte_recurso":"Recursos do Exerc\u00edcio Corrente \/ Recursos n\u00e3o Vinculados de Impostos \/ -"},{"ano_emissao_emp":"2023","n_emp":"0000092","data_emissao":"01\/03\/2023","valor":"11.000,00","tipo_empenho":"Ordin\u00e1rio","hist_emp":"VALOR QUE SE EMPENHA, CORRESPONDE AO AUX\u00cdLIO ALIMENTA\u00c7\u00c3O, CONFORME DISP\u00d5E A LEI N\u00b0 2110\/2022, PARA OS VEREADORES DESTA CASA LEGISLATIVA, NO M\u00caS DE MAR\u00c7O DE 2023.","fornecedor":"C\u00c2MARA MUNICIPAL DE VEREADORES","denom_uni_orc":"CORPO DELIBERATIVO E SECRETARIA","funcao":"Legislativa","sub_funcao":"A\u00e7\u00e3o Legislativa","programa":"A\u00c7\u00c3O LEGISTIVA","acao":"AUX\u00cdLIO ALIMENTA\u00c7\u00c3O","ident_acao":"Atividade","cat_econ":"Despesa Corrente","natureza_despesa":"Outras Despesas Correntes","modalidade_despesa":"Aplica\u00e7\u00f5es Diretas","elemento_despesa":"Outros Servi\u00e7os de Terceiros - Pessoa Jur\u00eddica","sub_elem_desp":"SEM SUBELEMENTO","fonte_recurso":"Recursos do Exerc\u00edcio Corrente \/ Recursos n\u00e3o Vinculados de Impostos \/ -"},{"ano_emissao_emp":"2023","n_emp":"0000093","data_emissao":"01\/03\/2023","valor":"200,00","tipo_empenho":"Ordin\u00e1rio","hist_emp":"VALOR QUE SE EMPENHA, CORRESPONDE A PRESTA\u00c7\u00c3O DE SERVI\u00c7OS DE HOSPEDAGEM E MANUTEN\u00c7\u00c3O DO SISTEMA DE PROTOCOLO CENTRAL DA C\u00c2MARA MUNICIPAL DE VEREADORES DE TAQUARITINGA DO NORTE-PE, DURANTE O M\u00caS DE MAR\u00c7O DE 2023.","fornecedor":"M\u00c1RIO LEANDRO PEREIRA DA SILVA","denom_uni_orc":"CORPO DELIBERATIVO E SECRETARIA","funcao":"Legislativa","sub_funcao":"A\u00e7\u00e3o Legislativa","programa":"A\u00c7\u00c3O LEGISTIVA","acao":"MANUTEN\u00c7\u00c3O DAS ATIVIDADES ADMINISTRATIVAS","ident_acao":"Atividade","cat_econ":"Despesa Corrente","natureza_despesa":"Outras Despesas Correntes","modalidade_despesa":"Aplica\u00e7\u00f5es Diretas","elemento_despesa":"Outros Servi\u00e7os de Terceiros - Pessoa F\u00edsica","sub_elem_desp":"SEM SUBELEMENTO","fonte_recurso":"Recursos do Exerc\u00edcio Corrente \/ Recursos n\u00e3o Vinculados de Impostos \/ -"},{"ano_emissao_emp":"2023","n_emp":"0000094","data_emissao":"01\/03\/2023","valor":"20,00","tipo_empenho":"Ordin\u00e1rio","hist_emp":"VALOR QUE SE EMPENHA, CORRESPONDE AO AUX\u00cdLIO ALIMENTA\u00c7\u00c3O, CONFORME DISP\u00d5E A LEI N\u00b0 2110\/2022 PARA OS VEREADORES E SERVIDORES DESTA CASA LEGISLATIVA, REFERENTE AO SERVIDOR EFETIVO EDUARDO COSTA MELO, NO M\u00caS DE MAR\u00c7O DE 2023.","fornecedor":"C\u00c2MARA MUNICIPAL DE VEREADORES","denom_uni_orc":"CORPO DELIBERATIVO E SECRETARIA","funcao":"Legislativa","sub_funcao":"A\u00e7\u00e3o Legislativa","programa":"A\u00c7\u00c3O LEGISTIVA","acao":"AUX\u00cdLIO ALIMENTA\u00c7\u00c3O","ident_acao":"Atividade","cat_econ":"Despesa Corrente","natureza_despesa":"Outras Despesas Correntes","modalidade_despesa":"Aplica\u00e7\u00f5es Diretas","elemento_despesa":"Outros Servi\u00e7os de Terceiros - Pessoa Jur\u00eddica","sub_elem_desp":"SEM SUBELEMENTO","fonte_recurso":"Recursos do Exerc\u00edcio Corrente \/ Recursos n\u00e3o Vinculados de Impostos \/ -"},{"ano_emissao_emp":"2023","n_emp":"0000095","data_emissao":"01\/03\/2023","valor":"2.200,00","tipo_empenho":"Ordin\u00e1rio","hist_emp":"VALOR QUE SE EMPENHA, CORRESPONDE AOS SERVI\u00c7OS DE GRAVA\u00c7\u00c3O E TRANSMISS\u00c3O AO VIVO, VIA INTERNET DAS SESS\u00d5ES ORDIN\u00c1RIAS, GERENCIAMENTO DE REDES SOCIAIS E CRIA\u00c7\u00c3O DE TEXTOS E ARTES DAS SESS\u00d5ES ORDIN\u00c1RIAS DESTA C\u00c2MARA MUNICIPAL DE VEREADORES DE TAQUARITINGA DO NORTE-PE, DURANTE O M\u00caS DE MAR\u00c7O DE 2023.","fornecedor":"PAULO OTAVIO PEREIRA DE MOURA","denom_uni_orc":"CORPO DELIBERATIVO E SECRETARIA","funcao":"Legislativa","sub_funcao":"A\u00e7\u00e3o Legislativa","programa":"A\u00c7\u00c3O LEGISTIVA","acao":"MANUTEN\u00c7\u00c3O DAS ATIVIDADES ADMINISTRATIVAS","ident_acao":"Atividade","cat_econ":"Despesa Corrente","natureza_despesa":"Outras Despesas Correntes","modalidade_despesa":"Aplica\u00e7\u00f5es Diretas","elemento_despesa":"Outros Servi\u00e7os de Terceiros - Pessoa Jur\u00eddica","sub_elem_desp":"SEM SUBELEMENTO","fonte_recurso":"Recursos do Exerc\u00edcio Corrente \/ Recursos n\u00e3o Vinculados de Impostos \/ -"},{"ano_emissao_emp":"2023","n_emp":"0000096","data_emissao":"01\/03\/2023","valor":"7.500,00","tipo_empenho":"Ordin\u00e1rio","hist_emp":"VALOR QUE SE EMPENHA, CORRESPONDE AO PAGAMENTO DE AUX\u00cdLIO ALIMENTA\u00c7\u00c3O, CONFORME DISP\u00d5E A LEI N\u00b0 2110\/2022 PARA OS SERVIDORES EFETIVOS E COMISSIONADOS DESTA CASA LEGISLATIVA, NO M\u00caS DE MAR\u00c7O DE 2023.","fornecedor":"C\u00c2MARA MUNICIPAL DE VEREADORES","denom_uni_orc":"CORPO DELIBERATIVO E SECRETARIA","funcao":"Legislativa","sub_funcao":"A\u00e7\u00e3o Legislativa","programa":"A\u00c7\u00c3O LEGISTIVA","acao":"AUX\u00cdLIO ALIMENTA\u00c7\u00c3O","ident_acao":"Atividade","cat_econ":"Despesa Corrente","natureza_despesa":"Outras Despesas Correntes","modalidade_despesa":"Aplica\u00e7\u00f5es Diretas","elemento_despesa":"Outros Servi\u00e7os de Terceiros - Pessoa Jur\u00eddica","sub_elem_desp":"SEM SUBELEMENTO","fonte_recurso":"Recursos do Exerc\u00edcio Corrente \/ Recursos n\u00e3o Vinculados de Impostos \/ -"},{"ano_emissao_emp":"2023","n_emp":"0000097","data_emissao":"02\/03\/2023","valor":"800,00","tipo_empenho":"Ordin\u00e1rio","hist_emp":"VALOR QUE SE EMPENHA, CORRESPONDE A PRESTA\u00c7\u00c3O DE SERVI\u00c7OS DE REMO\u00c7\u00c3O DO AR CONDICIONADO DANIFICADO, ASSIM COMO, INSTALA\u00c7\u00c3O E MAT\u00c9RIAL NECESS\u00c1RIO PARA NOVA M\u00c1QUINA DE AR CONDICIONADO INVERTER NO DEPARTAMENTO FINANCEIRO DESTA C\u00c2MARA MUNICIPAL DE VEREADORES.","fornecedor":"ALBERTO JORGE DA SILVA 07502859403","denom_uni_orc":"CORPO DELIBERATIVO E SECRETARIA","funcao":"Legislativa","sub_funcao":"A\u00e7\u00e3o Legislativa","programa":"A\u00c7\u00c3O LEGISTIVA","acao":"MANUTEN\u00c7\u00c3O DAS ATIVIDADES ADMINISTRATIVAS","ident_acao":"Atividade","cat_econ":"Despesa Corrente","natureza_despesa":"Outras Despesas Correntes","modalidade_despesa":"Aplica\u00e7\u00f5es Diretas","elemento_despesa":"Outros Servi\u00e7os de Terceiros - Pessoa Jur\u00eddica","sub_elem_desp":"SEM SUBELEMENTO","fonte_recurso":"Recursos do Exerc\u00edcio Corrente \/ Recursos n\u00e3o Vinculados de Impostos \/ -"},{"ano_emissao_emp":"2023","n_emp":"0000098","data_emissao":"02\/03\/2023","valor":"1.000,00","tipo_empenho":"Ordin\u00e1rio","hist_emp":"VALOR QUE SE EMPENHA, CORRESPONDE A SOLICITA\u00c7\u00c3O DE DI\u00c1RIA PELO VEREADOR GUILHERME HENRIQUE MENDES DE FARIAS, PARA IR AO GABINETE DO DEPUTADO FEDERAL EDUARDO DA FONTE, LOCALIZADO NA CAPITAL DO ESTADO DE PERNAMBUCO (RECIFE), COM A FINALIDADE DE TRATAR DE ASSUNTOS PERTINENTES AO MUNIC\u00cdPIO DE TAQUARITINGA DO NORTE-PE.","fornecedor":"GUILHERME HENRIQUE MENDES DE FARIAS","denom_uni_orc":"CORPO DELIBERATIVO E SECRETARIA","funcao":"Legislativa","sub_funcao":"A\u00e7\u00e3o Legislativa","programa":"A\u00c7\u00c3O LEGISTIVA","acao":"MANUTEN\u00c7\u00c3O DAS ATIVIDADES LEGISLATIVAS","ident_acao":"Atividade","cat_econ":"Despesa Corrente","natureza_despesa":"Outras Despesas Correntes","modalidade_despesa":"Aplica\u00e7\u00f5es Diretas","elemento_despesa":"Di\u00e1rias \u2013 Civil","sub_elem_desp":"SEM SUBELEMENTO","fonte_recurso":"Recursos do Exerc\u00edcio Corrente \/ Recursos n\u00e3o Vinculados de Impostos \/ -"},{"ano_emissao_emp":"2023","n_emp":"0000099","data_emissao":"02\/03\/2023","valor":"1.000,00","tipo_empenho":"Ordin\u00e1rio","hist_emp":"VALOR QUE SE EMPENHA, CORRESPONDE A SOLICITA\u00c7\u00c3O DE DI\u00c1RIA PELO VEREADOR JOS\u00c9 ADEMIR MARTINS, PARA IR AO GABINETE DO DEPUTADO FEDERAL EDUARDO DA FONTE, LOCALIZADO NA CAPITAL DO ESTADO DE PERNAMBUCO (RECIFE), COM A FINALIDADE DE TRATAR DE ASSUNTOS PERTINENTES AO MUNIC\u00cdPIO DE TAQUARITINGA DO NORTE-PE.","fornecedor":"JOS\u00c9 ADEMIR MARTINS","denom_uni_orc":"CORPO DELIBERATIVO E SECRETARIA","funcao":"Legislativa","sub_funcao":"A\u00e7\u00e3o Legislativa","programa":"A\u00c7\u00c3O LEGISTIVA","acao":"MANUTEN\u00c7\u00c3O DAS ATIVIDADES LEGISLATIVAS","ident_acao":"Atividade","cat_econ":"Despesa Corrente","natureza_despesa":"Outras Despesas Correntes","modalidade_despesa":"Aplica\u00e7\u00f5es Diretas","elemento_despesa":"Di\u00e1rias \u2013 Civil","sub_elem_desp":"SEM SUBELEMENTO","fonte_recurso":"Recursos do Exerc\u00edcio Corrente \/ Recursos n\u00e3o Vinculados de Impostos \/ -"},{"ano_emissao_emp":"2023","n_emp":"0000100","data_emissao":"03\/03\/2023","valor":"1.700,00","tipo_empenho":"Global","hist_emp":"VALOR QUE SE EMPENHA, CORRESPONDE AOS SERVI\u00c7OS DE ACESSO AO SISTEMA DE PONTO SECULLUM WEB - ULTIMATE, CONTEMPLANDO O LICENCIAMENTO DO SOFTWARE, PERMISS\u00c3O DE USO E MANUTEN\u00c7\u00c3O DO MESMO, COM A FINALIDADE DE ATENDER AO CONTROLE DE FREQU\u00caNCIA DOS SERVIDORES DESTA C\u00c2MARA MUNICIPAL DE VEREADORES, CONFORME CONTRATO N\u00b0 05\/2023, NOS TERMOS DA LEI N\u00b0 8.666\/93, PARA O EXERC\u00cdCIO DE 2023.","fornecedor":"CONECTA SERVICOS LTDA","denom_uni_orc":"CORPO DELIBERATIVO E SECRETARIA","funcao":"Legislativa","sub_funcao":"A\u00e7\u00e3o Legislativa","programa":"A\u00c7\u00c3O LEGISTIVA","acao":"MANUTEN\u00c7\u00c3O DAS ATIVIDADES ADMINISTRATIVAS","ident_acao":"Atividade","cat_econ":"Despesa Corrente","natureza_despesa":"Outras Despesas Correntes","modalidade_despesa":"Aplica\u00e7\u00f5es Diretas","elemento_despesa":"Outros Servi\u00e7os de Terceiros - Pessoa Jur\u00eddica","sub_elem_desp":"SEM SUBELEMENTO","fonte_recurso":"Recursos do Exerc\u00edcio Corrente \/ Recursos n\u00e3o Vinculados de Impostos \/ -"},{"ano_emissao_emp":"2023","n_emp":"0000101","data_emissao":"03\/03\/2023","valor":"1.182,95","tipo_empenho":"Ordin\u00e1rio","hist_emp":"VALOR QUE SE EMPENHA, CORRESPONDE A COMPRA DE \u00c1GUA MINERAL, ALGUNS ALIMENTOS, UTENS\u00cdLIOS E MATERAIS DE HIGIENE, TAIS COMO: CAF\u00c9, A\u00c7UCAR, SAB\u00c3O EM P\u00d3, DETERGENTE, \u00c1GUA SANIT\u00c1RIA, PAPEL TOALHA, ENTRE OUTROS ITENS, COM A FINALIDADE DE ATENDER AS NECESSIDADES DA C\u00c2MARA MUNICIPAL DE VEREADORES DE TAQUARITINGA DO NORTE-PE.","fornecedor":"M L LOPES REIS DE LIMA E CIA LTDA","denom_uni_orc":"CORPO DELIBERATIVO E SECRETARIA","funcao":"Legislativa","sub_funcao":"A\u00e7\u00e3o Legislativa","programa":"A\u00c7\u00c3O LEGISTIVA","acao":"MANUTEN\u00c7\u00c3O DAS ATIVIDADES ADMINISTRATIVAS","ident_acao":"Atividade","cat_econ":"Despesa Corrente","natureza_despesa":"Outras Despesas Correntes","modalidade_despesa":"Aplica\u00e7\u00f5es Diretas","elemento_despesa":"Material de Consumo","sub_elem_desp":"SEM SUBELEMENTO","fonte_recurso":"Recursos do Exerc\u00edcio Corrente \/ Recursos n\u00e3o Vinculados de Impostos \/ -"},{"ano_emissao_emp":"2023","n_emp":"0000102","data_emissao":"03\/03\/2023","valor":"500,00","tipo_empenho":"Ordin\u00e1rio","hist_emp":"VALOR QUE SE EMPENHA, CORRESPONDE A SOLICITA\u00c7\u00c3O DE DI\u00c1RIA PELO SERVIDOR ALBERES XAVIER DE ASSUN\u00c7\u00c3O, PARA IR \u00c0 CIDADE DO RECIFE-PE, \u00c0 SERVI\u00c7O DA C\u00c2MARA MUNICIPAL DE VEREADORES DE TAQUARITINGA DO NORTE-PE, PARA TRATAR DE ASSUNTOS DE INTERESSE DESTE PODER LEGISLATIVO.","fornecedor":"ALBERES XAVIER DE ASSUN\u00c7\u00c3O","denom_uni_orc":"CORPO DELIBERATIVO E SECRETARIA","funcao":"Legislativa","sub_funcao":"A\u00e7\u00e3o Legislativa","programa":"A\u00c7\u00c3O LEGISTIVA","acao":"MANUTEN\u00c7\u00c3O DAS ATIVIDADES ADMINISTRATIVAS","ident_acao":"Atividade","cat_econ":"Despesa Corrente","natureza_despesa":"Outras Despesas Correntes","modalidade_despesa":"Aplica\u00e7\u00f5es Diretas","elemento_despesa":"Di\u00e1rias \u2013 Civil","sub_elem_desp":"SEM SUBELEMENTO","fonte_recurso":"Recursos do Exerc\u00edcio Corrente \/ Recursos n\u00e3o Vinculados de Impostos \/ -"},{"ano_emissao_emp":"2023","n_emp":"0000103","data_emissao":"03\/03\/2023","valor":"500,00","tipo_empenho":"Ordin\u00e1rio","hist_emp":"VALOR QUE SE EMPENHA, CORRESPONDE A SOLICITA\u00c7\u00c3O DE DI\u00c1RIA PELO SERVIDOR JOS\u00c9 DI\u00caGO BEZERRA DE LIMA, PARA IR \u00c0 CIDADE DO RECIFE-PE, \u00c0 SERVI\u00c7O DA C\u00c2MARA MUNICIPAL DE VEREADORES DE TAQUARITINGA DO NORTE-PE, PARA TRATAR DE ASSUNTOS DE INTERESSE DESTE PODER LEGISLATIVO.","fornecedor":"JOS\u00c9 DI\u00caGO BEZERRA DE LIMA","denom_uni_orc":"CORPO DELIBERATIVO E SECRETARIA","funcao":"Legislativa","sub_funcao":"A\u00e7\u00e3o Legislativa","programa":"A\u00c7\u00c3O LEGISTIVA","acao":"MANUTEN\u00c7\u00c3O DAS ATIVIDADES ADMINISTRATIVAS","ident_acao":"Atividade","cat_econ":"Despesa Corrente","natureza_despesa":"Outras Despesas Correntes","modalidade_despesa":"Aplica\u00e7\u00f5es Diretas","elemento_despesa":"Di\u00e1rias \u2013 Civil","sub_elem_desp":"SEM SUBELEMENTO","fonte_recurso":"Recursos do Exerc\u00edcio Corrente \/ Recursos n\u00e3o Vinculados de Impostos \/ -"},{"ano_emissao_emp":"2023","n_emp":"0000104","data_emissao":"03\/03\/2023","valor":"120,00","tipo_empenho":"Ordin\u00e1rio","hist_emp":"VALOR QUE SE EMPENHA, CORRESPONDE \u00c0 AQUISI\u00c7\u00c3O DE DOIS CARIMBOS AUTOM\u00c1TICOS, DESTINADOS AO PRESIDENTE E DIRETOR FINANCEIRO, COM A FINALIDADE DE ATENDER AS DEMANDAS ADMINISTRATIVAS DESTA C\u00c2MARA MUNICIPAL DE VEREADORES.","fornecedor":"ARMINDO HELIO OLIVEIRA SILVA 19416822434","denom_uni_orc":"CORPO DELIBERATIVO E SECRETARIA","funcao":"Legislativa","sub_funcao":"A\u00e7\u00e3o Legislativa","programa":"A\u00c7\u00c3O LEGISTIVA","acao":"MANUTEN\u00c7\u00c3O DAS ATIVIDADES ADMINISTRATIVAS","ident_acao":"Atividade","cat_econ":"Despesa Corrente","natureza_despesa":"Outras Despesas Correntes","modalidade_despesa":"Aplica\u00e7\u00f5es Diretas","elemento_despesa":"Material de Consumo","sub_elem_desp":"SEM SUBELEMENTO","fonte_recurso":"Recursos do Exerc\u00edcio Corrente \/ Recursos n\u00e3o Vinculados de Impostos \/ -"},{"ano_emissao_emp":"2023","n_emp":"0000105","data_emissao":"03\/03\/2023","valor":"300,00","tipo_empenho":"Ordin\u00e1rio","hist_emp":"VALOR QUE SE EMPENHA, CORRESPONDE A SOLICITA\u00c7\u00c3O DE DI\u00c1RIA PELA SERVIDORA MARIA MIRIAN DOS SANTOS, PARA IR \u00c0 CIDADE DE CARUARU-PE, FAZER \u00c0 AQUISI\u00c7\u00c3O DE UM COMPUTADOR, NO INTUITO DE ATENDER AS NECESSIDADES DO PLEN\u00c1RIO DESTA CASA LEGISLATIVA.","fornecedor":"MARIA MIRIAN DOS SANTOS","denom_uni_orc":"CORPO DELIBERATIVO E SECRETARIA","funcao":"Legislativa","sub_funcao":"A\u00e7\u00e3o Legislativa","programa":"A\u00c7\u00c3O LEGISTIVA","acao":"MANUTEN\u00c7\u00c3O DAS ATIVIDADES ADMINISTRATIVAS","ident_acao":"Atividade","cat_econ":"Despesa Corrente","natureza_despesa":"Outras Despesas Correntes","modalidade_despesa":"Aplica\u00e7\u00f5es Diretas","elemento_despesa":"Di\u00e1rias \u2013 Civil","sub_elem_desp":"SEM SUBELEMENTO","fonte_recurso":"Recursos do Exerc\u00edcio Corrente \/ Recursos n\u00e3o Vinculados de Impostos \/ -"},{"ano_emissao_emp":"2023","n_emp":"0000106","data_emissao":"03\/03\/2023","valor":"300,00","tipo_empenho":"Ordin\u00e1rio","hist_emp":"VALOR QUE SE EMPENHA, CORRESPONDE A SOLICITA\u00c7\u00c3O DE DI\u00c1RIA PELO SERVIDOR ANDERSON AGAMENON SILVA, PARA IR \u00c0 CIDADE DE CARUARU-PE, FAZER \u00c0 AQUISI\u00c7\u00c3O DE UM COMPUTADOR, NO INTUITO DE ATENDER AS NECESSIDADES DO PLEN\u00c1RIO DESTA CASA LEGISLATIVA.","fornecedor":"ANDERSON AGAMENON SILVA","denom_uni_orc":"CORPO DELIBERATIVO E SECRETARIA","funcao":"Legislativa","sub_funcao":"A\u00e7\u00e3o Legislativa","programa":"A\u00c7\u00c3O LEGISTIVA","acao":"MANUTEN\u00c7\u00c3O DAS ATIVIDADES ADMINISTRATIVAS","ident_acao":"Atividade","cat_econ":"Despesa Corrente","natureza_despesa":"Outras Despesas Correntes","modalidade_despesa":"Aplica\u00e7\u00f5es Diretas","elemento_despesa":"Di\u00e1rias \u2013 Civil","sub_elem_desp":"SEM SUBELEMENTO","fonte_recurso":"Recursos do Exerc\u00edcio Corrente \/ Recursos n\u00e3o Vinculados de Impostos \/ -"},{"ano_emissao_emp":"2023","n_emp":"0000107","data_emissao":"03\/03\/2023","valor":"2.339,00","tipo_empenho":"Ordin\u00e1rio","hist_emp":"VALOR QUE SE EMPENHA, CORRESPONDE \u00c0 AQUISI\u00c7\u00c3O DE UM COMPUTADOR, INCLUINDO MOUSE E TECLADO, NO INTUITO DE ATENDER AS NECESSIDADES DO PLEN\u00c1RIO DESTA CASA LEGISLATIVA.","fornecedor":"VIP INFORMATICA LTDA","denom_uni_orc":"CORPO DELIBERATIVO E SECRETARIA","funcao":"Legislativa","sub_funcao":"A\u00e7\u00e3o Legislativa","programa":"A\u00c7\u00c3O LEGISTIVA","acao":"REEQUIPAMENTO DA UNIDADE","ident_acao":"Projeto","cat_econ":"Despesa de Capital","natureza_despesa":"Investimentos","modalidade_despesa":"Aplica\u00e7\u00f5es Diretas","elemento_despesa":"Equipamentos e Material Permanente","sub_elem_desp":"SEM SUBELEMENTO","fonte_recurso":"Recursos do Exerc\u00edcio Corrente \/ Recursos n\u00e3o Vinculados de Impostos \/ -"},{"ano_emissao_emp":"2023","n_emp":"0000108","data_emissao":"03\/03\/2023","valor":"54.000,00","tipo_empenho":"Global","hist_emp":"VALOR QUE SE EMPENHA, CORRESPONDE A PRESTA\u00c7\u00c3O DE SERVI\u00c7OS T\u00c9CNICOS DE CONSULTORIA E ASSESSORIA EM ADMINISTRA\u00c7\u00c3O P\u00daBLICA PARA C\u00c2MARA MUNICIPAL DE VEREADORES DE TAQUARITINGA DO NORTE-PE, CONFORME CONTRATO N\u00b0 04\/2023 , NOS TERMOS DO ART. 75, II DA LEI N\u00b0 14.133\/21, NO PER\u00cdODO DE MAR\u00c7O A NOVEMBRO DE 2023.","fornecedor":"INSTITUTO DE GERENCIAMENTO DE CIDADES IGC","denom_uni_orc":"CORPO DELIBERATIVO E SECRETARIA","funcao":"Legislativa","sub_funcao":"A\u00e7\u00e3o Legislativa","programa":"A\u00c7\u00c3O LEGISTIVA","acao":"MANUTEN\u00c7\u00c3O DAS ATIVIDADES ADMINISTRATIVAS","ident_acao":"Atividade","cat_econ":"Despesa Corrente","natureza_despesa":"Outras Despesas Correntes","modalidade_despesa":"Aplica\u00e7\u00f5es Diretas","elemento_despesa":"Outros Servi\u00e7os de Terceiros - Pessoa Jur\u00eddica","sub_elem_desp":"SEM SUBELEMENTO","fonte_recurso":"Recursos do Exerc\u00edcio Corrente \/ Recursos n\u00e3o Vinculados de Impostos \/ -"},{"ano_emissao_emp":"2023","n_emp":"0000109","data_emissao":"08\/03\/2023","valor":"6.588,00","tipo_empenho":"Ordin\u00e1rio","hist_emp":"VALOR QUE SE EMPENHA, CORRESPONDE A EMISS\u00c3O DE PASSAGENS A\u00c9REAS EM NOME DOS VEREADORES JOS\u00c9 ERALDO SANTOS, JOS\u00c9 ADEMIR MARTINS, JO\u00c3O EUG\u00caNIO COSTA, ALEXANDRE TIETRE, GEOVANE C\u00c9SAR E NAT\u00c1LIA LIMA, TENDO RECIFE\/BRAS\u00cdLIA COMO TRECHO DE IDA E BRAS\u00cdLIA\/RECIFE COMO TRECHO DE VOLTA, SENDO A VIAGEM REALIZADA ENTRE OS DIAS 28\/03\/2023 E 30\/03\/2023.","fornecedor":"GERSON HOLANDA CURVELO DE FIGUEIREDO ARNOBIO 10438586441","denom_uni_orc":"CORPO DELIBERATIVO E SECRETARIA","funcao":"Legislativa","sub_funcao":"A\u00e7\u00e3o Legislativa","programa":"A\u00c7\u00c3O LEGISTIVA","acao":"MANUTEN\u00c7\u00c3O DAS ATIVIDADES ADMINISTRATIVAS","ident_acao":"Atividade","cat_econ":"Despesa Corrente","natureza_despesa":"Outras Despesas Correntes","modalidade_despesa":"Aplica\u00e7\u00f5es Diretas","elemento_despesa":"Passagens e Despesas com Locomo\u00e7\u00e3o","sub_elem_desp":"SEM SUBELEMENTO","fonte_recurso":"Recursos do Exerc\u00edcio Corrente \/ Recursos n\u00e3o Vinculados de Impostos \/ -"},{"ano_emissao_emp":"2023","n_emp":"0000110","data_emissao":"10\/03\/2023","valor":"1.000,00","tipo_empenho":"Ordin\u00e1rio","hist_emp":"VALOR QUE SE EMPENHA, CORRESPONDE A SOLICITA\u00c7\u00c3O DE DI\u00c1RIA PELO VEREADOR ALEXANDRE BAS\u00cdLIO DE JESUS TIETRE, PARA IR AO PAL\u00c1CIO DAS PRINCESAS E \u00c0 COMPANHIA PERNAMBUCANA DE SANEAMENTO - COMPESA, AMBAS SITUADAS NA CIDADE DO RECIFE-PE, NO INTUITO DE TRATAR DE ASSUNTOS DE INTERESSE DO LEGISLATIVO MUNICIPAL E APRESENTAR DEMANDAS PARA CIDADE DE TAQUARITINGA DO NORTE-PE.","fornecedor":"ALEXANDRE BAS\u00cdLIO DE JESUS TIETRE","denom_uni_orc":"CORPO DELIBERATIVO E SECRETARIA","funcao":"Legislativa","sub_funcao":"A\u00e7\u00e3o Legislativa","programa":"A\u00c7\u00c3O LEGISTIVA","acao":"MANUTEN\u00c7\u00c3O DAS ATIVIDADES LEGISLATIVAS","ident_acao":"Atividade","cat_econ":"Despesa Corrente","natureza_despesa":"Outras Despesas Correntes","modalidade_despesa":"Aplica\u00e7\u00f5es Diretas","elemento_despesa":"Di\u00e1rias \u2013 Civil","sub_elem_desp":"SEM SUBELEMENTO","fonte_recurso":"Recursos do Exerc\u00edcio Corrente \/ Recursos n\u00e3o Vinculados de Impostos \/ -"},{"ano_emissao_emp":"2023","n_emp":"0000111","data_emissao":"10\/03\/2023","valor":"1.000,00","tipo_empenho":"Ordin\u00e1rio","hist_emp":"VALOR QUE SE EMPENHA, CORRESPONDE A SOLICITA\u00c7\u00c3O DE DI\u00c1RIA PELO VEREADOR\/ PRESIDENTE AMILTON C\u00cdCERO DA SILVA, PARA IR AO PAL\u00c1CIO DAS PRINCESAS E \u00c0 COMPANHIA PERNAMBUCANA DE SANEAMENTO - COMPESA, AMBAS SITUADAS NA CIDADE DO RECIFE-PE, NO INTUITO DE TRATAR DE ASSUNTOS DE INTERESSE DO LEGISLATIVO MUNICIPAL E APRESENTAR DEMANDAS PARA CIDADE DE TAQUARITINGA DO NORTE-PE.","fornecedor":"Amilton C\u00edcero da Silva","denom_uni_orc":"CORPO DELIBERATIVO E SECRETARIA","funcao":"Legislativa","sub_funcao":"A\u00e7\u00e3o Legislativa","programa":"A\u00c7\u00c3O LEGISTIVA","acao":"MANUTEN\u00c7\u00c3O DAS ATIVIDADES LEGISLATIVAS","ident_acao":"Atividade","cat_econ":"Despesa Corrente","natureza_despesa":"Outras Despesas Correntes","modalidade_despesa":"Aplica\u00e7\u00f5es Diretas","elemento_despesa":"Di\u00e1rias \u2013 Civil","sub_elem_desp":"SEM SUBELEMENTO","fonte_recurso":"Recursos do Exerc\u00edcio Corrente \/ Recursos n\u00e3o Vinculados de Impostos \/ -"},{"ano_emissao_emp":"2023","n_emp":"0000112","data_emissao":"10\/03\/2023","valor":"75,20","tipo_empenho":"Ordin\u00e1rio","hist_emp":"VALOR QUE SE EMPENHA, CORRESPONDE \u00c0 AQUISI\u00c7\u00c3O DE QUATRO PRATELEIRAS DE VIDRO, TAMANHO 20CM X 30CM, COM A FINALIDADE DE SUPORTE PARA OS ROTEADORES, VISANDO UMA MELHOR DISTRIBUI\u00c7\u00c3O DE INTERNET NESTA C\u00c2MARA MUNICIPAL DE VEREADORES.","fornecedor":"CLAUDIO L PAIVA ARMARINHO","denom_uni_orc":"CORPO DELIBERATIVO E SECRETARIA","funcao":"Legislativa","sub_funcao":"A\u00e7\u00e3o Legislativa","programa":"A\u00c7\u00c3O LEGISTIVA","acao":"MANUTEN\u00c7\u00c3O DAS ATIVIDADES ADMINISTRATIVAS","ident_acao":"Atividade","cat_econ":"Despesa Corrente","natureza_despesa":"Outras Despesas Correntes","modalidade_despesa":"Aplica\u00e7\u00f5es Diretas","elemento_despesa":"Material de Consumo","sub_elem_desp":"SEM SUBELEMENTO","fonte_recurso":"Recursos do Exerc\u00edcio Corrente \/ Recursos n\u00e3o Vinculados de Impostos \/ -"},{"ano_emissao_emp":"2023","n_emp":"0000113","data_emissao":"10\/03\/2023","valor":"528,87","tipo_empenho":"Ordin\u00e1rio","hist_emp":"VALOR QUE SE EMPENHA, CORRESPONDE \u00c0 AQUISI\u00c7\u00c3O DE ALGUNS MATERIAS DE CONSUMO, TAIS COMO: ESCOVA SANIT\u00c1RIA, BALDE, ESPANADOR, VASSOURA, TOALHA DE PL\u00c1STICO, ENTRE OUTROS ITENS, COM A FINALIDADE DE ATENDER AS DEMANDAS DA DIVIS\u00c3O DE ZELADORIA, COPA E COZINHA DESTA CASA LEGISLATIVA.","fornecedor":"CLAUDIO L PAIVA ARMARINHO","denom_uni_orc":"CORPO DELIBERATIVO E SECRETARIA","funcao":"Legislativa","sub_funcao":"A\u00e7\u00e3o Legislativa","programa":"A\u00c7\u00c3O LEGISTIVA","acao":"MANUTEN\u00c7\u00c3O DAS ATIVIDADES ADMINISTRATIVAS","ident_acao":"Atividade","cat_econ":"Despesa Corrente","natureza_despesa":"Outras Despesas Correntes","modalidade_despesa":"Aplica\u00e7\u00f5es Diretas","elemento_despesa":"Material de Consumo","sub_elem_desp":"SEM SUBELEMENTO","fonte_recurso":"Recursos do Exerc\u00edcio Corrente \/ Recursos n\u00e3o Vinculados de Impostos \/ -"},{"ano_emissao_emp":"2023","n_emp":"0000114","data_emissao":"13\/03\/2023","valor":"300,00","tipo_empenho":"Ordin\u00e1rio","hist_emp":"VALOR QUE SE EMPENHA, CORRESPONDE \u00c0 SOLICITA\u00c7\u00c3O DE DI\u00c1RIA PELO SERVIDOR RICARDO VALEN\u00c7A MAHON, PARA IR \u00c0 CIDADE DE CARUARU-PE, COM A FINALIDADE DE FAZER COTA\u00c7\u00d5ES E AQUISI\u00c7\u00c3O DE UM DISPOSITIVO PORT\u00c1TIL - TABLET, PARA ATENDER AS DEMANDAS DO PONTO ELETR\u00d4NICO, TENDO EM VISTA A OCORR\u00caNCIA DE FURTO DO OUTRO DISPOSITIVO, CONFORME BOLETIM DE OCORR\u00caNCIA REGISTRADO.","fornecedor":"RICARDO VALEN\u00c7A MAHON","denom_uni_orc":"CORPO DELIBERATIVO E SECRETARIA","funcao":"Legislativa","sub_funcao":"A\u00e7\u00e3o Legislativa","programa":"A\u00c7\u00c3O LEGISTIVA","acao":"MANUTEN\u00c7\u00c3O DAS ATIVIDADES ADMINISTRATIVAS","ident_acao":"Atividade","cat_econ":"Despesa Corrente","natureza_despesa":"Outras Despesas Correntes","modalidade_despesa":"Aplica\u00e7\u00f5es Diretas","elemento_despesa":"Di\u00e1rias \u2013 Civil","sub_elem_desp":"SEM SUBELEMENTO","fonte_recurso":"Recursos do Exerc\u00edcio Corrente \/ Recursos n\u00e3o Vinculados de Impostos \/ -"},{"ano_emissao_emp":"2023","n_emp":"0000115","data_emissao":"13\/03\/2023","valor":"1.169,10","tipo_empenho":"Ordin\u00e1rio","hist_emp":"VALOR QUE SE EMPENHA, CORRESPONDE \u00c0 AQUISI\u00c7\u00c3O DE UM DISPOSITIVO PORT\u00c1TIL - TABLET SAMSUNG GALAXY, A7, 8.7 POL., 32GB, 4G, GRAFITE - PARA ATENDER AS DEMANDAS DO PONTO ELETR\u00d4NICO, TENDO EM VISTA A OCORR\u00caNCIA DE FURTO DO OUTRO DISPOSITIVO, CONFORME BOLETIM DE OCORR\u00caNCIA REGISTRADO.","fornecedor":"VIP INFORMATICA LTDA","denom_uni_orc":"CORPO DELIBERATIVO E SECRETARIA","funcao":"Legislativa","sub_funcao":"A\u00e7\u00e3o Legislativa","programa":"A\u00c7\u00c3O LEGISTIVA","acao":"REEQUIPAMENTO DA UNIDADE","ident_acao":"Projeto","cat_econ":"Despesa de Capital","natureza_despesa":"Investimentos","modalidade_despesa":"Aplica\u00e7\u00f5es Diretas","elemento_despesa":"Equipamentos e Material Permanente","sub_elem_desp":"SEM SUBELEMENTO","fonte_recurso":"Recursos do Exerc\u00edcio Corrente \/ Recursos n\u00e3o Vinculados de Impostos \/ -"},{"ano_emissao_emp":"2023","n_emp":"0000116","data_emissao":"15\/03\/2023","valor":"3.799,92","tipo_empenho":"Ordin\u00e1rio","hist_emp":"VALOR QUE SE EMPENHA, CORRESPONDE A CONTRATA\u00c7\u00c3O DE COBERTURA DE SEGURO PARA O AUTOM\u00d3VEL ONIX HATCH JOY, PLACA QYF2630, DESTA C\u00c2MARA MUNICIPAL DE VEREADORES DE TAQUARITINGA DO NORTE-PE.","fornecedor":"PORTO SEGURO COMPANHIA DE SEGUROS GERAIS","denom_uni_orc":"CORPO DELIBERATIVO E SECRETARIA","funcao":"Legislativa","sub_funcao":"A\u00e7\u00e3o Legislativa","programa":"A\u00c7\u00c3O LEGISTIVA","acao":"MANUTEN\u00c7\u00c3O DAS ATIVIDADES ADMINISTRATIVAS","ident_acao":"Atividade","cat_econ":"Despesa Corrente","natureza_despesa":"Outras Despesas Correntes","modalidade_despesa":"Aplica\u00e7\u00f5es Diretas","elemento_despesa":"Outros Servi\u00e7os de Terceiros - Pessoa Jur\u00eddica","sub_elem_desp":"SEM SUBELEMENTO","fonte_recurso":"Recursos do Exerc\u00edcio Corrente \/ Recursos n\u00e3o Vinculados de Impostos \/ -"},{"ano_emissao_emp":"2023","n_emp":"0000117","data_emissao":"15\/03\/2023","valor":"7.199,10","tipo_empenho":"Global","hist_emp":"VALOR QUE SE EMPENHA, CORRESPONDE \u00c0 PRESTA\u00c7\u00c3O DE SERVI\u00c7OS DE TELECOMUNICA\u00c7\u00d5ES E INTERNET (TURBO 1GB), PARA ATENDER AS DEMANDAS ADMINISTRATIVAS DESTA C\u00c2MARA MUNICIPAL DE VEREADORES, CONFORME CONTRATO N\u00b0 06\/2023, NOS TERMOS DO ART. 24, II, DA LEI N\u00b0 8.666\/93, PARA O EXERC\u00cdCIO DE 2023.","fornecedor":"JOBSON LUIS MELO DE NEGREIROS LTDA","denom_uni_orc":"CORPO DELIBERATIVO E SECRETARIA","funcao":"Legislativa","sub_funcao":"A\u00e7\u00e3o Legislativa","programa":"A\u00c7\u00c3O LEGISTIVA","acao":"MANUTEN\u00c7\u00c3O DAS ATIVIDADES ADMINISTRATIVAS","ident_acao":"Atividade","cat_econ":"Despesa Corrente","natureza_despesa":"Outras Despesas Correntes","modalidade_despesa":"Aplica\u00e7\u00f5es Diretas","elemento_despesa":"Outros Servi\u00e7os de Terceiros - Pessoa Jur\u00eddica","sub_elem_desp":"SEM SUBELEMENTO","fonte_recurso":"Recursos do Exerc\u00edcio Corrente \/ Recursos n\u00e3o Vinculados de Impostos \/ -"},{"ano_emissao_emp":"2023","n_emp":"0000118","data_emissao":"23\/03\/2023","valor":"3.000,00","tipo_empenho":"Ordin\u00e1rio","hist_emp":"VALOR QUE SE EMPENHA, CORRESPONDE A SOLICITA\u00c7\u00c3O DE DI\u00c1RIA PELO VEREADOR ALEXANDRE BAS\u00cdLIO DE JESUS TIETRE, PARA PARTICIPAR DA XXIV MARCHA A BRAS\u00cdLIA EM DEFESA DOS MUNIC\u00cdPIOS, QUE ACONTECER\u00c1 NOS DIAS 27 A 30 DE MAR\u00c7O DE 2023, NO CENTRO INTERNACIONAL DE CONVEN\u00c7\u00d5ES DO BRASIL (CICB), EM BRAS\u00cdLIA-DF.","fornecedor":"ALEXANDRE BAS\u00cdLIO DE JESUS TIETRE","denom_uni_orc":"CORPO DELIBERATIVO E SECRETARIA","funcao":"Legislativa","sub_funcao":"A\u00e7\u00e3o Legislativa","programa":"A\u00c7\u00c3O LEGISTIVA","acao":"MANUTEN\u00c7\u00c3O DAS ATIVIDADES LEGISLATIVAS","ident_acao":"Atividade","cat_econ":"Despesa Corrente","natureza_despesa":"Outras Despesas Correntes","modalidade_despesa":"Aplica\u00e7\u00f5es Diretas","elemento_despesa":"Di\u00e1rias \u2013 Civil","sub_elem_desp":"SEM SUBELEMENTO","fonte_recurso":"Recursos do Exerc\u00edcio Corrente \/ Recursos n\u00e3o Vinculados de Impostos \/ -"},{"ano_emissao_emp":"2023","n_emp":"0000119","data_emissao":"23\/03\/2023","valor":"3.000,00","tipo_empenho":"Ordin\u00e1rio","hist_emp":"VALOR QUE SE EMPENHA, CORRESPONDE A SOLICITA\u00c7\u00c3O DE DI\u00c1RIA PELO VEREADOR JO\u00c3O EUG\u00caNIO LEANDRO COSTA, PARA PARTICIPAR DA XXIV MARCHA A BRAS\u00cdLIA EM DEFESA DOS MUNIC\u00cdPIOS, QUE ACONTECER\u00c1 NOS DIAS 27 A 30 DE MAR\u00c7O DE 2023, NO CENTRO INTERNACIONAL DE CONVEN\u00c7\u00d5ES DO BRASIL (CICB), EM BRAS\u00cdLIA-DF.","fornecedor":"JO\u00c3O EUG\u00caNIO LEANDRO COSTA","denom_uni_orc":"CORPO DELIBERATIVO E SECRETARIA","funcao":"Legislativa","sub_funcao":"A\u00e7\u00e3o Legislativa","programa":"A\u00c7\u00c3O LEGISTIVA","acao":"MANUTEN\u00c7\u00c3O DAS ATIVIDADES LEGISLATIVAS","ident_acao":"Atividade","cat_econ":"Despesa Corrente","natureza_despesa":"Outras Despesas Correntes","modalidade_despesa":"Aplica\u00e7\u00f5es Diretas","elemento_despesa":"Di\u00e1rias \u2013 Civil","sub_elem_desp":"SEM SUBELEMENTO","fonte_recurso":"Recursos do Exerc\u00edcio Corrente \/ Recursos n\u00e3o Vinculados de Impostos \/ -"},{"ano_emissao_emp":"2023","n_emp":"0000120","data_emissao":"23\/03\/2023","valor":"3.000,00","tipo_empenho":"Ordin\u00e1rio","hist_emp":"VALOR QUE SE EMPENHA, CORRESPONDE A SOLICITA\u00c7\u00c3O DE DI\u00c1RIA PELO VEREADOR JOS\u00c9 ADEMIR MARTINS, PARA PARTICIPAR DA XXIV MARCHA A BRAS\u00cdLIA EM DEFESA DOS MUNIC\u00cdPIOS, QUE ACONTECER\u00c1 NOS DIAS 27 A 30 DE MAR\u00c7O DE 2023, NO CENTRO INTERNACIONAL DE CONVEN\u00c7\u00d5ES DO BRASIL (CICB), EM BRAS\u00cdLIA-DF.","fornecedor":"JOS\u00c9 ADEMIR MARTINS","denom_uni_orc":"CORPO DELIBERATIVO E SECRETARIA","funcao":"Legislativa","sub_funcao":"A\u00e7\u00e3o Legislativa","programa":"A\u00c7\u00c3O LEGISTIVA","acao":"MANUTEN\u00c7\u00c3O DAS ATIVIDADES LEGISLATIVAS","ident_acao":"Atividade","cat_econ":"Despesa Corrente","natureza_despesa":"Outras Despesas Correntes","modalidade_despesa":"Aplica\u00e7\u00f5es Diretas","elemento_despesa":"Di\u00e1rias \u2013 Civil","sub_elem_desp":"SEM SUBELEMENTO","fonte_recurso":"Recursos do Exerc\u00edcio Corrente \/ Recursos n\u00e3o Vinculados de Impostos \/ -"},{"ano_emissao_emp":"2023","n_emp":"0000121","data_emissao":"23\/03\/2023","valor":"3.000,00","tipo_empenho":"Ordin\u00e1rio","hist_emp":"VALOR QUE SE EMPENHA, CORRESPONDE A SOLICITA\u00c7\u00c3O DE DI\u00c1RIA PELO VEREADOR JOS\u00c9 ERALDO PEREIRA DOS SANTOS, PARA PARTICIPAR DA XXIV MARCHA A BRAS\u00cdLIA EM DEFESA DOS MUNIC\u00cdPIOS, QUE ACONTECER\u00c1 NOS DIAS 27 A 30 DE MAR\u00c7O DE 2023, NO CENTRO INTERNACIONAL DE CONVEN\u00c7\u00d5ES DO BRASIL (CICB), EM BRAS\u00cdLIA-DF.","fornecedor":"JOS\u00c9 ERALDO PEREIRA DOS SANTOS","denom_uni_orc":"CORPO DELIBERATIVO E SECRETARIA","funcao":"Legislativa","sub_funcao":"A\u00e7\u00e3o Legislativa","programa":"A\u00c7\u00c3O LEGISTIVA","acao":"MANUTEN\u00c7\u00c3O DAS ATIVIDADES LEGISLATIVAS","ident_acao":"Atividade","cat_econ":"Despesa Corrente","natureza_despesa":"Outras Despesas Correntes","modalidade_despesa":"Aplica\u00e7\u00f5es Diretas","elemento_despesa":"Di\u00e1rias \u2013 Civil","sub_elem_desp":"SEM SUBELEMENTO","fonte_recurso":"Recursos do Exerc\u00edcio Corrente \/ Recursos n\u00e3o Vinculados de Impostos \/ -"},{"ano_emissao_emp":"2023","n_emp":"0000122","data_emissao":"23\/03\/2023","valor":"3.000,00","tipo_empenho":"Ordin\u00e1rio","hist_emp":"VALOR QUE SE EMPENHA, CORRESPONDE A SOLICITA\u00c7\u00c3O DE DI\u00c1RIA PELO VEREADOR GEOVANE PEQUENO C\u00c9ZAR, PARA PARTICIPAR DA XXIV MARCHA A BRAS\u00cdLIA EM DEFESA DOS MUNIC\u00cdPIOS, QUE ACONTECER\u00c1 NOS DIAS 27 A 30 DE MAR\u00c7O DE 2023, NO CENTRO INTERNACIONAL DE CONVEN\u00c7\u00d5ES DO BRASIL (CICB), EM BRAS\u00cdLIA-DF.","fornecedor":"GEOVANE PEQUENO C\u00c9ZAR","denom_uni_orc":"CORPO DELIBERATIVO E SECRETARIA","funcao":"Legislativa","sub_funcao":"A\u00e7\u00e3o Legislativa","programa":"A\u00c7\u00c3O LEGISTIVA","acao":"MANUTEN\u00c7\u00c3O DAS ATIVIDADES LEGISLATIVAS","ident_acao":"Atividade","cat_econ":"Despesa Corrente","natureza_despesa":"Outras Despesas Correntes","modalidade_despesa":"Aplica\u00e7\u00f5es Diretas","elemento_despesa":"Di\u00e1rias \u2013 Civil","sub_elem_desp":"SEM SUBELEMENTO","fonte_recurso":"Recursos do Exerc\u00edcio Corrente \/ Recursos n\u00e3o Vinculados de Impostos \/ -"},{"ano_emissao_emp":"2023","n_emp":"0000123","data_emissao":"23\/03\/2023","valor":"3.000,00","tipo_empenho":"Ordin\u00e1rio","hist_emp":"VALOR QUE SE EMPENHA, CORRESPONDE A SOLICITA\u00c7\u00c3O DE DI\u00c1RIA PELA VEREADORA NAT\u00c1LIA PEREIRA DA SILVA LIMA, PARA PARTICIPAR DA XXIV MARCHA A BRAS\u00cdLIA EM DEFESA DOS MUNIC\u00cdPIOS, QUE ACONTECER\u00c1 NOS DIAS 27 A 30 DE MAR\u00c7O DE 2023, NO CENTRO INTERNACIONAL DE CONVEN\u00c7\u00d5ES DO BRASIL (CICB), EM BRAS\u00cdLIA-DF.","fornecedor":"NAT\u00c1LIA PEREIRA DA SILVA LIMA","denom_uni_orc":"CORPO DELIBERATIVO E SECRETARIA","funcao":"Legislativa","sub_funcao":"A\u00e7\u00e3o Legislativa","programa":"A\u00c7\u00c3O LEGISTIVA","acao":"MANUTEN\u00c7\u00c3O DAS ATIVIDADES LEGISLATIVAS","ident_acao":"Atividade","cat_econ":"Despesa Corrente","natureza_despesa":"Outras Despesas Correntes","modalidade_despesa":"Aplica\u00e7\u00f5es Diretas","elemento_despesa":"Di\u00e1rias \u2013 Civil","sub_elem_desp":"SEM SUBELEMENTO","fonte_recurso":"Recursos do Exerc\u00edcio Corrente \/ Recursos n\u00e3o Vinculados de Impostos \/ -"},{"ano_emissao_emp":"2023","n_emp":"0000124","data_emissao":"24\/03\/2023","valor":"1.500,00","tipo_empenho":"Ordin\u00e1rio","hist_emp":"VALOR QUE SE EMPENHA, CORRESPONDE A SOLICITA\u00c7\u00c3O DE DI\u00c1RIA PELO SERVIDOR ALBERES XAVIER DE ASSUN\u00c7\u00c3O, PARA PARTICIPAR DA XXIV MARCHA A BRAS\u00cdLIA EM DEFESA DOS MUNIC\u00cdPIOS, QUE ACONTECER\u00c1 NOS DIAS 27 A 30 DE MAR\u00c7O DE 2023, NO CENTRO INTERNACIONAL DE CONVEN\u00c7\u00d5ES DO BRASIL (CICB), EM BRAS\u00cdLIA-DF.","fornecedor":"ALBERES XAVIER DE ASSUN\u00c7\u00c3O","denom_uni_orc":"CORPO DELIBERATIVO E SECRETARIA","funcao":"Legislativa","sub_funcao":"A\u00e7\u00e3o Legislativa","programa":"A\u00c7\u00c3O LEGISTIVA","acao":"MANUTEN\u00c7\u00c3O DAS ATIVIDADES ADMINISTRATIVAS","ident_acao":"Atividade","cat_econ":"Despesa Corrente","natureza_despesa":"Outras Despesas Correntes","modalidade_despesa":"Aplica\u00e7\u00f5es Diretas","elemento_despesa":"Di\u00e1rias \u2013 Civil","sub_elem_desp":"SEM SUBELEMENTO","fonte_recurso":"Recursos do Exerc\u00edcio Corrente \/ Recursos n\u00e3o Vinculados de Impostos \/ -"},{"ano_emissao_emp":"2023","n_emp":"0000125","data_emissao":"24\/03\/2023","valor":"1.059,00","tipo_empenho":"Ordin\u00e1rio","hist_emp":"VALOR QUE SE EMPENHA, CORRESPONDE AOS SERVI\u00c7OS DE MANUTEN\u00c7\u00c3O DE COMPUTADORES E IMPRESSORAS, COM PE\u00c7AS INCLUSAS, TAIS COMO: TROCA HD\/SSD COM FORMATA\u00c7\u00c3O, NO INTUITO DE DE ATENDER AS DEMANDAS ADMINISTRATIVAS DESTA C\u00c2MARA MUNICIPAL DE VEREADORES.","fornecedor":"JESSE MARQUES GENUINO 07480244410","denom_uni_orc":"CORPO DELIBERATIVO E SECRETARIA","funcao":"Legislativa","sub_funcao":"A\u00e7\u00e3o Legislativa","programa":"A\u00c7\u00c3O LEGISTIVA","acao":"MANUTEN\u00c7\u00c3O DAS ATIVIDADES ADMINISTRATIVAS","ident_acao":"Atividade","cat_econ":"Despesa Corrente","natureza_despesa":"Outras Despesas Correntes","modalidade_despesa":"Aplica\u00e7\u00f5es Diretas","elemento_despesa":"Outros Servi\u00e7os de Terceiros - Pessoa Jur\u00eddica","sub_elem_desp":"SEM SUBELEMENTO","fonte_recurso":"Recursos do Exerc\u00edcio Corrente \/ Recursos n\u00e3o Vinculados de Impostos \/ -"},{"ano_emissao_emp":"2023","n_emp":"0000126","data_emissao":"28\/03\/2023","valor":"1.000,00","tipo_empenho":"Ordin\u00e1rio","hist_emp":"VALOR QUE SE EMPENHA, CORRESPONDE A SOLICITA\u00c7\u00c3O DE DI\u00c1RIA PELO VEREADOR\/ PRESIDENTE AMILTON C\u00cdCERO DA SILVA, COM A FINALIDADE DE IR \u00c0 ASSEMBL\u00c9IA LEGISLATIVA DO ESTADO DE PERNAMBUCO, SITUADA NA CIDADE DO RECIFE-PE, EM VISITA AO GABINETE DO DEPUTADO ESTADUAL CL\u00c9BER CHAPARRAL, SOLICITAR AQUISI\u00c7\u00c3O DE CASTRAM\u00d3VEL PARA ATENDER AS DEMANDAS DE ANIMAIS SOLTOS E OS QUE EST\u00c3O AOS CUIDADOS DA ONG AMIGOS DOS ANIMAIS NO MUNIC\u00cdPIO DE TAQUARITINGA DO NORTE-PE.","fornecedor":"Amilton C\u00edcero da Silva","denom_uni_orc":"CORPO DELIBERATIVO E SECRETARIA","funcao":"Legislativa","sub_funcao":"A\u00e7\u00e3o Legislativa","programa":"A\u00c7\u00c3O LEGISTIVA","acao":"MANUTEN\u00c7\u00c3O DAS ATIVIDADES LEGISLATIVAS","ident_acao":"Atividade","cat_econ":"Despesa Corrente","natureza_despesa":"Outras Despesas Correntes","modalidade_despesa":"Aplica\u00e7\u00f5es Diretas","elemento_despesa":"Di\u00e1rias \u2013 Civil","sub_elem_desp":"SEM SUBELEMENTO","fonte_recurso":"Recursos do Exerc\u00edcio Corrente \/ Recursos n\u00e3o Vinculados de Impostos \/ -"},{"ano_emissao_emp":"2023","n_emp":"0000127","data_emissao":"28\/03\/2023","valor":"1.000,00","tipo_empenho":"Ordin\u00e1rio","hist_emp":"VALOR QUE SE EMPENHA, CORRESPONDE A SOLICITA\u00c7\u00c3O DE DI\u00c1RIA PELO VEREADOR JOS\u00c9 AMAURI MINERVA FERREIRA, COM A FINALIDADE DE IR \u00c0 ASSEMBL\u00c9IA LEGISLATIVA DO ESTADO DE PERNAMBUCO, SITUADA NA CIDADE DO RECIFE-PE, EM VISITA AO GABINETE DO DEPUTADO ESTADUAL CL\u00c9BER CHAPARRAL, SOLICITAR AQUISI\u00c7\u00c3O DE CASTRAM\u00d3VEL PARA ATENDER AS DEMANDAS DE ANIMAIS SOLTOS E OS QUE EST\u00c3O AOS CUIDADOS DA ONG AMIGOS DOS ANIMAIS NO MUNIC\u00cdPIO DE TAQUARITINGA DO NORTE-PE.","fornecedor":"JOS\u00c9 AMAURI MINERVA FERREIRA","denom_uni_orc":"CORPO DELIBERATIVO E SECRETARIA","funcao":"Legislativa","sub_funcao":"A\u00e7\u00e3o Legislativa","programa":"A\u00c7\u00c3O LEGISTIVA","acao":"MANUTEN\u00c7\u00c3O DAS ATIVIDADES LEGISLATIVAS","ident_acao":"Atividade","cat_econ":"Despesa Corrente","natureza_despesa":"Outras Despesas Correntes","modalidade_despesa":"Aplica\u00e7\u00f5es Diretas","elemento_despesa":"Di\u00e1rias \u2013 Civil","sub_elem_desp":"SEM SUBELEMENTO","fonte_recurso":"Recursos do Exerc\u00edcio Corrente \/ Recursos n\u00e3o Vinculados de Impostos \/ -"},{"ano_emissao_emp":"2023","n_emp":"0000128","data_emissao":"28\/03\/2023","valor":"13.500,00","tipo_empenho":"Estimativo","hist_emp":"VALOR QUE SE EMPENHA, CORRESPONDE AOS SERVI\u00c7OS DE FORNECIMENTO DE G\u00caNEROS ALIMENT\u00cdCIOS E PRODUTOS DE MANUTEN\u00c7\u00c3O DE AMBIENTE, COM A FINALIDADE DE ATENDER AS NECESSIDADES DA C\u00c2MARA MUNICIPAL DE VEREADORES DE TAQUARITINGA DO NORTE-PE, CONFORME CONTRATO N\u00b0 07\/2023, NOS TERMOS DO ART. 24, II, DA LEI N\u00b0 8.666\/93, PARA O EXERC\u00cdCIO DE 2023.","fornecedor":"M L LOPES REIS DE LIMA E CIA LTDA","denom_uni_orc":"CORPO DELIBERATIVO E SECRETARIA","funcao":"Legislativa","sub_funcao":"A\u00e7\u00e3o Legislativa","programa":"A\u00c7\u00c3O LEGISTIVA","acao":"MANUTEN\u00c7\u00c3O DAS ATIVIDADES ADMINISTRATIVAS","ident_acao":"Atividade","cat_econ":"Despesa Corrente","natureza_despesa":"Outras Despesas Correntes","modalidade_despesa":"Aplica\u00e7\u00f5es Diretas","elemento_despesa":"Material de Consumo","sub_elem_desp":"SEM SUBELEMENTO","fonte_recurso":"Recursos do Exerc\u00edcio Corrente \/ Recursos n\u00e3o Vinculados de Impostos \/ -"},{"ano_emissao_emp":"2023","n_emp":"0000129","data_emissao":"28\/03\/2023","valor":"13.500,00","tipo_empenho":"Estimativo","hist_emp":"VALOR QUE SE EMPENHA, CORRESPONDE AOS SERVI\u00c7OS DE FORNECIMENTO DE COMBUST\u00cdVEIS (TIPO GASOLINA COMUM E ETANOL), DO VE\u00cdCULO OFICIAL PLACA QYF- 2630, PARA ATENDER AS NECESSIDADES DA C\u00c2MARA MUNICIPAL DE VEREADORES DE TAQUARITINGA DO NORTE-PE, CONFORME CONTRATO N\u00b0 08\/2023, NOS TERMOS DO ART. 24, II, DA LEI N\u00b0 8.666\/93, PARA O EXERC\u00cdCIO DE 2023.","fornecedor":"AUTO POSTO DA SERRA LTDA","denom_uni_orc":"CORPO DELIBERATIVO E SECRETARIA","funcao":"Legislativa","sub_funcao":"A\u00e7\u00e3o Legislativa","programa":"A\u00c7\u00c3O LEGISTIVA","acao":"MANUTEN\u00c7\u00c3O DAS ATIVIDADES ADMINISTRATIVAS","ident_acao":"Atividade","cat_econ":"Despesa Corrente","natureza_despesa":"Outras Despesas Correntes","modalidade_despesa":"Aplica\u00e7\u00f5es Diretas","elemento_despesa":"Material de Consumo","sub_elem_desp":"SEM SUBELEMENTO","fonte_recurso":"Recursos do Exerc\u00edcio Corrente \/ Recursos n\u00e3o Vinculados de Impostos \/ -"},{"ano_emissao_emp":"2023","n_emp":"0000130","data_emissao":"28\/03\/2023","valor":"5.400,00","tipo_empenho":"Estimativo","hist_emp":"VALOR QUE SE EMPENHA, CORRESPONDE AOS SERVI\u00c7OS DE FORNECIMENTO DE MATERIAL DE EXPEDIENTE E ESCRIT\u00d3RIO, BEM COMO, ARTIGOS DE PAPELARIA, PARA ATENDER AS NECESSIDADES ADMINISTRATIVAS DA C\u00c2MARA MUNICIPAL DE VEREADORES DE TAQUARITINGA DO NORTE-PE, CONFORME CONTRATO N\u00b0 09\/2023, NOS TERMOS DO ART. 24, II, DA LEI N\u00b0 8.666\/93, PARA O EXERC\u00cdCIO DE 2023.","fornecedor":"A J DE MENEZES ARMARINHOS","denom_uni_orc":"CORPO DELIBERATIVO E SECRETARIA","funcao":"Legislativa","sub_funcao":"A\u00e7\u00e3o Legislativa","programa":"A\u00c7\u00c3O LEGISTIVA","acao":"MANUTEN\u00c7\u00c3O DAS ATIVIDADES ADMINISTRATIVAS","ident_acao":"Atividade","cat_econ":"Despesa Corrente","natureza_despesa":"Outras Despesas Correntes","modalidade_despesa":"Aplica\u00e7\u00f5es Diretas","elemento_despesa":"Material de Consumo","sub_elem_desp":"SEM SUBELEMENTO","fonte_recurso":"Recursos do Exerc\u00edcio Corrente \/ Recursos n\u00e3o Vinculados de Impostos \/ -"},{"ano_emissao_emp":"2023","n_emp":"0000131","data_emissao":"28\/03\/2023","valor":"12.000,00","tipo_empenho":"Ordin\u00e1rio","hist_emp":"VALOR QUE SE EMPENHA, CORRESPONDE \u00c0 PRESTA\u00c7\u00c3O DE SERVI\u00c7OS T\u00c9CNICOS DE ELABORA\u00c7\u00c3O DE PROJETOS DE ARQUITETURA E ENGENHARIA, BEM COMO, PROJETOS COMPLEMENTARES, NECESS\u00c1RIOS \u00c0 EXECU\u00c7\u00c3O DA OBRA DE REFORMA DO PR\u00c9DIO SEDE DA C\u00c2MARA MUNICIPAL DE TAQUARITINGA DO NORTE-PE, CONFORME CONTRATO N\u00b0 10\/2023, NOS TERMOS DA LEI 8.666\/93.","fornecedor":"MULTIPLOS SERVICOS LTDA","denom_uni_orc":"CORPO DELIBERATIVO E SECRETARIA","funcao":"Legislativa","sub_funcao":"A\u00e7\u00e3o Legislativa","programa":"A\u00c7\u00c3O LEGISTIVA","acao":"MANUTEN\u00c7\u00c3O DAS ATIVIDADES ADMINISTRATIVAS","ident_acao":"Atividade","cat_econ":"Despesa Corrente","natureza_despesa":"Outras Despesas Correntes","modalidade_despesa":"Aplica\u00e7\u00f5es Diretas","elemento_despesa":"Outros Servi\u00e7os de Terceiros - Pessoa Jur\u00eddica","sub_elem_desp":"SEM SUBELEMENTO","fonte_recurso":"Recursos do Exerc\u00edcio Corrente \/ Recursos n\u00e3o Vinculados de Impostos \/ -"},{"ano_emissao_emp":"2023","n_emp":"0000132","data_emissao":"03\/04\/2023","valor":"18.500,00","tipo_empenho":"Estimativo","hist_emp":"VALOR QUE SE EMPENHA, CORRESPONDE AO PAGAMENTO DE AUX\u00cdLIO ALIMENTA\u00c7\u00c3O, CONFORME DISP\u00d5E A LEI N\u00b0 2110\/2022 PARA OS VEREADORES E SERVIDORES DA C\u00c2MARA MUNICIPAL DE VEREADORES DE TAQUARITINGA DO NORTE-PE, EM ABRIL DE 2023.","fornecedor":"C\u00c2MARA MUNICIPAL DE VEREADORES","denom_uni_orc":"CORPO DELIBERATIVO E SECRETARIA","funcao":"Legislativa","sub_funcao":"A\u00e7\u00e3o Legislativa","programa":"A\u00c7\u00c3O LEGISTIVA","acao":"AUX\u00cdLIO ALIMENTA\u00c7\u00c3O","ident_acao":"Atividade","cat_econ":"Despesa Corrente","natureza_despesa":"Outras Despesas Correntes","modalidade_despesa":"Aplica\u00e7\u00f5es Diretas","elemento_despesa":"Outros Servi\u00e7os de Terceiros - Pessoa Jur\u00eddica","sub_elem_desp":"SEM SUBELEMENTO","fonte_recurso":"Recursos do Exerc\u00edcio Corrente \/ Recursos n\u00e3o Vinculados de Impostos \/ -"},{"ano_emissao_emp":"2023","n_emp":"0000133","data_emissao":"04\/04\/2023","valor":"1.000,00","tipo_empenho":"Ordin\u00e1rio","hist_emp":"VALOR QUE SE EMPENHA, CORRESPONDE A SOLICITA\u00c7\u00c3O DE DI\u00c1RIA PELO VEREADOR JOS\u00c9 ERALDO PEREIRA DOS SANTOS, PARA IR \u00c0 UNI\u00c3O DOS VEREADORES DE PERNAMBUCO \u2013 UVP, SITUADO NA CIDADE DO RECIFE-PE, COM A FINALIDADE DE CUMPRIR AGENDA AO PARTICIPAR DE REUNI\u00c3O COM O PRESIDENTE DA ENTIDADE, LEONARDO JOS\u00c9 DA SILVA (L\u00c9O DO AR).","fornecedor":"JOS\u00c9 ERALDO PEREIRA DOS SANTOS","denom_uni_orc":"CORPO DELIBERATIVO E SECRETARIA","funcao":"Legislativa","sub_funcao":"A\u00e7\u00e3o Legislativa","programa":"A\u00c7\u00c3O LEGISTIVA","acao":"MANUTEN\u00c7\u00c3O DAS ATIVIDADES LEGISLATIVAS","ident_acao":"Atividade","cat_econ":"Despesa Corrente","natureza_despesa":"Outras Despesas Correntes","modalidade_despesa":"Aplica\u00e7\u00f5es Diretas","elemento_despesa":"Di\u00e1rias \u2013 Civil","sub_elem_desp":"SEM SUBELEMENTO","fonte_recurso":"Recursos do Exerc\u00edcio Corrente \/ Recursos n\u00e3o Vinculados de Impostos \/ -"},{"ano_emissao_emp":"2023","n_emp":"0000134","data_emissao":"04\/04\/2023","valor":"1.000,00","tipo_empenho":"Ordin\u00e1rio","hist_emp":"VALOR QUE SE EMPENHA, CORRESPONDE A SOLICITA\u00c7\u00c3O DE DI\u00c1RIA PELO VEREADOR GEOVANE PEQUENO C\u00c9ZAR, PARA IR \u00c0 UNI\u00c3O DOS VEREADORES DE PERNAMBUCO \u2013 UVP, SITUADO NA CIDADE DO RECIFE-PE, COM A FINALIDADE DE CUMPRIR AGENDA AO PARTICIPAR DE REUNI\u00c3O COM O PRESIDENTE DA ENTIDADE, LEONARDO JOS\u00c9 DA SILVA (L\u00c9O DO AR).","fornecedor":"GEOVANE PEQUENO C\u00c9ZAR","denom_uni_orc":"CORPO DELIBERATIVO E SECRETARIA","funcao":"Legislativa","sub_funcao":"A\u00e7\u00e3o Legislativa","programa":"A\u00c7\u00c3O LEGISTIVA","acao":"MANUTEN\u00c7\u00c3O DAS ATIVIDADES LEGISLATIVAS","ident_acao":"Atividade","cat_econ":"Despesa Corrente","natureza_despesa":"Outras Despesas Correntes","modalidade_despesa":"Aplica\u00e7\u00f5es Diretas","elemento_despesa":"Di\u00e1rias \u2013 Civil","sub_elem_desp":"SEM SUBELEMENTO","fonte_recurso":"Recursos do Exerc\u00edcio Corrente \/ Recursos n\u00e3o Vinculados de Impostos \/ -"},{"ano_emissao_emp":"2023","n_emp":"0000135","data_emissao":"04\/04\/2023","valor":"1.000,00","tipo_empenho":"Ordin\u00e1rio","hist_emp":"VALOR QUE SE EMPENHA, CORRESPONDE A SOLICITA\u00c7\u00c3O DE DI\u00c1RIA PELA VEREADORA NAT\u00c1LIA PEREIRA DA SILVA LIMA, PARA IR \u00c0 UNI\u00c3O DOS VEREADORES DE PERNAMBUCO \u2013 UVP, SITUADO NA CIDADE DO RECIFE-PE, COM A FINALIDADE DE CUMPRIR AGENDA AO PARTICIPAR DE REUNI\u00c3O COM O PRESIDENTE DA ENTIDADE, LEONARDO JOS\u00c9 DA SILVA (L\u00c9O DO AR).","fornecedor":"NAT\u00c1LIA PEREIRA DA SILVA LIMA","denom_uni_orc":"CORPO DELIBERATIVO E SECRETARIA","funcao":"Legislativa","sub_funcao":"A\u00e7\u00e3o Legislativa","programa":"A\u00c7\u00c3O LEGISTIVA","acao":"MANUTEN\u00c7\u00c3O DAS ATIVIDADES LEGISLATIVAS","ident_acao":"Atividade","cat_econ":"Despesa Corrente","natureza_despesa":"Outras Despesas Correntes","modalidade_despesa":"Aplica\u00e7\u00f5es Diretas","elemento_despesa":"Di\u00e1rias \u2013 Civil","sub_elem_desp":"SEM SUBELEMENTO","fonte_recurso":"Recursos do Exerc\u00edcio Corrente \/ Recursos n\u00e3o Vinculados de Impostos \/ -"},{"ano_emissao_emp":"2023","n_emp":"0000136","data_emissao":"04\/04\/2023","valor":"1.000,00","tipo_empenho":"Ordin\u00e1rio","hist_emp":"VALOR QUE SE EMPENHA, CORRESPONDE A SOLICITA\u00c7\u00c3O DE DI\u00c1RIA PELO VEREADOR ALEXANDRE BAS\u00cdLIO DE JESUS TIETRE, PARA IR \u00c0 UNI\u00c3O DOS VEREADORES DE PERNAMBUCO \u2013 UVP, SITUADO NA CIDADE DO RECIFE-PE, COM A FINALIDADE DE CUMPRIR AGENDA AO PARTICIPAR DE REUNI\u00c3O COM O PRESIDENTE DA ENTIDADE, LEONARDO JOS\u00c9 DA SILVA (L\u00c9O DO AR).","fornecedor":"ALEXANDRE BAS\u00cdLIO DE JESUS TIETRE","denom_uni_orc":"CORPO DELIBERATIVO E SECRETARIA","funcao":"Legislativa","sub_funcao":"A\u00e7\u00e3o Legislativa","programa":"A\u00c7\u00c3O LEGISTIVA","acao":"MANUTEN\u00c7\u00c3O DAS ATIVIDADES LEGISLATIVAS","ident_acao":"Atividade","cat_econ":"Despesa Corrente","natureza_despesa":"Outras Despesas Correntes","modalidade_despesa":"Aplica\u00e7\u00f5es Diretas","elemento_despesa":"Di\u00e1rias \u2013 Civil","sub_elem_desp":"SEM SUBELEMENTO","fonte_recurso":"Recursos do Exerc\u00edcio Corrente \/ Recursos n\u00e3o Vinculados de Impostos \/ -"},{"ano_emissao_emp":"2023","n_emp":"0000137","data_emissao":"04\/04\/2023","valor":"1.000,00","tipo_empenho":"Ordin\u00e1rio","hist_emp":"VALOR QUE SE EMPENHA, CORRESPONDE A SOLICITA\u00c7\u00c3O DE DI\u00c1RIA PELO VEREADOR JOS\u00c9 ADEMIR MARTINS, PARA IR \u00c0 UNI\u00c3O DOS VEREADORES DE PERNAMBUCO \u2013 UVP, SITUADO NA CIDADE DO RECIFE-PE, COM A FINALIDADE DE CUMPRIR AGENDA AO PARTICIPAR DE REUNI\u00c3O COM O PRESIDENTE DA ENTIDADE, LEONARDO JOS\u00c9 DA SILVA (L\u00c9O DO AR).","fornecedor":"JOS\u00c9 ADEMIR MARTINS","denom_uni_orc":"CORPO DELIBERATIVO E SECRETARIA","funcao":"Legislativa","sub_funcao":"A\u00e7\u00e3o Legislativa","programa":"A\u00c7\u00c3O LEGISTIVA","acao":"MANUTEN\u00c7\u00c3O DAS ATIVIDADES LEGISLATIVAS","ident_acao":"Atividade","cat_econ":"Despesa Corrente","natureza_despesa":"Outras Despesas Correntes","modalidade_despesa":"Aplica\u00e7\u00f5es Diretas","elemento_despesa":"Di\u00e1rias \u2013 Civil","sub_elem_desp":"SEM SUBELEMENTO","fonte_recurso":"Recursos do Exerc\u00edcio Corrente \/ Recursos n\u00e3o Vinculados de Impostos \/ -"},{"ano_emissao_emp":"2023","n_emp":"0000138","data_emissao":"04\/04\/2023","valor":"1.000,00","tipo_empenho":"Ordin\u00e1rio","hist_emp":"VALOR QUE SE EMPENHA, CORRESPONDE A SOLICITA\u00c7\u00c3O DE DI\u00c1RIA PELO VEREADOR JO\u00c3O EUG\u00caNIO LEANDRO COSTA, PARA IR \u00c0 ASSEMBL\u00c9IA LEGISLATIVA DO ESTADO DE PERNAMBUCO \u2013 ALEPE, SITUADA NA CIDADE DO RECIFE-PE, COM A FINALIDADE DE CUMPRIR AGENDA AO TRATAR DE ASSUNTOS RELATIVOS LEGISLATIVO MUNICIPAL.","fornecedor":"JO\u00c3O EUG\u00caNIO LEANDRO COSTA","denom_uni_orc":"CORPO DELIBERATIVO E SECRETARIA","funcao":"Legislativa","sub_funcao":"A\u00e7\u00e3o Legislativa","programa":"A\u00c7\u00c3O LEGISTIVA","acao":"MANUTEN\u00c7\u00c3O DAS ATIVIDADES LEGISLATIVAS","ident_acao":"Atividade","cat_econ":"Despesa Corrente","natureza_despesa":"Outras Despesas Correntes","modalidade_despesa":"Aplica\u00e7\u00f5es Diretas","elemento_despesa":"Di\u00e1rias \u2013 Civil","sub_elem_desp":"SEM SUBELEMENTO","fonte_recurso":"Recursos do Exerc\u00edcio Corrente \/ Recursos n\u00e3o Vinculados de Impostos \/ -"},{"ano_emissao_emp":"2023","n_emp":"0000139","data_emissao":"04\/04\/2023","valor":"158,00","tipo_empenho":"Ordin\u00e1rio","hist_emp":"VALOR QUE SE EMPENHA, CORRESPONDE AO ABASTECIMENTO DE \u00c1GUA POR CARRO PIPA NO PR\u00c9DIO DA C\u00c2MARA MUNICIPAL DE VEREADORES DE TAQUARITINGA DO NORTE-PE, EM ABRIL DE 2023.","fornecedor":"M\u00c1RCIO ANDR\u00c9 MANOEL DA SILVA","denom_uni_orc":"CORPO DELIBERATIVO E SECRETARIA","funcao":"Legislativa","sub_funcao":"A\u00e7\u00e3o Legislativa","programa":"A\u00c7\u00c3O LEGISTIVA","acao":"MANUTEN\u00c7\u00c3O DAS ATIVIDADES ADMINISTRATIVAS","ident_acao":"Atividade","cat_econ":"Despesa Corrente","natureza_despesa":"Outras Despesas Correntes","modalidade_despesa":"Aplica\u00e7\u00f5es Diretas","elemento_despesa":"Outros Servi\u00e7os de Terceiros - Pessoa F\u00edsica","sub_elem_desp":"SEM SUBELEMENTO","fonte_recurso":"Recursos do Exerc\u00edcio Corrente \/ Recursos n\u00e3o Vinculados de Impostos \/ -"},{"ano_emissao_emp":"2023","n_emp":"0000140","data_emissao":"05\/04\/2023","valor":"1.000,00","tipo_empenho":"Ordin\u00e1rio","hist_emp":"VALOR QUE SE EMPENHA, CORRESPONDE A SOLICITA\u00c7\u00c3O DE DI\u00c1RIA PELO VEREADOR JOS\u00c9 AMAURI MINERVA FERREIRA, PARA IR AO INSTITUTO AGRON\u00d4MICO DE PERNAMBUCO \u2013 IPA, SITUADO NA CIDADE DO RECIFE-PE, SOLICITAR ENTREGA DE ALEVINOS DE PEIXES \u00c0 CIDADE DE TAQUARITINGA DO NORTE-PE, PARA QUE SEJA FEITA A DISTRIBUI\u00c7\u00c3O NOS LOCAIS APROPRIADOS, VISANDO TRAZER MELHORIAS AOS PRODUTORES E POPULA\u00c7\u00c3O EM GERAL.","fornecedor":"JOS\u00c9 AMAURI MINERVA FERREIRA","denom_uni_orc":"CORPO DELIBERATIVO E SECRETARIA","funcao":"Legislativa","sub_funcao":"A\u00e7\u00e3o Legislativa","programa":"A\u00c7\u00c3O LEGISTIVA","acao":"MANUTEN\u00c7\u00c3O DAS ATIVIDADES LEGISLATIVAS","ident_acao":"Atividade","cat_econ":"Despesa Corrente","natureza_despesa":"Outras Despesas Correntes","modalidade_despesa":"Aplica\u00e7\u00f5es Diretas","elemento_despesa":"Di\u00e1rias \u2013 Civil","sub_elem_desp":"SEM SUBELEMENTO","fonte_recurso":"Recursos do Exerc\u00edcio Corrente \/ Recursos n\u00e3o Vinculados de Impostos \/ -"},{"ano_emissao_emp":"2023","n_emp":"0000141","data_emissao":"05\/04\/2023","valor":"19.800,00","tipo_empenho":"Global","hist_emp":"VALOR QUE SE EMPENHA, CORRESPONDE AOS SERVI\u00c7OS DE GRAVA\u00c7\u00c3O, TRANSMISS\u00c3O AO VIVO, VIA INTERNET DAS SESS\u00d5ES E GERENCIAMENTO DAS REDES SOCIAIS, CRIA\u00c7\u00c3O DE TEXTOS E ARTES PARA A C\u00c2MARA MUNICIPAL DE VEREADORES DE TAQUARITINGA DO NORTE-PE, CONFORME CONTRATO N\u00b0 11\/2023, NOS TERMOS DO ARTIGO 24, II, DA LEI N\u00b0 8.666\/93, PARA O EXERC\u00cdCIO DE 2023.","fornecedor":"PAULO OTAVIO PEREIRA DE MOURA","denom_uni_orc":"CORPO DELIBERATIVO E SECRETARIA","funcao":"Legislativa","sub_funcao":"A\u00e7\u00e3o Legislativa","programa":"A\u00c7\u00c3O LEGISTIVA","acao":"MANUTEN\u00c7\u00c3O DAS ATIVIDADES ADMINISTRATIVAS","ident_acao":"Atividade","cat_econ":"Despesa Corrente","natureza_despesa":"Outras Despesas Correntes","modalidade_despesa":"Aplica\u00e7\u00f5es Diretas","elemento_despesa":"Outros Servi\u00e7os de Terceiros - Pessoa Jur\u00eddica","sub_elem_desp":"SEM SUBELEMENTO","fonte_recurso":"Recursos do Exerc\u00edcio Corrente \/ Recursos n\u00e3o Vinculados de Impostos \/ -"},{"ano_emissao_emp":"2023","n_emp":"0000142","data_emissao":"12\/04\/2023","valor":"1.950,00","tipo_empenho":"Ordin\u00e1rio","hist_emp":"VALOR QUE SE EMPENHA, CORRESPONDE \u00c0 TR\u00caS INSCRI\u00c7\u00d5ES DESTINADAS AOS VEREADORES GUILHERME HENRIQUE M. DE FARIAS, RONALDO C\u00c9SAR DOS S. SILVA E JOS\u00c9 AMAURI M. FERREIRA, PARA PARTICIPAREM DA XXII MARCHA DOS LEGISLATIVOS MUNICIPAIS, PROMOVIDO PELA UNI\u00c3O DOS VEREADORES DO BRASIL \u2013 UVB, QUE ACONTECER\u00c1 NOS DIAS 25 A 28 DE ABRIL DE 2023, EM BRAS\u00cdLIA-DF.","fornecedor":"UNIAO DOS VEREADORES DO BRASIL","denom_uni_orc":"CORPO DELIBERATIVO E SECRETARIA","funcao":"Legislativa","sub_funcao":"A\u00e7\u00e3o Legislativa","programa":"A\u00c7\u00c3O LEGISTIVA","acao":"MANUTEN\u00c7\u00c3O DAS ATIVIDADES ADMINISTRATIVAS","ident_acao":"Atividade","cat_econ":"Despesa Corrente","natureza_despesa":"Outras Despesas Correntes","modalidade_despesa":"Aplica\u00e7\u00f5es Diretas","elemento_despesa":"Outros Servi\u00e7os de Terceiros - Pessoa Jur\u00eddica","sub_elem_desp":"SEM SUBELEMENTO","fonte_recurso":"Recursos do Exerc\u00edcio Corrente \/ Recursos n\u00e3o Vinculados de Impostos \/ -"},{"ano_emissao_emp":"2023","n_emp":"0000143","data_emissao":"17\/04\/2023","valor":"1.000,00","tipo_empenho":"Ordin\u00e1rio","hist_emp":"VALOR QUE SE EMPENHA, CORRESPONDE A SOLICITA\u00c7\u00c3O DE DI\u00c1RIA PELO VEREADOR JOS\u00c9 ERALDO PEREIRA DOS SANTOS, PARA DESEMPENHAR ATIVIDADES LEGISLATIVAS NA CIDADE DO RECIFE-PE, JUNTO AO GABINETE DO DEPUTADO FEDERAL S\u00cdLVIO COSTA FILHO.","fornecedor":"JOS\u00c9 ERALDO PEREIRA DOS SANTOS","denom_uni_orc":"CORPO DELIBERATIVO E SECRETARIA","funcao":"Legislativa","sub_funcao":"A\u00e7\u00e3o Legislativa","programa":"A\u00c7\u00c3O LEGISTIVA","acao":"MANUTEN\u00c7\u00c3O DAS ATIVIDADES LEGISLATIVAS","ident_acao":"Atividade","cat_econ":"Despesa Corrente","natureza_despesa":"Outras Despesas Correntes","modalidade_despesa":"Aplica\u00e7\u00f5es Diretas","elemento_despesa":"Di\u00e1rias \u2013 Civil","sub_elem_desp":"SEM SUBELEMENTO","fonte_recurso":"Recursos do Exerc\u00edcio Corrente \/ Recursos n\u00e3o Vinculados de Impostos \/ -"},{"ano_emissao_emp":"2023","n_emp":"0000144","data_emissao":"17\/04\/2023","valor":"1.000,00","tipo_empenho":"Ordin\u00e1rio","hist_emp":"VALOR QUE SE EMPENHA, CORRESPONDE A SOLICITA\u00c7\u00c3O DE DI\u00c1RIA PELO VEREADOR JOS\u00c9 ADEMIR MARTINS, PARA IR \u00c0 CIDADE DO RECIFE-PE, EM VISITA \u00c0 ASSEMBL\u00c9IA LEGISLATIVA DO ESTADO DE PERNAMBUCO - ALEPE, JUNTO AO GABINETE DO DEPUTADO ESTADUAL KAIO MANI\u00c7OBA, NO INTUITO DE TRATAR DE ASSUNTOS RELATIVOS AO MUNIC\u00cdPIO DE TAQUARITINGA DO NORTE-PE.","fornecedor":"JOS\u00c9 ADEMIR MARTINS","denom_uni_orc":"CORPO DELIBERATIVO E SECRETARIA","funcao":"Legislativa","sub_funcao":"A\u00e7\u00e3o Legislativa","programa":"A\u00c7\u00c3O LEGISTIVA","acao":"MANUTEN\u00c7\u00c3O DAS ATIVIDADES LEGISLATIVAS","ident_acao":"Atividade","cat_econ":"Despesa Corrente","natureza_despesa":"Outras Despesas Correntes","modalidade_despesa":"Aplica\u00e7\u00f5es Diretas","elemento_despesa":"Di\u00e1rias \u2013 Civil","sub_elem_desp":"SEM SUBELEMENTO","fonte_recurso":"Recursos do Exerc\u00edcio Corrente \/ Recursos n\u00e3o Vinculados de Impostos \/ -"},{"ano_emissao_emp":"2023","n_emp":"0000145","data_emissao":"17\/04\/2023","valor":"500,00","tipo_empenho":"Ordin\u00e1rio","hist_emp":"VALOR QUE SE EMPENHA, CORRESPONDE A SOLICITA\u00c7\u00c3O DE DI\u00c1RIA PELA SERVIDORA GIRLAINE COELHO DE CASTRO LEONEL, PARA IR \u00c0 CIDADE DO RECIFE-PE, ACOMPANHANDO O VEREADOR JOS\u00c9 ADEMIR MARTINS, EM VISITA \u00c0 ASSEMBL\u00c9IA LEGISLATIVA DO ESTADO DE PERNAMBUCO - ALEPE, JUNTO AO GABINETE DO DEPUTADO ESTADUAL KAIO MANI\u00c7OBA, NO INTUITO DE TRATAR DE ASSUNTOS RELATIVOS AO MUNIC\u00cdPIO DE TAQUARITINGA DO NORTE-PE.","fornecedor":"GIRLAINE COELHO DE CASTRO LEONEL","denom_uni_orc":"CORPO DELIBERATIVO E SECRETARIA","funcao":"Legislativa","sub_funcao":"A\u00e7\u00e3o Legislativa","programa":"A\u00c7\u00c3O LEGISTIVA","acao":"MANUTEN\u00c7\u00c3O DAS ATIVIDADES ADMINISTRATIVAS","ident_acao":"Atividade","cat_econ":"Despesa Corrente","natureza_despesa":"Outras Despesas Correntes","modalidade_despesa":"Aplica\u00e7\u00f5es Diretas","elemento_despesa":"Di\u00e1rias \u2013 Civil","sub_elem_desp":"SEM SUBELEMENTO","fonte_recurso":"Recursos do Exerc\u00edcio Corrente \/ Recursos n\u00e3o Vinculados de Impostos \/ -"},{"ano_emissao_emp":"2023","n_emp":"0000146","data_emissao":"17\/04\/2023","valor":"773,60","tipo_empenho":"Ordin\u00e1rio","hist_emp":"VALOR QUE SE EMPENHA, CORRESPONDE \u00c0 AQUISI\u00c7\u00c3O DE ALGUNS UTENS\u00cdLIOS, TAIS COMO: DISPENSER PARA COPOS, GARRAFAS T\u00c9RMICAS, COPOS PARA \u00c1GUA, REL\u00d3GIOS DE PAREDE, ENTRE OUTROS ITENS, COM A FINALIDADE DE ATENDER AS NECESSIDADES DE USO NA C\u00c2MARA MUNICIPAL DE VEREADORES DE TAQUARITINGA DO NORTE-PE.","fornecedor":"CLAUDIO L PAIVA ARMARINHO","denom_uni_orc":"CORPO DELIBERATIVO E SECRETARIA","funcao":"Legislativa","sub_funcao":"A\u00e7\u00e3o Legislativa","programa":"A\u00c7\u00c3O LEGISTIVA","acao":"MANUTEN\u00c7\u00c3O DAS ATIVIDADES ADMINISTRATIVAS","ident_acao":"Atividade","cat_econ":"Despesa Corrente","natureza_despesa":"Outras Despesas Correntes","modalidade_despesa":"Aplica\u00e7\u00f5es Diretas","elemento_despesa":"Material de Consumo","sub_elem_desp":"SEM SUBELEMENTO","fonte_recurso":"Recursos do Exerc\u00edcio Corrente \/ Recursos n\u00e3o Vinculados de Impostos \/ -"},{"ano_emissao_emp":"2023","n_emp":"0000147","data_emissao":"17\/04\/2023","valor":"4.000,00","tipo_empenho":"Ordin\u00e1rio","hist_emp":"VALOR QUE SE EMPENHA, CORRESPONDE A SOLICITA\u00c7\u00c3O DE DI\u00c1RIAS PELO VEREADOR JOS\u00c9 AMAURI MINERVA FERREIRA, PARA PARTICIPAR DA XXII MARCHA DOS LEGISLATIVOS MUNICIPAIS, PROMOVIDO PELA UNI\u00c3O DOS VEREADORES DO BRASIL \u2013 UVB, QUE ACONTECER\u00c1 NOS DIAS 25 A 28 DE ABRIL DE 2023, EM BRAS\u00cdLIA-DF.","fornecedor":"JOS\u00c9 AMAURI MINERVA FERREIRA","denom_uni_orc":"CORPO DELIBERATIVO E SECRETARIA","funcao":"Legislativa","sub_funcao":"A\u00e7\u00e3o Legislativa","programa":"A\u00c7\u00c3O LEGISTIVA","acao":"MANUTEN\u00c7\u00c3O DAS ATIVIDADES LEGISLATIVAS","ident_acao":"Atividade","cat_econ":"Despesa Corrente","natureza_despesa":"Outras Despesas Correntes","modalidade_despesa":"Aplica\u00e7\u00f5es Diretas","elemento_despesa":"Di\u00e1rias \u2013 Civil","sub_elem_desp":"SEM SUBELEMENTO","fonte_recurso":"Recursos do Exerc\u00edcio Corrente \/ Recursos n\u00e3o Vinculados de Impostos \/ -"},{"ano_emissao_emp":"2023","n_emp":"0000148","data_emissao":"17\/04\/2023","valor":"4.000,00","tipo_empenho":"Ordin\u00e1rio","hist_emp":"VALOR QUE SE EMPENHA, CORRESPONDE A SOLICITA\u00c7\u00c3O DE DI\u00c1RIAS PELO VEREADOR GUILHERME HENRIQUE MENDES DE FARIAS, PARA PARTICIPAR DA XXII MARCHA DOS LEGISLATIVOS MUNICIPAIS, PROMOVIDO PELA UNI\u00c3O DOS VEREADORES DO BRASIL \u2013 UVB, QUE ACONTECER\u00c1 NOS DIAS 25 A 28 DE ABRIL DE 2023, EM BRAS\u00cdLIA-DF.","fornecedor":"GUILHERME HENRIQUE MENDES DE FARIAS","denom_uni_orc":"CORPO DELIBERATIVO E SECRETARIA","funcao":"Legislativa","sub_funcao":"A\u00e7\u00e3o Legislativa","programa":"A\u00c7\u00c3O LEGISTIVA","acao":"MANUTEN\u00c7\u00c3O DAS ATIVIDADES LEGISLATIVAS","ident_acao":"Atividade","cat_econ":"Despesa Corrente","natureza_despesa":"Outras Despesas Correntes","modalidade_despesa":"Aplica\u00e7\u00f5es Diretas","elemento_despesa":"Di\u00e1rias \u2013 Civil","sub_elem_desp":"SEM SUBELEMENTO","fonte_recurso":"Recursos do Exerc\u00edcio Corrente \/ Recursos n\u00e3o Vinculados de Impostos \/ -"},{"ano_emissao_emp":"2023","n_emp":"0000149","data_emissao":"17\/04\/2023","valor":"4.000,00","tipo_empenho":"Ordin\u00e1rio","hist_emp":"VALOR QUE SE EMPENHA, CORRESPONDE A SOLICITA\u00c7\u00c3O DE DI\u00c1RIAS PELO VEREADOR RONALDO C\u00c9SAR DOS SANTOS SILVA, PARA PARTICIPAR DA XXII MARCHA DOS LEGISLATIVOS MUNICIPAIS, PROMOVIDO PELA UNI\u00c3O DOS VEREADORES DO BRASIL \u2013 UVB, QUE ACONTECER\u00c1 NOS DIAS 25 A 28 DE ABRIL DE 2023, EM BRAS\u00cdLIA-DF.","fornecedor":"RONALDO C\u00c9SAR DOS SANTOS SILVA","denom_uni_orc":"CORPO DELIBERATIVO E SECRETARIA","funcao":"Legislativa","sub_funcao":"A\u00e7\u00e3o Legislativa","programa":"A\u00c7\u00c3O LEGISTIVA","acao":"MANUTEN\u00c7\u00c3O DAS ATIVIDADES LEGISLATIVAS","ident_acao":"Atividade","cat_econ":"Despesa Corrente","natureza_despesa":"Outras Despesas Correntes","modalidade_despesa":"Aplica\u00e7\u00f5es Diretas","elemento_despesa":"Di\u00e1rias \u2013 Civil","sub_elem_desp":"SEM SUBELEMENTO","fonte_recurso":"Recursos do Exerc\u00edcio Corrente \/ Recursos n\u00e3o Vinculados de Impostos \/ -"},{"ano_emissao_emp":"2023","n_emp":"0000150","data_emissao":"18\/04\/2023","valor":"300,00","tipo_empenho":"Ordin\u00e1rio","hist_emp":"VALOR QUE SE EMPENHA, CORRESPONDE \u00c0 SOLICITA\u00c7\u00c3O DE DI\u00c1RIA PELO SERVIDOR RICARDO VALEN\u00c7A MAHON, PARA IR \u00c0 CIDADE DE CARUARU-PE, EM VISITA AO CENTRO REGIONAL DE TREINAMENTO EM ADMINISTRA\u00c7\u00c3O MUNICIPAL - CERTAM, NO INTUITO DE TRATAR DE ASSUNTOS REFERENTES A CONTABILIDADE DA C\u00c2MARA MUNICIPAL DE VEREADORES DE TAQUARITINGA DO NORTE-PE.","fornecedor":"RICARDO VALEN\u00c7A MAHON","denom_uni_orc":"CORPO DELIBERATIVO E SECRETARIA","funcao":"Legislativa","sub_funcao":"A\u00e7\u00e3o Legislativa","programa":"A\u00c7\u00c3O LEGISTIVA","acao":"MANUTEN\u00c7\u00c3O DAS ATIVIDADES ADMINISTRATIVAS","ident_acao":"Atividade","cat_econ":"Despesa Corrente","natureza_despesa":"Outras Despesas Correntes","modalidade_despesa":"Aplica\u00e7\u00f5es Diretas","elemento_despesa":"Di\u00e1rias \u2013 Civil","sub_elem_desp":"SEM SUBELEMENTO","fonte_recurso":"Recursos do Exerc\u00edcio Corrente \/ Recursos n\u00e3o Vinculados de Impostos \/ -"},{"ano_emissao_emp":"2023","n_emp":"0000151","data_emissao":"18\/04\/2023","valor":"300,00","tipo_empenho":"Ordin\u00e1rio","hist_emp":"VALOR QUE SE EMPENHA, CORRESPONDE A SOLICITA\u00c7\u00c3O DE DI\u00c1RIA PELO SERVIDOR CLEVERTON FERREIRA DO NASCIMENTO, PARA IR \u00c0 CIDADE DE CARUARU-PE, EM VISITA AO CENTRO REGIONAL DE TREINAMENTO EM ADMINISTRA\u00c7\u00c3O MUNICIPAL - CERTAM, ACOMPANHANDO O DIRETOR FINANCEIRO, NO INTUITO DE TRATAR DE ASSUNTOS REFERENTES A CONTABILIDADE DA C\u00c2MARA MUNICIPAL DE VEREADORES DE TAQUARITINGA DO NORTE-PE.","fornecedor":"CLEVERTON FERREIRA DO NASCIMENTO","denom_uni_orc":"CORPO DELIBERATIVO E SECRETARIA","funcao":"Legislativa","sub_funcao":"A\u00e7\u00e3o Legislativa","programa":"A\u00c7\u00c3O LEGISTIVA","acao":"MANUTEN\u00c7\u00c3O DAS ATIVIDADES ADMINISTRATIVAS","ident_acao":"Atividade","cat_econ":"Despesa Corrente","natureza_despesa":"Outras Despesas Correntes","modalidade_despesa":"Aplica\u00e7\u00f5es Diretas","elemento_despesa":"Di\u00e1rias \u2013 Civil","sub_elem_desp":"SEM SUBELEMENTO","fonte_recurso":"Recursos do Exerc\u00edcio Corrente \/ Recursos n\u00e3o Vinculados de Impostos \/ -"},{"ano_emissao_emp":"2023","n_emp":"0000152","data_emissao":"20\/04\/2023","valor":"5.901,25","tipo_empenho":"Ordin\u00e1rio","hist_emp":"VALOR QUE SE EMPENHA, CORRESPONDE A EMISS\u00c3O DE PASSAGENS A\u00c9REAS EM NOME DOS VEREADORES JOS\u00c9 AMAURI M. FERREIRA, GUILHERME HENRIQUE M. DE FARIAS E RONALDO C\u00c9SAR DOS S. SILVA, TENDO RECIFE\/BRAS\u00cdLIA COMO TRECHO DE IDA E BRAS\u00cdLIA\/RECIFE COMO TRECHO DE VOLTA, ONDE PARTICIPAR\u00c3O DA XXII MARCHA DOS LEGISLATIVOS MUNICIPAIS, PROMOVIDO PELA UNI\u00c3O DOS VEREADORES DO BRASIL \u2013 UVB.","fornecedor":"GERSON HOLANDA CURVELO DE FIGUEIREDO ARNOBIO 10438586441","denom_uni_orc":"CORPO DELIBERATIVO E SECRETARIA","funcao":"Legislativa","sub_funcao":"A\u00e7\u00e3o Legislativa","programa":"A\u00c7\u00c3O LEGISTIVA","acao":"MANUTEN\u00c7\u00c3O DAS ATIVIDADES ADMINISTRATIVAS","ident_acao":"Atividade","cat_econ":"Despesa Corrente","natureza_despesa":"Outras Despesas Correntes","modalidade_despesa":"Aplica\u00e7\u00f5es Diretas","elemento_despesa":"Passagens e Despesas com Locomo\u00e7\u00e3o","sub_elem_desp":"SEM SUBELEMENTO","fonte_recurso":"Recursos do Exerc\u00edcio Corrente \/ Recursos n\u00e3o Vinculados de Impostos \/ -"},{"ano_emissao_emp":"2023","n_emp":"0000153","data_emissao":"24\/04\/2023","valor":"200,00","tipo_empenho":"Ordin\u00e1rio","hist_emp":"VALOR QUE SE EMPENHA, CORRESPONDE A PRESTA\u00c7\u00c3O DE SERVI\u00c7OS DE HOSPEDAGEM E MANUTEN\u00c7\u00c3O DO SISTEMA DE PROTOCOLO CENTRAL DA C\u00c2MARA MUNICIPAL DE VEREADORES DE TAQUARITINGA DO NORTE-PE, EM ABRIL DE 2023.","fornecedor":"M\u00c1RIO LEANDRO PEREIRA DA SILVA","denom_uni_orc":"CORPO DELIBERATIVO E SECRETARIA","funcao":"Legislativa","sub_funcao":"A\u00e7\u00e3o Legislativa","programa":"A\u00c7\u00c3O LEGISTIVA","acao":"MANUTEN\u00c7\u00c3O DAS ATIVIDADES ADMINISTRATIVAS","ident_acao":"Atividade","cat_econ":"Despesa Corrente","natureza_despesa":"Outras Despesas Correntes","modalidade_despesa":"Aplica\u00e7\u00f5es Diretas","elemento_despesa":"Outros Servi\u00e7os de Terceiros - Pessoa F\u00edsica","sub_elem_desp":"SEM SUBELEMENTO","fonte_recurso":"Recursos do Exerc\u00edcio Corrente \/ Recursos n\u00e3o Vinculados de Impostos \/ -"},{"ano_emissao_emp":"2023","n_emp":"0000154","data_emissao":"24\/04\/2023","valor":"300,00","tipo_empenho":"Ordin\u00e1rio","hist_emp":"VALOR QUE SE EMPENHA, CORRESPONDE \u00c0 SOLICITA\u00c7\u00c3O DE DI\u00c1RIA PELO SERVIDOR RICARDO VALEN\u00c7A MAHON, PARA FAZER COTA\u00c7\u00d5ES E POSTERIOR AQUISI\u00c7\u00c3O DE UMA GELADEIRA FROST FREE DUPLEX ENTRE 350 E 390 LITROS DE CAPACIDADE, COM CLASSIFICA\u00c7\u00c3O A EM EFICI\u00caNCIA ENERG\u00c9TICA, JUNTO A CIDADE DE CARUARU-PE, PARA ATENDER AS NECESSIDADES DA DIVIS\u00c3O DE ZELADORIA, COPA E COZINHA DESTA CASA LEGISLATIVA.","fornecedor":"RICARDO VALEN\u00c7A MAHON","denom_uni_orc":"CORPO DELIBERATIVO E SECRETARIA","funcao":"Legislativa","sub_funcao":"A\u00e7\u00e3o Legislativa","programa":"A\u00c7\u00c3O LEGISTIVA","acao":"MANUTEN\u00c7\u00c3O DAS ATIVIDADES ADMINISTRATIVAS","ident_acao":"Atividade","cat_econ":"Despesa Corrente","natureza_despesa":"Outras Despesas Correntes","modalidade_despesa":"Aplica\u00e7\u00f5es Diretas","elemento_despesa":"Di\u00e1rias \u2013 Civil","sub_elem_desp":"SEM SUBELEMENTO","fonte_recurso":"Recursos do Exerc\u00edcio Corrente \/ Recursos n\u00e3o Vinculados de Impostos \/ -"},{"ano_emissao_emp":"2023","n_emp":"0000155","data_emissao":"24\/04\/2023","valor":"300,00","tipo_empenho":"Ordin\u00e1rio","hist_emp":"VALOR QUE SE EMPENHA, CORRESPONDE \u00c0 SOLICITA\u00c7\u00c3O DE DI\u00c1RIA PELO SERVIDOR CLEVERTON FERREIRA DO NASCIMENTO, PARA FAZER COTA\u00c7\u00d5ES E POSTERIOR AQUISI\u00c7\u00c3O DE UMA GELADEIRA FROST FREE DUPLEX ENTRE 350 E 390 LITROS DE CAPACIDADE, COM CLASSIFICA\u00c7\u00c3O A EM EFICI\u00caNCIA ENERG\u00c9TICA, JUNTO A CIDADE DE CARUARU-PE, PARA ATENDER AS NECESSIDADES DA DIVIS\u00c3O DE ZELADORIA, COPA E COZINHA DESTA CASA LEGISLATIVA.","fornecedor":"CLEVERTON FERREIRA DO NASCIMENTO","denom_uni_orc":"CORPO DELIBERATIVO E SECRETARIA","funcao":"Legislativa","sub_funcao":"A\u00e7\u00e3o Legislativa","programa":"A\u00c7\u00c3O LEGISTIVA","acao":"MANUTEN\u00c7\u00c3O DAS ATIVIDADES ADMINISTRATIVAS","ident_acao":"Atividade","cat_econ":"Despesa Corrente","natureza_despesa":"Outras Despesas Correntes","modalidade_despesa":"Aplica\u00e7\u00f5es Diretas","elemento_despesa":"Di\u00e1rias \u2013 Civil","sub_elem_desp":"SEM SUBELEMENTO","fonte_recurso":"Recursos do Exerc\u00edcio Corrente \/ Recursos n\u00e3o Vinculados de Impostos \/ -"},{"ano_emissao_emp":"2023","n_emp":"0000156","data_emissao":"25\/04\/2023","valor":"1.595,00","tipo_empenho":"Ordin\u00e1rio","hist_emp":"VALOR QUE SE EMPENHA, CORRESPONDE A COMPRA DE MATERIAIS NECESS\u00c1RIOS \u00c0 MANUTEN\u00c7\u00c3O DOS PORT\u00d5ES, JANELAS E PORTAS, ASSIM COMO, REPAROS NA SUBSTITUI\u00c7\u00c3O DE TOMADAS E INTERRUPTORES NOS DIVERSOS SETORES DA C\u00c2MARA MUNICIPAL DE VEREADORES DE TAQUARITINGA DO NORTE-PE.","fornecedor":"GERTRUDES MARIA DA SILVA MATERIAL DE CONSTRUCAO","denom_uni_orc":"CORPO DELIBERATIVO E SECRETARIA","funcao":"Legislativa","sub_funcao":"A\u00e7\u00e3o Legislativa","programa":"A\u00c7\u00c3O LEGISTIVA","acao":"MANUTEN\u00c7\u00c3O DAS ATIVIDADES ADMINISTRATIVAS","ident_acao":"Atividade","cat_econ":"Despesa Corrente","natureza_despesa":"Outras Despesas Correntes","modalidade_despesa":"Aplica\u00e7\u00f5es Diretas","elemento_despesa":"Material de Consumo","sub_elem_desp":"SEM SUBELEMENTO","fonte_recurso":"Recursos do Exerc\u00edcio Corrente \/ Recursos n\u00e3o Vinculados de Impostos \/ -"},{"ano_emissao_emp":"2023","n_emp":"0000157","data_emissao":"25\/04\/2023","valor":"500,00","tipo_empenho":"Ordin\u00e1rio","hist_emp":"VALOR QUE SE EMPENHA, CORRESPONDE A SOLICITA\u00c7\u00c3O DE DI\u00c1RIA PELO VEREADOR ALEXANDRE BAS\u00cdLIO DE JESUS TIETRE, PARA DESENVOLVER ATIVIDADE LEGISLATIVA JUNTO AO ESCRIT\u00d3RIO DO DEPUTADO FEDERAL SILVIO COSTA FILHO, SITUADO EM RECIFE-PE.","fornecedor":"ALEXANDRE BAS\u00cdLIO DE JESUS TIETRE","denom_uni_orc":"CORPO DELIBERATIVO E SECRETARIA","funcao":"Legislativa","sub_funcao":"A\u00e7\u00e3o Legislativa","programa":"A\u00c7\u00c3O LEGISTIVA","acao":"MANUTEN\u00c7\u00c3O DAS ATIVIDADES LEGISLATIVAS","ident_acao":"Atividade","cat_econ":"Despesa Corrente","natureza_despesa":"Outras Despesas Correntes","modalidade_despesa":"Aplica\u00e7\u00f5es Diretas","elemento_despesa":"Di\u00e1rias \u2013 Civil","sub_elem_desp":"SEM SUBELEMENTO","fonte_recurso":"Recursos do Exerc\u00edcio Corrente \/ Recursos n\u00e3o Vinculados de Impostos \/ -"},{"ano_emissao_emp":"2023","n_emp":"0000158","data_emissao":"25\/04\/2023","valor":"500,00","tipo_empenho":"Ordin\u00e1rio","hist_emp":"VALOR QUE SE EMPENHA, CORRESPONDE A SOLICITA\u00c7\u00c3O DE DI\u00c1RIA PELO VEREADOR GEOVANE PEQUENO C\u00c9ZAR, PARA DESENVOLVER ATIVIDADE LEGISLATIVA JUNTO AO ESCRIT\u00d3RIO DO DEPUTADO FEDERAL SILVIO COSTA FILHO, SITUADO EM RECIFE-PE.","fornecedor":"GEOVANE PEQUENO C\u00c9ZAR","denom_uni_orc":"CORPO DELIBERATIVO E SECRETARIA","funcao":"Legislativa","sub_funcao":"A\u00e7\u00e3o Legislativa","programa":"A\u00c7\u00c3O LEGISTIVA","acao":"MANUTEN\u00c7\u00c3O DAS ATIVIDADES LEGISLATIVAS","ident_acao":"Atividade","cat_econ":"Despesa Corrente","natureza_despesa":"Outras Despesas Correntes","modalidade_despesa":"Aplica\u00e7\u00f5es Diretas","elemento_despesa":"Di\u00e1rias \u2013 Civil","sub_elem_desp":"SEM SUBELEMENTO","fonte_recurso":"Recursos do Exerc\u00edcio Corrente \/ Recursos n\u00e3o Vinculados de Impostos \/ -"},{"ano_emissao_emp":"2023","n_emp":"0000159","data_emissao":"26\/04\/2023","valor":"2.900,21","tipo_empenho":"Ordin\u00e1rio","hist_emp":"VALOR QUE SE EMPENHA, CORRESPONDE \u00c0 AQUISI\u00c7\u00c3O DE UMA GELADEIRA FROST FREE DUPLEX 387 LITROS DE CAPACIDADE, COM CLASSIFICA\u00c7\u00c3O A EM EFICI\u00caNCIA ENERG\u00c9TICA, PARA ATENDER AS NECESSIDADES DA DIVIS\u00c3O DE ZELADORIA, COPA E COZINHA DA C\u00c2MARA MUNICIPAL DE VEREADORES DE TAQUARITINGA DO NORTE-PE.","fornecedor":"MASTER ELETRONICA DE BRINQUEDOS LTDA","denom_uni_orc":"CORPO DELIBERATIVO E SECRETARIA","funcao":"Legislativa","sub_funcao":"A\u00e7\u00e3o Legislativa","programa":"A\u00c7\u00c3O LEGISTIVA","acao":"REEQUIPAMENTO DA UNIDADE","ident_acao":"Projeto","cat_econ":"Despesa de Capital","natureza_despesa":"Investimentos","modalidade_despesa":"Aplica\u00e7\u00f5es Diretas","elemento_despesa":"Equipamentos e Material Permanente","sub_elem_desp":"SEM SUBELEMENTO","fonte_recurso":"Recursos do Exerc\u00edcio Corrente \/ Recursos n\u00e3o Vinculados de Impostos \/ -"},{"ano_emissao_emp":"2023","n_emp":"0000160","data_emissao":"26\/04\/2023","valor":"150,00","tipo_empenho":"Ordin\u00e1rio","hist_emp":"VALOR QUE SE EMPENHA, CORRESPONDE \u00c0 SOLICITA\u00c7\u00c3O DE DI\u00c1RIA PELO SERVIDOR RAFAEL VITOR RODRIGUES DO NASCIMENTO, PARA IR \u00c0 CIDADE DE CARUARU-PE, COM A FINALIDADE DE LEVAR O AUTOM\u00d3VEL OFICIAL DESTA C\u00c2MARA MUNICIPAL DE VEREADORES, ONIX PLACA QYF-2630, PARA FAZER MANUTEN\u00c7\u00c3O E REPARA\u00c7\u00c3O MEC\u00c2NICA DO MESMO.","fornecedor":"RAFAEL VITOR RODRIGUES DO NASCIMENTO","denom_uni_orc":"CORPO DELIBERATIVO E SECRETARIA","funcao":"Legislativa","sub_funcao":"A\u00e7\u00e3o Legislativa","programa":"A\u00c7\u00c3O LEGISTIVA","acao":"MANUTEN\u00c7\u00c3O DAS ATIVIDADES ADMINISTRATIVAS","ident_acao":"Atividade","cat_econ":"Despesa Corrente","natureza_despesa":"Outras Despesas Correntes","modalidade_despesa":"Aplica\u00e7\u00f5es Diretas","elemento_despesa":"Di\u00e1rias \u2013 Civil","sub_elem_desp":"SEM SUBELEMENTO","fonte_recurso":"Recursos do Exerc\u00edcio Corrente \/ Recursos n\u00e3o Vinculados de Impostos \/ -"},{"ano_emissao_emp":"2023","n_emp":"0000161","data_emissao":"27\/04\/2023","valor":"611,00","tipo_empenho":"Ordin\u00e1rio","hist_emp":"VALOR QUE SE EMPENHA, CORRESPONDE AOS MATERIAIS PARA MANUTEN\u00c7\u00c3O E REPARA\u00c7\u00c3O MEC\u00c2NICA NO AUTOM\u00d3VEL OFICIAL ONIX PLACA QYF-2630 DA C\u00c2MARA MUNICIPAL DE VEREADORES DE TAQUARITINGA DO NORTE-PE.","fornecedor":"AN7 CENTRO AUTOMOTIVO LTDA","denom_uni_orc":"CORPO DELIBERATIVO E SECRETARIA","funcao":"Legislativa","sub_funcao":"A\u00e7\u00e3o Legislativa","programa":"A\u00c7\u00c3O LEGISTIVA","acao":"MANUTEN\u00c7\u00c3O DAS ATIVIDADES ADMINISTRATIVAS","ident_acao":"Atividade","cat_econ":"Despesa Corrente","natureza_despesa":"Outras Despesas Correntes","modalidade_despesa":"Aplica\u00e7\u00f5es Diretas","elemento_despesa":"Material de Consumo","sub_elem_desp":"SEM SUBELEMENTO","fonte_recurso":"Recursos do Exerc\u00edcio Corrente \/ Recursos n\u00e3o Vinculados de Impostos \/ -"},{"ano_emissao_emp":"2023","n_emp":"0000162","data_emissao":"27\/04\/2023","valor":"120,00","tipo_empenho":"Ordin\u00e1rio","hist_emp":"VALOR QUE SE EMPENHA, CORRESPONDE AOS SERVI\u00c7OS DE MANUTEN\u00c7\u00c3O E REPARA\u00c7\u00c3O MEC\u00c2NICA NO AUTOM\u00d3VEL OFICIAL ONIX PLACA QYF-2630 DESTA C\u00c2MARA MUNICIPAL DE VEREADORES DE TAQUARITINGA DO NORTE-PE.","fornecedor":"AN7 CENTRO AUTOMOTIVO LTDA","denom_uni_orc":"CORPO DELIBERATIVO E SECRETARIA","funcao":"Legislativa","sub_funcao":"A\u00e7\u00e3o Legislativa","programa":"A\u00c7\u00c3O LEGISTIVA","acao":"MANUTEN\u00c7\u00c3O DAS ATIVIDADES ADMINISTRATIVAS","ident_acao":"Atividade","cat_econ":"Despesa Corrente","natureza_despesa":"Outras Despesas Correntes","modalidade_despesa":"Aplica\u00e7\u00f5es Diretas","elemento_despesa":"Outros Servi\u00e7os de Terceiros - Pessoa Jur\u00eddica","sub_elem_desp":"SEM SUBELEMENTO","fonte_recurso":"Recursos do Exerc\u00edcio Corrente \/ Recursos n\u00e3o Vinculados de Impostos \/ -"},{"ano_emissao_emp":"2023","n_emp":"0000163","data_emissao":"28\/04\/2023","valor":"54.150,00","tipo_empenho":"Global","hist_emp":"VALOR QUE SE EMPENHA, CORRESPONDE AO 3\u00b0 TERMO ADITIVO DE PRORROGA\u00c7\u00c3O AO CONTRATO N\u00b008\/2021, PROCESSO DE INEXIGIBILIDADE N\u00b0002\/2021 DE PRESTA\u00c7\u00c3O DE SERVI\u00c7OS DE ASSESSORIA JUR\u00cdDICA \u00c0 C\u00c2MARA MUNICIPAL DE VEREADORES DE TAQUARITINGA DO NORTE-PE, REFERENTE AO PER\u00cdODO DE MAIO A DEZEMBRO DE 2023.","fornecedor":"EMERSON PETRIMPERNI SOCIEDADE INDIVIDUAL DE ADVOCACIA","denom_uni_orc":"CORPO DELIBERATIVO E SECRETARIA","funcao":"Legislativa","sub_funcao":"A\u00e7\u00e3o Legislativa","programa":"A\u00c7\u00c3O LEGISTIVA","acao":"MANUTEN\u00c7\u00c3O DAS ATIVIDADES ADMINISTRATIVAS","ident_acao":"Atividade","cat_econ":"Despesa Corrente","natureza_despesa":"Outras Despesas Correntes","modalidade_despesa":"Aplica\u00e7\u00f5es Diretas","elemento_despesa":"Outros Servi\u00e7os de Terceiros - Pessoa Jur\u00eddica","sub_elem_desp":"SEM SUBELEMENTO","fonte_recurso":"Recursos do Exerc\u00edcio Corrente \/ Recursos n\u00e3o Vinculados de Impostos \/ -"},{"ano_emissao_emp":"2023","n_emp":"0000164","data_emissao":"28\/04\/2023","valor":"11.200,00","tipo_empenho":"Global","hist_emp":"VALOR QUE SE EMPENHA, CORRESPONDE \u00c0 LOCA\u00c7\u00c3O DO SISTEMA DE CONTABILIDADE P\u00daBLICA, INCLUINDO; SUPORTE T\u00c9CNICO E MANUTEN\u00c7\u00c3O, LICEN\u00c7A DE USO INDIVIDUAL, MIGRA\u00c7\u00c3O DOS DADOS, CUSTOMIZA\u00c7\u00c3O, PARAMETRIZA\u00c7\u00c3O DE INFORMA\u00c7\u00d5ES E TREINAMENTO T\u00c9CNICO OPERACIONAL PARA ATENDER AS NECESSIDADES T\u00c9CNICAS E OPERACIONAIS DA C\u00c2MARA MUNICIPAL DE TAQUARITINGA DO NORTE-PE, MEDIANTE O QUE DISP\u00d5E O ART. 24 INCISO II DA LEI 8.666\/93 E SUAS POSTERIORES ALTERA\u00c7\u00d5ES, PARA OS MESES DE MAIO A DEZEMBRO DE 2023.","fornecedor":"ROBERVANIA ALVES OLIVEIRA MENDONCA INFORMATICA LTDA","denom_uni_orc":"CORPO DELIBERATIVO E SECRETARIA","funcao":"Legislativa","sub_funcao":"A\u00e7\u00e3o Legislativa","programa":"A\u00c7\u00c3O LEGISTIVA","acao":"MANUTEN\u00c7\u00c3O DAS ATIVIDADES ADMINISTRATIVAS","ident_acao":"Atividade","cat_econ":"Despesa Corrente","natureza_despesa":"Outras Despesas Correntes","modalidade_despesa":"Aplica\u00e7\u00f5es Diretas","elemento_despesa":"Outros Servi\u00e7os de Terceiros - Pessoa Jur\u00eddica","sub_elem_desp":"SEM SUBELEMENTO","fonte_recurso":"Recursos do Exerc\u00edcio Corrente \/ Recursos n\u00e3o Vinculados de Impostos \/ -"},{"ano_emissao_emp":"2023","n_emp":"0000165","data_emissao":"02\/05\/2023","valor":"600,00","tipo_empenho":"Ordin\u00e1rio","hist_emp":"VALOR QUE SE EMPENHA, CORRESPONDE A SOLICITA\u00c7\u00c3O DE DI\u00c1RIA PELO VEREADOR ALEXANDRE BAS\u00cdLIO DE JESUS TIETRE, PARA PARTICIPAR DO ENCONTRO NACIONAL DE GESTORES E LEGISLATIVOS MUNICIPAIS, PROMOVIDO PELA UNI\u00c3O DOS VEREADORES DO BRASIL \u2013 UVB, QUE ACONTECER\u00c1 NOS DIAS 03 A 06 DE MAIO DE 2023, NA CIDADE DE TORITAMA-PE.","fornecedor":"ALEXANDRE BAS\u00cdLIO DE JESUS TIETRE","denom_uni_orc":"CORPO DELIBERATIVO E SECRETARIA","funcao":"Legislativa","sub_funcao":"A\u00e7\u00e3o Legislativa","programa":"A\u00c7\u00c3O LEGISTIVA","acao":"MANUTEN\u00c7\u00c3O DAS ATIVIDADES LEGISLATIVAS","ident_acao":"Atividade","cat_econ":"Despesa Corrente","natureza_despesa":"Outras Despesas Correntes","modalidade_despesa":"Aplica\u00e7\u00f5es Diretas","elemento_despesa":"Di\u00e1rias \u2013 Civil","sub_elem_desp":"SEM SUBELEMENTO","fonte_recurso":"Recursos do Exerc\u00edcio Corrente \/ Recursos n\u00e3o Vinculados de Impostos \/ -"},{"ano_emissao_emp":"2023","n_emp":"0000166","data_emissao":"02\/05\/2023","valor":"600,00","tipo_empenho":"Ordin\u00e1rio","hist_emp":"VALOR QUE SE EMPENHA, CORRESPONDE A SOLICITA\u00c7\u00c3O DE DI\u00c1RIA PELO VEREADOR RONALDO C\u00c9SAR DOS SANTOS SILVA, PARA PARTICIPAR DO ENCONTRO NACIONAL DE GESTORES E LEGISLATIVOS MUNICIPAIS, PROMOVIDO PELA UNI\u00c3O DOS VEREADORES DO BRASIL \u2013 UVB, QUE ACONTECER\u00c1 NOS DIAS 03 A 06 DE MAIO DE 2023, NA CIDADE DE TORITAMA-PE.","fornecedor":"RONALDO C\u00c9SAR DOS SANTOS SILVA","denom_uni_orc":"CORPO DELIBERATIVO E SECRETARIA","funcao":"Legislativa","sub_funcao":"A\u00e7\u00e3o Legislativa","programa":"A\u00c7\u00c3O LEGISTIVA","acao":"MANUTEN\u00c7\u00c3O DAS ATIVIDADES LEGISLATIVAS","ident_acao":"Atividade","cat_econ":"Despesa Corrente","natureza_despesa":"Outras Despesas Correntes","modalidade_despesa":"Aplica\u00e7\u00f5es Diretas","elemento_despesa":"Di\u00e1rias \u2013 Civil","sub_elem_desp":"SEM SUBELEMENTO","fonte_recurso":"Recursos do Exerc\u00edcio Corrente \/ Recursos n\u00e3o Vinculados de Impostos \/ -"},{"ano_emissao_emp":"2023","n_emp":"0000167","data_emissao":"02\/05\/2023","valor":"600,00","tipo_empenho":"Ordin\u00e1rio","hist_emp":"VALOR QUE SE EMPENHA, CORRESPONDE A SOLICITA\u00c7\u00c3O DE DI\u00c1RIA PELO VEREADOR\/ PRESIDENTE AMILTON C\u00cdCERO DA SILVA, PARA PARTICIPAR DO ENCONTRO NACIONAL DE GESTORES E LEGISLATIVOS MUNICIPAIS, PROMOVIDO PELA UNI\u00c3O DOS VEREADORES DO BRASIL \u2013 UVB, QUE ACONTECER\u00c1 NOS DIAS 03 A 06 DE MAIO DE 2023, NA CIDADE DE TORITAMA-PE.","fornecedor":"Amilton C\u00edcero da Silva","denom_uni_orc":"CORPO DELIBERATIVO E SECRETARIA","funcao":"Legislativa","sub_funcao":"A\u00e7\u00e3o Legislativa","programa":"A\u00c7\u00c3O LEGISTIVA","acao":"MANUTEN\u00c7\u00c3O DAS ATIVIDADES LEGISLATIVAS","ident_acao":"Atividade","cat_econ":"Despesa Corrente","natureza_despesa":"Outras Despesas Correntes","modalidade_despesa":"Aplica\u00e7\u00f5es Diretas","elemento_despesa":"Di\u00e1rias \u2013 Civil","sub_elem_desp":"SEM SUBELEMENTO","fonte_recurso":"Recursos do Exerc\u00edcio Corrente \/ Recursos n\u00e3o Vinculados de Impostos \/ -"},{"ano_emissao_emp":"2023","n_emp":"0000168","data_emissao":"02\/05\/2023","valor":"300,00","tipo_empenho":"Ordin\u00e1rio","hist_emp":"VALOR QUE SE EMPENHA, CORRESPONDE A SOLICITA\u00c7\u00c3O DE DI\u00c1RIA PELO SERVIDOR ROMULO RENAM ANDRADE SOUZA, PARA ACOMPANHAR ALGUNS VEREADORES NA PARTICIPA\u00c7\u00c3O DO ENCONTRO NACIONAL DE GESTORES E LEGISLATIVOS MUNICIPAIS, PROMOVIDO PELA UNI\u00c3O DOS VEREADORES DO BRASIL \u2013 UVB, QUE ACONTECER\u00c1 NOS DIAS 03 A 06 DE MAIO DE 2023, NA CIDADE DE TORITAMA-PE.","fornecedor":"ROMULO RENAM ANDRADE SOUZA","denom_uni_orc":"CORPO DELIBERATIVO E SECRETARIA","funcao":"Legislativa","sub_funcao":"A\u00e7\u00e3o Legislativa","programa":"A\u00c7\u00c3O LEGISTIVA","acao":"MANUTEN\u00c7\u00c3O DAS ATIVIDADES ADMINISTRATIVAS","ident_acao":"Atividade","cat_econ":"Despesa Corrente","natureza_despesa":"Outras Despesas Correntes","modalidade_despesa":"Aplica\u00e7\u00f5es Diretas","elemento_despesa":"Di\u00e1rias \u2013 Civil","sub_elem_desp":"SEM SUBELEMENTO","fonte_recurso":"Recursos do Exerc\u00edcio Corrente \/ Recursos n\u00e3o Vinculados de Impostos \/ -"},{"ano_emissao_emp":"2023","n_emp":"0000169","data_emissao":"02\/05\/2023","valor":"600,00","tipo_empenho":"Ordin\u00e1rio","hist_emp":"VALOR QUE SE EMPENHA, CORRESPONDE A SOLICITA\u00c7\u00c3O DE DI\u00c1RIA PELO VEREADOR JOS\u00c9 ERALDO PEREIRA DOS SANTOS, PARA PARTICIPAR DO ENCONTRO NACIONAL DE GESTORES E LEGISLATIVOS MUNICIPAIS, PROMOVIDO PELA UNI\u00c3O DOS VEREADORES DO BRASIL \u2013 UVB, QUE ACONTECER\u00c1 NOS DIAS 03 A 06 DE MAIO DE 2023, NA CIDADE DE TORITAMA-PE.","fornecedor":"JOS\u00c9 ERALDO PEREIRA DOS SANTOS","denom_uni_orc":"CORPO DELIBERATIVO E SECRETARIA","funcao":"Legislativa","sub_funcao":"A\u00e7\u00e3o Legislativa","programa":"A\u00c7\u00c3O LEGISTIVA","acao":"MANUTEN\u00c7\u00c3O DAS ATIVIDADES LEGISLATIVAS","ident_acao":"Atividade","cat_econ":"Despesa Corrente","natureza_despesa":"Outras Despesas Correntes","modalidade_despesa":"Aplica\u00e7\u00f5es Diretas","elemento_despesa":"Di\u00e1rias \u2013 Civil","sub_elem_desp":"SEM SUBELEMENTO","fonte_recurso":"Recursos do Exerc\u00edcio Corrente \/ Recursos n\u00e3o Vinculados de Impostos \/ -"},{"ano_emissao_emp":"2023","n_emp":"0000170","data_emissao":"02\/05\/2023","valor":"600,00","tipo_empenho":"Ordin\u00e1rio","hist_emp":"VALOR QUE SE EMPENHA, CORRESPONDE A SOLICITA\u00c7\u00c3O DE DI\u00c1RIA PELA VEREADORA NAT\u00c1LIA PEREIRA DA SILVA LIMA, PARA PARTICIPAR DO ENCONTRO NACIONAL DE GESTORES E LEGISLATIVOS MUNICIPAIS, PROMOVIDO PELA UNI\u00c3O DOS VEREADORES DO BRASIL \u2013 UVB, QUE ACONTECER\u00c1 NOS DIAS 03 A 06 DE MAIO DE 2023, NA CIDADE DE TORITAMA-PE.","fornecedor":"NAT\u00c1LIA PEREIRA DA SILVA LIMA","denom_uni_orc":"CORPO DELIBERATIVO E SECRETARIA","funcao":"Legislativa","sub_funcao":"A\u00e7\u00e3o Legislativa","programa":"A\u00c7\u00c3O LEGISTIVA","acao":"MANUTEN\u00c7\u00c3O DAS ATIVIDADES LEGISLATIVAS","ident_acao":"Atividade","cat_econ":"Despesa Corrente","natureza_despesa":"Outras Despesas Correntes","modalidade_despesa":"Aplica\u00e7\u00f5es Diretas","elemento_despesa":"Di\u00e1rias \u2013 Civil","sub_elem_desp":"SEM SUBELEMENTO","fonte_recurso":"Recursos do Exerc\u00edcio Corrente \/ Recursos n\u00e3o Vinculados de Impostos \/ -"},{"ano_emissao_emp":"2023","n_emp":"0000171","data_emissao":"02\/05\/2023","valor":"600,00","tipo_empenho":"Ordin\u00e1rio","hist_emp":"VALOR QUE SE EMPENHA, CORRESPONDE A SOLICITA\u00c7\u00c3O DE DI\u00c1RIA PELO VEREADOR GEOVANE PEQUENO C\u00c9ZAR, PARA PARTICIPAR DO ENCONTRO NACIONAL DE GESTORES E LEGISLATIVOS MUNICIPAIS, PROMOVIDO PELA UNI\u00c3O DOS VEREADORES DO BRASIL \u2013 UVB, QUE ACONTECER\u00c1 NOS DIAS 03 A 06 DE MAIO DE 2023, NA CIDADE DE TORITAMA-PE.","fornecedor":"GEOVANE PEQUENO C\u00c9ZAR","denom_uni_orc":"CORPO DELIBERATIVO E SECRETARIA","funcao":"Legislativa","sub_funcao":"A\u00e7\u00e3o Legislativa","programa":"A\u00c7\u00c3O LEGISTIVA","acao":"MANUTEN\u00c7\u00c3O DAS ATIVIDADES LEGISLATIVAS","ident_acao":"Atividade","cat_econ":"Despesa Corrente","natureza_despesa":"Outras Despesas Correntes","modalidade_despesa":"Aplica\u00e7\u00f5es Diretas","elemento_despesa":"Di\u00e1rias \u2013 Civil","sub_elem_desp":"SEM SUBELEMENTO","fonte_recurso":"Recursos do Exerc\u00edcio Corrente \/ Recursos n\u00e3o Vinculados de Impostos \/ -"},{"ano_emissao_emp":"2023","n_emp":"0000172","data_emissao":"02\/05\/2023","valor":"600,00","tipo_empenho":"Ordin\u00e1rio","hist_emp":"VALOR QUE SE EMPENHA, CORRESPONDE A SOLICITA\u00c7\u00c3O DE DI\u00c1RIA PELO VEREADOR GUILHERME HENRIQUE MENDES DE FARIAS, PARA PARTICIPAR DO ENCONTRO NACIONAL DE GESTORES E LEGISLATIVOS MUNICIPAIS, PROMOVIDO PELA UNI\u00c3O DOS VEREADORES DO BRASIL \u2013 UVB, QUE ACONTECER\u00c1 NOS DIAS 03 A 06 DE MAIO DE 2023, NA CIDADE DE TORITAMA-PE.","fornecedor":"GUILHERME HENRIQUE MENDES DE FARIAS","denom_uni_orc":"CORPO DELIBERATIVO E SECRETARIA","funcao":"Legislativa","sub_funcao":"A\u00e7\u00e3o Legislativa","programa":"A\u00c7\u00c3O LEGISTIVA","acao":"MANUTEN\u00c7\u00c3O DAS ATIVIDADES LEGISLATIVAS","ident_acao":"Atividade","cat_econ":"Despesa Corrente","natureza_despesa":"Outras Despesas Correntes","modalidade_despesa":"Aplica\u00e7\u00f5es Diretas","elemento_despesa":"Di\u00e1rias \u2013 Civil","sub_elem_desp":"SEM SUBELEMENTO","fonte_recurso":"Recursos do Exerc\u00edcio Corrente \/ Recursos n\u00e3o Vinculados de Impostos \/ -"},{"ano_emissao_emp":"2023","n_emp":"0000173","data_emissao":"02\/05\/2023","valor":"600,00","tipo_empenho":"Ordin\u00e1rio","hist_emp":"VALOR QUE SE EMPENHA, CORRESPONDE A SOLICITA\u00c7\u00c3O DE DI\u00c1RIA PELO VEREADOR JOS\u00c9 ADEMIR MARTINS, PARA PARTICIPAR DO ENCONTRO NACIONAL DE GESTORES E LEGISLATIVOS MUNICIPAIS, PROMOVIDO PELA UNI\u00c3O DOS VEREADORES DO BRASIL \u2013 UVB, QUE ACONTECER\u00c1 NOS DIAS 03 A 06 DE MAIO DE 2023, NA CIDADE DE TORITAMA-PE.","fornecedor":"JOS\u00c9 ADEMIR MARTINS","denom_uni_orc":"CORPO DELIBERATIVO E SECRETARIA","funcao":"Legislativa","sub_funcao":"A\u00e7\u00e3o Legislativa","programa":"A\u00c7\u00c3O LEGISTIVA","acao":"MANUTEN\u00c7\u00c3O DAS ATIVIDADES LEGISLATIVAS","ident_acao":"Atividade","cat_econ":"Despesa Corrente","natureza_despesa":"Outras Despesas Correntes","modalidade_despesa":"Aplica\u00e7\u00f5es Diretas","elemento_despesa":"Di\u00e1rias \u2013 Civil","sub_elem_desp":"SEM SUBELEMENTO","fonte_recurso":"Recursos do Exerc\u00edcio Corrente \/ Recursos n\u00e3o Vinculados de Impostos \/ -"},{"ano_emissao_emp":"2023","n_emp":"0000174","data_emissao":"02\/05\/2023","valor":"600,00","tipo_empenho":"Ordin\u00e1rio","hist_emp":"VALOR QUE SE EMPENHA, CORRESPONDE A SOLICITA\u00c7\u00c3O DE DI\u00c1RIA PELO VEREADOR JOS\u00c9 AMAURI MINERVA FERREIRA, PARA PARTICIPAR DO ENCONTRO NACIONAL DE GESTORES E LEGISLATIVOS MUNICIPAIS, PROMOVIDO PELA UNI\u00c3O DOS VEREADORES DO BRASIL \u2013 UVB, QUE ACONTECER\u00c1 NOS DIAS 03 A 06 DE MAIO DE 2023, NA CIDADE DE TORITAMA-PE.","fornecedor":"JOS\u00c9 AMAURI MINERVA FERREIRA","denom_uni_orc":"CORPO DELIBERATIVO E SECRETARIA","funcao":"Legislativa","sub_funcao":"A\u00e7\u00e3o Legislativa","programa":"A\u00c7\u00c3O LEGISTIVA","acao":"MANUTEN\u00c7\u00c3O DAS ATIVIDADES LEGISLATIVAS","ident_acao":"Atividade","cat_econ":"Despesa Corrente","natureza_despesa":"Outras Despesas Correntes","modalidade_despesa":"Aplica\u00e7\u00f5es Diretas","elemento_despesa":"Di\u00e1rias \u2013 Civil","sub_elem_desp":"SEM SUBELEMENTO","fonte_recurso":"Recursos do Exerc\u00edcio Corrente \/ Recursos n\u00e3o Vinculados de Impostos \/ -"},{"ano_emissao_emp":"2023","n_emp":"0000175","data_emissao":"02\/05\/2023","valor":"1.000,00","tipo_empenho":"Ordin\u00e1rio","hist_emp":"VALOR QUE SE EMPENHA, CORRESPONDE A SOLICITA\u00c7\u00c3O DE DI\u00c1RIA PELO VEREADOR\/PRESIDENTE AMILTON C\u00cdCERO DA SILVA, PARA IR \u00c0 CIDADE DO RECIFE-PE, EM VISITA A ASSEMBL\u00c9IA LEGISLATIVA DO ESTADO DE PERNAMBUCO - ALEPE, EM ATIVIDADE PARLAMENTAR, NO INTUITO DE TRATAR DE ASSUNTOS PERTINENTES AO MUNIC\u00cdPIO DE TAQUARITINGA DO NORTE-PE.","fornecedor":"Amilton C\u00edcero da Silva","denom_uni_orc":"CORPO DELIBERATIVO E SECRETARIA","funcao":"Legislativa","sub_funcao":"A\u00e7\u00e3o Legislativa","programa":"A\u00c7\u00c3O LEGISTIVA","acao":"MANUTEN\u00c7\u00c3O DAS ATIVIDADES LEGISLATIVAS","ident_acao":"Atividade","cat_econ":"Despesa Corrente","natureza_despesa":"Outras Despesas Correntes","modalidade_despesa":"Aplica\u00e7\u00f5es Diretas","elemento_despesa":"Di\u00e1rias \u2013 Civil","sub_elem_desp":"SEM SUBELEMENTO","fonte_recurso":"Recursos do Exerc\u00edcio Corrente \/ Recursos n\u00e3o Vinculados de Impostos \/ -"},{"ano_emissao_emp":"2023","n_emp":"0000176","data_emissao":"02\/05\/2023","valor":"500,00","tipo_empenho":"Ordin\u00e1rio","hist_emp":"VALOR QUE SE EMPENHA, CORRESPONDE A SOLICITA\u00c7\u00c3O DE DI\u00c1RIA PELO SERVIDOR ROMULO RENAM ANDRADE SOUZA, PARA ACOMPANHAR O VEREADOR\/ PRESIDENTE AMILTON C\u00cdCERO DA SILVA, EM VISITA A ASSEMBL\u00c9IA LEGISLATIVA DO ESTADO DE PERNAMBUCO - ALEPE, EM ATIVIDADE PARLAMENTAR, NO INTUITO DE TRATAR DE ASSUNTOS PERTINENTES AO MUNIC\u00cdPIO DE TAQUARITINGA DO NORTE-PE.","fornecedor":"ROMULO RENAM ANDRADE SOUZA","denom_uni_orc":"CORPO DELIBERATIVO E SECRETARIA","funcao":"Legislativa","sub_funcao":"A\u00e7\u00e3o Legislativa","programa":"A\u00c7\u00c3O LEGISTIVA","acao":"MANUTEN\u00c7\u00c3O DAS ATIVIDADES ADMINISTRATIVAS","ident_acao":"Atividade","cat_econ":"Despesa Corrente","natureza_despesa":"Outras Despesas Correntes","modalidade_despesa":"Aplica\u00e7\u00f5es Diretas","elemento_despesa":"Di\u00e1rias \u2013 Civil","sub_elem_desp":"SEM SUBELEMENTO","fonte_recurso":"Recursos do Exerc\u00edcio Corrente \/ Recursos n\u00e3o Vinculados de Impostos \/ -"},{"ano_emissao_emp":"2023","n_emp":"0000177","data_emissao":"02\/05\/2023","valor":"500,00","tipo_empenho":"Ordin\u00e1rio","hist_emp":"VALOR QUE SE EMPENHA, CORRESPONDE A SOLICITA\u00c7\u00c3O DE DI\u00c1RIA PELO SERVIDOR ANDERSON AGAMENON SILVA, PARA ACOMPANHAR O VEREADOR\/ PRESIDENTE AMILTON C\u00cdCERO DA SILVA, EM VISITA A ASSEMBL\u00c9IA LEGISLATIVA DO ESTADO DE PERNAMBUCO - ALEPE, EM ATIVIDADE PARLAMENTAR, NO INTUITO DE TRATAR DE ASSUNTOS PERTINENTES AO MUNIC\u00cdPIO DE TAQUARITINGA DO NORTE-PE.","fornecedor":"ANDERSON AGAMENON SILVA","denom_uni_orc":"CORPO DELIBERATIVO E SECRETARIA","funcao":"Legislativa","sub_funcao":"A\u00e7\u00e3o Legislativa","programa":"A\u00c7\u00c3O LEGISTIVA","acao":"MANUTEN\u00c7\u00c3O DAS ATIVIDADES ADMINISTRATIVAS","ident_acao":"Atividade","cat_econ":"Despesa Corrente","natureza_despesa":"Outras Despesas Correntes","modalidade_despesa":"Aplica\u00e7\u00f5es Diretas","elemento_despesa":"Di\u00e1rias \u2013 Civil","sub_elem_desp":"SEM SUBELEMENTO","fonte_recurso":"Recursos do Exerc\u00edcio Corrente \/ Recursos n\u00e3o Vinculados de Impostos \/ -"},{"ano_emissao_emp":"2023","n_emp":"0000178","data_emissao":"02\/05\/2023","valor":"18.500,00","tipo_empenho":"Estimativo","hist_emp":"VALOR QUE SE EMPENHA, CORRESPONDE AO AUX\u00cdLIO ALIMENTA\u00c7\u00c3O, CONFORME DISP\u00d5E A LEI N\u00b0 2110\/2022, PARA OS VEREADORES E SERVIDORES DESTA CASA LEGISLATIVA, NO M\u00caS DE MAIO DE 2023.","fornecedor":"C\u00c2MARA MUNICIPAL DE VEREADORES","denom_uni_orc":"CORPO DELIBERATIVO E SECRETARIA","funcao":"Legislativa","sub_funcao":"A\u00e7\u00e3o Legislativa","programa":"A\u00c7\u00c3O LEGISTIVA","acao":"MANUTEN\u00c7\u00c3O VERBA INDENIZATORIA","ident_acao":"Atividade","cat_econ":"Despesa Corrente","natureza_despesa":"Outras Despesas Correntes","modalidade_despesa":"Aplica\u00e7\u00f5es Diretas","elemento_despesa":"Indeniza\u00e7\u00f5es e Restitui\u00e7\u00f5es","sub_elem_desp":"SEM SUBELEMENTO","fonte_recurso":"Recursos do Exerc\u00edcio Corrente \/ Recursos n\u00e3o Vinculados de Impostos \/ -"},{"ano_emissao_emp":"2023","n_emp":"0000179","data_emissao":"05\/05\/2023","valor":"2.950,00","tipo_empenho":"Ordin\u00e1rio","hist_emp":"VALOR QUE SE EMPENHA, CORRESPONDE \u00c0 9 INSCRI\u00c7\u00d5ES PARA PARTICIPA\u00c7\u00c3O DE ALGUNS VEREADORES NO ENCONTRO NACIONAL DE GESTORES E LEGISLATIVOS MUNICIPAIS, PROMOVIDO PELA UNI\u00c3O DOS VEREADORES DO BRASIL \u2013 UVB, NO PER\u00cdODO DE 03 A 06 DE MAIO DE 2023, NA CIDADE DE TORITAMA-PE.","fornecedor":"PLENARIA ASSESSORIA E GESTAO DE EVENTOS LTDA","denom_uni_orc":"CORPO DELIBERATIVO E SECRETARIA","funcao":"Legislativa","sub_funcao":"A\u00e7\u00e3o Legislativa","programa":"A\u00c7\u00c3O LEGISTIVA","acao":"MANUTEN\u00c7\u00c3O DAS ATIVIDADES ADMINISTRATIVAS","ident_acao":"Atividade","cat_econ":"Despesa Corrente","natureza_despesa":"Outras Despesas Correntes","modalidade_despesa":"Aplica\u00e7\u00f5es Diretas","elemento_despesa":"Outros Servi\u00e7os de Terceiros - Pessoa Jur\u00eddica","sub_elem_desp":"SEM SUBELEMENTO","fonte_recurso":"Recursos do Exerc\u00edcio Corrente \/ Recursos n\u00e3o Vinculados de Impostos \/ -"},{"ano_emissao_emp":"2023","n_emp":"0000180","data_emissao":"11\/05\/2023","valor":"1.000,00","tipo_empenho":"Ordin\u00e1rio","hist_emp":"VALOR QUE SE EMPENHA, CORRESPONDE A SOLICITA\u00c7\u00c3O DE DI\u00c1RIA PELO VEREADOR\/PRESIDENTE AMILTON C\u00cdCERO DA SILVA, PARA PARTICIPAR DA PLEN\u00c1RIA ESTADUAL DO PLANO PLURIANUAL (PPA) PARTICIPATIVO 2024-2027 - PERNAMBUCO, QUE SER\u00c1 REALIZADO NO CENTRO DE CONVEN\u00c7\u00d5ES DE PERNAMBUCO, LOCALIZADO NA CIDADE DE OLINDA, REGI\u00c3O METROPOLITANA DO RECIFE-PE, NO DIA 12 DE MAIO DE 2023.","fornecedor":"Amilton C\u00edcero da Silva","denom_uni_orc":"CORPO DELIBERATIVO E SECRETARIA","funcao":"Legislativa","sub_funcao":"A\u00e7\u00e3o Legislativa","programa":"A\u00c7\u00c3O LEGISTIVA","acao":"MANUTEN\u00c7\u00c3O DAS ATIVIDADES LEGISLATIVAS","ident_acao":"Atividade","cat_econ":"Despesa Corrente","natureza_despesa":"Outras Despesas Correntes","modalidade_despesa":"Aplica\u00e7\u00f5es Diretas","elemento_despesa":"Di\u00e1rias \u2013 Civil","sub_elem_desp":"SEM SUBELEMENTO","fonte_recurso":"Recursos do Exerc\u00edcio Corrente \/ Recursos n\u00e3o Vinculados de Impostos \/ -"},{"ano_emissao_emp":"2023","n_emp":"0000181","data_emissao":"11\/05\/2023","valor":"500,00","tipo_empenho":"Ordin\u00e1rio","hist_emp":"VALOR QUE SE EMPENHA, CORRESPONDE A SOLICITA\u00c7\u00c3O DE DI\u00c1RIA PELO SERVIDOR RICARDO VALEN\u00c7A MAHON, PARA ACOMPANHAR O PRESIDENTE AMILTON C\u00cdCERO DA SILVA, NA PARTICIPA\u00c7\u00c3O DA PLEN\u00c1RIA ESTADUAL DO PLANO PLURIANUAL (PPA) PARTICIPATIVO 2024-2027 - PERNAMBUCO, QUE SER\u00c1 REALIZADO NO CENTRO DE CONVEN\u00c7\u00d5ES DE PERNAMBUCO, LOCALIZADO NA CIDADE DE OLINDA, REGI\u00c3O METROPOLITANA DO RECIFE-PE, NO DIA 12 DE MAIO DE 2023.","fornecedor":"RICARDO VALEN\u00c7A MAHON","denom_uni_orc":"CORPO DELIBERATIVO E SECRETARIA","funcao":"Legislativa","sub_funcao":"A\u00e7\u00e3o Legislativa","programa":"A\u00c7\u00c3O LEGISTIVA","acao":"MANUTEN\u00c7\u00c3O DAS ATIVIDADES ADMINISTRATIVAS","ident_acao":"Atividade","cat_econ":"Despesa Corrente","natureza_despesa":"Outras Despesas Correntes","modalidade_despesa":"Aplica\u00e7\u00f5es Diretas","elemento_despesa":"Di\u00e1rias \u2013 Civil","sub_elem_desp":"SEM SUBELEMENTO","fonte_recurso":"Recursos do Exerc\u00edcio Corrente \/ Recursos n\u00e3o Vinculados de Impostos \/ -"},{"ano_emissao_emp":"2023","n_emp":"0000182","data_emissao":"11\/05\/2023","valor":"1.000,00","tipo_empenho":"Ordin\u00e1rio","hist_emp":"VALOR QUE SE EMPENHA, CORRESPONDE A SOLICITA\u00c7\u00c3O DE DI\u00c1RIA PELO VEREADOR\/PRESIDENTE AMILTON C\u00cdCERO DA SILVA, PARA IR \u00c0 CIDADE DO RECIFE-PE, EM VISITA \u00c0 ALEPE - ASSEMBL\u00c9IA LEGISLATIVA DO ESTADO DE PERNAMBUCO, JUNTO AO GABINETE DO DEPUTADO CLEBER CHAPARRAL, COM A FINALIDADE DE TRATAR DE ASSUNTOS REFERENTE AO MUNIC\u00cdPIO DE TAQUARITINGA DO NORTE-PE.","fornecedor":"Amilton C\u00edcero da Silva","denom_uni_orc":"CORPO DELIBERATIVO E SECRETARIA","funcao":"Legislativa","sub_funcao":"A\u00e7\u00e3o Legislativa","programa":"A\u00c7\u00c3O LEGISTIVA","acao":"MANUTEN\u00c7\u00c3O DAS ATIVIDADES LEGISLATIVAS","ident_acao":"Atividade","cat_econ":"Despesa Corrente","natureza_despesa":"Outras Despesas Correntes","modalidade_despesa":"Aplica\u00e7\u00f5es Diretas","elemento_despesa":"Di\u00e1rias \u2013 Civil","sub_elem_desp":"SEM SUBELEMENTO","fonte_recurso":"Recursos do Exerc\u00edcio Corrente \/ Recursos n\u00e3o Vinculados de Impostos \/ -"},{"ano_emissao_emp":"2023","n_emp":"0000183","data_emissao":"11\/05\/2023","valor":"500,00","tipo_empenho":"Ordin\u00e1rio","hist_emp":"VALOR QUE SE EMPENHA, CORRESPONDE A SOLICITA\u00c7\u00c3O DE DI\u00c1RIA PELO SERVIDOR CLEVERTON FERREIRA DO NASCIMENTO, PARA IR \u00c0 CIDADE DO RECIFE-PE, COM A FINALIDADE DE ACOMPANHAR O VEREADOR\/ PRESIDENTE AMILTON C\u00cdCERO DA SILVA, EM VISITA \u00c0 ALEPE - ASSEMBL\u00c9IA LEGISLATIVA DO ESTADO DE PERNAMBUCO, JUNTO AO GABINETE DO DEPUTADO CLEBER CHAPARRAL PARA TRATAR DE ASSUNTOS REFERENTE AO MUNIC\u00cdPIO DE TAQUARITINGA DO NORTE-PE.","fornecedor":"CLEVERTON FERREIRA DO NASCIMENTO","denom_uni_orc":"CORPO DELIBERATIVO E SECRETARIA","funcao":"Legislativa","sub_funcao":"A\u00e7\u00e3o Legislativa","programa":"A\u00c7\u00c3O LEGISTIVA","acao":"MANUTEN\u00c7\u00c3O DAS ATIVIDADES ADMINISTRATIVAS","ident_acao":"Atividade","cat_econ":"Despesa Corrente","natureza_despesa":"Outras Despesas Correntes","modalidade_despesa":"Aplica\u00e7\u00f5es Diretas","elemento_despesa":"Di\u00e1rias \u2013 Civil","sub_elem_desp":"SEM SUBELEMENTO","fonte_recurso":"Recursos do Exerc\u00edcio Corrente \/ Recursos n\u00e3o Vinculados de Impostos \/ -"},{"ano_emissao_emp":"2023","n_emp":"0000184","data_emissao":"11\/05\/2023","valor":"90,00","tipo_empenho":"Ordin\u00e1rio","hist_emp":"VALOR QUE SE EMPENHA, CORRESPONDE \u00c0 AQUISI\u00c7\u00c3O DE UM SUPORTE PARA MICROONDAS, COM A FINALIDADE DE ATENDER AS NECESSIDADES DA COPA\/COZINHA DA C\u00c2MARA MUNICIPAL DE VEREADORES DE TAQUARITINGA DO NORTE-PE.","fornecedor":"ART MOVEIS FREI DAMIAO LTDA","denom_uni_orc":"CORPO DELIBERATIVO E SECRETARIA","funcao":"Legislativa","sub_funcao":"A\u00e7\u00e3o Legislativa","programa":"A\u00c7\u00c3O LEGISTIVA","acao":"REEQUIPAMENTO DA UNIDADE","ident_acao":"Projeto","cat_econ":"Despesa de Capital","natureza_despesa":"Investimentos","modalidade_despesa":"Aplica\u00e7\u00f5es Diretas","elemento_despesa":"Equipamentos e Material Permanente","sub_elem_desp":"SEM SUBELEMENTO","fonte_recurso":"Recursos do Exerc\u00edcio Corrente \/ Recursos n\u00e3o Vinculados de Impostos \/ -"},{"ano_emissao_emp":"2023","n_emp":"0000185","data_emissao":"12\/05\/2023","valor":"1.000,00","tipo_empenho":"Ordin\u00e1rio","hist_emp":"VALOR QUE SE EMPENHA, CORRESPONDE A SOLICITA\u00c7\u00c3O DE DI\u00c1RIA PELO VEREADOR ALEXANDRE BAS\u00cdLIO DE JESUS TIETRE, PARA IR \u00c0 CIDADE DO RECIFE-PE, EM VISITA \u00c0 ALEPE - ASSEMBL\u00c9IA LEGISLATIVA DO ESTADO DE PERNAMBUCO, JUNTO AO GABINETE DO DEPUTADO CLEBER CHAPARRAL, COM A FINALIDADE DE TRATAR DE ASSUNTOS REFERENTE AO MUNIC\u00cdPIO DE TAQUARITINGA DO NORTE-PE.","fornecedor":"ALEXANDRE BAS\u00cdLIO DE JESUS TIETRE","denom_uni_orc":"CORPO DELIBERATIVO E SECRETARIA","funcao":"Legislativa","sub_funcao":"A\u00e7\u00e3o Legislativa","programa":"A\u00c7\u00c3O LEGISTIVA","acao":"MANUTEN\u00c7\u00c3O DAS ATIVIDADES LEGISLATIVAS","ident_acao":"Atividade","cat_econ":"Despesa Corrente","natureza_despesa":"Outras Despesas Correntes","modalidade_despesa":"Aplica\u00e7\u00f5es Diretas","elemento_despesa":"Di\u00e1rias \u2013 Civil","sub_elem_desp":"SEM SUBELEMENTO","fonte_recurso":"Recursos do Exerc\u00edcio Corrente \/ Recursos n\u00e3o Vinculados de Impostos \/ -"},{"ano_emissao_emp":"2023","n_emp":"0000186","data_emissao":"12\/05\/2023","valor":"1.000,00","tipo_empenho":"Ordin\u00e1rio","hist_emp":"VALOR QUE SE EMPENHA, CORRESPONDE A SOLICITA\u00c7\u00c3O DE DI\u00c1RIA PELO VEREADOR GEOVANE PEQUENO C\u00c9ZAR, PARA IR \u00c0 CIDADE DO RECIFE-PE, EM VISITA \u00c0 ALEPE - ASSEMBL\u00c9IA LEGISLATIVA DO ESTADO DE PERNAMBUCO, JUNTO AO GABINETE DO DEPUTADO CLEBER CHAPARRAL, COM A FINALIDADE DE TRATAR DE ASSUNTOS REFERENTE AO MUNIC\u00cdPIO DE TAQUARITINGA DO NORTE-PE.","fornecedor":"GEOVANE PEQUENO C\u00c9ZAR","denom_uni_orc":"CORPO DELIBERATIVO E SECRETARIA","funcao":"Legislativa","sub_funcao":"A\u00e7\u00e3o Legislativa","programa":"A\u00c7\u00c3O LEGISTIVA","acao":"MANUTEN\u00c7\u00c3O DAS ATIVIDADES LEGISLATIVAS","ident_acao":"Atividade","cat_econ":"Despesa Corrente","natureza_despesa":"Outras Despesas Correntes","modalidade_despesa":"Aplica\u00e7\u00f5es Diretas","elemento_despesa":"Di\u00e1rias \u2013 Civil","sub_elem_desp":"SEM SUBELEMENTO","fonte_recurso":"Recursos do Exerc\u00edcio Corrente \/ Recursos n\u00e3o Vinculados de Impostos \/ -"},{"ano_emissao_emp":"2023","n_emp":"0000187","data_emissao":"12\/05\/2023","valor":"1.000,00","tipo_empenho":"Ordin\u00e1rio","hist_emp":"VALOR QUE SE EMPENHA, CORRESPONDE A SOLICITA\u00c7\u00c3O DE DI\u00c1RIA PELO VEREADOR JO\u00c3O EUG\u00caNIO LEANDRO COSTA, PARA IR \u00c0 CIDADE DO RECIFE-PE, EM VISITA \u00c0 ALEPE - ASSEMBL\u00c9IA LEGISLATIVA DO ESTADO DE PERNAMBUCO, JUNTO AO GABINETE DO DEPUTADO CLEBER CHAPARRAL, COM A FINALIDADE DE TRATAR DE ASSUNTOS REFERENTE AO MUNIC\u00cdPIO DE TAQUARITINGA DO NORTE-PE.","fornecedor":"JO\u00c3O EUG\u00caNIO LEANDRO COSTA","denom_uni_orc":"CORPO DELIBERATIVO E SECRETARIA","funcao":"Legislativa","sub_funcao":"A\u00e7\u00e3o Legislativa","programa":"A\u00c7\u00c3O LEGISTIVA","acao":"MANUTEN\u00c7\u00c3O DAS ATIVIDADES LEGISLATIVAS","ident_acao":"Atividade","cat_econ":"Despesa Corrente","natureza_despesa":"Outras Despesas Correntes","modalidade_despesa":"Aplica\u00e7\u00f5es Diretas","elemento_despesa":"Di\u00e1rias \u2013 Civil","sub_elem_desp":"SEM SUBELEMENTO","fonte_recurso":"Recursos do Exerc\u00edcio Corrente \/ Recursos n\u00e3o Vinculados de Impostos \/ -"},{"ano_emissao_emp":"2023","n_emp":"0000188","data_emissao":"17\/05\/2023","valor":"1.000,00","tipo_empenho":"Ordin\u00e1rio","hist_emp":"VALOR QUE SE EMPENHA, CORRESPONDE A SOLICITA\u00c7\u00c3O DE DI\u00c1RIA PELO VEREADOR RONALDO C\u00c9SAR DOS SANTOS SILVA, PARA DESEMPENHO DA FUN\u00c7\u00c3O DE VEREADOR DO MUNIC\u00cdPIO DE TAQUARITINGA DO NORTE-PE EM ATIVIDADE PARLAMENTAR NA CIDADE DO RECIFE-PE.","fornecedor":"RONALDO C\u00c9SAR DOS SANTOS SILVA","denom_uni_orc":"CORPO DELIBERATIVO E SECRETARIA","funcao":"Legislativa","sub_funcao":"A\u00e7\u00e3o Legislativa","programa":"A\u00c7\u00c3O LEGISTIVA","acao":"MANUTEN\u00c7\u00c3O DAS ATIVIDADES LEGISLATIVAS","ident_acao":"Atividade","cat_econ":"Despesa Corrente","natureza_despesa":"Outras Despesas Correntes","modalidade_despesa":"Aplica\u00e7\u00f5es Diretas","elemento_despesa":"Di\u00e1rias \u2013 Civil","sub_elem_desp":"SEM SUBELEMENTO","fonte_recurso":"Recursos do Exerc\u00edcio Corrente \/ Recursos n\u00e3o Vinculados de Impostos \/ -"},{"ano_emissao_emp":"2023","n_emp":"0000189","data_emissao":"17\/05\/2023","valor":"500,00","tipo_empenho":"Ordin\u00e1rio","hist_emp":"VALOR QUE SE EMPENHA, CORRESPONDE A SOLICITA\u00c7\u00c3O DE DI\u00c1RIA PELO VEREADOR JOS\u00c9 ADEMIR MARTINS, PARA DESEMPENHO DA FUN\u00c7\u00c3O DE VEREADOR DO MUNIC\u00cdPIO DE TAQUARITINGA DO NORTE-PE EM ATIVIDADE PARLAMENTAR NA CIDADE DO RECIFE-PE.","fornecedor":"JOS\u00c9 ADEMIR MARTINS","denom_uni_orc":"CORPO DELIBERATIVO E SECRETARIA","funcao":"Legislativa","sub_funcao":"A\u00e7\u00e3o Legislativa","programa":"A\u00c7\u00c3O LEGISTIVA","acao":"MANUTEN\u00c7\u00c3O DAS ATIVIDADES LEGISLATIVAS","ident_acao":"Atividade","cat_econ":"Despesa Corrente","natureza_despesa":"Outras Despesas Correntes","modalidade_despesa":"Aplica\u00e7\u00f5es Diretas","elemento_despesa":"Di\u00e1rias \u2013 Civil","sub_elem_desp":"SEM SUBELEMENTO","fonte_recurso":"Recursos do Exerc\u00edcio Corrente \/ Recursos n\u00e3o Vinculados de Impostos \/ -"},{"ano_emissao_emp":"2023","n_emp":"0000190","data_emissao":"19\/05\/2023","valor":"100,00","tipo_empenho":"Ordin\u00e1rio","hist_emp":"VALOR QUE SE EMPENHA, CORRESPONDE AOS SERVI\u00c7OS DE DUAS LAVAGENS \/ HIGIENIZA\u00c7\u00c3O NO VE\u00cdCULO OFICIAL PLACA QYF-2630, DESTA C\u00c2MARA MUNICIPAL DE VEREADORES.","fornecedor":"JOS\u00c9 NEGREIROS DA COSTA","denom_uni_orc":"CORPO DELIBERATIVO E SECRETARIA","funcao":"Legislativa","sub_funcao":"A\u00e7\u00e3o Legislativa","programa":"A\u00c7\u00c3O LEGISTIVA","acao":"MANUTEN\u00c7\u00c3O DAS ATIVIDADES ADMINISTRATIVAS","ident_acao":"Atividade","cat_econ":"Despesa Corrente","natureza_despesa":"Outras Despesas Correntes","modalidade_despesa":"Aplica\u00e7\u00f5es Diretas","elemento_despesa":"Outros Servi\u00e7os de Terceiros - Pessoa F\u00edsica","sub_elem_desp":"SEM SUBELEMENTO","fonte_recurso":"Recursos do Exerc\u00edcio Corrente \/ Recursos n\u00e3o Vinculados de Impostos \/ -"},{"ano_emissao_emp":"2023","n_emp":"0000191","data_emissao":"22\/05\/2023","valor":"4.000,00","tipo_empenho":"Ordin\u00e1rio","hist_emp":"VALOR QUE SE EMPENHA, CORRESPONDE A SOLICITA\u00c7\u00c3O DE DI\u00c1RIA PELO VEREADOR GEOVANE PEQUENO C\u00c9ZAR, PARA PARTICIPAR DO CONGRESSO NACIONAL DE AGENTES P\u00daBLICOS, QUE ACONTECER\u00c1 NOS DIAS 25 A 28 DE MAIO DE 2023, NO LITORAL HOTEL, AV. CABO BRANCO, 2172, EM JO\u00c3O PESSOA-PB.","fornecedor":"GEOVANE PEQUENO C\u00c9ZAR","denom_uni_orc":"CORPO DELIBERATIVO E SECRETARIA","funcao":"Legislativa","sub_funcao":"A\u00e7\u00e3o Legislativa","programa":"A\u00c7\u00c3O LEGISTIVA","acao":"MANUTEN\u00c7\u00c3O DAS ATIVIDADES LEGISLATIVAS","ident_acao":"Atividade","cat_econ":"Despesa Corrente","natureza_despesa":"Outras Despesas Correntes","modalidade_despesa":"Aplica\u00e7\u00f5es Diretas","elemento_despesa":"Di\u00e1rias \u2013 Civil","sub_elem_desp":"SEM SUBELEMENTO","fonte_recurso":"Recursos do Exerc\u00edcio Corrente \/ Recursos n\u00e3o Vinculados de Impostos \/ -"},{"ano_emissao_emp":"2023","n_emp":"0000192","data_emissao":"22\/05\/2023","valor":"4.000,00","tipo_empenho":"Ordin\u00e1rio","hist_emp":"VALOR QUE SE EMPENHA, CORRESPONDE A SOLICITA\u00c7\u00c3O DE DI\u00c1RIA PELO VEREADOR\/PRESIDENTE AMILTON C\u00cdCERO DA SILVA, PARA PARTICIPAR DO CONGRESSO NACIONAL DE AGENTES P\u00daBLICOS, QUE ACONTECER\u00c1 NOS DIAS 25 A 28 DE MAIO DE 2023, NO LITORAL HOTEL, AV. CABO BRANCO, 2172, EM JO\u00c3O PESSOA-PB.","fornecedor":"Amilton C\u00edcero da Silva","denom_uni_orc":"CORPO DELIBERATIVO E SECRETARIA","funcao":"Legislativa","sub_funcao":"A\u00e7\u00e3o Legislativa","programa":"A\u00c7\u00c3O LEGISTIVA","acao":"MANUTEN\u00c7\u00c3O DAS ATIVIDADES LEGISLATIVAS","ident_acao":"Atividade","cat_econ":"Despesa Corrente","natureza_despesa":"Outras Despesas Correntes","modalidade_despesa":"Aplica\u00e7\u00f5es Diretas","elemento_despesa":"Di\u00e1rias \u2013 Civil","sub_elem_desp":"SEM SUBELEMENTO","fonte_recurso":"Recursos do Exerc\u00edcio Corrente \/ Recursos n\u00e3o Vinculados de Impostos \/ -"},{"ano_emissao_emp":"2023","n_emp":"0000193","data_emissao":"22\/05\/2023","valor":"4.000,00","tipo_empenho":"Ordin\u00e1rio","hist_emp":"VALOR QUE SE EMPENHA, CORRESPONDE A SOLICITA\u00c7\u00c3O DE DI\u00c1RIA PELO VEREADOR JOS\u00c9 AMAURI MINERVA FERREIRA, PARA PARTICIPAR DO CONGRESSO NACIONAL DE AGENTES P\u00daBLICOS, QUE ACONTECER\u00c1 NOS DIAS 25 A 28 DE MAIO DE 2023, NO LITORAL HOTEL, AV. CABO BRANCO, 2172, EM JO\u00c3O PESSOA-PB.","fornecedor":"JOS\u00c9 AMAURI MINERVA FERREIRA","denom_uni_orc":"CORPO DELIBERATIVO E SECRETARIA","funcao":"Legislativa","sub_funcao":"A\u00e7\u00e3o Legislativa","programa":"A\u00c7\u00c3O LEGISTIVA","acao":"MANUTEN\u00c7\u00c3O DAS ATIVIDADES LEGISLATIVAS","ident_acao":"Atividade","cat_econ":"Despesa Corrente","natureza_despesa":"Outras Despesas Correntes","modalidade_despesa":"Aplica\u00e7\u00f5es Diretas","elemento_despesa":"Di\u00e1rias \u2013 Civil","sub_elem_desp":"SEM SUBELEMENTO","fonte_recurso":"Recursos do Exerc\u00edcio Corrente \/ Recursos n\u00e3o Vinculados de Impostos \/ -"},{"ano_emissao_emp":"2023","n_emp":"0000194","data_emissao":"22\/05\/2023","valor":"4.000,00","tipo_empenho":"Ordin\u00e1rio","hist_emp":"VALOR QUE SE EMPENHA, CORRESPONDE A SOLICITA\u00c7\u00c3O DE DI\u00c1RIA PELO VEREADOR JO\u00c3O EUG\u00caNIO LEANDRO COSTA, PARA PARTICIPAR DO CONGRESSO NACIONAL DE AGENTES P\u00daBLICOS, QUE ACONTECER\u00c1 NOS DIAS 25 A 28 DE MAIO DE 2023, NO LITORAL HOTEL, AV. CABO BRANCO, 2172, EM JO\u00c3O PESSOA-PB.","fornecedor":"JO\u00c3O EUG\u00caNIO LEANDRO COSTA","denom_uni_orc":"CORPO DELIBERATIVO E SECRETARIA","funcao":"Legislativa","sub_funcao":"A\u00e7\u00e3o Legislativa","programa":"A\u00c7\u00c3O LEGISTIVA","acao":"MANUTEN\u00c7\u00c3O DAS ATIVIDADES LEGISLATIVAS","ident_acao":"Atividade","cat_econ":"Despesa Corrente","natureza_despesa":"Outras Despesas Correntes","modalidade_despesa":"Aplica\u00e7\u00f5es Diretas","elemento_despesa":"Di\u00e1rias \u2013 Civil","sub_elem_desp":"SEM SUBELEMENTO","fonte_recurso":"Recursos do Exerc\u00edcio Corrente \/ Recursos n\u00e3o Vinculados de Impostos \/ -"},{"ano_emissao_emp":"2023","n_emp":"0000195","data_emissao":"22\/05\/2023","valor":"4.000,00","tipo_empenho":"Ordin\u00e1rio","hist_emp":"VALOR QUE SE EMPENHA, CORRESPONDE A SOLICITA\u00c7\u00c3O DE DI\u00c1RIA PELO VEREADOR JOS\u00c9 ERALDO PEREIRA DOS SANTOS, PARA PARTICIPAR DO CONGRESSO NACIONAL DE AGENTES P\u00daBLICOS, QUE ACONTECER\u00c1 NOS DIAS 25 A 28 DE MAIO DE 2023, NO LITORAL HOTEL, AV. CABO BRANCO, 2172, EM JO\u00c3O PESSOA-PB.","fornecedor":"JOS\u00c9 ERALDO PEREIRA DOS SANTOS","denom_uni_orc":"CORPO DELIBERATIVO E SECRETARIA","funcao":"Legislativa","sub_funcao":"A\u00e7\u00e3o Legislativa","programa":"A\u00c7\u00c3O LEGISTIVA","acao":"MANUTEN\u00c7\u00c3O DAS ATIVIDADES LEGISLATIVAS","ident_acao":"Atividade","cat_econ":"Despesa Corrente","natureza_despesa":"Outras Despesas Correntes","modalidade_despesa":"Aplica\u00e7\u00f5es Diretas","elemento_despesa":"Di\u00e1rias \u2013 Civil","sub_elem_desp":"SEM SUBELEMENTO","fonte_recurso":"Recursos do Exerc\u00edcio Corrente \/ Recursos n\u00e3o Vinculados de Impostos \/ -"},{"ano_emissao_emp":"2023","n_emp":"0000196","data_emissao":"22\/05\/2023","valor":"4.000,00","tipo_empenho":"Ordin\u00e1rio","hist_emp":"VALOR QUE SE EMPENHA, CORRESPONDE A SOLICITA\u00c7\u00c3O DE DI\u00c1RIAS PELO VEREADOR RONALDO C\u00c9SAR DOS SANTOS SILVA, PARA PARTICIPAR DO CONGRESSO NACIONAL DE AGENTES P\u00daBLICOS, QUE ACONTECER\u00c1 NOS DIAS 25 A 28 DE MAIO DE 2023, NO LITORAL HOTEL, AV. CABO BRANCO, 2172, EM JO\u00c3O PESSOA-PB.","fornecedor":"RONALDO C\u00c9SAR DOS SANTOS SILVA","denom_uni_orc":"CORPO DELIBERATIVO E SECRETARIA","funcao":"Legislativa","sub_funcao":"A\u00e7\u00e3o Legislativa","programa":"A\u00c7\u00c3O LEGISTIVA","acao":"MANUTEN\u00c7\u00c3O DAS ATIVIDADES LEGISLATIVAS","ident_acao":"Atividade","cat_econ":"Despesa Corrente","natureza_despesa":"Outras Despesas Correntes","modalidade_despesa":"Aplica\u00e7\u00f5es Diretas","elemento_despesa":"Di\u00e1rias \u2013 Civil","sub_elem_desp":"SEM SUBELEMENTO","fonte_recurso":"Recursos do Exerc\u00edcio Corrente \/ Recursos n\u00e3o Vinculados de Impostos \/ -"},{"ano_emissao_emp":"2023","n_emp":"0000197","data_emissao":"22\/05\/2023","valor":"4.000,00","tipo_empenho":"Ordin\u00e1rio","hist_emp":"VALOR QUE SE EMPENHA, CORRESPONDE A SOLICITA\u00c7\u00c3O DE DI\u00c1RIA PELO VEREADOR JOS\u00c9 ADEMIR MARTINS, PARA PARTICIPAR DO CONGRESSO NACIONAL DE AGENTES P\u00daBLICOS, QUE ACONTECER\u00c1 NOS DIAS 25 A 28 DE MAIO DE 2023, NO LITORAL HOTEL, AV. CABO BRANCO, 2172, EM JO\u00c3O PESSOA-PB.","fornecedor":"JOS\u00c9 ADEMIR MARTINS","denom_uni_orc":"CORPO DELIBERATIVO E SECRETARIA","funcao":"Legislativa","sub_funcao":"A\u00e7\u00e3o Legislativa","programa":"A\u00c7\u00c3O LEGISTIVA","acao":"MANUTEN\u00c7\u00c3O DAS ATIVIDADES LEGISLATIVAS","ident_acao":"Atividade","cat_econ":"Despesa Corrente","natureza_despesa":"Outras Despesas Correntes","modalidade_despesa":"Aplica\u00e7\u00f5es Diretas","elemento_despesa":"Di\u00e1rias \u2013 Civil","sub_elem_desp":"SEM SUBELEMENTO","fonte_recurso":"Recursos do Exerc\u00edcio Corrente \/ Recursos n\u00e3o Vinculados de Impostos \/ -"},{"ano_emissao_emp":"2023","n_emp":"0000198","data_emissao":"22\/05\/2023","valor":"4.000,00","tipo_empenho":"Ordin\u00e1rio","hist_emp":"VALOR QUE SE EMPENHA, CORRESPONDE A SOLICITA\u00c7\u00c3O DE DI\u00c1RIA PELO VEREADOR ALEXANDRE BAS\u00cdLIO DE JESUS TIETRE, PARA PARTICIPAR DO CONGRESSO NACIONAL DE AGENTES P\u00daBLICOS, QUE ACONTECER\u00c1 NOS DIAS 25 A 28 DE MAIO DE 2023, NO LITORAL HOTEL, AV. CABO BRANCO, 2172, EM JO\u00c3O PESSOA-PB.","fornecedor":"ALEXANDRE BAS\u00cdLIO DE JESUS TIETRE","denom_uni_orc":"CORPO DELIBERATIVO E SECRETARIA","funcao":"Legislativa","sub_funcao":"A\u00e7\u00e3o Legislativa","programa":"A\u00c7\u00c3O LEGISTIVA","acao":"MANUTEN\u00c7\u00c3O DAS ATIVIDADES LEGISLATIVAS","ident_acao":"Atividade","cat_econ":"Despesa Corrente","natureza_despesa":"Outras Despesas Correntes","modalidade_despesa":"Aplica\u00e7\u00f5es Diretas","elemento_despesa":"Di\u00e1rias \u2013 Civil","sub_elem_desp":"SEM SUBELEMENTO","fonte_recurso":"Recursos do Exerc\u00edcio Corrente \/ Recursos n\u00e3o Vinculados de Impostos \/ -"},{"ano_emissao_emp":"2023","n_emp":"0000199","data_emissao":"22\/05\/2023","valor":"4.000,00","tipo_empenho":"Ordin\u00e1rio","hist_emp":"VALOR QUE SE EMPENHA, CORRESPONDE A SOLICITA\u00c7\u00c3O DE DI\u00c1RIA PELA VEREADORA NAT\u00c1LIA PEREIRA DA SILVA LIMA, PARA PARTICIPAR DO CONGRESSO NACIONAL DE AGENTES P\u00daBLICOS, QUE ACONTECER\u00c1 NOS DIAS 25 A 28 DE MAIO DE 2023, NO LITORAL HOTEL, AV. CABO BRANCO, 2172, EM JO\u00c3O PESSOA-PB.","fornecedor":"NAT\u00c1LIA PEREIRA DA SILVA LIMA","denom_uni_orc":"CORPO DELIBERATIVO E SECRETARIA","funcao":"Legislativa","sub_funcao":"A\u00e7\u00e3o Legislativa","programa":"A\u00c7\u00c3O LEGISTIVA","acao":"MANUTEN\u00c7\u00c3O DAS ATIVIDADES LEGISLATIVAS","ident_acao":"Atividade","cat_econ":"Despesa Corrente","natureza_despesa":"Outras Despesas Correntes","modalidade_despesa":"Aplica\u00e7\u00f5es Diretas","elemento_despesa":"Di\u00e1rias \u2013 Civil","sub_elem_desp":"SEM SUBELEMENTO","fonte_recurso":"Recursos do Exerc\u00edcio Corrente \/ Recursos n\u00e3o Vinculados de Impostos \/ -"},{"ano_emissao_emp":"2023","n_emp":"0000200","data_emissao":"22\/05\/2023","valor":"4.000,00","tipo_empenho":"Ordin\u00e1rio","hist_emp":"VALOR QUE SE EMPENHA, CORRESPONDE A SOLICITA\u00c7\u00c3O DE DI\u00c1RIA PELO VEREADOR H\u00c9LIO JUNIOR FLOR\u00caNCIO, PARA PARTICIPAR DO CONGRESSO NACIONAL DE AGENTES P\u00daBLICOS, QUE ACONTECER\u00c1 NOS DIAS 25 A 28 DE MAIO DE 2023, NO LITORAL HOTEL, AV. CABO BRANCO, 2172, EM JO\u00c3O PESSOA-PB.","fornecedor":"H\u00c9LIO JUNIOR FLOR\u00caNCIO","denom_uni_orc":"CORPO DELIBERATIVO E SECRETARIA","funcao":"Legislativa","sub_funcao":"A\u00e7\u00e3o Legislativa","programa":"A\u00c7\u00c3O LEGISTIVA","acao":"MANUTEN\u00c7\u00c3O DAS ATIVIDADES LEGISLATIVAS","ident_acao":"Atividade","cat_econ":"Despesa Corrente","natureza_despesa":"Outras Despesas Correntes","modalidade_despesa":"Aplica\u00e7\u00f5es Diretas","elemento_despesa":"Di\u00e1rias \u2013 Civil","sub_elem_desp":"SEM SUBELEMENTO","fonte_recurso":"Recursos do Exerc\u00edcio Corrente \/ Recursos n\u00e3o Vinculados de Impostos \/ -"},{"ano_emissao_emp":"2023","n_emp":"0000201","data_emissao":"22\/05\/2023","valor":"4.000,00","tipo_empenho":"Ordin\u00e1rio","hist_emp":"VALOR QUE SE EMPENHA, CORRESPONDE A SOLICITA\u00c7\u00c3O DE DI\u00c1RIA PELO VEREADOR GUILHERME HENRIQUE MENDES DE FARIAS, PARA PARTICIPAR DO CONGRESSO NACIONAL DE AGENTES P\u00daBLICOS, QUE ACONTECER\u00c1 NOS DIAS 25 A 28 DE MAIO DE 2023, NO LITORAL HOTEL, AV. CABO BRANCO, 2172, EM JO\u00c3O PESSOA-PB.","fornecedor":"GUILHERME HENRIQUE MENDES DE FARIAS","denom_uni_orc":"CORPO DELIBERATIVO E SECRETARIA","funcao":"Legislativa","sub_funcao":"A\u00e7\u00e3o Legislativa","programa":"A\u00c7\u00c3O LEGISTIVA","acao":"MANUTEN\u00c7\u00c3O DAS ATIVIDADES LEGISLATIVAS","ident_acao":"Atividade","cat_econ":"Despesa Corrente","natureza_despesa":"Outras Despesas Correntes","modalidade_despesa":"Aplica\u00e7\u00f5es Diretas","elemento_despesa":"Di\u00e1rias \u2013 Civil","sub_elem_desp":"SEM SUBELEMENTO","fonte_recurso":"Recursos do Exerc\u00edcio Corrente \/ Recursos n\u00e3o Vinculados de Impostos \/ -"},{"ano_emissao_emp":"2023","n_emp":"0000202","data_emissao":"22\/05\/2023","valor":"8.800,00","tipo_empenho":"Ordin\u00e1rio","hist_emp":"VALOR QUE SE EMPENHA, CORRESPONDE \u00c0 ONZE INSCRI\u00c7\u00d5ES DESTINADAS AOS VEREADORES DESTA C\u00c2MARA MUNICIPAL, PARA PARTICIPAREM DO CONGRESSO NACIONAL DE AGENTES P\u00daBLICOS E POL\u00cdTICOS, REALIZADO PELA EMPRESA APRENDER E CAPACITAR BRASIL LTDA, NOS DIAS 25 A 28 DE MAIO DE 2023, NO LITORAL HOTEL, AV. CABO BRANCO, 2172, EM JO\u00c3O PESSOA-PB.","fornecedor":"APRENDER E CAPACITAR BRASIL LTDA","denom_uni_orc":"CORPO DELIBERATIVO E SECRETARIA","funcao":"Legislativa","sub_funcao":"A\u00e7\u00e3o Legislativa","programa":"A\u00c7\u00c3O LEGISTIVA","acao":"MANUTEN\u00c7\u00c3O DAS ATIVIDADES ADMINISTRATIVAS","ident_acao":"Atividade","cat_econ":"Despesa Corrente","natureza_despesa":"Outras Despesas Correntes","modalidade_despesa":"Aplica\u00e7\u00f5es Diretas","elemento_despesa":"Outros Servi\u00e7os de Terceiros - Pessoa Jur\u00eddica","sub_elem_desp":"SEM SUBELEMENTO","fonte_recurso":"Recursos do Exerc\u00edcio Corrente \/ Recursos n\u00e3o Vinculados de Impostos \/ -"},{"ano_emissao_emp":"2023","n_emp":"0000203","data_emissao":"25\/05\/2023","valor":"160,00","tipo_empenho":"Ordin\u00e1rio","hist_emp":"VALOR QUE SE EMPENHA, CORRESPONDE AO ABASTECIMENTO DE \u00c1GUA POR CARRO PIPA NO PR\u00c9DIO DA C\u00c2MARA MUNICIPAL DE VEREADORES DE TAQUARITINGA DO NORTE-PE, EM MAIO DE 2023.","fornecedor":"M\u00c1RCIO ANDR\u00c9 MANOEL DA SILVA","denom_uni_orc":"CORPO DELIBERATIVO E SECRETARIA","funcao":"Legislativa","sub_funcao":"A\u00e7\u00e3o Legislativa","programa":"A\u00c7\u00c3O LEGISTIVA","acao":"MANUTEN\u00c7\u00c3O DAS ATIVIDADES ADMINISTRATIVAS","ident_acao":"Atividade","cat_econ":"Despesa Corrente","natureza_despesa":"Outras Despesas Correntes","modalidade_despesa":"Aplica\u00e7\u00f5es Diretas","elemento_despesa":"Outros Servi\u00e7os de Terceiros - Pessoa F\u00edsica","sub_elem_desp":"SEM SUBELEMENTO","fonte_recurso":"Recursos do Exerc\u00edcio Corrente \/ Recursos n\u00e3o Vinculados de Impostos \/ -"},{"ano_emissao_emp":"2023","n_emp":"0000204","data_emissao":"26\/05\/2023","valor":"100,00","tipo_empenho":"Ordin\u00e1rio","hist_emp":"VALOR QUE SE EMPENHA, CORRESPONDE AOS SERVI\u00c7OS DE DUAS LAVAGENS \/ HIGIENIZA\u00c7\u00c3O NO VE\u00cdCULO OFICIAL PLACA QYF-2630, DESTA C\u00c2MARA MUNICIPAL DE VEREADORES.","fornecedor":"JOS\u00c9 NEGREIROS DA COSTA","denom_uni_orc":"CORPO DELIBERATIVO E SECRETARIA","funcao":"Legislativa","sub_funcao":"A\u00e7\u00e3o Legislativa","programa":"A\u00c7\u00c3O LEGISTIVA","acao":"MANUTEN\u00c7\u00c3O DAS ATIVIDADES ADMINISTRATIVAS","ident_acao":"Atividade","cat_econ":"Despesa Corrente","natureza_despesa":"Outras Despesas Correntes","modalidade_despesa":"Aplica\u00e7\u00f5es Diretas","elemento_despesa":"Outros Servi\u00e7os de Terceiros - Pessoa F\u00edsica","sub_elem_desp":"SEM SUBELEMENTO","fonte_recurso":"Recursos do Exerc\u00edcio Corrente \/ Recursos n\u00e3o Vinculados de Impostos \/ -"},{"ano_emissao_emp":"2023","n_emp":"0000205","data_emissao":"26\/05\/2023","valor":"200,00","tipo_empenho":"Ordin\u00e1rio","hist_emp":"VALOR QUE SE EMPENHA, CORRESPONDE A PRESTA\u00c7\u00c3O DE SERVI\u00c7OS DE HOSPEDAGEM E MANUTEN\u00c7\u00c3O DO SISTEMA DE PROTOCOLO CENTRAL DA C\u00c2MARA MUNICIPAL DE VEREADORES DE TAQUARITINGA DO NORTE-PE, EM MAIO DE 2023.","fornecedor":"M\u00c1RIO LEANDRO PEREIRA DA SILVA","denom_uni_orc":"CORPO DELIBERATIVO E SECRETARIA","funcao":"Legislativa","sub_funcao":"A\u00e7\u00e3o Legislativa","programa":"A\u00c7\u00c3O LEGISTIVA","acao":"MANUTEN\u00c7\u00c3O DAS ATIVIDADES ADMINISTRATIVAS","ident_acao":"Atividade","cat_econ":"Despesa Corrente","natureza_despesa":"Outras Despesas Correntes","modalidade_despesa":"Aplica\u00e7\u00f5es Diretas","elemento_despesa":"Outros Servi\u00e7os de Terceiros - Pessoa F\u00edsica","sub_elem_desp":"SEM SUBELEMENTO","fonte_recurso":"Recursos do Exerc\u00edcio Corrente \/ Recursos n\u00e3o Vinculados de Impostos \/ -"},{"ano_emissao_emp":"2023","n_emp":"0000206","data_emissao":"26\/05\/2023","valor":"270,00","tipo_empenho":"Ordin\u00e1rio","hist_emp":"VALOR QUE SE EMPENHA, CORRESPONDE AOS SERVI\u00c7OS DE MANUTEN\u00c7\u00c3O NA IMPRESSORA EPSON L396, COM PE\u00c7AS INCLUSAS, COM A FINALIDADE DE ATENDER AS DEMANDAS ADMINISTRATIVAS DESTA C\u00c2MARA MUNICIPAL DE VEREADORES.","fornecedor":"JESSE MARQUES GENUINO 07480244410","denom_uni_orc":"CORPO DELIBERATIVO E SECRETARIA","funcao":"Legislativa","sub_funcao":"A\u00e7\u00e3o Legislativa","programa":"A\u00c7\u00c3O LEGISTIVA","acao":"MANUTEN\u00c7\u00c3O DAS ATIVIDADES ADMINISTRATIVAS","ident_acao":"Atividade","cat_econ":"Despesa Corrente","natureza_despesa":"Outras Despesas Correntes","modalidade_despesa":"Aplica\u00e7\u00f5es Diretas","elemento_despesa":"Outros Servi\u00e7os de Terceiros - Pessoa Jur\u00eddica","sub_elem_desp":"SEM SUBELEMENTO","fonte_recurso":"Recursos do Exerc\u00edcio Corrente \/ Recursos n\u00e3o Vinculados de Impostos \/ -"},{"ano_emissao_emp":"2023","n_emp":"0000207","data_emissao":"01\/06\/2023","valor":"129.500,00","tipo_empenho":"Estimativo","hist_emp":"VALOR QUE SE EMPENHA, CORRESPONDE AO AUX\u00cdLIO ALIMENTA\u00c7\u00c3O, CONFORME DISP\u00d5E A LEI N\u00b0 2110\/2022, PARA OS VEREADORES E SERVIDORES DESTA CASA LEGISLATIVA, NO PER\u00cdODO DE JUNHO A DEZEMBRO DE 2023.","fornecedor":"C\u00c2MARA MUNICIPAL DE VEREADORES","denom_uni_orc":"CORPO DELIBERATIVO E SECRETARIA","funcao":"Legislativa","sub_funcao":"A\u00e7\u00e3o Legislativa","programa":"A\u00c7\u00c3O LEGISTIVA","acao":"MANUTEN\u00c7\u00c3O VERBA INDENIZATORIA","ident_acao":"Atividade","cat_econ":"Despesa Corrente","natureza_despesa":"Outras Despesas Correntes","modalidade_despesa":"Aplica\u00e7\u00f5es Diretas","elemento_despesa":"Indeniza\u00e7\u00f5es e Restitui\u00e7\u00f5es","sub_elem_desp":"SEM SUBELEMENTO","fonte_recurso":"Recursos do Exerc\u00edcio Corrente \/ Recursos n\u00e3o Vinculados de Impostos \/ -"},{"ano_emissao_emp":"2023","n_emp":"0000208","data_emissao":"01\/06\/2023","valor":"1.000,00","tipo_empenho":"Ordin\u00e1rio","hist_emp":"VALOR QUE SE EMPENHA, CORRESPONDE A SOLICITA\u00c7\u00c3O DE DI\u00c1RIA PELO VEREADOR\/ PRESIDENTE AMILTON C\u00cdCERO DA SILVA, PARA IR \u00c0 CIDADE DO RECIFE-PE, EM VISITA AO INSTITUTO AGRON\u00d4MICO DE PERNAMBUCO, REQUERER A VIABILIZA\u00c7\u00c3O DE VERBA PARA A CONSTRU\u00c7\u00c3O DE 500 CISTERNAS NA ZONA RURAL DO MUNIC\u00cdPIO E A LIBERA\u00c7\u00c3O DE 1.500 HORAS DE M\u00c1QUINA, PARA A LIMPEZA DE A\u00c7UDES. NA OCASI\u00c3O, TAMB\u00c9M IREI AO GABINETE DO DEPUTADO ESTADUAL DE PERNAMBUCO, CLEITON COLLINS, PEDIR QUE SEJA VIABILIZADO A IMPLANTA\u00c7\u00c3O\/CONCESS\u00c3O DA TV C\u00c2MARA NO MUN","fornecedor":"Amilton C\u00edcero da Silva","denom_uni_orc":"CORPO DELIBERATIVO E SECRETARIA","funcao":"Legislativa","sub_funcao":"A\u00e7\u00e3o Legislativa","programa":"A\u00c7\u00c3O LEGISTIVA","acao":"MANUTEN\u00c7\u00c3O DAS ATIVIDADES LEGISLATIVAS","ident_acao":"Atividade","cat_econ":"Despesa Corrente","natureza_despesa":"Outras Despesas Correntes","modalidade_despesa":"Aplica\u00e7\u00f5es Diretas","elemento_despesa":"Di\u00e1rias \u2013 Civil","sub_elem_desp":"SEM SUBELEMENTO","fonte_recurso":"Recursos do Exerc\u00edcio Corrente \/ Recursos n\u00e3o Vinculados de Impostos \/ -"},{"ano_emissao_emp":"2023","n_emp":"0000209","data_emissao":"01\/06\/2023","valor":"500,00","tipo_empenho":"Ordin\u00e1rio","hist_emp":"VALOR QUE SE EMPENHA, CORRESPONDE A SOLICITA\u00c7\u00c3O DE DI\u00c1RIA PELO SERVIDOR RICARDO VALEN\u00c7A MAHON, PARA ACOMPANHAR O PRESIDENTE DESTA CASA LEGISLATIVA EM VISITA AO INSTITUTO AGRON\u00d4MICO DE PERNAMBUCO E AO GABINETE DO DEPUTADO ESTADUAL DE PERNAMBUCO, CLEITON COLLINS, AMBOS SITUADOS NA CIDADE DO RECIFE-PE, COM A FINALIDADE DE SOLICITAR DEMANDAS PARA ESTE MUNIC\u00cdPIO.","fornecedor":"RICARDO VALEN\u00c7A MAHON","denom_uni_orc":"CORPO DELIBERATIVO E SECRETARIA","funcao":"Legislativa","sub_funcao":"A\u00e7\u00e3o Legislativa","programa":"A\u00c7\u00c3O LEGISTIVA","acao":"MANUTEN\u00c7\u00c3O DAS ATIVIDADES ADMINISTRATIVAS","ident_acao":"Atividade","cat_econ":"Despesa Corrente","natureza_despesa":"Outras Despesas Correntes","modalidade_despesa":"Aplica\u00e7\u00f5es Diretas","elemento_despesa":"Di\u00e1rias \u2013 Civil","sub_elem_desp":"SEM SUBELEMENTO","fonte_recurso":"Recursos do Exerc\u00edcio Corrente \/ Recursos n\u00e3o Vinculados de Impostos \/ -"},{"ano_emissao_emp":"2023","n_emp":"0000210","data_emissao":"02\/06\/2023","valor":"300,00","tipo_empenho":"Ordin\u00e1rio","hist_emp":"VALOR QUE SE EMPENHA, CORRESPONDE A SOLICITA\u00c7\u00c3O DE DI\u00c1RIA PELO SERVIDOR RICARDO VALEN\u00c7A MAHON, PARA FAZER COTA\u00c7\u00d5ES NA CIDADE DE CARUARU-PE, REFERENTE EQUIPAMENTOS DE INFORM\u00c1TICA, SEJAM ELES: UM SCANNER DE MESA WORKFORCE ES-400 OU EQUIVALENTE, ASSIM COMO, IMPRESSORA , NOTBOOK E COMPUTADORES DE MESA DE CONFIGURA\u00c7\u00c3O M\u00cdNIMA: PROCESSADOR I5, MEM\u00d3RIA RAM DE 8GB E SSD DE 256 GB OU EQUIVALENTE, TENDO EM VISTA A NECESSIDADE DOS MESMOS, PARA DAR ANDAMENTO AOS TRABALHOS NOS SETORES DESTA CASA LEGISLATIVA.","fornecedor":"RICARDO VALEN\u00c7A MAHON","denom_uni_orc":"CORPO DELIBERATIVO E SECRETARIA","funcao":"Legislativa","sub_funcao":"A\u00e7\u00e3o Legislativa","programa":"A\u00c7\u00c3O LEGISTIVA","acao":"MANUTEN\u00c7\u00c3O DAS ATIVIDADES ADMINISTRATIVAS","ident_acao":"Atividade","cat_econ":"Despesa Corrente","natureza_despesa":"Outras Despesas Correntes","modalidade_despesa":"Aplica\u00e7\u00f5es Diretas","elemento_despesa":"Di\u00e1rias \u2013 Civil","sub_elem_desp":"SEM SUBELEMENTO","fonte_recurso":"Recursos do Exerc\u00edcio Corrente \/ Recursos n\u00e3o Vinculados de Impostos \/ -"},{"ano_emissao_emp":"2023","n_emp":"0000211","data_emissao":"16\/06\/2023","valor":"1.000,00","tipo_empenho":"Ordin\u00e1rio","hist_emp":"VALOR QUE SE EMPENHA, CORRESPONDE A SOLICITA\u00c7\u00c3O DE DI\u00c1RIA PELO VEREADOR H\u00c9LIO JUNIOR FLOR\u00caNCIO, COM A FINALIDADE DE VIAGEM PARA ATIVIDADE PARLAMENTAR NA CIDADE DO RECIFE-PE, EM VISITA AO GABINETE DO DEPUTADO ESTADUAL ABIMAEL DOS SANTOS PEREIRA, NO PER\u00cdODO DE 20 DE JUNHO DE 2023, EM BUSCA DE MELHORIAS PARA O MUNIC\u00cdPIO DE TAQUARITINGA DO NORTE-PE.","fornecedor":"H\u00c9LIO JUNIOR FLOR\u00caNCIO","denom_uni_orc":"CORPO DELIBERATIVO E SECRETARIA","funcao":"Legislativa","sub_funcao":"A\u00e7\u00e3o Legislativa","programa":"A\u00c7\u00c3O LEGISTIVA","acao":"MANUTEN\u00c7\u00c3O DAS ATIVIDADES LEGISLATIVAS","ident_acao":"Atividade","cat_econ":"Despesa Corrente","natureza_despesa":"Outras Despesas Correntes","modalidade_despesa":"Aplica\u00e7\u00f5es Diretas","elemento_despesa":"Di\u00e1rias \u2013 Civil","sub_elem_desp":"SEM SUBELEMENTO","fonte_recurso":"Recursos do Exerc\u00edcio Corrente \/ Recursos n\u00e3o Vinculados de Impostos \/ -"},{"ano_emissao_emp":"2023","n_emp":"0000212","data_emissao":"22\/06\/2023","valor":"1.000,00","tipo_empenho":"Ordin\u00e1rio","hist_emp":"VALOR QUE SE EMPENHA, CORRESPONDE A SOLICITA\u00c7\u00c3O DE DI\u00c1RIA PELO VEREADOR RONALDO C\u00c9SAR DOS SANTOS SILVA, PARA DESEMPENHO DA FUN\u00c7\u00c3O DE VEREADOR DO MUNIC\u00cdPIO DE TAQUARITINGA DO NORTE-PE EM ATIVIDADE PARLAMENTAR NA CIDADE DO RECIFE-PE.","fornecedor":"RONALDO C\u00c9SAR DOS SANTOS SILVA","denom_uni_orc":"CORPO DELIBERATIVO E SECRETARIA","funcao":"Legislativa","sub_funcao":"A\u00e7\u00e3o Legislativa","programa":"A\u00c7\u00c3O LEGISTIVA","acao":"MANUTEN\u00c7\u00c3O DAS ATIVIDADES LEGISLATIVAS","ident_acao":"Atividade","cat_econ":"Despesa Corrente","natureza_despesa":"Outras Despesas Correntes","modalidade_despesa":"Aplica\u00e7\u00f5es Diretas","elemento_despesa":"Di\u00e1rias \u2013 Civil","sub_elem_desp":"SEM SUBELEMENTO","fonte_recurso":"Recursos do Exerc\u00edcio Corrente \/ Recursos n\u00e3o Vinculados de Impostos \/ -"},{"ano_emissao_emp":"2023","n_emp":"0000213","data_emissao":"26\/06\/2023","valor":"50,00","tipo_empenho":"Ordin\u00e1rio","hist_emp":"VALOR QUE SE EMPENHA, CORRESPONDE AOS SERVI\u00c7OS DE LAVAGEM \/ HIGIENIZA\u00c7\u00c3O NO VE\u00cdCULO OFICIAL PLACA QYF-2630, DESTA C\u00c2MARA MUNICIPAL DE VEREADORES.","fornecedor":"JOS\u00c9 NEGREIROS DA COSTA","denom_uni_orc":"CORPO DELIBERATIVO E SECRETARIA","funcao":"Legislativa","sub_funcao":"A\u00e7\u00e3o Legislativa","programa":"A\u00c7\u00c3O LEGISTIVA","acao":"MANUTEN\u00c7\u00c3O DAS ATIVIDADES ADMINISTRATIVAS","ident_acao":"Atividade","cat_econ":"Despesa Corrente","natureza_despesa":"Outras Despesas Correntes","modalidade_despesa":"Aplica\u00e7\u00f5es Diretas","elemento_despesa":"Outros Servi\u00e7os de Terceiros - Pessoa F\u00edsica","sub_elem_desp":"SEM SUBELEMENTO","fonte_recurso":"Recursos do Exerc\u00edcio Corrente \/ Recursos n\u00e3o Vinculados de Impostos \/ -"},{"ano_emissao_emp":"2023","n_emp":"0000214","data_emissao":"26\/06\/2023","valor":"150,00","tipo_empenho":"Ordin\u00e1rio","hist_emp":"VALOR QUE SE EMPENHA, CORRESPONDE A SOLICITA\u00c7\u00c3O DE DI\u00c1RIA PELO SERVIDOR ROMULO RENAM ANDRADE SOUZA, PARA IR AO CENTRO REGIONAL DE TREINAMENTO EM ADMINISTRA\u00c7\u00c3O MUNICIPAL - CERTAM, SITUADO NA CIDADE DE CARUARU-PE, COM A FINALIDADE DE TRATAR DE ASSUNTOS REFERENTE A PRESTA\u00c7\u00c3O DE CONTAS DO 1\u00b0 SEMESTRE 2023 DESTA C\u00c2MARA MUNICIPAL DE VEREADORES.","fornecedor":"ROMULO RENAM ANDRADE SOUZA","denom_uni_orc":"CORPO DELIBERATIVO E SECRETARIA","funcao":"Legislativa","sub_funcao":"A\u00e7\u00e3o Legislativa","programa":"A\u00c7\u00c3O LEGISTIVA","acao":"MANUTEN\u00c7\u00c3O DAS ATIVIDADES ADMINISTRATIVAS","ident_acao":"Atividade","cat_econ":"Despesa Corrente","natureza_despesa":"Outras Despesas Correntes","modalidade_despesa":"Aplica\u00e7\u00f5es Diretas","elemento_despesa":"Di\u00e1rias \u2013 Civil","sub_elem_desp":"SEM SUBELEMENTO","fonte_recurso":"Recursos do Exerc\u00edcio Corrente \/ Recursos n\u00e3o Vinculados de Impostos \/ -"},{"ano_emissao_emp":"2023","n_emp":"0000215","data_emissao":"26\/06\/2023","valor":"150,00","tipo_empenho":"Ordin\u00e1rio","hist_emp":"VALOR QUE SE EMPENHA, CORRESPONDE A SOLICITA\u00c7\u00c3O DE DI\u00c1RIA PELO SERVIDOR JOS\u00c9 DI\u00caGO BEZERRA DE LIMA, PARA IR AO CENTRO REGIONAL DE TREINAMENTO EM ADMINISTRA\u00c7\u00c3O MUNICIPAL - CERTAM, SITUADO NA CIDADE DE CARUARU-PE, COM A FINALIDADE DE TRATAR DE ASSUNTOS REFERENTE A PRESTA\u00c7\u00c3O DE CONTAS DO 1\u00b0 SEMESTRE 2023 DESTA C\u00c2MARA MUNICIPAL DE VEREADORES.","fornecedor":"JOS\u00c9 DI\u00caGO BEZERRA DE LIMA","denom_uni_orc":"CORPO DELIBERATIVO E SECRETARIA","funcao":"Legislativa","sub_funcao":"A\u00e7\u00e3o Legislativa","programa":"A\u00c7\u00c3O LEGISTIVA","acao":"MANUTEN\u00c7\u00c3O DAS ATIVIDADES ADMINISTRATIVAS","ident_acao":"Atividade","cat_econ":"Despesa Corrente","natureza_despesa":"Outras Despesas Correntes","modalidade_despesa":"Aplica\u00e7\u00f5es Diretas","elemento_despesa":"Di\u00e1rias \u2013 Civil","sub_elem_desp":"SEM SUBELEMENTO","fonte_recurso":"Recursos do Exerc\u00edcio Corrente \/ Recursos n\u00e3o Vinculados de Impostos \/ -"},{"ano_emissao_emp":"2023","n_emp":"0000216","data_emissao":"03\/07\/2023","valor":"300,00","tipo_empenho":"Ordin\u00e1rio","hist_emp":"VALOR QUE SE EMPENHA, CORRESPONDE A SOLICITA\u00c7\u00c3O DE DI\u00c1RIA PELO VEREADOR\/ PRESIDENTE AMILTON C\u00cdCERO DA SILVA, PARA IR \u00c0 CIDADE DE CARUARU-PE, COM O OBJETIVO DE PRESTIGIAR O EVENTO DE INAUGURA\u00c7\u00c3O DA NOVA DELEGACIA E UNIDADE OPERACIONAL (UOP), DA POL\u00cdCIA RODOVI\u00c1RIA FEDERAL (PRF), QUE SER\u00c1 REALIZADO NA MANH\u00c3 DO DIA QUATRO DE JULHO DE 2023, A PARTIR DAS 11H, NA \u00c1REA EXTERNA DAS NOVAS EDIFICA\u00c7\u00d5ES, LOCALIZADAS NA BR-104.","fornecedor":"Amilton C\u00edcero da Silva","denom_uni_orc":"CORPO DELIBERATIVO E SECRETARIA","funcao":"Legislativa","sub_funcao":"A\u00e7\u00e3o Legislativa","programa":"A\u00c7\u00c3O LEGISTIVA","acao":"MANUTEN\u00c7\u00c3O DAS ATIVIDADES LEGISLATIVAS","ident_acao":"Atividade","cat_econ":"Despesa Corrente","natureza_despesa":"Outras Despesas Correntes","modalidade_despesa":"Aplica\u00e7\u00f5es Diretas","elemento_despesa":"Di\u00e1rias \u2013 Civil","sub_elem_desp":"SEM SUBELEMENTO","fonte_recurso":"Recursos do Exerc\u00edcio Corrente \/ Recursos n\u00e3o Vinculados de Impostos \/ -"},{"ano_emissao_emp":"2023","n_emp":"0000217","data_emissao":"03\/07\/2023","valor":"300,00","tipo_empenho":"Ordin\u00e1rio","hist_emp":"VALOR QUE SE EMPENHA, CORRESPONDE A SOLICITA\u00c7\u00c3O DE DI\u00c1RIA PELO VEREADOR ALEXANDRE BAS\u00cdLIO DE JESUS TIETRE, PARA IR \u00c0 CIDADE DE CARUARU-PE, COM O OBJETIVO DE PRESTIGIAR O EVENTO DE INAUGURA\u00c7\u00c3O DA NOVA DELEGACIA E UNIDADE OPERACIONAL (UOP), DA POL\u00cdCIA RODOVI\u00c1RIA FEDERAL (PRF), QUE SER\u00c1 REALIZADO NA MANH\u00c3 DO DIA QUATRO DE JULHO DE 2023, A PARTIR DAS 11H, NA \u00c1REA EXTERNA DAS NOVAS EDIFICA\u00c7\u00d5ES, LOCALIZADAS NA BR-104.","fornecedor":"ALEXANDRE BAS\u00cdLIO DE JESUS TIETRE","denom_uni_orc":"CORPO DELIBERATIVO E SECRETARIA","funcao":"Legislativa","sub_funcao":"A\u00e7\u00e3o Legislativa","programa":"A\u00c7\u00c3O LEGISTIVA","acao":"MANUTEN\u00c7\u00c3O DAS ATIVIDADES LEGISLATIVAS","ident_acao":"Atividade","cat_econ":"Despesa Corrente","natureza_despesa":"Outras Despesas Correntes","modalidade_despesa":"Aplica\u00e7\u00f5es Diretas","elemento_despesa":"Di\u00e1rias \u2013 Civil","sub_elem_desp":"SEM SUBELEMENTO","fonte_recurso":"Recursos do Exerc\u00edcio Corrente \/ Recursos n\u00e3o Vinculados de Impostos \/ -"},{"ano_emissao_emp":"2023","n_emp":"0000218","data_emissao":"03\/07\/2023","valor":"300,00","tipo_empenho":"Ordin\u00e1rio","hist_emp":"VALOR QUE SE EMPENHA, CORRESPONDE A SOLICITA\u00c7\u00c3O DE DI\u00c1RIA PELO VEREADOR GEOVANE PEQUENO C\u00c9ZAR, PARA IR \u00c0 CIDADE DE CARUARU-PE, COM O OBJETIVO DE PRESTIGIAR O EVENTO DE INAUGURA\u00c7\u00c3O DA NOVA DELEGACIA E UNIDADE OPERACIONAL (UOP), DA POL\u00cdCIA RODOVI\u00c1RIA FEDERAL (PRF), QUE SER\u00c1 REALIZADO NA MANH\u00c3 DO DIA QUATRO DE JULHO DE 2023, A PARTIR DAS 11H, NA \u00c1REA EXTERNA DAS NOVAS EDIFICA\u00c7\u00d5ES, LOCALIZADAS NA BR-104.","fornecedor":"GEOVANE PEQUENO C\u00c9ZAR","denom_uni_orc":"CORPO DELIBERATIVO E SECRETARIA","funcao":"Legislativa","sub_funcao":"A\u00e7\u00e3o Legislativa","programa":"A\u00c7\u00c3O LEGISTIVA","acao":"MANUTEN\u00c7\u00c3O DAS ATIVIDADES LEGISLATIVAS","ident_acao":"Atividade","cat_econ":"Despesa Corrente","natureza_despesa":"Outras Despesas Correntes","modalidade_despesa":"Aplica\u00e7\u00f5es Diretas","elemento_despesa":"Di\u00e1rias \u2013 Civil","sub_elem_desp":"SEM SUBELEMENTO","fonte_recurso":"Recursos do Exerc\u00edcio Corrente \/ Recursos n\u00e3o Vinculados de Impostos \/ -"},{"ano_emissao_emp":"2023","n_emp":"0000219","data_emissao":"03\/07\/2023","valor":"300,00","tipo_empenho":"Ordin\u00e1rio","hist_emp":"VALOR QUE SE EMPENHA, CORRESPONDE A SOLICITA\u00c7\u00c3O DE DI\u00c1RIA PELO VEREADOR JO\u00c3O EUG\u00caNIO LEANDRO COSTA, PARA IR \u00c0 CIDADE DE CARUARU-PE, COM O OBJETIVO DE PRESTIGIAR O EVENTO DE INAUGURA\u00c7\u00c3O DA NOVA DELEGACIA E UNIDADE OPERACIONAL (UOP), DA POL\u00cdCIA RODOVI\u00c1RIA FEDERAL (PRF), QUE SER\u00c1 REALIZADO NA MANH\u00c3 DO DIA QUATRO DE JULHO DE 2023, A PARTIR DAS 11H, NA \u00c1REA EXTERNA DAS NOVAS EDIFICA\u00c7\u00d5ES, LOCALIZADAS NA BR-104.","fornecedor":"JO\u00c3O EUG\u00caNIO LEANDRO COSTA","denom_uni_orc":"CORPO DELIBERATIVO E SECRETARIA","funcao":"Legislativa","sub_funcao":"A\u00e7\u00e3o Legislativa","programa":"A\u00c7\u00c3O LEGISTIVA","acao":"MANUTEN\u00c7\u00c3O DAS ATIVIDADES LEGISLATIVAS","ident_acao":"Atividade","cat_econ":"Despesa Corrente","natureza_despesa":"Outras Despesas Correntes","modalidade_despesa":"Aplica\u00e7\u00f5es Diretas","elemento_despesa":"Di\u00e1rias \u2013 Civil","sub_elem_desp":"SEM SUBELEMENTO","fonte_recurso":"Recursos do Exerc\u00edcio Corrente \/ Recursos n\u00e3o Vinculados de Impostos \/ -"},{"ano_emissao_emp":"2023","n_emp":"0000220","data_emissao":"04\/07\/2023","valor":"160,00","tipo_empenho":"Ordin\u00e1rio","hist_emp":"VALOR QUE SE EMPENHA, CORRESPONDE AO ABASTECIMENTO DE \u00c1GUA POR CARRO PIPA NO PR\u00c9DIO DA C\u00c2MARA MUNICIPAL DE VEREADORES DE TAQUARITINGA DO NORTE-PE, EM JULHO DE 2023.","fornecedor":"M\u00c1RCIO ANDR\u00c9 MANOEL DA SILVA","denom_uni_orc":"CORPO DELIBERATIVO E SECRETARIA","funcao":"Legislativa","sub_funcao":"A\u00e7\u00e3o Legislativa","programa":"A\u00c7\u00c3O LEGISTIVA","acao":"MANUTEN\u00c7\u00c3O DAS ATIVIDADES ADMINISTRATIVAS","ident_acao":"Atividade","cat_econ":"Despesa Corrente","natureza_despesa":"Outras Despesas Correntes","modalidade_despesa":"Aplica\u00e7\u00f5es Diretas","elemento_despesa":"Outros Servi\u00e7os de Terceiros - Pessoa F\u00edsica","sub_elem_desp":"SEM SUBELEMENTO","fonte_recurso":"Recursos do Exerc\u00edcio Corrente \/ Recursos n\u00e3o Vinculados de Impostos \/ -"},{"ano_emissao_emp":"2023","n_emp":"0000221","data_emissao":"07\/07\/2023","valor":"50,00","tipo_empenho":"Ordin\u00e1rio","hist_emp":"VALOR QUE SE EMPENHA, CORRESPONDE AOS SERVI\u00c7OS DE LAVAGEM \/ HIGIENIZA\u00c7\u00c3O NO VE\u00cdCULO OFICIAL PLACA QYF-2630, DESTA C\u00c2MARA MUNICIPAL DE VEREADORES.","fornecedor":"JOS\u00c9 NEGREIROS DA COSTA","denom_uni_orc":"CORPO DELIBERATIVO E SECRETARIA","funcao":"Legislativa","sub_funcao":"A\u00e7\u00e3o Legislativa","programa":"A\u00c7\u00c3O LEGISTIVA","acao":"MANUTEN\u00c7\u00c3O DAS ATIVIDADES ADMINISTRATIVAS","ident_acao":"Atividade","cat_econ":"Despesa Corrente","natureza_despesa":"Outras Despesas Correntes","modalidade_despesa":"Aplica\u00e7\u00f5es Diretas","elemento_despesa":"Outros Servi\u00e7os de Terceiros - Pessoa F\u00edsica","sub_elem_desp":"SEM SUBELEMENTO","fonte_recurso":"Recursos do Exerc\u00edcio Corrente \/ Recursos n\u00e3o Vinculados de Impostos \/ -"},{"ano_emissao_emp":"2023","n_emp":"0000222","data_emissao":"10\/07\/2023","valor":"1.000,00","tipo_empenho":"Ordin\u00e1rio","hist_emp":"VALOR QUE SE EMPENHA, CORRESPONDE A SOLICITA\u00c7\u00c3O DE DI\u00c1RIA PELO VEREADOR JO\u00c3O EUG\u00caNIO LEANDRO COSTA, PARA CUMPRIR AGENDA DE VISITA\u00c7\u00c3O \u00c0 GABINETES DOS PARLAMENTARES NA CIDADE DO RECIFE-PE, EM PROL DE ATENDER AS DEMANDAS RELACIONADAS \u00c0 CIDADE DE TAQUARITINGA DO NORTE-PE.","fornecedor":"JO\u00c3O EUG\u00caNIO LEANDRO COSTA","denom_uni_orc":"CORPO DELIBERATIVO E SECRETARIA","funcao":"Legislativa","sub_funcao":"A\u00e7\u00e3o Legislativa","programa":"A\u00c7\u00c3O LEGISTIVA","acao":"MANUTEN\u00c7\u00c3O DAS ATIVIDADES LEGISLATIVAS","ident_acao":"Atividade","cat_econ":"Despesa Corrente","natureza_despesa":"Outras Despesas Correntes","modalidade_despesa":"Aplica\u00e7\u00f5es Diretas","elemento_despesa":"Di\u00e1rias \u2013 Civil","sub_elem_desp":"SEM SUBELEMENTO","fonte_recurso":"Recursos do Exerc\u00edcio Corrente \/ Recursos n\u00e3o Vinculados de Impostos \/ -"},{"ano_emissao_emp":"2023","n_emp":"0000223","data_emissao":"13\/07\/2023","valor":"50,00","tipo_empenho":"Ordin\u00e1rio","hist_emp":"VALOR QUE SE EMPENHA, CORRESPONDE AOS SERVI\u00c7OS DE LAVAGEM \/ HIGIENIZA\u00c7\u00c3O NO VE\u00cdCULO OFICIAL PLACA QYF-2630, DESTA C\u00c2MARA MUNICIPAL DE VEREADORES.","fornecedor":"JOS\u00c9 NEGREIROS DA COSTA","denom_uni_orc":"CORPO DELIBERATIVO E SECRETARIA","funcao":"Legislativa","sub_funcao":"A\u00e7\u00e3o Legislativa","programa":"A\u00c7\u00c3O LEGISTIVA","acao":"MANUTEN\u00c7\u00c3O DAS ATIVIDADES ADMINISTRATIVAS","ident_acao":"Atividade","cat_econ":"Despesa Corrente","natureza_despesa":"Outras Despesas Correntes","modalidade_despesa":"Aplica\u00e7\u00f5es Diretas","elemento_despesa":"Outros Servi\u00e7os de Terceiros - Pessoa F\u00edsica","sub_elem_desp":"SEM SUBELEMENTO","fonte_recurso":"Recursos do Exerc\u00edcio Corrente \/ Recursos n\u00e3o Vinculados de Impostos \/ -"},{"ano_emissao_emp":"2023","n_emp":"0000224","data_emissao":"17\/07\/2023","valor":"1.000,00","tipo_empenho":"Ordin\u00e1rio","hist_emp":"VALOR QUE SE EMPENHA, CORRESPONDE A SOLICITA\u00c7\u00c3O DE DI\u00c1RIA PELO VEREADOR GUILHERME HENRIQUE MENDES DE FARIAS, PARA CUMPRIR AGENDA DE VISITA\u00c7\u00c3O \u00c0 GABINETES DOS PARLAMENTARES NA CIDADE DO RECIFE-PE, EM PROL DE ATENDER AS DEMANDAS RELACIONADAS \u00c0 CIDADE DE TAQUARITINGA DO NORTE-PE.","fornecedor":"GUILHERME HENRIQUE MENDES DE FARIAS","denom_uni_orc":"CORPO DELIBERATIVO E SECRETARIA","funcao":"Legislativa","sub_funcao":"A\u00e7\u00e3o Legislativa","programa":"A\u00c7\u00c3O LEGISTIVA","acao":"MANUTEN\u00c7\u00c3O DAS ATIVIDADES LEGISLATIVAS","ident_acao":"Atividade","cat_econ":"Despesa Corrente","natureza_despesa":"Outras Despesas Correntes","modalidade_despesa":"Aplica\u00e7\u00f5es Diretas","elemento_despesa":"Di\u00e1rias \u2013 Civil","sub_elem_desp":"SEM SUBELEMENTO","fonte_recurso":"Recursos do Exerc\u00edcio Corrente \/ Recursos n\u00e3o Vinculados de Impostos \/ -"},{"ano_emissao_emp":"2023","n_emp":"0000225","data_emissao":"21\/07\/2023","valor":"50,00","tipo_empenho":"Ordin\u00e1rio","hist_emp":"VALOR QUE SE EMPENHA, CORRESPONDE AOS SERVI\u00c7OS DE LAVAGEM \/ HIGIENIZA\u00c7\u00c3O NO VE\u00cdCULO OFICIAL PLACA QYF-2630, DESTA C\u00c2MARA MUNICIPAL DE VEREADORES.","fornecedor":"JOS\u00c9 NEGREIROS DA COSTA","denom_uni_orc":"CORPO DELIBERATIVO E SECRETARIA","funcao":"Legislativa","sub_funcao":"A\u00e7\u00e3o Legislativa","programa":"A\u00c7\u00c3O LEGISTIVA","acao":"MANUTEN\u00c7\u00c3O DAS ATIVIDADES ADMINISTRATIVAS","ident_acao":"Atividade","cat_econ":"Despesa Corrente","natureza_despesa":"Outras Despesas Correntes","modalidade_despesa":"Aplica\u00e7\u00f5es Diretas","elemento_despesa":"Outros Servi\u00e7os de Terceiros - Pessoa F\u00edsica","sub_elem_desp":"SEM SUBELEMENTO","fonte_recurso":"Recursos do Exerc\u00edcio Corrente \/ Recursos n\u00e3o Vinculados de Impostos \/ -"},{"ano_emissao_emp":"2023","n_emp":"0000226","data_emissao":"24\/07\/2023","valor":"6.970,00","tipo_empenho":"Ordin\u00e1rio","hist_emp":"VALOR QUE SE EMPENHA, CORRESPONDE \u00c0 DEZ INSCRI\u00c7\u00d5ES PARA PARTICIPA\u00c7\u00c3O DE VEREADORES NO I CONGRESSO INTERESTADUAL DO LEGISLATIVO, A OCORRER EM JAPARATINGA-AL, NOS DIAS 27 A 30 DE JULHO DE 2023.","fornecedor":"INSTITUTO DE GERENCIAMENTO DE CIDADES IGC","denom_uni_orc":"CORPO DELIBERATIVO E SECRETARIA","funcao":"Legislativa","sub_funcao":"A\u00e7\u00e3o Legislativa","programa":"A\u00c7\u00c3O LEGISTIVA","acao":"MANUTEN\u00c7\u00c3O DAS ATIVIDADES ADMINISTRATIVAS","ident_acao":"Atividade","cat_econ":"Despesa Corrente","natureza_despesa":"Outras Despesas Correntes","modalidade_despesa":"Aplica\u00e7\u00f5es Diretas","elemento_despesa":"Outros Servi\u00e7os de Terceiros - Pessoa Jur\u00eddica","sub_elem_desp":"SEM SUBELEMENTO","fonte_recurso":"Recursos do Exerc\u00edcio Corrente \/ Recursos n\u00e3o Vinculados de Impostos \/ -"},{"ano_emissao_emp":"2023","n_emp":"0000227","data_emissao":"24\/07\/2023","valor":"4.000,00","tipo_empenho":"Ordin\u00e1rio","hist_emp":"VALOR QUE SE EMPENHA, CORRESPONDE A SOLICITA\u00c7\u00c3O DE DI\u00c1RIA PELO VEREADOR ALEXANDRE BAS\u00cdLIO DE JESUS TIETRE, PARA PARTICIPAR DO I CONGRESSO INTERESTADUAL DO LEGISLATIVO, A OCORRER EM JAPARATINGA-AL, NOS DIAS 27 A 30 DE JULHO DE 2023, COM OBJETIVO DE ADQUIRIR CONHECIMENTO E CORROBORAR COM O DESENVOLVIMENTO DO LEGISLATIVO MUNICIPAL DE TAQUARITINGA DO NORTE -PE.","fornecedor":"ALEXANDRE BAS\u00cdLIO DE JESUS TIETRE","denom_uni_orc":"CORPO DELIBERATIVO E SECRETARIA","funcao":"Legislativa","sub_funcao":"A\u00e7\u00e3o Legislativa","programa":"A\u00c7\u00c3O LEGISTIVA","acao":"MANUTEN\u00c7\u00c3O DAS ATIVIDADES LEGISLATIVAS","ident_acao":"Atividade","cat_econ":"Despesa Corrente","natureza_despesa":"Outras Despesas Correntes","modalidade_despesa":"Aplica\u00e7\u00f5es Diretas","elemento_despesa":"Di\u00e1rias \u2013 Civil","sub_elem_desp":"SEM SUBELEMENTO","fonte_recurso":"Recursos do Exerc\u00edcio Corrente \/ Recursos n\u00e3o Vinculados de Impostos \/ -"},{"ano_emissao_emp":"2023","n_emp":"0000228","data_emissao":"24\/07\/2023","valor":"4.000,00","tipo_empenho":"Ordin\u00e1rio","hist_emp":"VALOR QUE SE EMPENHA, CORRESPONDE A SOLICITA\u00c7\u00c3O DE DI\u00c1RIA PELO VEREADOR\/ PRESIDENTE AMILTON C\u00cdCERO DA SILVA, PARA PARTICIPAR DO I CONGRESSO INTERESTADUAL DO LEGISLATIVO, A OCORRER EM JAPARATINGA-AL, NOS DIAS 27 A 30 DE JULHO DE 2023, COM OBJETIVO DE ADQUIRIR CONHECIMENTO E CORROBORAR COM O DESENVOLVIMENTO DO LEGISLATIVO MUNICIPAL DE TAQUARITINGA DO NORTE -PE.","fornecedor":"Amilton C\u00edcero da Silva","denom_uni_orc":"CORPO DELIBERATIVO E SECRETARIA","funcao":"Legislativa","sub_funcao":"A\u00e7\u00e3o Legislativa","programa":"A\u00c7\u00c3O LEGISTIVA","acao":"MANUTEN\u00c7\u00c3O DAS ATIVIDADES LEGISLATIVAS","ident_acao":"Atividade","cat_econ":"Despesa Corrente","natureza_despesa":"Outras Despesas Correntes","modalidade_despesa":"Aplica\u00e7\u00f5es Diretas","elemento_despesa":"Di\u00e1rias \u2013 Civil","sub_elem_desp":"SEM SUBELEMENTO","fonte_recurso":"Recursos do Exerc\u00edcio Corrente \/ Recursos n\u00e3o Vinculados de Impostos \/ -"},{"ano_emissao_emp":"2023","n_emp":"0000229","data_emissao":"24\/07\/2023","valor":"4.000,00","tipo_empenho":"Ordin\u00e1rio","hist_emp":"VALOR QUE SE EMPENHA, CORRESPONDE A SOLICITA\u00c7\u00c3O DE DI\u00c1RIA PELO VEREADOR GUILHERME HENRIQUE MENDES DE FARIAS, PARA PARTICIPAR DO I CONGRESSO INTERESTADUAL DO LEGISLATIVO, A OCORRER EM JAPARATINGA-AL, NOS DIAS 27 A 30 DE JULHO DE 2023, COM OBJETIVO DE ADQUIRIR CONHECIMENTO E CORROBORAR COM O DESENVOLVIMENTO DO LEGISLATIVO MUNICIPAL DE TAQUARITINGA DO NORTE -PE.","fornecedor":"GUILHERME HENRIQUE MENDES DE FARIAS","denom_uni_orc":"CORPO DELIBERATIVO E SECRETARIA","funcao":"Legislativa","sub_funcao":"A\u00e7\u00e3o Legislativa","programa":"A\u00c7\u00c3O LEGISTIVA","acao":"MANUTEN\u00c7\u00c3O DAS ATIVIDADES LEGISLATIVAS","ident_acao":"Atividade","cat_econ":"Despesa Corrente","natureza_despesa":"Outras Despesas Correntes","modalidade_despesa":"Aplica\u00e7\u00f5es Diretas","elemento_despesa":"Di\u00e1rias \u2013 Civil","sub_elem_desp":"SEM SUBELEMENTO","fonte_recurso":"Recursos do Exerc\u00edcio Corrente \/ Recursos n\u00e3o Vinculados de Impostos \/ -"},{"ano_emissao_emp":"2023","n_emp":"0000230","data_emissao":"24\/07\/2023","valor":"4.000,00","tipo_empenho":"Ordin\u00e1rio","hist_emp":"VALOR QUE SE EMPENHA, CORRESPONDE A SOLICITA\u00c7\u00c3O DE DI\u00c1RIA PELO VEREADOR GEOVANE PEQUENO C\u00c9ZAR, PARA PARTICIPAR DO I CONGRESSO INTERESTADUAL DO LEGISLATIVO, A OCORRER EM JAPARATINGA-AL, NOS DIAS 27 A 30 DE JULHO DE 2023, COM OBJETIVO DE ADQUIRIR CONHECIMENTO E CORROBORAR COM O DESENVOLVIMENTO DO LEGISLATIVO MUNICIPAL DE TAQUARITINGA DO NORTE -PE.","fornecedor":"GEOVANE PEQUENO C\u00c9ZAR","denom_uni_orc":"CORPO DELIBERATIVO E SECRETARIA","funcao":"Legislativa","sub_funcao":"A\u00e7\u00e3o Legislativa","programa":"A\u00c7\u00c3O LEGISTIVA","acao":"MANUTEN\u00c7\u00c3O DAS ATIVIDADES LEGISLATIVAS","ident_acao":"Atividade","cat_econ":"Despesa Corrente","natureza_despesa":"Outras Despesas Correntes","modalidade_despesa":"Aplica\u00e7\u00f5es Diretas","elemento_despesa":"Di\u00e1rias \u2013 Civil","sub_elem_desp":"SEM SUBELEMENTO","fonte_recurso":"Recursos do Exerc\u00edcio Corrente \/ Recursos n\u00e3o Vinculados de Impostos \/ -"},{"ano_emissao_emp":"2023","n_emp":"0000231","data_emissao":"24\/07\/2023","valor":"4.000,00","tipo_empenho":"Ordin\u00e1rio","hist_emp":"VALOR QUE SE EMPENHA, CORRESPONDE A SOLICITA\u00c7\u00c3O DE DI\u00c1RIA PELO VEREADOR RONALDO C\u00c9SAR DOS SANTOS SILVA, PARA PARTICIPAR DO I CONGRESSO INTERESTADUAL DO LEGISLATIVO, A OCORRER EM JAPARATINGA-AL, NOS DIAS 27 A 30 DE JULHO DE 2023, COM OBJETIVO DE ADQUIRIR CONHECIMENTO E CORROBORAR COM O DESENVOLVIMENTO DO LEGISLATIVO MUNICIPAL DE TAQUARITINGA DO NORTE -PE.","fornecedor":"RONALDO C\u00c9SAR DOS SANTOS SILVA","denom_uni_orc":"CORPO DELIBERATIVO E SECRETARIA","funcao":"Legislativa","sub_funcao":"A\u00e7\u00e3o Legislativa","programa":"A\u00c7\u00c3O LEGISTIVA","acao":"MANUTEN\u00c7\u00c3O DAS ATIVIDADES LEGISLATIVAS","ident_acao":"Atividade","cat_econ":"Despesa Corrente","natureza_despesa":"Outras Despesas Correntes","modalidade_despesa":"Aplica\u00e7\u00f5es Diretas","elemento_despesa":"Di\u00e1rias \u2013 Civil","sub_elem_desp":"SEM SUBELEMENTO","fonte_recurso":"Recursos do Exerc\u00edcio Corrente \/ Recursos n\u00e3o Vinculados de Impostos \/ -"},{"ano_emissao_emp":"2023","n_emp":"0000232","data_emissao":"24\/07\/2023","valor":"4.000,00","tipo_empenho":"Ordin\u00e1rio","hist_emp":"VALOR QUE SE EMPENHA, CORRESPONDE A SOLICITA\u00c7\u00c3O DE DI\u00c1RIA PELO VEREADOR JOS\u00c9 AMAURI MINERVA FERREIRA, PARA PARTICIPAR DO I CONGRESSO INTERESTADUAL DO LEGISLATIVO, A OCORRER EM JAPARATINGA-AL, NOS DIAS 27 A 30 DE JULHO DE 2023, COM OBJETIVO DE ADQUIRIR CONHECIMENTO E CORROBORAR COM O DESENVOLVIMENTO DO LEGISLATIVO MUNICIPAL DE TAQUARITINGA DO NORTE -PE.","fornecedor":"JOS\u00c9 AMAURI MINERVA FERREIRA","denom_uni_orc":"CORPO DELIBERATIVO E SECRETARIA","funcao":"Legislativa","sub_funcao":"A\u00e7\u00e3o Legislativa","programa":"A\u00c7\u00c3O LEGISTIVA","acao":"MANUTEN\u00c7\u00c3O DAS ATIVIDADES LEGISLATIVAS","ident_acao":"Atividade","cat_econ":"Despesa Corrente","natureza_despesa":"Outras Despesas Correntes","modalidade_despesa":"Aplica\u00e7\u00f5es Diretas","elemento_despesa":"Di\u00e1rias \u2013 Civil","sub_elem_desp":"SEM SUBELEMENTO","fonte_recurso":"Recursos do Exerc\u00edcio Corrente \/ Recursos n\u00e3o Vinculados de Impostos \/ -"},{"ano_emissao_emp":"2023","n_emp":"0000233","data_emissao":"24\/07\/2023","valor":"4.000,00","tipo_empenho":"Ordin\u00e1rio","hist_emp":"VALOR QUE SE EMPENHA, CORRESPONDE A SOLICITA\u00c7\u00c3O DE DI\u00c1RIA PELO VEREADOR JOS\u00c9 ERALDO PEREIRA DOS SANTOS, PARA PARTICIPAR DO I CONGRESSO INTERESTADUAL DO LEGISLATIVO, A OCORRER EM JAPARATINGA-AL, NOS DIAS 27 A 30 DE JULHO DE 2023, COM OBJETIVO DE ADQUIRIR CONHECIMENTO E CORROBORAR COM O DESENVOLVIMENTO DO LEGISLATIVO MUNICIPAL DE TAQUARITINGA DO NORTE -PE.","fornecedor":"JOS\u00c9 ERALDO PEREIRA DOS SANTOS","denom_uni_orc":"CORPO DELIBERATIVO E SECRETARIA","funcao":"Legislativa","sub_funcao":"A\u00e7\u00e3o Legislativa","programa":"A\u00c7\u00c3O LEGISTIVA","acao":"MANUTEN\u00c7\u00c3O DAS ATIVIDADES LEGISLATIVAS","ident_acao":"Atividade","cat_econ":"Despesa Corrente","natureza_despesa":"Outras Despesas Correntes","modalidade_despesa":"Aplica\u00e7\u00f5es Diretas","elemento_despesa":"Di\u00e1rias \u2013 Civil","sub_elem_desp":"SEM SUBELEMENTO","fonte_recurso":"Recursos do Exerc\u00edcio Corrente \/ Recursos n\u00e3o Vinculados de Impostos \/ -"},{"ano_emissao_emp":"2023","n_emp":"0000234","data_emissao":"24\/07\/2023","valor":"4.000,00","tipo_empenho":"Ordin\u00e1rio","hist_emp":"VALOR QUE SE EMPENHA, CORRESPONDE A SOLICITA\u00c7\u00c3O DE DI\u00c1RIA PELO VEREADOR JOS\u00c9 ADEMIR MARTINS, PARA PARTICIPAR DO I CONGRESSO INTERESTADUAL DO LEGISLATIVO, A OCORRER EM JAPARATINGA-AL, NOS DIAS 27 A 30 DE JULHO DE 2023, COM OBJETIVO DE ADQUIRIR CONHECIMENTO E CORROBORAR COM O DESENVOLVIMENTO DO LEGISLATIVO MUNICIPAL DE TAQUARITINGA DO NORTE -PE.","fornecedor":"JOS\u00c9 ADEMIR MARTINS","denom_uni_orc":"CORPO DELIBERATIVO E SECRETARIA","funcao":"Legislativa","sub_funcao":"A\u00e7\u00e3o Legislativa","programa":"A\u00c7\u00c3O LEGISTIVA","acao":"MANUTEN\u00c7\u00c3O DAS ATIVIDADES LEGISLATIVAS","ident_acao":"Atividade","cat_econ":"Despesa Corrente","natureza_despesa":"Outras Despesas Correntes","modalidade_despesa":"Aplica\u00e7\u00f5es Diretas","elemento_despesa":"Di\u00e1rias \u2013 Civil","sub_elem_desp":"SEM SUBELEMENTO","fonte_recurso":"Recursos do Exerc\u00edcio Corrente \/ Recursos n\u00e3o Vinculados de Impostos \/ -"},{"ano_emissao_emp":"2023","n_emp":"0000235","data_emissao":"24\/07\/2023","valor":"4.000,00","tipo_empenho":"Ordin\u00e1rio","hist_emp":"VALOR QUE SE EMPENHA, CORRESPONDE A SOLICITA\u00c7\u00c3O DE DI\u00c1RIA PELO VEREADOR JO\u00c3O EUG\u00caNIO LEANDRO COSTA, PARA PARTICIPAR DO I CONGRESSO INTERESTADUAL DO LEGISLATIVO, A OCORRER EM JAPARATINGA-AL, NOS DIAS 27 A 30 DE JULHO DE 2023, COM OBJETIVO DE ADQUIRIR CONHECIMENTO E CORROBORAR COM O DESENVOLVIMENTO DO LEGISLATIVO MUNICIPAL DE TAQUARITINGA DO NORTE -PE.","fornecedor":"JO\u00c3O EUG\u00caNIO LEANDRO COSTA","denom_uni_orc":"CORPO DELIBERATIVO E SECRETARIA","funcao":"Legislativa","sub_funcao":"A\u00e7\u00e3o Legislativa","programa":"A\u00c7\u00c3O LEGISTIVA","acao":"MANUTEN\u00c7\u00c3O DAS ATIVIDADES LEGISLATIVAS","ident_acao":"Atividade","cat_econ":"Despesa Corrente","natureza_despesa":"Outras Despesas Correntes","modalidade_despesa":"Aplica\u00e7\u00f5es Diretas","elemento_despesa":"Di\u00e1rias \u2013 Civil","sub_elem_desp":"SEM SUBELEMENTO","fonte_recurso":"Recursos do Exerc\u00edcio Corrente \/ Recursos n\u00e3o Vinculados de Impostos \/ -"},{"ano_emissao_emp":"2023","n_emp":"0000236","data_emissao":"24\/07\/2023","valor":"4.000,00","tipo_empenho":"Ordin\u00e1rio","hist_emp":"VALOR QUE SE EMPENHA, CORRESPONDE A SOLICITA\u00c7\u00c3O DE DI\u00c1RIA PELA VEREADORA NAT\u00c1LIA PEREIRA DA SILVA LIMA, PARA PARTICIPAR DO I CONGRESSO INTERESTADUAL DO LEGISLATIVO, A OCORRER EM JAPARATINGA-AL, NOS DIAS 27 A 30 DE JULHO DE 2023, COM OBJETIVO DE ADQUIRIR CONHECIMENTO E CORROBORAR COM O DESENVOLVIMENTO DO LEGISLATIVO MUNICIPAL DE TAQUARITINGA DO NORTE -PE.","fornecedor":"NAT\u00c1LIA PEREIRA DA SILVA LIMA","denom_uni_orc":"CORPO DELIBERATIVO E SECRETARIA","funcao":"Legislativa","sub_funcao":"A\u00e7\u00e3o Legislativa","programa":"A\u00c7\u00c3O LEGISTIVA","acao":"MANUTEN\u00c7\u00c3O DAS ATIVIDADES LEGISLATIVAS","ident_acao":"Atividade","cat_econ":"Despesa Corrente","natureza_despesa":"Outras Despesas Correntes","modalidade_despesa":"Aplica\u00e7\u00f5es Diretas","elemento_despesa":"Di\u00e1rias \u2013 Civil","sub_elem_desp":"SEM SUBELEMENTO","fonte_recurso":"Recursos do Exerc\u00edcio Corrente \/ Recursos n\u00e3o Vinculados de Impostos \/ -"},{"ano_emissao_emp":"2023","n_emp":"0000237","data_emissao":"25\/07\/2023","valor":"300,00","tipo_empenho":"Ordin\u00e1rio","hist_emp":"VALOR QUE SE EMPENHA, CORRESPONDE \u00c0 SOLICITA\u00c7\u00c3O DE DI\u00c1RIA PELO SERVIDOR RICARDO VALEN\u00c7A MAHON, PARA IR AO CENTRO REGIONAL DE TREINAMENTO EM ADMINISTRA\u00c7\u00c3O MUNICIPAL - CERTAM, QUE FICA SITUADO NA CIDADE DE CARUARU-PE, COM A FINALIDADE DE TRATAR DE ASSUNTOS INERENTES \u00c0 CONTABILIDADE DO LEGISLATIVO MUNICIPAL DE TAQUARITINGA DO NORTE-PE.","fornecedor":"RICARDO VALEN\u00c7A MAHON","denom_uni_orc":"CORPO DELIBERATIVO E SECRETARIA","funcao":"Legislativa","sub_funcao":"A\u00e7\u00e3o Legislativa","programa":"A\u00c7\u00c3O LEGISTIVA","acao":"MANUTEN\u00c7\u00c3O DAS ATIVIDADES ADMINISTRATIVAS","ident_acao":"Atividade","cat_econ":"Despesa Corrente","natureza_despesa":"Outras Despesas Correntes","modalidade_despesa":"Aplica\u00e7\u00f5es Diretas","elemento_despesa":"Di\u00e1rias \u2013 Civil","sub_elem_desp":"SEM SUBELEMENTO","fonte_recurso":"Recursos do Exerc\u00edcio Corrente \/ Recursos n\u00e3o Vinculados de Impostos \/ -"},{"ano_emissao_emp":"2023","n_emp":"0000238","data_emissao":"25\/07\/2023","valor":"300,00","tipo_empenho":"Ordin\u00e1rio","hist_emp":"VALOR QUE SE EMPENHA, CORRESPONDE A SOLICITA\u00c7\u00c3O DE DI\u00c1RIA PELO SERVIDOR JOS\u00c9 DI\u00caGO BEZERRA DE LIMA, PARA IR AO CENTRO REGIONAL DE TREINAMENTO EM ADMINISTRA\u00c7\u00c3O MUNICIPAL - CERTAM, QUE FICA SITUADO NA CIDADE DE CARUARU-PE, COM A FINALIDADE DE TRATAR DE ASSUNTOS INERENTES \u00c0 CONTABILIDADE DO LEGISLATIVO MUNICIPAL DE TAQUARITINGA DO NORTE-PE.","fornecedor":"JOS\u00c9 DI\u00caGO BEZERRA DE LIMA","denom_uni_orc":"CORPO DELIBERATIVO E SECRETARIA","funcao":"Legislativa","sub_funcao":"A\u00e7\u00e3o Legislativa","programa":"A\u00c7\u00c3O LEGISTIVA","acao":"MANUTEN\u00c7\u00c3O DAS ATIVIDADES ADMINISTRATIVAS","ident_acao":"Atividade","cat_econ":"Despesa Corrente","natureza_despesa":"Outras Despesas Correntes","modalidade_despesa":"Aplica\u00e7\u00f5es Diretas","elemento_despesa":"Di\u00e1rias \u2013 Civil","sub_elem_desp":"SEM SUBELEMENTO","fonte_recurso":"Recursos do Exerc\u00edcio Corrente \/ Recursos n\u00e3o Vinculados de Impostos \/ -"},{"ano_emissao_emp":"2023","n_emp":"0000239","data_emissao":"26\/07\/2023","valor":"50,00","tipo_empenho":"Ordin\u00e1rio","hist_emp":"VALOR QUE SE EMPENHA, CORRESPONDE AOS SERVI\u00c7OS DE LAVAGEM \/ HIGIENIZA\u00c7\u00c3O NO VE\u00cdCULO OFICIAL PLACA QYF-2630, DESTA C\u00c2MARA MUNICIPAL DE VEREADORES.","fornecedor":"JOS\u00c9 NEGREIROS DA COSTA","denom_uni_orc":"CORPO DELIBERATIVO E SECRETARIA","funcao":"Legislativa","sub_funcao":"A\u00e7\u00e3o Legislativa","programa":"A\u00c7\u00c3O LEGISTIVA","acao":"MANUTEN\u00c7\u00c3O DAS ATIVIDADES ADMINISTRATIVAS","ident_acao":"Atividade","cat_econ":"Despesa Corrente","natureza_despesa":"Outras Despesas Correntes","modalidade_despesa":"Aplica\u00e7\u00f5es Diretas","elemento_despesa":"Outros Servi\u00e7os de Terceiros - Pessoa F\u00edsica","sub_elem_desp":"SEM SUBELEMENTO","fonte_recurso":"Recursos do Exerc\u00edcio Corrente \/ Recursos n\u00e3o Vinculados de Impostos \/ -"},{"ano_emissao_emp":"2023","n_emp":"0000240","data_emissao":"26\/07\/2023","valor":"900,00","tipo_empenho":"Ordin\u00e1rio","hist_emp":"VALOR QUE SE EMPENHA, CORRESPONDE A SOLICITA\u00c7\u00c3O DE TR\u00caS DI\u00c1RIAS PELO SERVIDOR ROMULO RENAM ANDRADE SOUZA (CONTROLADOR INTERNO), PARA PARTICIPAR DA III JORNADA CIDAD\u00c3, PROMOVIDA PELA ESCOLA DE CONTAS P\u00daBLICAS DO TCE-PE (TRIBUNAL DE CONTAS DO ESTADO DE PERNAMBUCO), REALIZADA ENTRE OS DIAS 31 DE JULHO \u00c0 04 DE AGOSTO DE 2023, NO POLO EDUCACIONAL DE SURUBIM \u2013 PE, TENDO COMO OBJETIVO FORTALECER O EXERC\u00cdCIO DA CIDADANIA E O CONTROLE SOCIAL DAS POL\u00cdTICAS P\u00daBLICAS.","fornecedor":"ROMULO RENAM ANDRADE SOUZA","denom_uni_orc":"CORPO DELIBERATIVO E SECRETARIA","funcao":"Legislativa","sub_funcao":"A\u00e7\u00e3o Legislativa","programa":"A\u00c7\u00c3O LEGISTIVA","acao":"MANUTEN\u00c7\u00c3O DAS ATIVIDADES ADMINISTRATIVAS","ident_acao":"Atividade","cat_econ":"Despesa Corrente","natureza_despesa":"Outras Despesas Correntes","modalidade_despesa":"Aplica\u00e7\u00f5es Diretas","elemento_despesa":"Di\u00e1rias \u2013 Civil","sub_elem_desp":"SEM SUBELEMENTO","fonte_recurso":"Recursos do Exerc\u00edcio Corrente \/ Recursos n\u00e3o Vinculados de Impostos \/ -"},{"ano_emissao_emp":"2023","n_emp":"0000241","data_emissao":"26\/07\/2023","valor":"600,00","tipo_empenho":"Ordin\u00e1rio","hist_emp":"VALOR QUE SE EMPENHA, CORRESPONDE A SOLICITA\u00c7\u00c3O DE DUAS DI\u00c1RIAS PELO SERVIDOR EDUARDO SILVA SANTOS (ASSISTENTE LEGISLATIVO), PARA PARTICIPAR DA III JORNADA CIDAD\u00c3, PROMOVIDA PELA ESCOLA DE CONTAS P\u00daBLICAS DO TCE-PE (TRIBUNAL DE CONTAS DO ESTADO DE PERNAMBUCO), REALIZADA ENTRE OS DIAS 31 DE JULHO \u00c0 04 DE AGOSTO DE 2023, NO POLO EDUCACIONAL DE SURUBIM \u2013 PE, TENDO COMO OBJETIVO FORTALECER O EXERC\u00cdCIO DA CIDADANIA E O CONTROLE SOCIAL DAS POL\u00cdTICAS P\u00daBLICAS.","fornecedor":"EDUARDO SILVA SANTOS","denom_uni_orc":"CORPO DELIBERATIVO E SECRETARIA","funcao":"Legislativa","sub_funcao":"A\u00e7\u00e3o Legislativa","programa":"A\u00c7\u00c3O LEGISTIVA","acao":"MANUTEN\u00c7\u00c3O DAS ATIVIDADES ADMINISTRATIVAS","ident_acao":"Atividade","cat_econ":"Despesa Corrente","natureza_despesa":"Outras Despesas Correntes","modalidade_despesa":"Aplica\u00e7\u00f5es Diretas","elemento_despesa":"Di\u00e1rias \u2013 Civil","sub_elem_desp":"SEM SUBELEMENTO","fonte_recurso":"Recursos do Exerc\u00edcio Corrente \/ Recursos n\u00e3o Vinculados de Impostos \/ -"},{"ano_emissao_emp":"2023","n_emp":"0000242","data_emissao":"26\/07\/2023","valor":"600,00","tipo_empenho":"Ordin\u00e1rio","hist_emp":"VALOR QUE SE EMPENHA, CORRESPONDE \u00c0 SOLICITA\u00c7\u00c3O DE DUAS DI\u00c1RIAS PELO SERVIDOR RAFAEL VITOR RODRIGUES DO NASCIMENTO (ASSISTENTE LEGISLATIVO), PARA PARTICIPAR DA III JORNADA CIDAD\u00c3, PROMOVIDA PELA ESCOLA DE CONTAS P\u00daBLICAS DO TCE-PE (TRIBUNAL DE CONTAS DO ESTADO DE PERNAMBUCO), REALIZADA ENTRE OS DIAS 31 DE JULHO \u00c0 04 DE AGOSTO DE 2023, NO POLO EDUCACIONAL DE SURUBIM \u2013 PE, TENDO COMO OBJETIVO FORTALECER O EXERC\u00cdCIO DA CIDADANIA E O CONTROLE SOCIAL DAS POL\u00cdTICAS P\u00daBLICAS.","fornecedor":"RAFAEL VITOR RODRIGUES DO NASCIMENTO","denom_uni_orc":"CORPO DELIBERATIVO E SECRETARIA","funcao":"Legislativa","sub_funcao":"A\u00e7\u00e3o Legislativa","programa":"A\u00c7\u00c3O LEGISTIVA","acao":"MANUTEN\u00c7\u00c3O DAS ATIVIDADES ADMINISTRATIVAS","ident_acao":"Atividade","cat_econ":"Despesa Corrente","natureza_despesa":"Outras Despesas Correntes","modalidade_despesa":"Aplica\u00e7\u00f5es Diretas","elemento_despesa":"Di\u00e1rias \u2013 Civil","sub_elem_desp":"SEM SUBELEMENTO","fonte_recurso":"Recursos do Exerc\u00edcio Corrente \/ Recursos n\u00e3o Vinculados de Impostos \/ -"},{"ano_emissao_emp":"2023","n_emp":"0000243","data_emissao":"26\/07\/2023","valor":"600,00","tipo_empenho":"Ordin\u00e1rio","hist_emp":"VALOR QUE SE EMPENHA, CORRESPONDE A SOLICITA\u00c7\u00c3O DE DUAS DI\u00c1RIAS PELA SERVIDORA GIRLAINE COELHO DE CASTRO LEONEL (DIRETORA GERAL), PARA PARTICIPAR DA III JORNADA CIDAD\u00c3, PROMOVIDA PELA ESCOLA DE CONTAS P\u00daBLICAS DO TCE-PE (TRIBUNAL DE CONTAS DO ESTADO DE PERNAMBUCO), REALIZADA ENTRE OS DIAS 31 DE JULHO \u00c0 04 DE AGOSTO DE 2023, NO POLO EDUCACIONAL DE SURUBIM \u2013 PE, TENDO COMO OBJETIVO FORTALECER O EXERC\u00cdCIO DA CIDADANIA E O CONTROLE SOCIAL DAS POL\u00cdTICAS P\u00daBLICAS.","fornecedor":"GIRLAINE COELHO DE CASTRO LEONEL","denom_uni_orc":"CORPO DELIBERATIVO E SECRETARIA","funcao":"Legislativa","sub_funcao":"A\u00e7\u00e3o Legislativa","programa":"A\u00c7\u00c3O LEGISTIVA","acao":"MANUTEN\u00c7\u00c3O DAS ATIVIDADES ADMINISTRATIVAS","ident_acao":"Atividade","cat_econ":"Despesa Corrente","natureza_despesa":"Outras Despesas Correntes","modalidade_despesa":"Aplica\u00e7\u00f5es Diretas","elemento_despesa":"Di\u00e1rias \u2013 Civil","sub_elem_desp":"SEM SUBELEMENTO","fonte_recurso":"Recursos do Exerc\u00edcio Corrente \/ Recursos n\u00e3o Vinculados de Impostos \/ -"},{"ano_emissao_emp":"2023","n_emp":"0000244","data_emissao":"26\/07\/2023","valor":"600,00","tipo_empenho":"Ordin\u00e1rio","hist_emp":"VALOR QUE SE EMPENHA, CORRESPONDE A SOLICITA\u00c7\u00c3O DE DUAS DI\u00c1RIAS PELA SERVIDORA MARIA MIRIAN DOS SANTOS (DIRETORA DEPTO. LEGISLATIVO E ADMINISTRATIVO), PARA PARTICIPAR DA III JORNADA CIDAD\u00c3, PROMOVIDA PELA ESCOLA DE CONTAS P\u00daBLICAS DO TCE-PE (TRIBUNAL DE CONTAS DO ESTADO DE PERNAMBUCO), REALIZADA ENTRE OS DIAS 31 DE JULHO \u00c0 04 DE AGOSTO DE 2023, NO POLO EDUCACIONAL DE SURUBIM \u2013 PE, TENDO COMO OBJETIVO FORTALECER O EXERC\u00cdCIO DA CIDADANIA E O CONTROLE SOCIAL DAS POL\u00cdTICAS P\u00daBLICAS.","fornecedor":"MARIA MIRIAN DOS SANTOS","denom_uni_orc":"CORPO DELIBERATIVO E SECRETARIA","funcao":"Legislativa","sub_funcao":"A\u00e7\u00e3o Legislativa","programa":"A\u00c7\u00c3O LEGISTIVA","acao":"MANUTEN\u00c7\u00c3O DAS ATIVIDADES ADMINISTRATIVAS","ident_acao":"Atividade","cat_econ":"Despesa Corrente","natureza_despesa":"Outras Despesas Correntes","modalidade_despesa":"Aplica\u00e7\u00f5es Diretas","elemento_despesa":"Di\u00e1rias \u2013 Civil","sub_elem_desp":"SEM SUBELEMENTO","fonte_recurso":"Recursos do Exerc\u00edcio Corrente \/ Recursos n\u00e3o Vinculados de Impostos \/ -"},{"ano_emissao_emp":"2023","n_emp":"0000245","data_emissao":"26\/07\/2023","valor":"600,00","tipo_empenho":"Ordin\u00e1rio","hist_emp":"VALOR QUE SE EMPENHA, CORRESPONDE A SOLICITA\u00c7\u00c3O DE DUAS DI\u00c1RIAS PELA SERVIDORA BARTIRA FERREIRA DA SILVA (ASSISTENTE LEGISLATIVO), PARA PARTICIPAR DA III JORNADA CIDAD\u00c3, PROMOVIDA PELA ESCOLA DE CONTAS P\u00daBLICAS DO TCE-PE (TRIBUNAL DE CONTAS DO ESTADO DE PERNAMBUCO), REALIZADA ENTRE OS DIAS 31 DE JULHO \u00c0 04 DE AGOSTO DE 2023, NO POLO EDUCACIONAL DE SURUBIM \u2013 PE, TENDO COMO OBJETIVO FORTALECER O EXERC\u00cdCIO DA CIDADANIA E O CONTROLE SOCIAL DAS POL\u00cdTICAS P\u00daBLICAS.","fornecedor":"BARTIRA FERREIRA DA SILVA","denom_uni_orc":"CORPO DELIBERATIVO E SECRETARIA","funcao":"Legislativa","sub_funcao":"A\u00e7\u00e3o Legislativa","programa":"A\u00c7\u00c3O LEGISTIVA","acao":"MANUTEN\u00c7\u00c3O DAS ATIVIDADES ADMINISTRATIVAS","ident_acao":"Atividade","cat_econ":"Despesa Corrente","natureza_despesa":"Outras Despesas Correntes","modalidade_despesa":"Aplica\u00e7\u00f5es Diretas","elemento_despesa":"Di\u00e1rias \u2013 Civil","sub_elem_desp":"SEM SUBELEMENTO","fonte_recurso":"Recursos do Exerc\u00edcio Corrente \/ Recursos n\u00e3o Vinculados de Impostos \/ -"},{"ano_emissao_emp":"2023","n_emp":"0000246","data_emissao":"26\/07\/2023","valor":"600,00","tipo_empenho":"Ordin\u00e1rio","hist_emp":"VALOR QUE SE EMPENHA, CORRESPONDE A SOLICITA\u00c7\u00c3O DE DUAS DI\u00c1RIAS PELO SERVIDOR RICARDO VALEN\u00c7A MAHON (DIRETOR FINANCEIRO), PARA PARTICIPAR DA III JORNADA CIDAD\u00c3, PROMOVIDA PELA ESCOLA DE CONTAS P\u00daBLICAS DO TCE-PE (TRIBUNAL DE CONTAS DO ESTADO DE PERNAMBUCO), REALIZADA ENTRE OS DIAS 31 DE JULHO \u00c0 04 DE AGOSTO DE 2023, NO POLO EDUCACIONAL DE SURUBIM \u2013 PE, TENDO COMO OBJETIVO FORTALECER O EXERC\u00cdCIO DA CIDADANIA E O CONTROLE SOCIAL DAS POL\u00cdTICAS P\u00daBLICAS.","fornecedor":"RICARDO VALEN\u00c7A MAHON","denom_uni_orc":"CORPO DELIBERATIVO E SECRETARIA","funcao":"Legislativa","sub_funcao":"A\u00e7\u00e3o Legislativa","programa":"A\u00c7\u00c3O LEGISTIVA","acao":"MANUTEN\u00c7\u00c3O DAS ATIVIDADES ADMINISTRATIVAS","ident_acao":"Atividade","cat_econ":"Despesa Corrente","natureza_despesa":"Outras Despesas Correntes","modalidade_despesa":"Aplica\u00e7\u00f5es Diretas","elemento_despesa":"Di\u00e1rias \u2013 Civil","sub_elem_desp":"SEM SUBELEMENTO","fonte_recurso":"Recursos do Exerc\u00edcio Corrente \/ Recursos n\u00e3o Vinculados de Impostos \/ -"},{"ano_emissao_emp":"2023","n_emp":"0000247","data_emissao":"26\/07\/2023","valor":"600,00","tipo_empenho":"Ordin\u00e1rio","hist_emp":"VALOR QUE SE EMPENHA, CORRESPONDE A SOLICITA\u00c7\u00c3O DE DUAS DI\u00c1RIAS PELA SERVIDORA RENATA MAIARA OLIVEIRA SANTOS SILVA (ASSISTENTE DE DIRETORIA), PARA PARTICIPAR DA III JORNADA CIDAD\u00c3, PROMOVIDA PELA ESCOLA DE CONTAS P\u00daBLICAS DO TCE-PE (TRIBUNAL DE CONTAS DO ESTADO DE PERNAMBUCO), REALIZADA ENTRE OS DIAS 31 DE JULHO \u00c0 04 DE AGOSTO DE 2023, NO POLO EDUCACIONAL DE SURUBIM \u2013 PE, TENDO COMO OBJETIVO FORTALECER O EXERC\u00cdCIO DA CIDADANIA E O CONTROLE SOCIAL DAS POL\u00cdTICAS P\u00daBLICAS.","fornecedor":"RENATA MAIARA OLIVEIRA SANTOS SILVA","denom_uni_orc":"CORPO DELIBERATIVO E SECRETARIA","funcao":"Legislativa","sub_funcao":"A\u00e7\u00e3o Legislativa","programa":"A\u00c7\u00c3O LEGISTIVA","acao":"MANUTEN\u00c7\u00c3O DAS ATIVIDADES ADMINISTRATIVAS","ident_acao":"Atividade","cat_econ":"Despesa Corrente","natureza_despesa":"Outras Despesas Correntes","modalidade_despesa":"Aplica\u00e7\u00f5es Diretas","elemento_despesa":"Di\u00e1rias \u2013 Civil","sub_elem_desp":"SEM SUBELEMENTO","fonte_recurso":"Recursos do Exerc\u00edcio Corrente \/ Recursos n\u00e3o Vinculados de Impostos \/ -"},{"ano_emissao_emp":"2023","n_emp":"0000248","data_emissao":"26\/07\/2023","valor":"600,00","tipo_empenho":"Ordin\u00e1rio","hist_emp":"VALOR QUE SE EMPENHA, CORRESPONDE A SOLICITA\u00c7\u00c3O DE DUAS DI\u00c1RIAS PELA SERVIDORA MARIA FERNANDA SILVA DE OLIVEIRA (ASSISTENTE DE DIRETORIA), PARA PARTICIPAR DA III JORNADA CIDAD\u00c3, PROMOVIDA PELA ESCOLA DE CONTAS P\u00daBLICAS DO TCE-PE (TRIBUNAL DE CONTAS DO ESTADO DE PERNAMBUCO), REALIZADA ENTRE OS DIAS 31 DE JULHO \u00c0 04 DE AGOSTO DE 2023, NO POLO EDUCACIONAL DE SURUBIM \u2013 PE, TENDO COMO OBJETIVO FORTALECER O EXERC\u00cdCIO DA CIDADANIA E O CONTROLE SOCIAL DAS POL\u00cdTICAS P\u00daBLICAS.","fornecedor":"MARIA FERNANDA SILVA DE OLIVEIRA","denom_uni_orc":"CORPO DELIBERATIVO E SECRETARIA","funcao":"Legislativa","sub_funcao":"A\u00e7\u00e3o Legislativa","programa":"A\u00c7\u00c3O LEGISTIVA","acao":"MANUTEN\u00c7\u00c3O DAS ATIVIDADES ADMINISTRATIVAS","ident_acao":"Atividade","cat_econ":"Despesa Corrente","natureza_despesa":"Outras Despesas Correntes","modalidade_despesa":"Aplica\u00e7\u00f5es Diretas","elemento_despesa":"Di\u00e1rias \u2013 Civil","sub_elem_desp":"SEM SUBELEMENTO","fonte_recurso":"Recursos do Exerc\u00edcio Corrente \/ Recursos n\u00e3o Vinculados de Impostos \/ -"},{"ano_emissao_emp":"2023","n_emp":"0000249","data_emissao":"26\/07\/2023","valor":"600,00","tipo_empenho":"Ordin\u00e1rio","hist_emp":"VALOR QUE SE EMPENHA, CORRESPONDE A SOLICITA\u00c7\u00c3O DE DUAS DI\u00c1RIAS PELA SERVIDORA LIDIANE FERREIRA DA SILVA (ASSISTENTE LEGISLATIVO), PARA PARTICIPAR DA III JORNADA CIDAD\u00c3, PROMOVIDA PELA ESCOLA DE CONTAS P\u00daBLICAS DO TCE-PE (TRIBUNAL DE CONTAS DO ESTADO DE PERNAMBUCO), REALIZADA ENTRE OS DIAS 31 DE JULHO \u00c0 04 DE AGOSTO DE 2023, NO POLO EDUCACIONAL DE SURUBIM \u2013 PE, TENDO COMO OBJETIVO FORTALECER O EXERC\u00cdCIO DA CIDADANIA E O CONTROLE SOCIAL DAS POL\u00cdTICAS P\u00daBLICAS.","fornecedor":"LIDIANE FERREIRA DA SILVA","denom_uni_orc":"CORPO DELIBERATIVO E SECRETARIA","funcao":"Legislativa","sub_funcao":"A\u00e7\u00e3o Legislativa","programa":"A\u00c7\u00c3O LEGISTIVA","acao":"MANUTEN\u00c7\u00c3O DAS ATIVIDADES ADMINISTRATIVAS","ident_acao":"Atividade","cat_econ":"Despesa Corrente","natureza_despesa":"Outras Despesas Correntes","modalidade_despesa":"Aplica\u00e7\u00f5es Diretas","elemento_despesa":"Di\u00e1rias \u2013 Civil","sub_elem_desp":"SEM SUBELEMENTO","fonte_recurso":"Recursos do Exerc\u00edcio Corrente \/ Recursos n\u00e3o Vinculados de Impostos \/ -"},{"ano_emissao_emp":"2023","n_emp":"0000250","data_emissao":"26\/07\/2023","valor":"600,00","tipo_empenho":"Ordin\u00e1rio","hist_emp":"VALOR QUE SE EMPENHA, CORRESPONDE A SOLICITA\u00c7\u00c3O DE UMA DI\u00c1RIA PELO VEREADOR\/PRESIDENTE AMILTON C\u00cdCERO DA SILVA, COM OBJETIVO DE IR \u00c0 CIDADE DE CARUARU-PE, JUNTO AO ESCRIT\u00d3RIO DE CONTABILIDADE DO CENTRO REGIONAL DE TREINAMENTO EM ADMINISTRA\u00c7\u00c3O MUNICIPAL - CERTAM, PARA TRATAR DE ASSUNTOS INERENTES AO LEGISLATIVO MUNICIPAL DE TAQUARITINGA DO NORTE-PE.","fornecedor":"Amilton C\u00edcero da Silva","denom_uni_orc":"CORPO DELIBERATIVO E SECRETARIA","funcao":"Legislativa","sub_funcao":"A\u00e7\u00e3o Legislativa","programa":"A\u00c7\u00c3O LEGISTIVA","acao":"MANUTEN\u00c7\u00c3O DAS ATIVIDADES LEGISLATIVAS","ident_acao":"Atividade","cat_econ":"Despesa Corrente","natureza_despesa":"Outras Despesas Correntes","modalidade_despesa":"Aplica\u00e7\u00f5es Diretas","elemento_despesa":"Di\u00e1rias \u2013 Civil","sub_elem_desp":"SEM SUBELEMENTO","fonte_recurso":"Recursos do Exerc\u00edcio Corrente \/ Recursos n\u00e3o Vinculados de Impostos \/ -"},{"ano_emissao_emp":"2023","n_emp":"0000251","data_emissao":"28\/07\/2023","valor":"300,00","tipo_empenho":"Ordin\u00e1rio","hist_emp":"VALOR QUE SE EMPENHA, CORRESPONDE A SOLICITA\u00c7\u00c3O DE UMA DI\u00c1RIA PELO SERVIDOR ANDR\u00c9 BARBOSA CORDEIRO (ASSESSOR ESPECIAL DA PRESID\u00caNCIA), PARA PARTICIPAR DA III JORNADA CIDAD\u00c3, PROMOVIDA PELA ESCOLA DE CONTAS P\u00daBLICAS DO TCE-PE (TRIBUNAL DE CONTAS DO ESTADO DE PERNAMBUCO), REALIZADA ENTRE OS DIAS 31 DE JULHO \u00c0 04 DE AGOSTO DE 2023, NO POLO EDUCACIONAL DE SURUBIM \u2013 PE, TENDO COMO OBJETIVO FORTALECER O EXERC\u00cdCIO DA CIDADANIA E O CONTROLE SOCIAL DAS POL\u00cdTICAS P\u00daBLICAS.","fornecedor":"ANDR\u00c9 BARBOSA CORDEIRO","denom_uni_orc":"CORPO DELIBERATIVO E SECRETARIA","funcao":"Legislativa","sub_funcao":"A\u00e7\u00e3o Legislativa","programa":"A\u00c7\u00c3O LEGISTIVA","acao":"MANUTEN\u00c7\u00c3O DAS ATIVIDADES ADMINISTRATIVAS","ident_acao":"Atividade","cat_econ":"Despesa Corrente","natureza_despesa":"Outras Despesas Correntes","modalidade_despesa":"Aplica\u00e7\u00f5es Diretas","elemento_despesa":"Di\u00e1rias \u2013 Civil","sub_elem_desp":"SEM SUBELEMENTO","fonte_recurso":"Recursos do Exerc\u00edcio Corrente \/ Recursos n\u00e3o Vinculados de Impostos \/ -"},{"ano_emissao_emp":"2023","n_emp":"0000252","data_emissao":"28\/07\/2023","valor":"300,00","tipo_empenho":"Ordin\u00e1rio","hist_emp":"VALOR QUE SE EMPENHA, CORRESPONDE A SOLICITA\u00c7\u00c3O DE UMA DI\u00c1RIA PELO SERVIDOR CLEVERTON FERREIRA DO NASCIMENTO (ASSIST. DE CHEFE DE DIVIS\u00c3O\/ RESP. PELO SETOR DE COMPRAS), PARA IR \u00c0 CIDADE DE CARUARU-PE, COM OBJETIVO DE FAZER COTA\u00c7\u00d5ES E CONSEQUENTE AQUISI\u00c7\u00c3O DE 02 NOBREAKS QUE SER\u00c1 DESTINADO AO PLEN\u00c1RIO E SECRETARIA ADMINISTRATIVA DESTA C\u00c2MARA MUNICIPAL DE VEREADORES.","fornecedor":"CLEVERTON FERREIRA DO NASCIMENTO","denom_uni_orc":"CORPO DELIBERATIVO E SECRETARIA","funcao":"Legislativa","sub_funcao":"A\u00e7\u00e3o Legislativa","programa":"A\u00c7\u00c3O LEGISTIVA","acao":"MANUTEN\u00c7\u00c3O DAS ATIVIDADES ADMINISTRATIVAS","ident_acao":"Atividade","cat_econ":"Despesa Corrente","natureza_despesa":"Outras Despesas Correntes","modalidade_despesa":"Aplica\u00e7\u00f5es Diretas","elemento_despesa":"Di\u00e1rias \u2013 Civil","sub_elem_desp":"SEM SUBELEMENTO","fonte_recurso":"Recursos do Exerc\u00edcio Corrente \/ Recursos n\u00e3o Vinculados de Impostos \/ -"},{"ano_emissao_emp":"2023","n_emp":"0000253","data_emissao":"01\/08\/2023","valor":"300,00","tipo_empenho":"Ordin\u00e1rio","hist_emp":"VALOR QUE SE EMPENHA, CORRESPONDE A SOLICITA\u00c7\u00c3O DE UMA DI\u00c1RIA PELO SERVIDOR RICARDO VALEN\u00c7A MAHON (DIRETOR FINANCEIRO), PARA IR \u00c0 CIDADE DE CARUARU-PE, COM A FINALIDADE DE FAZER MANUTEN\u00c7\u00c3O E REPARA\u00c7\u00c3O MEC\u00c2NICA, TAIS COMO: SUSPENS\u00c3O E FREIOS, ALINHAMENTO, BALANCEAMENTO E CAMBAGEM NO AUTOM\u00d3VEL DESTA C\u00c2MARA MUNICIPAL DE VEREADORES, PLACA QYF-2630.","fornecedor":"RICARDO VALEN\u00c7A MAHON","denom_uni_orc":"CORPO DELIBERATIVO E SECRETARIA","funcao":"Legislativa","sub_funcao":"A\u00e7\u00e3o Legislativa","programa":"A\u00c7\u00c3O LEGISTIVA","acao":"MANUTEN\u00c7\u00c3O DAS ATIVIDADES ADMINISTRATIVAS","ident_acao":"Atividade","cat_econ":"Despesa Corrente","natureza_despesa":"Outras Despesas Correntes","modalidade_despesa":"Aplica\u00e7\u00f5es Diretas","elemento_despesa":"Di\u00e1rias \u2013 Civil","sub_elem_desp":"SEM SUBELEMENTO","fonte_recurso":"Recursos do Exerc\u00edcio Corrente \/ Recursos n\u00e3o Vinculados de Impostos \/ -"},{"ano_emissao_emp":"2023","n_emp":"0000254","data_emissao":"01\/08\/2023","valor":"1.180,00","tipo_empenho":"Ordin\u00e1rio","hist_emp":"VALOR QUE SE EMPENHA, CORRESPONDE AOS MATERIAIS PARA MANUTEN\u00c7\u00c3O E REPARA\u00c7\u00c3O MEC\u00c2NICA NO AUTOM\u00d3VEL DESTA C\u00c2MARA MUNICIPAL DE VEREADORES, PLACA QYF-2630.","fornecedor":"AN7 CENTRO AUTOMOTIVO LTDA","denom_uni_orc":"CORPO DELIBERATIVO E SECRETARIA","funcao":"Legislativa","sub_funcao":"A\u00e7\u00e3o Legislativa","programa":"A\u00c7\u00c3O LEGISTIVA","acao":"MANUTEN\u00c7\u00c3O DAS ATIVIDADES ADMINISTRATIVAS","ident_acao":"Atividade","cat_econ":"Despesa Corrente","natureza_despesa":"Outras Despesas Correntes","modalidade_despesa":"Aplica\u00e7\u00f5es Diretas","elemento_despesa":"Material de Consumo","sub_elem_desp":"SEM SUBELEMENTO","fonte_recurso":"Recursos do Exerc\u00edcio Corrente \/ Recursos n\u00e3o Vinculados de Impostos \/ -"},{"ano_emissao_emp":"2023","n_emp":"0000255","data_emissao":"01\/08\/2023","valor":"620,00","tipo_empenho":"Ordin\u00e1rio","hist_emp":"VALOR QUE SE EMPENHA, CORRESPONDE AOS SERVI\u00c7OS DE MANUTEN\u00c7\u00c3O E REPARA\u00c7\u00c3O MEC\u00c2NICA NO AUTOM\u00d3VEL DESTA C\u00c2MARA MUNICIPAL DE VEREADORES, PLACA QYF-2630, TAIS COMO: SUSPENS\u00c3O E FREIOS, ALINHAMENTO, BALANCEAMENTO E CAMBAGEM.","fornecedor":"AN7 CENTRO AUTOMOTIVO LTDA","denom_uni_orc":"CORPO DELIBERATIVO E SECRETARIA","funcao":"Legislativa","sub_funcao":"A\u00e7\u00e3o Legislativa","programa":"A\u00c7\u00c3O LEGISTIVA","acao":"MANUTEN\u00c7\u00c3O DAS ATIVIDADES ADMINISTRATIVAS","ident_acao":"Atividade","cat_econ":"Despesa Corrente","natureza_despesa":"Outras Despesas Correntes","modalidade_despesa":"Aplica\u00e7\u00f5es Diretas","elemento_despesa":"Outros Servi\u00e7os de Terceiros - Pessoa Jur\u00eddica","sub_elem_desp":"SEM SUBELEMENTO","fonte_recurso":"Recursos do Exerc\u00edcio Corrente \/ Recursos n\u00e3o Vinculados de Impostos \/ -"},{"ano_emissao_emp":"2023","n_emp":"0000256","data_emissao":"04\/08\/2023","valor":"50,00","tipo_empenho":"Ordin\u00e1rio","hist_emp":"VALOR QUE SE EMPENHA, CORRESPONDE AOS SERVI\u00c7OS DE LAVAGEM \/ HIGIENIZA\u00c7\u00c3O NO VE\u00cdCULO OFICIAL PLACA QYF-2630, DESTA C\u00c2MARA MUNICIPAL DE VEREADORES.","fornecedor":"JOS\u00c9 NEGREIROS DA COSTA","denom_uni_orc":"CORPO DELIBERATIVO E SECRETARIA","funcao":"Legislativa","sub_funcao":"A\u00e7\u00e3o Legislativa","programa":"A\u00c7\u00c3O LEGISTIVA","acao":"MANUTEN\u00c7\u00c3O DAS ATIVIDADES ADMINISTRATIVAS","ident_acao":"Atividade","cat_econ":"Despesa Corrente","natureza_despesa":"Outras Despesas Correntes","modalidade_despesa":"Aplica\u00e7\u00f5es Diretas","elemento_despesa":"Outros Servi\u00e7os de Terceiros - Pessoa F\u00edsica","sub_elem_desp":"SEM SUBELEMENTO","fonte_recurso":"Recursos do Exerc\u00edcio Corrente \/ Recursos n\u00e3o Vinculados de Impostos \/ -"},{"ano_emissao_emp":"2023","n_emp":"0000257","data_emissao":"10\/08\/2023","valor":"1.858,00","tipo_empenho":"Ordin\u00e1rio","hist_emp":"VALOR QUE SE EMPENHA, CORRESPONDE \u00c0 AQUISI\u00c7\u00c3O DE DOIS NOBREAKS XNB 1440 VA BI, QUE SER\u00c1 DESTINADO AO PLEN\u00c1RIO E SECRETARIA ADMINISTRATIVA DESTA C\u00c2MARA MUNICIPAL DE VEREADORES, COM A FINALIDADE DE PROPORCIONAR MAIOR SEGURAN\u00c7A AOS COMPUTADORES DURANTE SEU USO.","fornecedor":"CIL - COMERCIO DE INFORMATICA LTDA","denom_uni_orc":"CORPO DELIBERATIVO E SECRETARIA","funcao":"Legislativa","sub_funcao":"A\u00e7\u00e3o Legislativa","programa":"A\u00c7\u00c3O LEGISTIVA","acao":"REEQUIPAMENTO DA UNIDADE","ident_acao":"Projeto","cat_econ":"Despesa de Capital","natureza_despesa":"Investimentos","modalidade_despesa":"Aplica\u00e7\u00f5es Diretas","elemento_despesa":"Equipamentos e Material Permanente","sub_elem_desp":"SEM SUBELEMENTO","fonte_recurso":"Recursos do Exerc\u00edcio Corrente \/ Recursos n\u00e3o Vinculados de Impostos \/ -"},{"ano_emissao_emp":"2023","n_emp":"0000258","data_emissao":"10\/08\/2023","valor":"736,00","tipo_empenho":"Ordin\u00e1rio","hist_emp":"VALOR QUE SE EMPENHA, CORRESPONDE AOS SERVI\u00c7OS DE MANUTEN\u00c7\u00c3O DE COMPUTADORES E IMPRESSORAS COM PE\u00c7AS INCLUSAS, ATENDENDO AS DEMANDAS ADMINISTRATIVAS DESTA C\u00c2MARA MUNICIPAL DE VEREADORES.","fornecedor":"JESSE MARQUES GENUINO 07480244410","denom_uni_orc":"CORPO DELIBERATIVO E SECRETARIA","funcao":"Legislativa","sub_funcao":"A\u00e7\u00e3o Legislativa","programa":"A\u00c7\u00c3O LEGISTIVA","acao":"MANUTEN\u00c7\u00c3O DAS ATIVIDADES ADMINISTRATIVAS","ident_acao":"Atividade","cat_econ":"Despesa Corrente","natureza_despesa":"Outras Despesas Correntes","modalidade_despesa":"Aplica\u00e7\u00f5es Diretas","elemento_despesa":"Outros Servi\u00e7os de Terceiros - Pessoa Jur\u00eddica","sub_elem_desp":"SEM SUBELEMENTO","fonte_recurso":"Recursos do Exerc\u00edcio Corrente \/ Recursos n\u00e3o Vinculados de Impostos \/ -"},{"ano_emissao_emp":"2023","n_emp":"0000259","data_emissao":"11\/08\/2023","valor":"50,00","tipo_empenho":"Ordin\u00e1rio","hist_emp":"VALOR QUE SE EMPENHA, CORRESPONDE AOS SERVI\u00c7OS DE LAVAGEM \/ HIGIENIZA\u00c7\u00c3O NO VE\u00cdCULO OFICIAL PLACA QYF-2630, DESTA C\u00c2MARA MUNICIPAL DE VEREADORES.","fornecedor":"JOS\u00c9 NEGREIROS DA COSTA","denom_uni_orc":"CORPO DELIBERATIVO E SECRETARIA","funcao":"Legislativa","sub_funcao":"A\u00e7\u00e3o Legislativa","programa":"A\u00c7\u00c3O LEGISTIVA","acao":"MANUTEN\u00c7\u00c3O DAS ATIVIDADES ADMINISTRATIVAS","ident_acao":"Atividade","cat_econ":"Despesa Corrente","natureza_despesa":"Outras Despesas Correntes","modalidade_despesa":"Aplica\u00e7\u00f5es Diretas","elemento_despesa":"Outros Servi\u00e7os de Terceiros - Pessoa F\u00edsica","sub_elem_desp":"SEM SUBELEMENTO","fonte_recurso":"Recursos do Exerc\u00edcio Corrente \/ Recursos n\u00e3o Vinculados de Impostos \/ -"},{"ano_emissao_emp":"2023","n_emp":"0000260","data_emissao":"14\/08\/2023","valor":"1.000,00","tipo_empenho":"Ordin\u00e1rio","hist_emp":"VALOR QUE SE EMPENHA, CORRESPONDE A SOLICITA\u00c7\u00c3O DE UMA DI\u00c1RIA PELO VEREADOR ALEXANDRE BAS\u00cdLIO DE JESUS TIETRE, PARA IR \u00c0 ASSEMBL\u00c9IA LEGISLATIVA DO ESTADO DE PERNAMBUCO, SITUADA NA CIDADE DO RECIFE-PE, COM A FINALIDADE DE TRATAR DE ASSUNTOS INERENTES AO MUNIC\u00cdPIO DE TAQUARITINGA DO NORTE-PE.","fornecedor":"ALEXANDRE BAS\u00cdLIO DE JESUS TIETRE","denom_uni_orc":"CORPO DELIBERATIVO E SECRETARIA","funcao":"Legislativa","sub_funcao":"A\u00e7\u00e3o Legislativa","programa":"A\u00c7\u00c3O LEGISTIVA","acao":"MANUTEN\u00c7\u00c3O DAS ATIVIDADES LEGISLATIVAS","ident_acao":"Atividade","cat_econ":"Despesa Corrente","natureza_despesa":"Outras Despesas Correntes","modalidade_despesa":"Aplica\u00e7\u00f5es Diretas","elemento_despesa":"Di\u00e1rias \u2013 Civil","sub_elem_desp":"SEM SUBELEMENTO","fonte_recurso":"Recursos do Exerc\u00edcio Corrente \/ Recursos n\u00e3o Vinculados de Impostos \/ -"},{"ano_emissao_emp":"2023","n_emp":"0000261","data_emissao":"14\/08\/2023","valor":"1.000,00","tipo_empenho":"Ordin\u00e1rio","hist_emp":"VALOR QUE SE EMPENHA, CORRESPONDE A SOLICITA\u00c7\u00c3O DE UMA DI\u00c1RIA PELO VEREADOR JOS\u00c9 ADEMIR MARTINS, PARA IR \u00c0 ASSEMBL\u00c9IA LEGISLATIVA DO ESTADO DE PERNAMBUCO, SITUADA NA CIDADE DO RECIFE-PE, COM A FINALIDADE DE TRATAR DE ASSUNTOS INERENTES AO MUNIC\u00cdPIO DE TAQUARITINGA DO NORTE-PE.","fornecedor":"JOS\u00c9 ADEMIR MARTINS","denom_uni_orc":"CORPO DELIBERATIVO E SECRETARIA","funcao":"Legislativa","sub_funcao":"A\u00e7\u00e3o Legislativa","programa":"A\u00c7\u00c3O LEGISTIVA","acao":"MANUTEN\u00c7\u00c3O DAS ATIVIDADES LEGISLATIVAS","ident_acao":"Atividade","cat_econ":"Despesa Corrente","natureza_despesa":"Outras Despesas Correntes","modalidade_despesa":"Aplica\u00e7\u00f5es Diretas","elemento_despesa":"Di\u00e1rias \u2013 Civil","sub_elem_desp":"SEM SUBELEMENTO","fonte_recurso":"Recursos do Exerc\u00edcio Corrente \/ Recursos n\u00e3o Vinculados de Impostos \/ -"},{"ano_emissao_emp":"2023","n_emp":"0000262","data_emissao":"14\/08\/2023","valor":"1.000,00","tipo_empenho":"Ordin\u00e1rio","hist_emp":"VALOR QUE SE EMPENHA, CORRESPONDE A SOLICITA\u00c7\u00c3O DE UMA DI\u00c1RIA PELO VEREADOR RONALDO C\u00c9SAR DOS SANTOS SILVA, PARA IR \u00c0 ASSEMBL\u00c9IA LEGISLATIVA DO ESTADO DE PERNAMBUCO, SITUADA NA CIDADE DO RECIFE-PE, COM A FINALIDADE DE TRATAR DE ASSUNTOS INERENTES AO MUNIC\u00cdPIO DE TAQUARITINGA DO NORTE-PE.","fornecedor":"RONALDO C\u00c9SAR DOS SANTOS SILVA","denom_uni_orc":"CORPO DELIBERATIVO E SECRETARIA","funcao":"Legislativa","sub_funcao":"A\u00e7\u00e3o Legislativa","programa":"A\u00c7\u00c3O LEGISTIVA","acao":"MANUTEN\u00c7\u00c3O DAS ATIVIDADES LEGISLATIVAS","ident_acao":"Atividade","cat_econ":"Despesa Corrente","natureza_despesa":"Outras Despesas Correntes","modalidade_despesa":"Aplica\u00e7\u00f5es Diretas","elemento_despesa":"Di\u00e1rias \u2013 Civil","sub_elem_desp":"SEM SUBELEMENTO","fonte_recurso":"Recursos do Exerc\u00edcio Corrente \/ Recursos n\u00e3o Vinculados de Impostos \/ -"},{"ano_emissao_emp":"2023","n_emp":"0000263","data_emissao":"14\/08\/2023","valor":"1.000,00","tipo_empenho":"Ordin\u00e1rio","hist_emp":"VALOR QUE SE EMPENHA, CORRESPONDE A SOLICITA\u00c7\u00c3O DE UMA DI\u00c1RIA PELO VEREADOR GUILHERME HENRIQUE MENDES DE FARIAS, PARA IR \u00c0 ASSEMBL\u00c9IA LEGISLATIVA DO ESTADO DE PERNAMBUCO, SITUADA NA CIDADE DO RECIFE-PE, COM A FINALIDADE DE TRATAR DE ASSUNTOS INERENTES AO MUNIC\u00cdPIO DE TAQUARITINGA DO NORTE-PE.","fornecedor":"GUILHERME HENRIQUE MENDES DE FARIAS","denom_uni_orc":"CORPO DELIBERATIVO E SECRETARIA","funcao":"Legislativa","sub_funcao":"A\u00e7\u00e3o Legislativa","programa":"A\u00c7\u00c3O LEGISTIVA","acao":"MANUTEN\u00c7\u00c3O DAS ATIVIDADES LEGISLATIVAS","ident_acao":"Atividade","cat_econ":"Despesa Corrente","natureza_despesa":"Outras Despesas Correntes","modalidade_despesa":"Aplica\u00e7\u00f5es Diretas","elemento_despesa":"Di\u00e1rias \u2013 Civil","sub_elem_desp":"SEM SUBELEMENTO","fonte_recurso":"Recursos do Exerc\u00edcio Corrente \/ Recursos n\u00e3o Vinculados de Impostos \/ -"},{"ano_emissao_emp":"2023","n_emp":"0000264","data_emissao":"16\/08\/2023","valor":"300,00","tipo_empenho":"Ordin\u00e1rio","hist_emp":"VALOR QUE SE EMPENHA, CORRESPONDE \u00c0 SOLICITA\u00c7\u00c3O DE UMA DI\u00c1RIA PELO SERVIDOR CLEVERTON FERREIRA DO NASCIMENTO (ASSIST. DE CHEFE DE DIVIS\u00c3O\/ RESP. PELO SETOR DE COMPRAS), PARA IR \u00c0 CIDADE DE CARUARU-PE, COM OBJETIVO DE FAZER COTA\u00c7\u00d5ES E CONSEQUENTE AQUISI\u00c7\u00c3O DE ALGUNS EQUIPAMENTOS DE INFORM\u00c1TICA, SEJAM ELES: UM NOTBOOK, UMA IMPRESSORA, UM SCANNER DE MESA WORKFORCE ES-400 OU EQUIVALENTE, ASSIM COMO, MOLA A\u00c9REA HIDR\u00c1ULICA PARA PORTA, TENDO EM VISTA ATENDER AS NECESSIDADES DESTA CASA LEGISLATIVA.","fornecedor":"CLEVERTON FERREIRA DO NASCIMENTO","denom_uni_orc":"CORPO DELIBERATIVO E SECRETARIA","funcao":"Legislativa","sub_funcao":"A\u00e7\u00e3o Legislativa","programa":"A\u00c7\u00c3O LEGISTIVA","acao":"MANUTEN\u00c7\u00c3O DAS ATIVIDADES ADMINISTRATIVAS","ident_acao":"Atividade","cat_econ":"Despesa Corrente","natureza_despesa":"Outras Despesas Correntes","modalidade_despesa":"Aplica\u00e7\u00f5es Diretas","elemento_despesa":"Di\u00e1rias \u2013 Civil","sub_elem_desp":"SEM SUBELEMENTO","fonte_recurso":"Recursos do Exerc\u00edcio Corrente \/ Recursos n\u00e3o Vinculados de Impostos \/ -"},{"ano_emissao_emp":"2023","n_emp":"0000265","data_emissao":"16\/08\/2023","valor":"300,00","tipo_empenho":"Ordin\u00e1rio","hist_emp":"VALOR QUE SE EMPENHA, CORRESPONDE \u00c0 SOLICITA\u00c7\u00c3O DE DI\u00c1RIA PELO SERVIDOR RICARDO VALEN\u00c7A MAHON, PARA IR \u00c0 CIDADE DE CARUARU-PE, COM OBJETIVO DE FAZER COTA\u00c7\u00d5ES E CONSEQUENTE AQUISI\u00c7\u00c3O DE ALGUNS EQUIPAMENTOS DE INFORM\u00c1TICA, SEJAM ELES: UM NOTBOOK, UMA IMPRESSORA, UM SCANNER DE MESA WORKFORCE ES-400 OU EQUIVALENTE, ASSIM COMO, MOLA A\u00c9REA HIDR\u00c1ULICA PARA PORTA, TENDO EM VISTA ATENDER AS NECESSIDADES DESTA CASA LEGISLATIVA.","fornecedor":"RICARDO VALEN\u00c7A MAHON","denom_uni_orc":"CORPO DELIBERATIVO E SECRETARIA","funcao":"Legislativa","sub_funcao":"A\u00e7\u00e3o Legislativa","programa":"A\u00c7\u00c3O LEGISTIVA","acao":"MANUTEN\u00c7\u00c3O DAS ATIVIDADES ADMINISTRATIVAS","ident_acao":"Atividade","cat_econ":"Despesa Corrente","natureza_despesa":"Outras Despesas Correntes","modalidade_despesa":"Aplica\u00e7\u00f5es Diretas","elemento_despesa":"Di\u00e1rias \u2013 Civil","sub_elem_desp":"SEM SUBELEMENTO","fonte_recurso":"Recursos do Exerc\u00edcio Corrente \/ Recursos n\u00e3o Vinculados de Impostos \/ -"},{"ano_emissao_emp":"2023","n_emp":"0000266","data_emissao":"17\/08\/2023","valor":"672,00","tipo_empenho":"Ordin\u00e1rio","hist_emp":"VALOR QUE SE EMPENHA, CORRESPONDE \u00c0 AQUISI\u00c7\u00c3O DE 10 METROS DE CABO EXTENSOR USB 3.0 ATIVO REPETIDOR, PARA CONECTAR DISPOSITIVOS A MAIORES DIST\u00c2NCIAS, SEM PERDA DE QUALIDADE NA CONEX\u00c3O. E QUE SER\u00c1 UTILIZADO NAS TRANSMISS\u00d5ES DE REUNI\u00d5ES OCORRIDAS NESTA CASA LEGISLATIVA.","fornecedor":"MERCADO PAGO INSTITUICAO DE PAGAMENTO LTDA","denom_uni_orc":"CORPO DELIBERATIVO E SECRETARIA","funcao":"Legislativa","sub_funcao":"A\u00e7\u00e3o Legislativa","programa":"A\u00c7\u00c3O LEGISTIVA","acao":"MANUTEN\u00c7\u00c3O DAS ATIVIDADES ADMINISTRATIVAS","ident_acao":"Atividade","cat_econ":"Despesa Corrente","natureza_despesa":"Outras Despesas Correntes","modalidade_despesa":"Aplica\u00e7\u00f5es Diretas","elemento_despesa":"Material de Consumo","sub_elem_desp":"SEM SUBELEMENTO","fonte_recurso":"Recursos do Exerc\u00edcio Corrente \/ Recursos n\u00e3o Vinculados de Impostos \/ -"},{"ano_emissao_emp":"2023","n_emp":"0000267","data_emissao":"18\/08\/2023","valor":"2.999,00","tipo_empenho":"Ordin\u00e1rio","hist_emp":"VALOR QUE SE EMPENHA, CORRESPONDE \u00c0 AQUISI\u00c7\u00c3O DE UM NOTBOOK NA SEGUINTE CONFIGURA\u00c7\u00c3O: PROCESSADOR I5, ARMAZENAMENTO SSD 256 GB, MEM\u00d3RIA RAM 8GB, TENDO EM VISTA A NECESSIDADE DO MESMO, PARA DAR ANDAMENTO AOS TRABALHOS DESTA CASA LEGISLATIVA.","fornecedor":"CIL - COMERCIO DE INFORMATICA LTDA","denom_uni_orc":"CORPO DELIBERATIVO E SECRETARIA","funcao":"Legislativa","sub_funcao":"A\u00e7\u00e3o Legislativa","programa":"A\u00c7\u00c3O LEGISTIVA","acao":"REEQUIPAMENTO DA UNIDADE","ident_acao":"Projeto","cat_econ":"Despesa de Capital","natureza_despesa":"Investimentos","modalidade_despesa":"Aplica\u00e7\u00f5es Diretas","elemento_despesa":"Equipamentos e Material Permanente","sub_elem_desp":"SEM SUBELEMENTO","fonte_recurso":"Recursos do Exerc\u00edcio Corrente \/ Recursos n\u00e3o Vinculados de Impostos \/ -"},{"ano_emissao_emp":"2023","n_emp":"0000268","data_emissao":"18\/08\/2023","valor":"1.138,00","tipo_empenho":"Ordin\u00e1rio","hist_emp":"VALOR QUE SE EMPENHA, CORRESPONDE \u00c0 AQUISI\u00c7\u00c3O DE UMA IMPRESSORA L3250 WIRELESS, WIFI DIRECT, BIVOLT TANK MULTIFUNCIONAL, NA IMIN\u00caNCIA DE ATENDER DEMANDAS DESTA C\u00c2MARA MUNICIPAL DE VEREADORES.","fornecedor":"VIP INFORMATICA LTDA","denom_uni_orc":"CORPO DELIBERATIVO E SECRETARIA","funcao":"Legislativa","sub_funcao":"A\u00e7\u00e3o Legislativa","programa":"A\u00c7\u00c3O LEGISTIVA","acao":"REEQUIPAMENTO DA UNIDADE","ident_acao":"Projeto","cat_econ":"Despesa de Capital","natureza_despesa":"Investimentos","modalidade_despesa":"Aplica\u00e7\u00f5es Diretas","elemento_despesa":"Equipamentos e Material Permanente","sub_elem_desp":"SEM SUBELEMENTO","fonte_recurso":"Recursos do Exerc\u00edcio Corrente \/ Recursos n\u00e3o Vinculados de Impostos \/ -"},{"ano_emissao_emp":"2023","n_emp":"0000269","data_emissao":"18\/08\/2023","valor":"204,90","tipo_empenho":"Ordin\u00e1rio","hist_emp":"VALOR QUE SE EMPENHA, CORRESPONDE \u00c0 AQUISI\u00c7\u00c3O DE UMA MOLA A\u00c9REA HIDR\u00c1ULICA PARA PORTA DA RECEP\u00c7\u00c3O, ATENDENDO AS NECESSIDADES DESTA CASA LEGISLATIVA.","fornecedor":"FERREIRA COSTA & CIA LTDA","denom_uni_orc":"CORPO DELIBERATIVO E SECRETARIA","funcao":"Legislativa","sub_funcao":"A\u00e7\u00e3o Legislativa","programa":"A\u00c7\u00c3O LEGISTIVA","acao":"REEQUIPAMENTO DA UNIDADE","ident_acao":"Projeto","cat_econ":"Despesa de Capital","natureza_despesa":"Investimentos","modalidade_despesa":"Aplica\u00e7\u00f5es Diretas","elemento_despesa":"Equipamentos e Material Permanente","sub_elem_desp":"SEM SUBELEMENTO","fonte_recurso":"Recursos do Exerc\u00edcio Corrente \/ Recursos n\u00e3o Vinculados de Impostos \/ -"},{"ano_emissao_emp":"2023","n_emp":"0000270","data_emissao":"18\/08\/2023","valor":"3.399,03","tipo_empenho":"Ordin\u00e1rio","hist_emp":"VALOR QUE SE EMPENHA, CORRESPONDE \u00c0 AQUISI\u00c7\u00c3O DE UM SCANNER DE MESA USB, WORKFORCE ES-400, COM A FINALIDADE DE AUXILIAR NO MELHOR DESEMPENHO DAS ATIVIDADES ADMINISTRATIVAS DESTA C\u00c2MARA MUNICIPAL DE VEREADORES.","fornecedor":"CIL - COMERCIO DE INFORMATICA LTDA","denom_uni_orc":"CORPO DELIBERATIVO E SECRETARIA","funcao":"Legislativa","sub_funcao":"A\u00e7\u00e3o Legislativa","programa":"A\u00c7\u00c3O LEGISTIVA","acao":"REEQUIPAMENTO DA UNIDADE","ident_acao":"Projeto","cat_econ":"Despesa de Capital","natureza_despesa":"Investimentos","modalidade_despesa":"Aplica\u00e7\u00f5es Diretas","elemento_despesa":"Equipamentos e Material Permanente","sub_elem_desp":"SEM SUBELEMENTO","fonte_recurso":"Recursos do Exerc\u00edcio Corrente \/ Recursos n\u00e3o Vinculados de Impostos \/ -"},{"ano_emissao_emp":"2023","n_emp":"0000271","data_emissao":"18\/08\/2023","valor":"50,00","tipo_empenho":"Ordin\u00e1rio","hist_emp":"VALOR QUE SE EMPENHA, CORRESPONDE AOS SERVI\u00c7OS DE LAVAGEM \/ HIGIENIZA\u00c7\u00c3O NO VE\u00cdCULO OFICIAL PLACA QYF-2630, DESTA C\u00c2MARA MUNICIPAL DE VEREADORES.","fornecedor":"JOS\u00c9 NEGREIROS DA COSTA","denom_uni_orc":"CORPO DELIBERATIVO E SECRETARIA","funcao":"Legislativa","sub_funcao":"A\u00e7\u00e3o Legislativa","programa":"A\u00c7\u00c3O LEGISTIVA","acao":"MANUTEN\u00c7\u00c3O DAS ATIVIDADES ADMINISTRATIVAS","ident_acao":"Atividade","cat_econ":"Despesa Corrente","natureza_despesa":"Outras Despesas Correntes","modalidade_despesa":"Aplica\u00e7\u00f5es Diretas","elemento_despesa":"Outros Servi\u00e7os de Terceiros - Pessoa F\u00edsica","sub_elem_desp":"SEM SUBELEMENTO","fonte_recurso":"Recursos do Exerc\u00edcio Corrente \/ Recursos n\u00e3o Vinculados de Impostos \/ -"},{"ano_emissao_emp":"2023","n_emp":"0000272","data_emissao":"18\/08\/2023","valor":"1.000,00","tipo_empenho":"Ordin\u00e1rio","hist_emp":"VALOR QUE SE EMPENHA, CORRESPONDE A SOLICITA\u00c7\u00c3O DE UMA DI\u00c1RIA PELO VEREADOR\/PRESIDENTE AMILTON C\u00cdCERO DA SILVA, PARA IR \u00c0 CIDADE DO RECIFE-PE, EM VISITA AO GABINETE DO DEPUTADO ESTADUAL CL\u00c9BER CHAPARRAL, A FIM DE SOLICITAR EMENDAS PARLAMENTARES INERENTE \u00c0 AQUISI\u00c7\u00c3O E ADAPTA\u00c7\u00c3O DE VE\u00cdCULO NO TRANSPORTE DE PESSOAS COM DEFICI\u00caNCIA F\u00cdSICA E MOBILIDADE REDUZIDA, ASSIM COMO, SOLICITAR LIBERA\u00c7\u00c3O DE VERBA PARA CONSTRU\u00c7\u00c3O DE CISTERNAS NA ZONA RURAL E ENTRE OUTRAS DEMANDAS PARA O MUNIC\u00cdPIO DE TAQUARITINGA DO NORTE-","fornecedor":"Amilton C\u00edcero da Silva","denom_uni_orc":"CORPO DELIBERATIVO E SECRETARIA","funcao":"Legislativa","sub_funcao":"A\u00e7\u00e3o Legislativa","programa":"A\u00c7\u00c3O LEGISTIVA","acao":"MANUTEN\u00c7\u00c3O DAS ATIVIDADES LEGISLATIVAS","ident_acao":"Atividade","cat_econ":"Despesa Corrente","natureza_despesa":"Outras Despesas Correntes","modalidade_despesa":"Aplica\u00e7\u00f5es Diretas","elemento_despesa":"Di\u00e1rias \u2013 Civil","sub_elem_desp":"SEM SUBELEMENTO","fonte_recurso":"Recursos do Exerc\u00edcio Corrente \/ Recursos n\u00e3o Vinculados de Impostos \/ -"},{"ano_emissao_emp":"2023","n_emp":"0000273","data_emissao":"21\/08\/2023","valor":"500,00","tipo_empenho":"Ordin\u00e1rio","hist_emp":"VALOR QUE SE EMPENHA, CORRESPONDE A SOLICITA\u00c7\u00c3O DE UMA DI\u00c1RIA PELO SERVIDOR RICARDO VALEN\u00c7A MAHON (DIRETOR FINANCEIRO), COM A FINALIDADE DE ACOMPANHAR O VEREADOR\/PRESIDENTE AMILTON C\u00cdCERO DA SILVA, EM VIAGEM \u00c0 CIDADE DO RECIFE-PE, JUNTO AO GABINETE DO DEPUTADO ESTADUAL CL\u00c9BER CHAPARRAL, NA IMIN\u00caNCIA DE APRESENTAR DEMANDAS PARA O MUNIC\u00cdPIO DE TAQUARITINGA DO NORTE-PE.","fornecedor":"RICARDO VALEN\u00c7A MAHON","denom_uni_orc":"CORPO DELIBERATIVO E SECRETARIA","funcao":"Legislativa","sub_funcao":"A\u00e7\u00e3o Legislativa","programa":"A\u00c7\u00c3O LEGISTIVA","acao":"MANUTEN\u00c7\u00c3O DAS ATIVIDADES ADMINISTRATIVAS","ident_acao":"Atividade","cat_econ":"Despesa Corrente","natureza_despesa":"Outras Despesas Correntes","modalidade_despesa":"Aplica\u00e7\u00f5es Diretas","elemento_despesa":"Di\u00e1rias \u2013 Civil","sub_elem_desp":"SEM SUBELEMENTO","fonte_recurso":"Recursos do Exerc\u00edcio Corrente \/ Recursos n\u00e3o Vinculados de Impostos \/ -"},{"ano_emissao_emp":"2023","n_emp":"0000274","data_emissao":"21\/08\/2023","valor":"505,05","tipo_empenho":"Ordin\u00e1rio","hist_emp":"VALOR QUE SE EMPENHA, CORRESPONDE \u00c0 AQUISI\u00c7\u00c3O DE UTENS\u00cdLIOS DE COPA\/COZINHA, TAIS COMO: BANDEJAS, POTES MULTIUSO, GARRAFAS T\u00c9RMICAS, JARRA EM VIDRO, ENTRE OUTROS, COM OBJETIVO DE ATENDER AS DEMANDAS DESTA CASA LEGISLATIVA.","fornecedor":"CLAUDIO L PAIVA ARMARINHO","denom_uni_orc":"CORPO DELIBERATIVO E SECRETARIA","funcao":"Legislativa","sub_funcao":"A\u00e7\u00e3o Legislativa","programa":"A\u00c7\u00c3O LEGISTIVA","acao":"MANUTEN\u00c7\u00c3O DAS ATIVIDADES ADMINISTRATIVAS","ident_acao":"Atividade","cat_econ":"Despesa Corrente","natureza_despesa":"Outras Despesas Correntes","modalidade_despesa":"Aplica\u00e7\u00f5es Diretas","elemento_despesa":"Material de Consumo","sub_elem_desp":"SEM SUBELEMENTO","fonte_recurso":"Recursos do Exerc\u00edcio Corrente \/ Recursos n\u00e3o Vinculados de Impostos \/ -"},{"ano_emissao_emp":"2023","n_emp":"0000275","data_emissao":"21\/08\/2023","valor":"517,00","tipo_empenho":"Ordin\u00e1rio","hist_emp":"VALOR QUE SE EMPENHA, CORRESPONDE AOS MATERIAIS PARA MANUTEN\u00c7\u00c3O E REPARA\u00c7\u00c3O MEC\u00c2NICA NA JUNTA HOMOCINETICA DO AUTOM\u00d3VEL DESTA C\u00c2MARA MUNICIPAL DE VEREADORES, PLACA QYF-2630.","fornecedor":"AN7 CENTRO AUTOMOTIVO LTDA","denom_uni_orc":"CORPO DELIBERATIVO E SECRETARIA","funcao":"Legislativa","sub_funcao":"A\u00e7\u00e3o Legislativa","programa":"A\u00c7\u00c3O LEGISTIVA","acao":"MANUTEN\u00c7\u00c3O DAS ATIVIDADES ADMINISTRATIVAS","ident_acao":"Atividade","cat_econ":"Despesa Corrente","natureza_despesa":"Outras Despesas Correntes","modalidade_despesa":"Aplica\u00e7\u00f5es Diretas","elemento_despesa":"Material de Consumo","sub_elem_desp":"SEM SUBELEMENTO","fonte_recurso":"Recursos do Exerc\u00edcio Corrente \/ Recursos n\u00e3o Vinculados de Impostos \/ -"},{"ano_emissao_emp":"2023","n_emp":"0000276","data_emissao":"21\/08\/2023","valor":"80,00","tipo_empenho":"Ordin\u00e1rio","hist_emp":"VALOR QUE SE EMPENHA, CORRESPONDE AOS SERVI\u00c7OS DE MANUTEN\u00c7\u00c3O E REPARA\u00c7\u00c3O MEC\u00c2NICA NA JUNTA HOMOCINETICA DO AUTOM\u00d3VEL DESTA C\u00c2MARA MUNICIPAL DE VEREADORES, PLACA QYF-2630.","fornecedor":"AN7 CENTRO AUTOMOTIVO LTDA","denom_uni_orc":"CORPO DELIBERATIVO E SECRETARIA","funcao":"Legislativa","sub_funcao":"A\u00e7\u00e3o Legislativa","programa":"A\u00c7\u00c3O LEGISTIVA","acao":"MANUTEN\u00c7\u00c3O DAS ATIVIDADES ADMINISTRATIVAS","ident_acao":"Atividade","cat_econ":"Despesa Corrente","natureza_despesa":"Outras Despesas Correntes","modalidade_despesa":"Aplica\u00e7\u00f5es Diretas","elemento_despesa":"Outros Servi\u00e7os de Terceiros - Pessoa Jur\u00eddica","sub_elem_desp":"SEM SUBELEMENTO","fonte_recurso":"Recursos do Exerc\u00edcio Corrente \/ Recursos n\u00e3o Vinculados de Impostos \/ -"},{"ano_emissao_emp":"2023","n_emp":"0000277","data_emissao":"22\/08\/2023","valor":"160,00","tipo_empenho":"Ordin\u00e1rio","hist_emp":"VALOR QUE SE EMPENHA, CORRESPONDE AO ABASTECIMENTO DE \u00c1GUA POR CARRO PIPA NO PR\u00c9DIO DA C\u00c2MARA MUNICIPAL DE VEREADORES DE TAQUARITINGA DO NORTE-PE, EM AGOSTO DE 2023.","fornecedor":"M\u00c1RCIO ANDR\u00c9 MANOEL DA SILVA","denom_uni_orc":"CORPO DELIBERATIVO E SECRETARIA","funcao":"Legislativa","sub_funcao":"A\u00e7\u00e3o Legislativa","programa":"A\u00c7\u00c3O LEGISTIVA","acao":"MANUTEN\u00c7\u00c3O DAS ATIVIDADES ADMINISTRATIVAS","ident_acao":"Atividade","cat_econ":"Despesa Corrente","natureza_despesa":"Outras Despesas Correntes","modalidade_despesa":"Aplica\u00e7\u00f5es Diretas","elemento_despesa":"Outros Servi\u00e7os de Terceiros - Pessoa F\u00edsica","sub_elem_desp":"SEM SUBELEMENTO","fonte_recurso":"Recursos do Exerc\u00edcio Corrente \/ Recursos n\u00e3o Vinculados de Impostos \/ -"},{"ano_emissao_emp":"2023","n_emp":"0000278","data_emissao":"22\/08\/2023","valor":"1.000,00","tipo_empenho":"Ordin\u00e1rio","hist_emp":"VALOR QUE SE EMPENHA, CORRESPONDE A SOLICITA\u00c7\u00c3O DE UMA DI\u00c1RIA PELO VEREADOR JOS\u00c9 ERALDO PEREIRA DOS SANTOS, PARA IR \u00c0 CIDADE DO RECIFE-PE, EM VISITA \u00c0 COMPESA - COMPANHIA PERNAMBUCANA DE SANEAMENTO, ASSIM COMO, AO PAL\u00c1CIO DO CAMPO DAS PRINCESAS E ALEPE- ASSEMBL\u00c9IA LEGISLATIVA DO ESTADO DE PERNAMBUCO, COM A FINALIDADE DE TRATAR DE DEMANDAS PARA O MUNIC\u00cdPIO DE TAQUARITINGA DO NORTE-PE.","fornecedor":"JOS\u00c9 ERALDO PEREIRA DOS SANTOS","denom_uni_orc":"CORPO DELIBERATIVO E SECRETARIA","funcao":"Legislativa","sub_funcao":"A\u00e7\u00e3o Legislativa","programa":"A\u00c7\u00c3O LEGISTIVA","acao":"MANUTEN\u00c7\u00c3O DAS ATIVIDADES LEGISLATIVAS","ident_acao":"Atividade","cat_econ":"Despesa Corrente","natureza_despesa":"Outras Despesas Correntes","modalidade_despesa":"Aplica\u00e7\u00f5es Diretas","elemento_despesa":"Di\u00e1rias \u2013 Civil","sub_elem_desp":"SEM SUBELEMENTO","fonte_recurso":"Recursos do Exerc\u00edcio Corrente \/ Recursos n\u00e3o Vinculados de Impostos \/ -"},{"ano_emissao_emp":"2023","n_emp":"0000279","data_emissao":"22\/08\/2023","valor":"500,00","tipo_empenho":"Ordin\u00e1rio","hist_emp":"VALOR QUE SE EMPENHA, CORRESPONDE A SOLICITA\u00c7\u00c3O DE UMA DI\u00c1RIA PELO SERVIDOR JOS\u00c9 DI\u00caGO BEZERRA DE LIMA (CHEFE DE GABINETE DA PRESID\u00caNCIA), PARA ACOMPANHAR VEREADORES EM VIAGEM \u00c0 CIDADE DO RECIFE-PE, JUNTO \u00c0 COMPESA - COMPANHIA PERNAMBUCANA DE SANEAMENTO, ASSIM COMO, AO PAL\u00c1CIO DO CAMPO DAS PRINCESAS E ALEPE- ASSEMBL\u00c9IA LEGISLATIVA DO ESTADO DE PERNAMBUCO, COM A FINALIDADE DE TRATAR DE DEMANDAS PARA O MUNIC\u00cdPIO DE TAQUARITINGA DO NORTE-PE.","fornecedor":"JOS\u00c9 DI\u00caGO BEZERRA DE LIMA","denom_uni_orc":"CORPO DELIBERATIVO E SECRETARIA","funcao":"Legislativa","sub_funcao":"A\u00e7\u00e3o Legislativa","programa":"A\u00c7\u00c3O LEGISTIVA","acao":"MANUTEN\u00c7\u00c3O DAS ATIVIDADES ADMINISTRATIVAS","ident_acao":"Atividade","cat_econ":"Despesa Corrente","natureza_despesa":"Outras Despesas Correntes","modalidade_despesa":"Aplica\u00e7\u00f5es Diretas","elemento_despesa":"Di\u00e1rias \u2013 Civil","sub_elem_desp":"SEM SUBELEMENTO","fonte_recurso":"Recursos do Exerc\u00edcio Corrente \/ Recursos n\u00e3o Vinculados de Impostos \/ -"},{"ano_emissao_emp":"2023","n_emp":"0000280","data_emissao":"24\/08\/2023","valor":"50,00","tipo_empenho":"Ordin\u00e1rio","hist_emp":"VALOR QUE SE EMPENHA, CORRESPONDE AOS SERVI\u00c7OS DE DUAS LAVAGENS \/ HIGIENIZA\u00c7\u00c3O NO VE\u00cdCULO OFICIAL PLACA QYF-2630, DESTA C\u00c2MARA MUNICIPAL DE VEREADORES.","fornecedor":"JOS\u00c9 NEGREIROS DA COSTA","denom_uni_orc":"CORPO DELIBERATIVO E SECRETARIA","funcao":"Legislativa","sub_funcao":"A\u00e7\u00e3o Legislativa","programa":"A\u00c7\u00c3O LEGISTIVA","acao":"MANUTEN\u00c7\u00c3O DAS ATIVIDADES ADMINISTRATIVAS","ident_acao":"Atividade","cat_econ":"Despesa Corrente","natureza_despesa":"Outras Despesas Correntes","modalidade_despesa":"Aplica\u00e7\u00f5es Diretas","elemento_despesa":"Outros Servi\u00e7os de Terceiros - Pessoa F\u00edsica","sub_elem_desp":"SEM SUBELEMENTO","fonte_recurso":"Recursos do Exerc\u00edcio Corrente \/ Recursos n\u00e3o Vinculados de Impostos \/ -"},{"ano_emissao_emp":"2023","n_emp":"0000281","data_emissao":"25\/08\/2023","valor":"1.000,00","tipo_empenho":"Ordin\u00e1rio","hist_emp":"VALOR QUE SE EMPENHA, CORRESPONDE A SOLICITA\u00c7\u00c3O DE UMA DI\u00c1RIA PELO VEREADOR JOS\u00c9 AMAURI MINERVA FERREIRA, PARA IR AO IPA - INSTITUTO AGRON\u00d4MICO DE PERNAMBUCO, SITUADO NA CIDADE DO RECIFE-PE, COM A FINALIDADE DE SOLICITAR RECURSOS PARA PERFURAR NOVOS PO\u00c7OS ARTESIANOS, VISANDO MELHORIAS A POPULA\u00c7\u00c3O DA CIDADE DE TAQUARITINGA NO NORTE-PE.","fornecedor":"JOS\u00c9 AMAURI MINERVA FERREIRA","denom_uni_orc":"CORPO DELIBERATIVO E SECRETARIA","funcao":"Legislativa","sub_funcao":"A\u00e7\u00e3o Legislativa","programa":"A\u00c7\u00c3O LEGISTIVA","acao":"MANUTEN\u00c7\u00c3O DAS ATIVIDADES LEGISLATIVAS","ident_acao":"Atividade","cat_econ":"Despesa Corrente","natureza_despesa":"Outras Despesas Correntes","modalidade_despesa":"Aplica\u00e7\u00f5es Diretas","elemento_despesa":"Di\u00e1rias \u2013 Civil","sub_elem_desp":"SEM SUBELEMENTO","fonte_recurso":"Recursos do Exerc\u00edcio Corrente \/ Recursos n\u00e3o Vinculados de Impostos \/ -"},{"ano_emissao_emp":"2023","n_emp":"0000282","data_emissao":"25\/08\/2023","valor":"1.000,00","tipo_empenho":"Ordin\u00e1rio","hist_emp":"VALOR QUE SE EMPENHA, CORRESPONDE A SOLICITA\u00c7\u00c3O DE UMA DI\u00c1RIA PELA VEREADORA NAT\u00c1LIA PEREIRA DA SILVA LIMA, PARA IR AO IPA - INSTITUTO AGRON\u00d4MICO DE PERNAMBUCO, SITUADO NA CIDADE DO RECIFE-PE, COM A FINALIDADE DE SOLICITAR RECURSOS PARA PERFURAR NOVOS PO\u00c7OS ARTESIANOS, VISANDO MELHORIAS A POPULA\u00c7\u00c3O DA CIDADE DE TAQUARITINGA NO NORTE-PE.","fornecedor":"NAT\u00c1LIA PEREIRA DA SILVA LIMA","denom_uni_orc":"CORPO DELIBERATIVO E SECRETARIA","funcao":"Legislativa","sub_funcao":"A\u00e7\u00e3o Legislativa","programa":"A\u00c7\u00c3O LEGISTIVA","acao":"MANUTEN\u00c7\u00c3O DAS ATIVIDADES LEGISLATIVAS","ident_acao":"Atividade","cat_econ":"Despesa Corrente","natureza_despesa":"Outras Despesas Correntes","modalidade_despesa":"Aplica\u00e7\u00f5es Diretas","elemento_despesa":"Di\u00e1rias \u2013 Civil","sub_elem_desp":"SEM SUBELEMENTO","fonte_recurso":"Recursos do Exerc\u00edcio Corrente \/ Recursos n\u00e3o Vinculados de Impostos \/ -"},{"ano_emissao_emp":"2023","n_emp":"0000283","data_emissao":"25\/08\/2023","valor":"1.000,00","tipo_empenho":"Ordin\u00e1rio","hist_emp":"VALOR QUE SE EMPENHA, CORRESPONDE A SOLICITA\u00c7\u00c3O DE UMA DI\u00c1RIA PELO VEREADOR H\u00c9LIO JUNIOR FLOR\u00caNCIO, PARA IR AO IPA - INSTITUTO AGRON\u00d4MICO DE PERNAMBUCO, SITUADO NA CIDADE DO RECIFE-PE, COM A FINALIDADE DE SOLICITAR RECURSOS PARA PERFURAR NOVOS PO\u00c7OS ARTESIANOS, VISANDO MELHORIAS A POPULA\u00c7\u00c3O DA CIDADE DE TAQUARITINGA NO NORTE-PE.","fornecedor":"H\u00c9LIO JUNIOR FLOR\u00caNCIO","denom_uni_orc":"CORPO DELIBERATIVO E SECRETARIA","funcao":"Legislativa","sub_funcao":"A\u00e7\u00e3o Legislativa","programa":"A\u00c7\u00c3O LEGISTIVA","acao":"MANUTEN\u00c7\u00c3O DAS ATIVIDADES LEGISLATIVAS","ident_acao":"Atividade","cat_econ":"Despesa Corrente","natureza_despesa":"Outras Despesas Correntes","modalidade_despesa":"Aplica\u00e7\u00f5es Diretas","elemento_despesa":"Di\u00e1rias \u2013 Civil","sub_elem_desp":"SEM SUBELEMENTO","fonte_recurso":"Recursos do Exerc\u00edcio Corrente \/ Recursos n\u00e3o Vinculados de Impostos \/ -"},{"ano_emissao_emp":"2023","n_emp":"0000284","data_emissao":"25\/08\/2023","valor":"1.000,00","tipo_empenho":"Ordin\u00e1rio","hist_emp":"VALOR QUE SE EMPENHA, CORRESPONDE A SOLICITA\u00c7\u00c3O DE UMA DI\u00c1RIA PELO VEREADOR GEOVANE PEQUENO C\u00c9ZAR, COM A FINALIDADE DE VIAGEM PARA ATIVIDADE PARLAMENTAR NA CIDADE DO RECIFE-PE, JUNTO \u00c0 ASSOCIA\u00c7\u00c3O MUNICIPALISTA DE PERNAMBUCO (AMUPE), NO PER\u00cdODO DE 29 DE AGOSTO DE 2023, ONDE IR\u00c1 EM BUSCA DE MELHORIAS PARA O MUNIC\u00cdPIO DE TAQUARITINGA DO NORTE-PE.","fornecedor":"GEOVANE PEQUENO C\u00c9ZAR","denom_uni_orc":"CORPO DELIBERATIVO E SECRETARIA","funcao":"Legislativa","sub_funcao":"A\u00e7\u00e3o Legislativa","programa":"A\u00c7\u00c3O LEGISTIVA","acao":"MANUTEN\u00c7\u00c3O DAS ATIVIDADES LEGISLATIVAS","ident_acao":"Atividade","cat_econ":"Despesa Corrente","natureza_despesa":"Outras Despesas Correntes","modalidade_despesa":"Aplica\u00e7\u00f5es Diretas","elemento_despesa":"Di\u00e1rias \u2013 Civil","sub_elem_desp":"SEM SUBELEMENTO","fonte_recurso":"Recursos do Exerc\u00edcio Corrente \/ Recursos n\u00e3o Vinculados de Impostos \/ -"},{"ano_emissao_emp":"2023","n_emp":"0000285","data_emissao":"25\/08\/2023","valor":"1.000,00","tipo_empenho":"Ordin\u00e1rio","hist_emp":"VALOR QUE SE EMPENHA, CORRESPONDE A SOLICITA\u00c7\u00c3O DE UMA DI\u00c1RIA PELO VEREADOR JO\u00c3O EUG\u00caNIO LEANDRO COSTA, COM A FINALIDADE DE VIAGEM PARA ATIVIDADE PARLAMENTAR NA CIDADE DO RECIFE-PE, JUNTO \u00c0 ASSOCIA\u00c7\u00c3O MUNICIPALISTA DE PERNAMBUCO (AMUPE), NO PER\u00cdODO DE 29 DE AGOSTO DE 2023, ONDE IR\u00c1 EM BUSCA DE MELHORIAS PARA O MUNIC\u00cdPIO DE TAQUARITINGA DO NORTE-PE.","fornecedor":"JO\u00c3O EUG\u00caNIO LEANDRO COSTA","denom_uni_orc":"CORPO DELIBERATIVO E SECRETARIA","funcao":"Legislativa","sub_funcao":"A\u00e7\u00e3o Legislativa","programa":"A\u00c7\u00c3O LEGISTIVA","acao":"MANUTEN\u00c7\u00c3O DAS ATIVIDADES LEGISLATIVAS","ident_acao":"Atividade","cat_econ":"Despesa Corrente","natureza_despesa":"Outras Despesas Correntes","modalidade_despesa":"Aplica\u00e7\u00f5es Diretas","elemento_despesa":"Di\u00e1rias \u2013 Civil","sub_elem_desp":"SEM SUBELEMENTO","fonte_recurso":"Recursos do Exerc\u00edcio Corrente \/ Recursos n\u00e3o Vinculados de Impostos \/ -"},{"ano_emissao_emp":"2023","n_emp":"0000286","data_emissao":"28\/08\/2023","valor":"979,66","tipo_empenho":"Ordin\u00e1rio","hist_emp":"VALOR QUE SE EMPENHA, CORRESPONDE A PUBLICA\u00c7\u00c3O NO DI\u00c1RIO OFICIAL REFERENTE TOMADA DE PRE\u00c7OS N\u00ba 001\/2023, PROCESSO ADMINISTRATIVO N\u00ba 04\/2023. OBJETO: CONTRATA\u00c7\u00c3O DE EMPRESA DE ENGENHARIA PARA EXECUTAR SERVI\u00c7OS DE REFORMA E AMPLIA\u00c7\u00c3O DO PR\u00c9DIO SEDE DA C\u00c2MARA MUNICIPAL DE TAQUARITINGA DO NORTE-PE.","fornecedor":"SIGMA SERVICOS ADMINISTRATIVOS E INTERMEDIACAO EM PUBLICACAO LTDA","denom_uni_orc":"CORPO DELIBERATIVO E SECRETARIA","funcao":"Legislativa","sub_funcao":"A\u00e7\u00e3o Legislativa","programa":"A\u00c7\u00c3O LEGISTIVA","acao":"MANUTEN\u00c7\u00c3O DAS ATIVIDADES ADMINISTRATIVAS","ident_acao":"Atividade","cat_econ":"Despesa Corrente","natureza_despesa":"Outras Despesas Correntes","modalidade_despesa":"Aplica\u00e7\u00f5es Diretas","elemento_despesa":"Outros Servi\u00e7os de Terceiros - Pessoa Jur\u00eddica","sub_elem_desp":"SEM SUBELEMENTO","fonte_recurso":"Recursos do Exerc\u00edcio Corrente \/ Recursos n\u00e3o Vinculados de Impostos \/ -"},{"ano_emissao_emp":"2023","n_emp":"0000287","data_emissao":"30\/08\/2023","valor":"2.705,95","tipo_empenho":"Ordin\u00e1rio","hist_emp":"VALOR QUE SE EMPENHA, CORRESPONDE \u00c0 AQUISI\u00c7\u00c3O DE UM COMPUTADOR DESKTOP COMPLETO, DE CONFIGURA\u00c7\u00c3O B\u00c1SICA: PROCESSADOR AM4 RYZEN 5, MEM\u00d3RIA 8GB, SSD 240GB, PARA ATENDER AS NECESSIDADES DESTA C\u00c2MARA MUNICIPAL DE VEREADORES.","fornecedor":"MICRO OFFICE INFORMATICA LTDA","denom_uni_orc":"CORPO DELIBERATIVO E SECRETARIA","funcao":"Legislativa","sub_funcao":"A\u00e7\u00e3o Legislativa","programa":"A\u00c7\u00c3O LEGISTIVA","acao":"REEQUIPAMENTO DA UNIDADE","ident_acao":"Projeto","cat_econ":"Despesa de Capital","natureza_despesa":"Investimentos","modalidade_despesa":"Aplica\u00e7\u00f5es Diretas","elemento_despesa":"Equipamentos e Material Permanente","sub_elem_desp":"SEM SUBELEMENTO","fonte_recurso":"Recursos do Exerc\u00edcio Corrente \/ Recursos n\u00e3o Vinculados de Impostos \/ -"},{"ano_emissao_emp":"2023","n_emp":"0000288","data_emissao":"30\/08\/2023","valor":"2.705,95","tipo_empenho":"Ordin\u00e1rio","hist_emp":"VALOR QUE SE EMPENHA, CORRESPONDE \u00c0 AQUISI\u00c7\u00c3O DE UM COMPUTADOR DESKTOP COMPLETO, DE CONFIGURA\u00c7\u00c3O B\u00c1SICA: PROCESSADOR AM4 RYZEN 5, MEM\u00d3RIA 8GB, SSD 240GB, PARA ATENDER AS NECESSIDADES DESTA C\u00c2MARA MUNICIPAL DE VEREADORES.","fornecedor":"MICRO OFFICE INFORMATICA LTDA","denom_uni_orc":"CORPO DELIBERATIVO E SECRETARIA","funcao":"Legislativa","sub_funcao":"A\u00e7\u00e3o Legislativa","programa":"A\u00c7\u00c3O LEGISTIVA","acao":"REEQUIPAMENTO DA UNIDADE","ident_acao":"Projeto","cat_econ":"Despesa de Capital","natureza_despesa":"Investimentos","modalidade_despesa":"Aplica\u00e7\u00f5es Diretas","elemento_despesa":"Equipamentos e Material Permanente","sub_elem_desp":"SEM SUBELEMENTO","fonte_recurso":"Recursos do Exerc\u00edcio Corrente \/ Recursos n\u00e3o Vinculados de Impostos \/ -"},{"ano_emissao_emp":"2023","n_emp":"0000289","data_emissao":"31\/08\/2023","valor":"50,00","tipo_empenho":"Ordin\u00e1rio","hist_emp":"VALOR QUE SE EMPENHA, CORRESPONDE AOS SERVI\u00c7OS DE LAVAGEM \/ HIGIENIZA\u00c7\u00c3O NO VE\u00cdCULO OFICIAL PLACA QYF-2630, DESTA C\u00c2MARA MUNICIPAL DE VEREADORES.","fornecedor":"JOS\u00c9 NEGREIROS DA COSTA","denom_uni_orc":"CORPO DELIBERATIVO E SECRETARIA","funcao":"Legislativa","sub_funcao":"A\u00e7\u00e3o Legislativa","programa":"A\u00c7\u00c3O LEGISTIVA","acao":"MANUTEN\u00c7\u00c3O DAS ATIVIDADES ADMINISTRATIVAS","ident_acao":"Atividade","cat_econ":"Despesa Corrente","natureza_despesa":"Outras Despesas Correntes","modalidade_despesa":"Aplica\u00e7\u00f5es Diretas","elemento_despesa":"Outros Servi\u00e7os de Terceiros - Pessoa F\u00edsica","sub_elem_desp":"SEM SUBELEMENTO","fonte_recurso":"Recursos do Exerc\u00edcio Corrente \/ Recursos n\u00e3o Vinculados de Impostos \/ -"},{"ano_emissao_emp":"2023","n_emp":"0000290","data_emissao":"31\/08\/2023","valor":"1.000,00","tipo_empenho":"Ordin\u00e1rio","hist_emp":"VALOR QUE SE EMPENHA, CORRESPONDE A SOLICITA\u00c7\u00c3O DE UMA DI\u00c1RIA PELO VEREADOR ALEXANDRE BAS\u00cdLIO DE JESUS TIETRE, PARA RESSARCIMENTO DAS DESPESAS COM VIAGEM \u00c0 CIDADE DO RECIFE-PE, EXERCENDO ATIVIDADE PARLAMENTAR JUNTO \u00c0 ASSOCIA\u00c7\u00c3O MUNICIPALISTA DE PERNAMBUCO (AMUPE), EM BUSCA DE MELHORIAS PARA O MUNIC\u00cdPIO DE TAQUARITINGA DO NORTE-PE.","fornecedor":"ALEXANDRE BAS\u00cdLIO DE JESUS TIETRE","denom_uni_orc":"CORPO DELIBERATIVO E SECRETARIA","funcao":"Legislativa","sub_funcao":"A\u00e7\u00e3o Legislativa","programa":"A\u00c7\u00c3O LEGISTIVA","acao":"MANUTEN\u00c7\u00c3O DAS ATIVIDADES LEGISLATIVAS","ident_acao":"Atividade","cat_econ":"Despesa Corrente","natureza_despesa":"Outras Despesas Correntes","modalidade_despesa":"Aplica\u00e7\u00f5es Diretas","elemento_despesa":"Di\u00e1rias \u2013 Civil","sub_elem_desp":"SEM SUBELEMENTO","fonte_recurso":"Recursos do Exerc\u00edcio Corrente \/ Recursos n\u00e3o Vinculados de Impostos \/ -"},{"ano_emissao_emp":"2023","n_emp":"0000291","data_emissao":"31\/08\/2023","valor":"31.941,00","tipo_empenho":"Global","hist_emp":"3\u00b0 TERMO ADITIVO DE PRORROGA\u00c7\u00c3O DE CONTRATO N\u00b0 007\/2021, PROCESSO DE INEXIGIBILIDADE N\u00b0001\/2021 DE PRESTA\u00c7\u00c3O DE SERVI\u00c7OS PROFISSIONAIS T\u00c9CNICOS ESPECIALIZADOS DE CONSULTORIA E ASSESSORIA ADMINISTRATIVA E GERENCIAL NAS \u00c1REAS CONT\u00c1BIL E FINANCEIRA NA C\u00c2MARA DE VEREADORES DE TAQUARITINGA DO NORTE-PE, PARA O EXERC\u00cdCIO DE 2023.","fornecedor":"CERTAM CENTRO REGIONAL DE TREINAMENTO EM ADMINISTRACAO MUNICIPAL LTDA","denom_uni_orc":"CORPO DELIBERATIVO E SECRETARIA","funcao":"Legislativa","sub_funcao":"A\u00e7\u00e3o Legislativa","programa":"A\u00c7\u00c3O LEGISTIVA","acao":"MANUTEN\u00c7\u00c3O DAS ATIVIDADES ADMINISTRATIVAS","ident_acao":"Atividade","cat_econ":"Despesa Corrente","natureza_despesa":"Outras Despesas Correntes","modalidade_despesa":"Aplica\u00e7\u00f5es Diretas","elemento_despesa":"Outros Servi\u00e7os de Terceiros - Pessoa Jur\u00eddica","sub_elem_desp":"SEM SUBELEMENTO","fonte_recurso":"Recursos do Exerc\u00edcio Corrente \/ Recursos n\u00e3o Vinculados de Impostos \/ -"},{"ano_emissao_emp":"2023","n_emp":"0000292","data_emissao":"01\/09\/2023","valor":"1.000,00","tipo_empenho":"Ordin\u00e1rio","hist_emp":"VALOR QUE SE EMPENHA, CORRESPONDE A SOLICITA\u00c7\u00c3O DE UMA DI\u00c1RIA PELO VEREADOR\/PRESIDENTE AMILTON C\u00cdCERO DA SILVA, PARA IR \u00c0 ASSEMBL\u00c9IA LEGISLATIVA DO ESTADO DE PERNAMBUCO, SITUADA NA CIDADE DO RECIFE-PE, NO DIA 04 DE SETEMBRO DO ANO EM CURSO, COM A FINALIDADE DE TRATAR DE DEMANDAS INERENTES AO MUNIC\u00cdPIO DE TAQUARITINGA DO NORTE-PE.","fornecedor":"Amilton C\u00edcero da Silva","denom_uni_orc":"CORPO DELIBERATIVO E SECRETARIA","funcao":"Legislativa","sub_funcao":"A\u00e7\u00e3o Legislativa","programa":"A\u00c7\u00c3O LEGISTIVA","acao":"MANUTEN\u00c7\u00c3O DAS ATIVIDADES LEGISLATIVAS","ident_acao":"Atividade","cat_econ":"Despesa Corrente","natureza_despesa":"Outras Despesas Correntes","modalidade_despesa":"Aplica\u00e7\u00f5es Diretas","elemento_despesa":"Di\u00e1rias \u2013 Civil","sub_elem_desp":"SEM SUBELEMENTO","fonte_recurso":"Recursos do Exerc\u00edcio Corrente \/ Recursos n\u00e3o Vinculados de Impostos \/ -"},{"ano_emissao_emp":"2023","n_emp":"0000293","data_emissao":"04\/09\/2023","valor":"300,00","tipo_empenho":"Ordin\u00e1rio","hist_emp":"VALOR QUE SE EMPENHA, CORRESPONDE \u00c0 SOLICITA\u00c7\u00c3O DE UMA DI\u00c1RIA PELO SERVIDOR JORGE LUIS DE LUCENA ISAAC (CHEFE DE DIVIS\u00c3O), PARA REALIZAR TREINAMENTO A CERCA DO SOFTWARE DE PATRIM\u00d4NIO, AFIM DE AJUSTAR O PLANEJAMENTO E DIRETRIZES DOS BENS E OBTER COMO CONSEQU\u00caNCIA UMA MELHOR GEST\u00c3O PATRIMONIAL PARA ESTA C\u00c2MARA MUNICIPAL DE VEREADORES, NO DIA SEIS DE SETEMBRO DE 2023, JUNTO AO CENTRO REGIONAL DE TREINAMENTO EM ADMINISTRA\u00c7\u00c3O MUNICIPAL \u2013 CERTAM, QUE FICA SITUADO NA CIDADE DE CARUARU-PE.","fornecedor":"JORGE LUIS DE LUCENA ISAAC","denom_uni_orc":"CORPO DELIBERATIVO E SECRETARIA","funcao":"Legislativa","sub_funcao":"A\u00e7\u00e3o Legislativa","programa":"A\u00c7\u00c3O LEGISTIVA","acao":"MANUTEN\u00c7\u00c3O DAS ATIVIDADES ADMINISTRATIVAS","ident_acao":"Atividade","cat_econ":"Despesa Corrente","natureza_despesa":"Outras Despesas Correntes","modalidade_despesa":"Aplica\u00e7\u00f5es Diretas","elemento_despesa":"Di\u00e1rias \u2013 Civil","sub_elem_desp":"SEM SUBELEMENTO","fonte_recurso":"Recursos do Exerc\u00edcio Corrente \/ Recursos n\u00e3o Vinculados de Impostos \/ -"},{"ano_emissao_emp":"2023","n_emp":"0000294","data_emissao":"05\/09\/2023","valor":"500,00","tipo_empenho":"Ordin\u00e1rio","hist_emp":"VALOR QUE SE EMPENHA, CORRESPONDE A SOLICITA\u00c7\u00c3O DE UMA DI\u00c1RIA PELO SERVIDOR JOS\u00c9 DI\u00caGO BEZERRA DE LIMA (CHEFE DE GABINETE DA PRESID\u00caNCIA), PARA IR \u00c0 ASSEMBL\u00c9IA LEGISLATIVA DO ESTADO DE PERNAMBUCO, SITUADA NA CIDADE DO RECIFE-PE, COM A FINALIDADE DE TRATAR DE ASSUNTOS INERENTES AO MUNIC\u00cdPIO DE TAQUARITINGA DO NORTE-PE.","fornecedor":"JOS\u00c9 DI\u00caGO BEZERRA DE LIMA","denom_uni_orc":"CORPO DELIBERATIVO E SECRETARIA","funcao":"Legislativa","sub_funcao":"A\u00e7\u00e3o Legislativa","programa":"A\u00c7\u00c3O LEGISTIVA","acao":"MANUTEN\u00c7\u00c3O DAS ATIVIDADES ADMINISTRATIVAS","ident_acao":"Atividade","cat_econ":"Despesa Corrente","natureza_despesa":"Outras Despesas Correntes","modalidade_despesa":"Aplica\u00e7\u00f5es Diretas","elemento_despesa":"Di\u00e1rias \u2013 Civil","sub_elem_desp":"SEM SUBELEMENTO","fonte_recurso":"Recursos do Exerc\u00edcio Corrente \/ Recursos n\u00e3o Vinculados de Impostos \/ -"},{"ano_emissao_emp":"2023","n_emp":"0000295","data_emissao":"18\/09\/2023","valor":"300,00","tipo_empenho":"Ordin\u00e1rio","hist_emp":"VALOR QUE SE EMPENHA, CORRESPONDE \u00c0 SOLICITA\u00c7\u00c3O DE UMA DI\u00c1RIA PELO SERVIDOR RICARDO VALEN\u00c7A MAHON (DIRETOR FINANCEIRO), PARA IR \u00c0 CIDADE DE CARUARU-PE, JUNTO AO CERTAM - CENTRO REGIONAL DE TREINAMENTO EM ADMINISTRA\u00c7\u00c3O MUNICIPAL, COM OBJETIVO DE TRATAR DE ASSUNTOS REFERENTES AO REINF- SISTEMA P\u00daBLICO DE ESCRITURA\u00c7\u00c3O FISCAL, TRAZENDO ATUALIZA\u00c7\u00c3O E MELHOR COMPREENS\u00c3O NAS ATIVIDADES ADMINISTRATIVAS DESTA C\u00c2MARA MUNICIPAL DE VEREADORES.","fornecedor":"RICARDO VALEN\u00c7A MAHON","denom_uni_orc":"CORPO DELIBERATIVO E SECRETARIA","funcao":"Legislativa","sub_funcao":"A\u00e7\u00e3o Legislativa","programa":"A\u00c7\u00c3O LEGISTIVA","acao":"MANUTEN\u00c7\u00c3O DAS ATIVIDADES ADMINISTRATIVAS","ident_acao":"Atividade","cat_econ":"Despesa Corrente","natureza_despesa":"Outras Despesas Correntes","modalidade_despesa":"Aplica\u00e7\u00f5es Diretas","elemento_despesa":"Di\u00e1rias \u2013 Civil","sub_elem_desp":"SEM SUBELEMENTO","fonte_recurso":"Recursos do Exerc\u00edcio Corrente \/ Recursos n\u00e3o Vinculados de Impostos \/ -"},{"ano_emissao_emp":"2023","n_emp":"0000296","data_emissao":"18\/09\/2023","valor":"1.000,00","tipo_empenho":"Ordin\u00e1rio","hist_emp":"VALOR QUE SE EMPENHA, CORRESPONDE A SOLICITA\u00c7\u00c3O DE UMA DI\u00c1RIA PELO VEREADOR RONALDO C\u00c9SAR DOS SANTOS SILVA, PARA IR \u00c0 ASSEMBL\u00c9IA LEGISLATIVA DO ESTADO DE PERNAMBUCO, SITUADA NA CIDADE DO RECIFE-PE, COM A FINALIDADE DE TRATAR DE ASSUNTOS INERENTES AO MUNIC\u00cdPIO DE TAQUARITINGA DO NORTE-PE.","fornecedor":"RONALDO C\u00c9SAR DOS SANTOS SILVA","denom_uni_orc":"CORPO DELIBERATIVO E SECRETARIA","funcao":"Legislativa","sub_funcao":"A\u00e7\u00e3o Legislativa","programa":"A\u00c7\u00c3O LEGISTIVA","acao":"MANUTEN\u00c7\u00c3O DAS ATIVIDADES LEGISLATIVAS","ident_acao":"Atividade","cat_econ":"Despesa Corrente","natureza_despesa":"Outras Despesas Correntes","modalidade_despesa":"Aplica\u00e7\u00f5es Diretas","elemento_despesa":"Di\u00e1rias \u2013 Civil","sub_elem_desp":"SEM SUBELEMENTO","fonte_recurso":"Recursos do Exerc\u00edcio Corrente \/ Recursos n\u00e3o Vinculados de Impostos \/ -"},{"ano_emissao_emp":"2023","n_emp":"0000297","data_emissao":"22\/09\/2023","valor":"300,00","tipo_empenho":"Ordin\u00e1rio","hist_emp":"VALOR QUE SE EMPENHA, CORRESPONDE \u00c0 SOLICITA\u00c7\u00c3O DE UMA DI\u00c1RIA PELO SERVIDOR RICARDO VALEN\u00c7A MAHON (DIRETOR FINANCEIRO), PARA IR \u00c0 CIDADE DE CARUARU-PE, JUNTO AO CERTAM - CENTRO REGIONAL DE TREINAMENTO EM ADMINISTRA\u00c7\u00c3O MUNICIPAL, COM A FINALIDADE DE TRATAR DE ASSUNTOS INERENTES A ESTA C\u00c2MARA MUNICIPAL DE VEREADORES.","fornecedor":"RICARDO VALEN\u00c7A MAHON","denom_uni_orc":"CORPO DELIBERATIVO E SECRETARIA","funcao":"Legislativa","sub_funcao":"A\u00e7\u00e3o Legislativa","programa":"A\u00c7\u00c3O LEGISTIVA","acao":"MANUTEN\u00c7\u00c3O DAS ATIVIDADES ADMINISTRATIVAS","ident_acao":"Atividade","cat_econ":"Despesa Corrente","natureza_despesa":"Outras Despesas Correntes","modalidade_despesa":"Aplica\u00e7\u00f5es Diretas","elemento_despesa":"Di\u00e1rias \u2013 Civil","sub_elem_desp":"SEM SUBELEMENTO","fonte_recurso":"Recursos do Exerc\u00edcio Corrente \/ Recursos n\u00e3o Vinculados de Impostos \/ -"},{"ano_emissao_emp":"2023","n_emp":"0000298","data_emissao":"25\/09\/2023","valor":"7.667,00","tipo_empenho":"Ordin\u00e1rio","hist_emp":"VALOR QUE SE EMPENHA, CORRESPONDE \u00c0 ONZE INSCRI\u00c7\u00d5ES PARA PARTICIPA\u00c7\u00c3O DOS VEREADORES NO I SEMIN\u00c1RIO NORDESTINO DO LEGISLATIVO, PROMOVIDO PELO IGC - INSTITUTO DE GERENCIAMENTO DE CIDADES, QUE ACONTECER\u00c1 ENTRE OS DIAS 27 A 30 DE SETEMBRO DE 2023, EM MACEI\u00d3-AL.","fornecedor":"INSTITUTO DE GERENCIAMENTO DE CIDADES IGC","denom_uni_orc":"CORPO DELIBERATIVO E SECRETARIA","funcao":"Legislativa","sub_funcao":"A\u00e7\u00e3o Legislativa","programa":"A\u00c7\u00c3O LEGISTIVA","acao":"MANUTEN\u00c7\u00c3O DAS ATIVIDADES ADMINISTRATIVAS","ident_acao":"Atividade","cat_econ":"Despesa Corrente","natureza_despesa":"Outras Despesas Correntes","modalidade_despesa":"Aplica\u00e7\u00f5es Diretas","elemento_despesa":"Outros Servi\u00e7os de Terceiros - Pessoa Jur\u00eddica","sub_elem_desp":"SEM SUBELEMENTO","fonte_recurso":"Recursos do Exerc\u00edcio Corrente \/ Recursos n\u00e3o Vinculados de Impostos \/ -"},{"ano_emissao_emp":"2023","n_emp":"0000299","data_emissao":"25\/09\/2023","valor":"4.000,00","tipo_empenho":"Ordin\u00e1rio","hist_emp":"VALOR QUE SE EMPENHA, CORRESPONDE A SOLICITA\u00c7\u00c3O DE QUATRO DI\u00c1RIAS (E PERNOITES) PELO VEREADOR ALEXANDRE BAS\u00cdLIO DE JESUS TIETRE, PARA PARTICIPAR DO I SEMIN\u00c1RIO NORDESTINO DO LEGISLATIVO, REALIZADO PELO INSTITUTO DE GERENCIAMENTO DE CIDADES, QUE ACONTECER\u00c1 ENTRE OS DIAS 27 A 30 DE SETEMBRO DE 2023, EM MACEI\u00d3-AL.","fornecedor":"ALEXANDRE BAS\u00cdLIO DE JESUS TIETRE","denom_uni_orc":"CORPO DELIBERATIVO E SECRETARIA","funcao":"Legislativa","sub_funcao":"A\u00e7\u00e3o Legislativa","programa":"A\u00c7\u00c3O LEGISTIVA","acao":"MANUTEN\u00c7\u00c3O DAS ATIVIDADES LEGISLATIVAS","ident_acao":"Atividade","cat_econ":"Despesa Corrente","natureza_despesa":"Outras Despesas Correntes","modalidade_despesa":"Aplica\u00e7\u00f5es Diretas","elemento_despesa":"Di\u00e1rias \u2013 Civil","sub_elem_desp":"SEM SUBELEMENTO","fonte_recurso":"Recursos do Exerc\u00edcio Corrente \/ Recursos n\u00e3o Vinculados de Impostos \/ -"},{"ano_emissao_emp":"2023","n_emp":"0000300","data_emissao":"25\/09\/2023","valor":"4.000,00","tipo_empenho":"Ordin\u00e1rio","hist_emp":"VALOR QUE SE EMPENHA, CORRESPONDE A SOLICITA\u00c7\u00c3O DE QUATRO DI\u00c1RIAS (E PERNOITES) PELO VEREADOR JOS\u00c9 AMAURI MINERVA FERREIRA, PARA PARTICIPAR DO I SEMIN\u00c1RIO NORDESTINO DO LEGISLATIVO, REALIZADO PELO INSTITUTO DE GERENCIAMENTO DE CIDADES, QUE ACONTECER\u00c1 ENTRE OS DIAS 27 A 30 DE SETEMBRO DE 2023, EM MACEI\u00d3-AL.","fornecedor":"JOS\u00c9 AMAURI MINERVA FERREIRA","denom_uni_orc":"CORPO DELIBERATIVO E SECRETARIA","funcao":"Legislativa","sub_funcao":"A\u00e7\u00e3o Legislativa","programa":"A\u00c7\u00c3O LEGISTIVA","acao":"MANUTEN\u00c7\u00c3O DAS ATIVIDADES LEGISLATIVAS","ident_acao":"Atividade","cat_econ":"Despesa Corrente","natureza_despesa":"Outras Despesas Correntes","modalidade_despesa":"Aplica\u00e7\u00f5es Diretas","elemento_despesa":"Di\u00e1rias \u2013 Civil","sub_elem_desp":"SEM SUBELEMENTO","fonte_recurso":"Recursos do Exerc\u00edcio Corrente \/ Recursos n\u00e3o Vinculados de Impostos \/ -"},{"ano_emissao_emp":"2023","n_emp":"0000301","data_emissao":"25\/09\/2023","valor":"4.000,00","tipo_empenho":"Ordin\u00e1rio","hist_emp":"VALOR QUE SE EMPENHA, CORRESPONDE A SOLICITA\u00c7\u00c3O DE QUATRO DI\u00c1RIAS (E PERNOITES) PELO VEREADOR JO\u00c3O EUG\u00caNIO LEANDRO COSTA, PARA PARTICIPAR DO I SEMIN\u00c1RIO NORDESTINO DO LEGISLATIVO, REALIZADO PELO INSTITUTO DE GERENCIAMENTO DE CIDADES, QUE ACONTECER\u00c1 ENTRE OS DIAS 27 A 30 DE SETEMBRO DE 2023, EM MACEI\u00d3-AL.","fornecedor":"JO\u00c3O EUG\u00caNIO LEANDRO COSTA","denom_uni_orc":"CORPO DELIBERATIVO E SECRETARIA","funcao":"Legislativa","sub_funcao":"A\u00e7\u00e3o Legislativa","programa":"A\u00c7\u00c3O LEGISTIVA","acao":"MANUTEN\u00c7\u00c3O DAS ATIVIDADES LEGISLATIVAS","ident_acao":"Atividade","cat_econ":"Despesa Corrente","natureza_despesa":"Outras Despesas Correntes","modalidade_despesa":"Aplica\u00e7\u00f5es Diretas","elemento_despesa":"Di\u00e1rias \u2013 Civil","sub_elem_desp":"SEM SUBELEMENTO","fonte_recurso":"Recursos do Exerc\u00edcio Corrente \/ Recursos n\u00e3o Vinculados de Impostos \/ -"},{"ano_emissao_emp":"2023","n_emp":"0000302","data_emissao":"25\/09\/2023","valor":"4.000,00","tipo_empenho":"Ordin\u00e1rio","hist_emp":"VALOR QUE SE EMPENHA, CORRESPONDE A SOLICITA\u00c7\u00c3O DE QUATRO DI\u00c1RIAS (E PERNOITES) PELO VEREADOR JOS\u00c9 ADEMIR MARTINS, PARA PARTICIPAR DO I SEMIN\u00c1RIO NORDESTINO DO LEGISLATIVO, REALIZADO PELO INSTITUTO DE GERENCIAMENTO DE CIDADES, QUE ACONTECER\u00c1 ENTRE OS DIAS 27 A 30 DE SETEMBRO DE 2023, EM MACEI\u00d3-AL.","fornecedor":"JOS\u00c9 ADEMIR MARTINS","denom_uni_orc":"CORPO DELIBERATIVO E SECRETARIA","funcao":"Legislativa","sub_funcao":"A\u00e7\u00e3o Legislativa","programa":"A\u00c7\u00c3O LEGISTIVA","acao":"MANUTEN\u00c7\u00c3O DAS ATIVIDADES LEGISLATIVAS","ident_acao":"Atividade","cat_econ":"Despesa Corrente","natureza_despesa":"Outras Despesas Correntes","modalidade_despesa":"Aplica\u00e7\u00f5es Diretas","elemento_despesa":"Di\u00e1rias \u2013 Civil","sub_elem_desp":"SEM SUBELEMENTO","fonte_recurso":"Recursos do Exerc\u00edcio Corrente \/ Recursos n\u00e3o Vinculados de Impostos \/ -"},{"ano_emissao_emp":"2023","n_emp":"0000303","data_emissao":"25\/09\/2023","valor":"4.000,00","tipo_empenho":"Ordin\u00e1rio","hist_emp":"VALOR QUE SE EMPENHA, CORRESPONDE A SOLICITA\u00c7\u00c3O DE QUATRO DI\u00c1RIAS (E PERNOITES) PELO VEREADOR JOS\u00c9 ERALDO PEREIRA DOS SANTOS, PARA PARTICIPAR DO I SEMIN\u00c1RIO NORDESTINO DO LEGISLATIVO, REALIZADO PELO INSTITUTO DE GERENCIAMENTO DE CIDADES, QUE ACONTECER\u00c1 ENTRE OS DIAS 27 A 30 DE SETEMBRO DE 2023, EM MACEI\u00d3-AL.","fornecedor":"JOS\u00c9 ERALDO PEREIRA DOS SANTOS","denom_uni_orc":"CORPO DELIBERATIVO E SECRETARIA","funcao":"Legislativa","sub_funcao":"A\u00e7\u00e3o Legislativa","programa":"A\u00c7\u00c3O LEGISTIVA","acao":"MANUTEN\u00c7\u00c3O DAS ATIVIDADES LEGISLATIVAS","ident_acao":"Atividade","cat_econ":"Despesa Corrente","natureza_despesa":"Outras Despesas Correntes","modalidade_despesa":"Aplica\u00e7\u00f5es Diretas","elemento_despesa":"Di\u00e1rias \u2013 Civil","sub_elem_desp":"SEM SUBELEMENTO","fonte_recurso":"Recursos do Exerc\u00edcio Corrente \/ Recursos n\u00e3o Vinculados de Impostos \/ -"},{"ano_emissao_emp":"2023","n_emp":"0000304","data_emissao":"25\/09\/2023","valor":"4.000,00","tipo_empenho":"Ordin\u00e1rio","hist_emp":"VALOR QUE SE EMPENHA, CORRESPONDE A SOLICITA\u00c7\u00c3O DE QUATRO DI\u00c1RIAS (E PERNOITES) PELO VEREADOR RONALDO C\u00c9SAR DOS SANTOS SILVA, PARA PARTICIPAR DO I SEMIN\u00c1RIO NORDESTINO DO LEGISLATIVO, REALIZADO PELO INSTITUTO DE GERENCIAMENTO DE CIDADES, QUE ACONTECER\u00c1 ENTRE OS DIAS 27 A 30 DE SETEMBRO DE 2023, EM MACEI\u00d3-AL.","fornecedor":"RONALDO C\u00c9SAR DOS SANTOS SILVA","denom_uni_orc":"CORPO DELIBERATIVO E SECRETARIA","funcao":"Legislativa","sub_funcao":"A\u00e7\u00e3o Legislativa","programa":"A\u00c7\u00c3O LEGISTIVA","acao":"MANUTEN\u00c7\u00c3O DAS ATIVIDADES LEGISLATIVAS","ident_acao":"Atividade","cat_econ":"Despesa Corrente","natureza_despesa":"Outras Despesas Correntes","modalidade_despesa":"Aplica\u00e7\u00f5es Diretas","elemento_despesa":"Di\u00e1rias \u2013 Civil","sub_elem_desp":"SEM SUBELEMENTO","fonte_recurso":"Recursos do Exerc\u00edcio Corrente \/ Recursos n\u00e3o Vinculados de Impostos \/ -"},{"ano_emissao_emp":"2023","n_emp":"0000305","data_emissao":"25\/09\/2023","valor":"4.000,00","tipo_empenho":"Ordin\u00e1rio","hist_emp":"VALOR QUE SE EMPENHA, CORRESPONDE A SOLICITA\u00c7\u00c3O DE QUATRO DI\u00c1RIAS (E PERNOITES) PELO VEREADOR H\u00c9LIO JUNIOR FLOR\u00caNCIO, PARA PARTICIPAR DO I SEMIN\u00c1RIO NORDESTINO DO LEGISLATIVO, REALIZADO PELO INSTITUTO DE GERENCIAMENTO DE CIDADES, QUE ACONTECER\u00c1 ENTRE OS DIAS 27 A 30 DE SETEMBRO DE 2023, EM MACEI\u00d3-AL.","fornecedor":"H\u00c9LIO JUNIOR FLOR\u00caNCIO","denom_uni_orc":"CORPO DELIBERATIVO E SECRETARIA","funcao":"Legislativa","sub_funcao":"A\u00e7\u00e3o Legislativa","programa":"A\u00c7\u00c3O LEGISTIVA","acao":"MANUTEN\u00c7\u00c3O DAS ATIVIDADES LEGISLATIVAS","ident_acao":"Atividade","cat_econ":"Despesa Corrente","natureza_despesa":"Outras Despesas Correntes","modalidade_despesa":"Aplica\u00e7\u00f5es Diretas","elemento_despesa":"Di\u00e1rias \u2013 Civil","sub_elem_desp":"SEM SUBELEMENTO","fonte_recurso":"Recursos do Exerc\u00edcio Corrente \/ Recursos n\u00e3o Vinculados de Impostos \/ -"},{"ano_emissao_emp":"2023","n_emp":"0000306","data_emissao":"25\/09\/2023","valor":"4.000,00","tipo_empenho":"Ordin\u00e1rio","hist_emp":"VALOR QUE SE EMPENHA, CORRESPONDE A SOLICITA\u00c7\u00c3O DE QUATRO DI\u00c1RIAS (E PERNOITES) PELA VEREADORA NAT\u00c1LIA PEREIRA DA SILVA LIMA, PARA PARTICIPAR DO I SEMIN\u00c1RIO NORDESTINO DO LEGISLATIVO, REALIZADO PELO INSTITUTO DE GERENCIAMENTO DE CIDADES, QUE ACONTECER\u00c1 ENTRE OS DIAS 27 A 30 DE SETEMBRO DE 2023, EM MACEI\u00d3-AL.","fornecedor":"NAT\u00c1LIA PEREIRA DA SILVA LIMA","denom_uni_orc":"CORPO DELIBERATIVO E SECRETARIA","funcao":"Legislativa","sub_funcao":"A\u00e7\u00e3o Legislativa","programa":"A\u00c7\u00c3O LEGISTIVA","acao":"MANUTEN\u00c7\u00c3O DAS ATIVIDADES LEGISLATIVAS","ident_acao":"Atividade","cat_econ":"Despesa Corrente","natureza_despesa":"Outras Despesas Correntes","modalidade_despesa":"Aplica\u00e7\u00f5es Diretas","elemento_despesa":"Di\u00e1rias \u2013 Civil","sub_elem_desp":"SEM SUBELEMENTO","fonte_recurso":"Recursos do Exerc\u00edcio Corrente \/ Recursos n\u00e3o Vinculados de Impostos \/ -"},{"ano_emissao_emp":"2023","n_emp":"0000307","data_emissao":"25\/09\/2023","valor":"4.000,00","tipo_empenho":"Ordin\u00e1rio","hist_emp":"VALOR QUE SE EMPENHA, CORRESPONDE A SOLICITA\u00c7\u00c3O DE QUATRO DI\u00c1RIAS (E PERNOITES) PELO VEREADOR GEOVANE PEQUENO C\u00c9ZAR, PARA PARTICIPAR DO I SEMIN\u00c1RIO NORDESTINO DO LEGISLATIVO, REALIZADO PELO INSTITUTO DE GERENCIAMENTO DE CIDADES, QUE ACONTECER\u00c1 ENTRE OS DIAS 27 A 30 DE SETEMBRO DE 2023, EM MACEI\u00d3-AL.","fornecedor":"GEOVANE PEQUENO C\u00c9ZAR","denom_uni_orc":"CORPO DELIBERATIVO E SECRETARIA","funcao":"Legislativa","sub_funcao":"A\u00e7\u00e3o Legislativa","programa":"A\u00c7\u00c3O LEGISTIVA","acao":"MANUTEN\u00c7\u00c3O DAS ATIVIDADES LEGISLATIVAS","ident_acao":"Atividade","cat_econ":"Despesa Corrente","natureza_despesa":"Outras Despesas Correntes","modalidade_despesa":"Aplica\u00e7\u00f5es Diretas","elemento_despesa":"Di\u00e1rias \u2013 Civil","sub_elem_desp":"SEM SUBELEMENTO","fonte_recurso":"Recursos do Exerc\u00edcio Corrente \/ Recursos n\u00e3o Vinculados de Impostos \/ -"},{"ano_emissao_emp":"2023","n_emp":"0000308","data_emissao":"25\/09\/2023","valor":"4.000,00","tipo_empenho":"Ordin\u00e1rio","hist_emp":"VALOR QUE SE EMPENHA, CORRESPONDE A SOLICITA\u00c7\u00c3O DE QUATRO DI\u00c1RIAS (E PERNOITES) PELO VEREADOR GUILHERME HENRIQUE MENDES DE FARIAS, PARA PARTICIPAR DO I SEMIN\u00c1RIO NORDESTINO DO LEGISLATIVO, REALIZADO PELO INSTITUTO DE GERENCIAMENTO DE CIDADES, QUE ACONTECER\u00c1 ENTRE OS DIAS 27 A 30 DE SETEMBRO DE 2023, EM MACEI\u00d3-AL.","fornecedor":"GUILHERME HENRIQUE MENDES DE FARIAS","denom_uni_orc":"CORPO DELIBERATIVO E SECRETARIA","funcao":"Legislativa","sub_funcao":"A\u00e7\u00e3o Legislativa","programa":"A\u00c7\u00c3O LEGISTIVA","acao":"MANUTEN\u00c7\u00c3O DAS ATIVIDADES LEGISLATIVAS","ident_acao":"Atividade","cat_econ":"Despesa Corrente","natureza_despesa":"Outras Despesas Correntes","modalidade_despesa":"Aplica\u00e7\u00f5es Diretas","elemento_despesa":"Di\u00e1rias \u2013 Civil","sub_elem_desp":"SEM SUBELEMENTO","fonte_recurso":"Recursos do Exerc\u00edcio Corrente \/ Recursos n\u00e3o Vinculados de Impostos \/ -"},{"ano_emissao_emp":"2023","n_emp":"0000309","data_emissao":"25\/09\/2023","valor":"4.000,00","tipo_empenho":"Ordin\u00e1rio","hist_emp":"VALOR QUE SE EMPENHA, CORRESPONDE A SOLICITA\u00c7\u00c3O DE QUATRO DI\u00c1RIAS (E PERNOITES) PELO VEREADOR\/PRESIDENTE AMILTON C\u00cdCERO DA SILVA, PARA PARTICIPAR DO I SEMIN\u00c1RIO NORDESTINO DO LEGISLATIVO, REALIZADO PELO INSTITUTO DE GERENCIAMENTO DE CIDADES, QUE ACONTECER\u00c1 ENTRE OS DIAS 27 A 30 DE SETEMBRO DE 2023, EM MACEI\u00d3-AL.","fornecedor":"Amilton C\u00edcero da Silva","denom_uni_orc":"CORPO DELIBERATIVO E SECRETARIA","funcao":"Legislativa","sub_funcao":"A\u00e7\u00e3o Legislativa","programa":"A\u00c7\u00c3O LEGISTIVA","acao":"MANUTEN\u00c7\u00c3O DAS ATIVIDADES ADMINISTRATIVAS","ident_acao":"Atividade","cat_econ":"Despesa Corrente","natureza_despesa":"Outras Despesas Correntes","modalidade_despesa":"Aplica\u00e7\u00f5es Diretas","elemento_despesa":"Di\u00e1rias \u2013 Civil","sub_elem_desp":"SEM SUBELEMENTO","fonte_recurso":"Recursos do Exerc\u00edcio Corrente \/ Recursos n\u00e3o Vinculados de Impostos \/ -"},{"ano_emissao_emp":"2023","n_emp":"0000310","data_emissao":"25\/09\/2023","valor":"575,00","tipo_empenho":"Ordin\u00e1rio","hist_emp":"VALOR QUE SE EMPENHA, CORRESPONDE A CONFEC\u00c7\u00c3O DE SEIS CARIMBOS AUTOM\u00c1TICOS, PARA ATENDER AS DEMANDAS ADMINISTRATIVAS DESTE PODER LEGISLATIVO.","fornecedor":"ARMINDO HELIO OLIVEIRA SILVA 19416822434","denom_uni_orc":"CORPO DELIBERATIVO E SECRETARIA","funcao":"Legislativa","sub_funcao":"A\u00e7\u00e3o Legislativa","programa":"A\u00c7\u00c3O LEGISTIVA","acao":"MANUTEN\u00c7\u00c3O DAS ATIVIDADES ADMINISTRATIVAS","ident_acao":"Atividade","cat_econ":"Despesa Corrente","natureza_despesa":"Outras Despesas Correntes","modalidade_despesa":"Aplica\u00e7\u00f5es Diretas","elemento_despesa":"Material de Consumo","sub_elem_desp":"SEM SUBELEMENTO","fonte_recurso":"Recursos do Exerc\u00edcio Corrente \/ Recursos n\u00e3o Vinculados de Impostos \/ -"},{"ano_emissao_emp":"2023","n_emp":"0000311","data_emissao":"27\/09\/2023","valor":"100,00","tipo_empenho":"Ordin\u00e1rio","hist_emp":"VALOR QUE SE EMPENHA, CORRESPONDE AOS SERVI\u00c7OS DE DUAS LAVAGENS\/ HIGIENIZA\u00c7\u00c3O NO VE\u00cdCULO OFICIAL PLACA QYF-2630, DESTA C\u00c2MARA MUNICIPAL DE VEREADORES.","fornecedor":"JOS\u00c9 NEGREIROS DA COSTA","denom_uni_orc":"CORPO DELIBERATIVO E SECRETARIA","funcao":"Legislativa","sub_funcao":"A\u00e7\u00e3o Legislativa","programa":"A\u00c7\u00c3O LEGISTIVA","acao":"MANUTEN\u00c7\u00c3O DAS ATIVIDADES ADMINISTRATIVAS","ident_acao":"Atividade","cat_econ":"Despesa Corrente","natureza_despesa":"Outras Despesas Correntes","modalidade_despesa":"Aplica\u00e7\u00f5es Diretas","elemento_despesa":"Outros Servi\u00e7os de Terceiros - Pessoa F\u00edsica","sub_elem_desp":"SEM SUBELEMENTO","fonte_recurso":"Recursos do Exerc\u00edcio Corrente \/ Recursos n\u00e3o Vinculados de Impostos \/ -"},{"ano_emissao_emp":"2023","n_emp":"0000312","data_emissao":"02\/10\/2023","valor":"1.000,00","tipo_empenho":"Ordin\u00e1rio","hist_emp":"VALOR QUE SE EMPENHA, CORRESPONDE A SOLICITA\u00c7\u00c3O DE UMA DI\u00c1RIA PELO VEREADOR GEOVANE PEQUENO C\u00c9ZAR, PARA IR \u00c0 ALEPE - ASSEMBL\u00c9IA LEGISLATIVA DO ESTADO DE PERNAMBUCO, SITUADA NA CIDADE DO RECIFE-PE, COM A FINALIDADE DE TRATAR DE ASSUNTOS REFERENTES AO MUNIC\u00cdPIO DE TAQUARITINGA DO NORTE-PE.","fornecedor":"GEOVANE PEQUENO C\u00c9ZAR","denom_uni_orc":"CORPO DELIBERATIVO E SECRETARIA","funcao":"Legislativa","sub_funcao":"A\u00e7\u00e3o Legislativa","programa":"A\u00c7\u00c3O LEGISTIVA","acao":"MANUTEN\u00c7\u00c3O DAS ATIVIDADES LEGISLATIVAS","ident_acao":"Atividade","cat_econ":"Despesa Corrente","natureza_despesa":"Outras Despesas Correntes","modalidade_despesa":"Aplica\u00e7\u00f5es Diretas","elemento_despesa":"Di\u00e1rias \u2013 Civil","sub_elem_desp":"SEM SUBELEMENTO","fonte_recurso":"Recursos do Exerc\u00edcio Corrente \/ Recursos n\u00e3o Vinculados de Impostos \/ -"},{"ano_emissao_emp":"2023","n_emp":"0000313","data_emissao":"02\/10\/2023","valor":"1.140,00","tipo_empenho":"Ordin\u00e1rio","hist_emp":"VALOR QUE SE EMPENHA, CORRESPONDE \u00c0 CONFEC\u00c7\u00c3O DAS BANDEIRAS DO BRASIL, DE PERNAMBUCO E DO MUNIC\u00cdPIO DE TAQUARITINGA DO NORTE-PE, SENDO DUAS UNIDADES DE CADA, PARA EVENTOS E SOLENIDADES QUE VIER ACONTECER NESTA CASA LEGISLATIVA.","fornecedor":"49.038.233 MARIO HENRIQUE VIEIRA PIRES","denom_uni_orc":"CORPO DELIBERATIVO E SECRETARIA","funcao":"Legislativa","sub_funcao":"A\u00e7\u00e3o Legislativa","programa":"A\u00c7\u00c3O LEGISTIVA","acao":"MANUTEN\u00c7\u00c3O DAS ATIVIDADES ADMINISTRATIVAS","ident_acao":"Atividade","cat_econ":"Despesa Corrente","natureza_despesa":"Outras Despesas Correntes","modalidade_despesa":"Aplica\u00e7\u00f5es Diretas","elemento_despesa":"Material de Consumo","sub_elem_desp":"SEM SUBELEMENTO","fonte_recurso":"Recursos do Exerc\u00edcio Corrente \/ Recursos n\u00e3o Vinculados de Impostos \/ -"},{"ano_emissao_emp":"2023","n_emp":"0000314","data_emissao":"05\/10\/2023","valor":"100,00","tipo_empenho":"Ordin\u00e1rio","hist_emp":"VALOR QUE SE EMPENHA, CORRESPONDE AOS SERVI\u00c7OS DE MANUTEN\u00c7\u00c3O DE COMPUTADOR COM DEFEITO DE BIOS E MEM\u00d3RIA RAM DESTA C\u00c2MARA MUNICIPAL DE VEREADORES.","fornecedor":"JESSE MARQUES GENUINO 07480244410","denom_uni_orc":"CORPO DELIBERATIVO E SECRETARIA","funcao":"Legislativa","sub_funcao":"A\u00e7\u00e3o Legislativa","programa":"A\u00c7\u00c3O LEGISTIVA","acao":"MANUTEN\u00c7\u00c3O DAS ATIVIDADES ADMINISTRATIVAS","ident_acao":"Atividade","cat_econ":"Despesa Corrente","natureza_despesa":"Outras Despesas Correntes","modalidade_despesa":"Aplica\u00e7\u00f5es Diretas","elemento_despesa":"Outros Servi\u00e7os de Terceiros - Pessoa Jur\u00eddica","sub_elem_desp":"SEM SUBELEMENTO","fonte_recurso":"Recursos do Exerc\u00edcio Corrente \/ Recursos n\u00e3o Vinculados de Impostos \/ -"},{"ano_emissao_emp":"2023","n_emp":"0000315","data_emissao":"09\/10\/2023","valor":"1.000,00","tipo_empenho":"Ordin\u00e1rio","hist_emp":"VALOR QUE SE EMPENHA, CORRESPONDE A SOLICITA\u00c7\u00c3O DE UMA DI\u00c1RIA PELO VEREADOR JO\u00c3O EUG\u00caNIO LEANDRO COSTA, PARA IR \u00c0 ALEPE - ASSEMBL\u00c9IA LEGISLATIVA DO ESTADO DE PERNAMBUCO, QUE FICA SITUADA NA CIDADE DO RECIFE-PE, COM A FINALIDADE DE TRATAR DE ASSUNTOS REFERENTES AO MUNIC\u00cdPIO DE TAQUARITINGA DO NORTE-PE.","fornecedor":"JO\u00c3O EUG\u00caNIO LEANDRO COSTA","denom_uni_orc":"CORPO DELIBERATIVO E SECRETARIA","funcao":"Legislativa","sub_funcao":"A\u00e7\u00e3o Legislativa","programa":"A\u00c7\u00c3O LEGISTIVA","acao":"MANUTEN\u00c7\u00c3O DAS ATIVIDADES LEGISLATIVAS","ident_acao":"Atividade","cat_econ":"Despesa Corrente","natureza_despesa":"Outras Despesas Correntes","modalidade_despesa":"Aplica\u00e7\u00f5es Diretas","elemento_despesa":"Di\u00e1rias \u2013 Civil","sub_elem_desp":"SEM SUBELEMENTO","fonte_recurso":"Recursos do Exerc\u00edcio Corrente \/ Recursos n\u00e3o Vinculados de Impostos \/ -"},{"ano_emissao_emp":"2023","n_emp":"0000316","data_emissao":"09\/10\/2023","valor":"1.000,00","tipo_empenho":"Ordin\u00e1rio","hist_emp":"VALOR QUE SE EMPENHA, CORRESPONDE A SOLICITA\u00c7\u00c3O DE UMA DI\u00c1RIA PELO VEREADOR ALEXANDRE BAS\u00cdLIO DE JESUS TIETRE, PARA IR \u00c0 ALEPE - ASSEMBL\u00c9IA LEGISLATIVA DO ESTADO DE PERNAMBUCO, QUE FICA SITUADA NA CIDADE DO RECIFE-PE, COM A FINALIDADE DE TRATAR DE ASSUNTOS REFERENTES AO MUNIC\u00cdPIO DE TAQUARITINGA DO NORTE-PE.","fornecedor":"ALEXANDRE BAS\u00cdLIO DE JESUS TIETRE","denom_uni_orc":"CORPO DELIBERATIVO E SECRETARIA","funcao":"Legislativa","sub_funcao":"A\u00e7\u00e3o Legislativa","programa":"A\u00c7\u00c3O LEGISTIVA","acao":"MANUTEN\u00c7\u00c3O DAS ATIVIDADES LEGISLATIVAS","ident_acao":"Atividade","cat_econ":"Despesa Corrente","natureza_despesa":"Outras Despesas Correntes","modalidade_despesa":"Aplica\u00e7\u00f5es Diretas","elemento_despesa":"Di\u00e1rias \u2013 Civil","sub_elem_desp":"SEM SUBELEMENTO","fonte_recurso":"Recursos do Exerc\u00edcio Corrente \/ Recursos n\u00e3o Vinculados de Impostos \/ -"},{"ano_emissao_emp":"2023","n_emp":"0000317","data_emissao":"09\/10\/2023","valor":"1.000,00","tipo_empenho":"Ordin\u00e1rio","hist_emp":"VALOR QUE SE EMPENHA, CORRESPONDE A SOLICITA\u00c7\u00c3O DE UMA DI\u00c1RIA PELO VEREADOR\/PRESIDENTE AMILTON C\u00cdCERO DA SILVA, PARA IR \u00c0 ALEPE - ASSEMBL\u00c9IA LEGISLATIVA DO ESTADO DE PERNAMBUCO, QUE FICA SITUADA NA CIDADE DO RECIFE-PE, COM A FINALIDADE DE TRATAR DE ASSUNTOS REFERENTES AO MUNIC\u00cdPIO DE TAQUARITINGA DO NORTE-PE.","fornecedor":"Amilton C\u00edcero da Silva","denom_uni_orc":"CORPO DELIBERATIVO E SECRETARIA","funcao":"Legislativa","sub_funcao":"A\u00e7\u00e3o Legislativa","programa":"A\u00c7\u00c3O LEGISTIVA","acao":"MANUTEN\u00c7\u00c3O DAS ATIVIDADES LEGISLATIVAS","ident_acao":"Atividade","cat_econ":"Despesa Corrente","natureza_despesa":"Outras Despesas Correntes","modalidade_despesa":"Aplica\u00e7\u00f5es Diretas","elemento_despesa":"Di\u00e1rias \u2013 Civil","sub_elem_desp":"SEM SUBELEMENTO","fonte_recurso":"Recursos do Exerc\u00edcio Corrente \/ Recursos n\u00e3o Vinculados de Impostos \/ -"},{"ano_emissao_emp":"2023","n_emp":"0000318","data_emissao":"09\/10\/2023","valor":"500,00","tipo_empenho":"Ordin\u00e1rio","hist_emp":"VALOR QUE SE EMPENHA, CORRESPONDE A SOLICITA\u00c7\u00c3O DE UMA DI\u00c1RIA PELO SERVIDOR JOS\u00c9 DI\u00caGO BEZERRA DE LIMA (CHEFE DE GABINETE DA PRESID\u00caNCIA), PARA IR \u00c0 ALEPE - ASSEMBL\u00c9IA LEGISLATIVA DO ESTADO DE PERNAMBUCO, QUE FICA SITUADA NA CIDADE DO RECIFE-PE, COM A FINALIDADE DE ACOMPANHAR ALGUNS VEREADORES, A FIM DE TRATAR DE ASSUNTOS REFERENTES AO MUNIC\u00cdPIO DE TAQUARITINGA DO NORTE-PE.","fornecedor":"JOS\u00c9 DI\u00caGO BEZERRA DE LIMA","denom_uni_orc":"CORPO DELIBERATIVO E SECRETARIA","funcao":"Legislativa","sub_funcao":"A\u00e7\u00e3o Legislativa","programa":"A\u00c7\u00c3O LEGISTIVA","acao":"MANUTEN\u00c7\u00c3O DAS ATIVIDADES ADMINISTRATIVAS","ident_acao":"Atividade","cat_econ":"Despesa Corrente","natureza_despesa":"Outras Despesas Correntes","modalidade_despesa":"Aplica\u00e7\u00f5es Diretas","elemento_despesa":"Di\u00e1rias \u2013 Civil","sub_elem_desp":"SEM SUBELEMENTO","fonte_recurso":"Recursos do Exerc\u00edcio Corrente \/ Recursos n\u00e3o Vinculados de Impostos \/ -"},{"ano_emissao_emp":"2023","n_emp":"0000319","data_emissao":"10\/10\/2023","valor":"180,00","tipo_empenho":"Ordin\u00e1rio","hist_emp":"VALOR QUE SE EMPENHA, CORRESPONDE AO ABASTECIMENTO DE \u00c1GUA POR CARRO PIPA PARA O PR\u00c9DIO DA C\u00c2MARA MUNICIPAL DE VEREADORES DE TAQUARITINGA DO NORTE-PE, EM OUTUBRO DE 2023.","fornecedor":"M\u00c1RCIO ANDR\u00c9 MANOEL DA SILVA","denom_uni_orc":"CORPO DELIBERATIVO E SECRETARIA","funcao":"Legislativa","sub_funcao":"A\u00e7\u00e3o Legislativa","programa":"A\u00c7\u00c3O LEGISTIVA","acao":"MANUTEN\u00c7\u00c3O DAS ATIVIDADES ADMINISTRATIVAS","ident_acao":"Atividade","cat_econ":"Despesa Corrente","natureza_despesa":"Outras Despesas Correntes","modalidade_despesa":"Aplica\u00e7\u00f5es Diretas","elemento_despesa":"Outros Servi\u00e7os de Terceiros - Pessoa F\u00edsica","sub_elem_desp":"SEM SUBELEMENTO","fonte_recurso":"Recursos do Exerc\u00edcio Corrente \/ Recursos n\u00e3o Vinculados de Impostos \/ -"},{"ano_emissao_emp":"2023","n_emp":"0000320","data_emissao":"11\/10\/2023","valor":"1.000,00","tipo_empenho":"Ordin\u00e1rio","hist_emp":"VALOR QUE SE EMPENHA, CORRESPONDE A SOLICITA\u00c7\u00c3O DE UMA DI\u00c1RIA PELO VEREADOR JOS\u00c9 ADEMIR MARTINS, PARA IR \u00c0 CIDADE DO RECIFE-PE, EM VISITA \u00c0 ASSEMBL\u00c9IA LEGISLATIVA DO ESTADO DE PERNAMBUCO, COM A FINALIDADE DE REQUISITAR VIABILIZA\u00c7\u00c3O DE TELEFONIA M\u00d3VEL PARA COMUNIDADE DE VILA DO SOCORRO, ASSIM COMO, AO PRESIDENTE DA COMPESA REQUISITAR EXTENS\u00c3O DA ADUTORA BARRAGEM DE MATEUS VIEIRA E MELHORIAS NO ABASTECIMENTO COMO UM TODO, MEDIANTE MANUTEN\u00c7\u00c3O DAS REDES DE DISTRIBUI\u00c7\u00c3O NO MUNIC\u00cdPIO DE TAQUARITINGA DO NORTE-PE","fornecedor":"JOS\u00c9 ADEMIR MARTINS","denom_uni_orc":"CORPO DELIBERATIVO E SECRETARIA","funcao":"Legislativa","sub_funcao":"A\u00e7\u00e3o Legislativa","programa":"A\u00c7\u00c3O LEGISTIVA","acao":"MANUTEN\u00c7\u00c3O DAS ATIVIDADES LEGISLATIVAS","ident_acao":"Atividade","cat_econ":"Despesa Corrente","natureza_despesa":"Outras Despesas Correntes","modalidade_despesa":"Aplica\u00e7\u00f5es Diretas","elemento_despesa":"Di\u00e1rias \u2013 Civil","sub_elem_desp":"SEM SUBELEMENTO","fonte_recurso":"Recursos do Exerc\u00edcio Corrente \/ Recursos n\u00e3o Vinculados de Impostos \/ -"},{"ano_emissao_emp":"2023","n_emp":"0000321","data_emissao":"11\/10\/2023","valor":"1.000,00","tipo_empenho":"Ordin\u00e1rio","hist_emp":"VALOR QUE SE EMPENHA, CORRESPONDE A SOLICITA\u00c7\u00c3O DE UMA DI\u00c1RIA PELO VEREADOR RONALDO C\u00c9SAR DOS SANTOS SILVA, PARA IR \u00c0 CIDADE DO RECIFE-PE, EM VISITA \u00c0 ASSEMBL\u00c9IA LEGISLATIVA DO ESTADO DE PERNAMBUCO, COM A FINALIDADE DE REQUISITAR VIABILIZA\u00c7\u00c3O DE TELEFONIA M\u00d3VEL PARA COMUNIDADE DE VILA DO SOCORRO, ASSIM COMO, AO PRESIDENTE DA COMPESA REQUISITAR EXTENS\u00c3O DA ADUTORA BARRAGEM DE MATEUS VIEIRA E MELHORIAS NO ABASTECIMENTO COMO UM TODO, MEDIANTE MANUTEN\u00c7\u00c3O DAS REDES DE DISTRIBUI\u00c7\u00c3O NO MUNIC\u00cdPIO DE TAQUARITINGA","fornecedor":"RONALDO C\u00c9SAR DOS SANTOS SILVA","denom_uni_orc":"CORPO DELIBERATIVO E SECRETARIA","funcao":"Legislativa","sub_funcao":"A\u00e7\u00e3o Legislativa","programa":"A\u00c7\u00c3O LEGISTIVA","acao":"MANUTEN\u00c7\u00c3O DAS ATIVIDADES LEGISLATIVAS","ident_acao":"Atividade","cat_econ":"Despesa Corrente","natureza_despesa":"Outras Despesas Correntes","modalidade_despesa":"Aplica\u00e7\u00f5es Diretas","elemento_despesa":"Di\u00e1rias \u2013 Civil","sub_elem_desp":"SEM SUBELEMENTO","fonte_recurso":"Recursos do Exerc\u00edcio Corrente \/ Recursos n\u00e3o Vinculados de Impostos \/ -"},{"ano_emissao_emp":"2023","n_emp":"0000322","data_emissao":"11\/10\/2023","valor":"1.000,00","tipo_empenho":"Ordin\u00e1rio","hist_emp":"VALOR QUE SE EMPENHA, CORRESPONDE A SOLICITA\u00c7\u00c3O DE UMA DI\u00c1RIA PELO VEREADOR GUILHERME HENRIQUE MENDES DE FARIAS, PARA IR \u00c0 CIDADE DO RECIFE-PE, EM VISITA \u00c0 ASSEMBL\u00c9IA LEGISLATIVA DO ESTADO DE PERNAMBUCO, COM A FINALIDADE DE REQUISITAR VIABILIZA\u00c7\u00c3O DE TELEFONIA M\u00d3VEL PARA COMUNIDADE DE VILA DO SOCORRO, ASSIM COMO, AO PRESIDENTE DA COMPESA REQUISITAR EXTENS\u00c3O DA ADUTORA BARRAGEM DE MATEUS VIEIRA E MELHORIAS NO ABASTECIMENTO COMO UM TODO, MEDIANTE MANUTEN\u00c7\u00c3O DAS REDES DE DISTRIBUI\u00c7\u00c3O NO MUNIC\u00cdPIO DE TAQUARIT","fornecedor":"GUILHERME HENRIQUE MENDES DE FARIAS","denom_uni_orc":"CORPO DELIBERATIVO E SECRETARIA","funcao":"Legislativa","sub_funcao":"A\u00e7\u00e3o Legislativa","programa":"A\u00c7\u00c3O LEGISTIVA","acao":"MANUTEN\u00c7\u00c3O DAS ATIVIDADES LEGISLATIVAS","ident_acao":"Atividade","cat_econ":"Despesa Corrente","natureza_despesa":"Outras Despesas Correntes","modalidade_despesa":"Aplica\u00e7\u00f5es Diretas","elemento_despesa":"Di\u00e1rias \u2013 Civil","sub_elem_desp":"SEM SUBELEMENTO","fonte_recurso":"Recursos do Exerc\u00edcio Corrente \/ Recursos n\u00e3o Vinculados de Impostos \/ -"},{"ano_emissao_emp":"2023","n_emp":"0000323","data_emissao":"11\/10\/2023","valor":"50,00","tipo_empenho":"Ordin\u00e1rio","hist_emp":"VALOR QUE SE EMPENHA, CORRESPONDE AOS SERVI\u00c7OS DE UMA LAVAGEM\/ HIGIENIZA\u00c7\u00c3O NO VE\u00cdCULO OFICIAL PLACA QYF-2630, DESTA C\u00c2MARA MUNICIPAL DE VEREADORES.","fornecedor":"JOS\u00c9 NEGREIROS DA COSTA","denom_uni_orc":"CORPO DELIBERATIVO E SECRETARIA","funcao":"Legislativa","sub_funcao":"A\u00e7\u00e3o Legislativa","programa":"A\u00c7\u00c3O LEGISTIVA","acao":"MANUTEN\u00c7\u00c3O DAS ATIVIDADES ADMINISTRATIVAS","ident_acao":"Atividade","cat_econ":"Despesa Corrente","natureza_despesa":"Outras Despesas Correntes","modalidade_despesa":"Aplica\u00e7\u00f5es Diretas","elemento_despesa":"Outros Servi\u00e7os de Terceiros - Pessoa F\u00edsica","sub_elem_desp":"SEM SUBELEMENTO","fonte_recurso":"Recursos do Exerc\u00edcio Corrente \/ Recursos n\u00e3o Vinculados de Impostos \/ -"},{"ano_emissao_emp":"2023","n_emp":"0000324","data_emissao":"20\/10\/2023","valor":"50,00","tipo_empenho":"Ordin\u00e1rio","hist_emp":"VALOR QUE SE EMPENHA, CORRESPONDE AOS SERVI\u00c7OS DE UMA LAVAGEM\/ HIGIENIZA\u00c7\u00c3O NO VE\u00cdCULO OFICIAL PLACA QYF-2630, DESTA C\u00c2MARA MUNICIPAL DE VEREADORES.","fornecedor":"JOS\u00c9 NEGREIROS DA COSTA","denom_uni_orc":"CORPO DELIBERATIVO E SECRETARIA","funcao":"Legislativa","sub_funcao":"A\u00e7\u00e3o Legislativa","programa":"A\u00c7\u00c3O LEGISTIVA","acao":"MANUTEN\u00c7\u00c3O DAS ATIVIDADES ADMINISTRATIVAS","ident_acao":"Atividade","cat_econ":"Despesa Corrente","natureza_despesa":"Outras Despesas Correntes","modalidade_despesa":"Aplica\u00e7\u00f5es Diretas","elemento_despesa":"Outros Servi\u00e7os de Terceiros - Pessoa F\u00edsica","sub_elem_desp":"SEM SUBELEMENTO","fonte_recurso":"Recursos do Exerc\u00edcio Corrente \/ Recursos n\u00e3o Vinculados de Impostos \/ -"},{"ano_emissao_emp":"2023","n_emp":"0000325","data_emissao":"23\/10\/2023","valor":"300,00","tipo_empenho":"Ordin\u00e1rio","hist_emp":"VALOR QUE SE EMPENHA, CORRESPONDE A SOLICITA\u00c7\u00c3O DE UMA DI\u00c1RIA PELO SERVIDOR ROMULO RENAM ANDRADE SOUZA (COORDENADOR DE CONTROLE INTERNO), PARA IR \u00c0 CIDADE DE CARUARU-PE, EM VISITA AO CENTRO REGIONAL DE TREINAMENTO EM ADMINISTRA\u00c7\u00c3O MUNICIPAL - CERTAM, COM A FINALIDADE DE TRATAR DE ASSUNTOS REFERENTE AO IMPACTO OR\u00c7AMENT\u00c1RIO FINANCEIRO RELATIVO A ESTA C\u00c2MARA MUNICIPAL DE VEREADORES.","fornecedor":"ROMULO RENAM ANDRADE SOUZA","denom_uni_orc":"CORPO DELIBERATIVO E SECRETARIA","funcao":"Legislativa","sub_funcao":"A\u00e7\u00e3o Legislativa","programa":"A\u00c7\u00c3O LEGISTIVA","acao":"MANUTEN\u00c7\u00c3O DAS ATIVIDADES ADMINISTRATIVAS","ident_acao":"Atividade","cat_econ":"Despesa Corrente","natureza_despesa":"Outras Despesas Correntes","modalidade_despesa":"Aplica\u00e7\u00f5es Diretas","elemento_despesa":"Di\u00e1rias \u2013 Civil","sub_elem_desp":"SEM SUBELEMENTO","fonte_recurso":"Recursos do Exerc\u00edcio Corrente \/ Recursos n\u00e3o Vinculados de Impostos \/ -"},{"ano_emissao_emp":"2023","n_emp":"0000326","data_emissao":"24\/10\/2023","valor":"168.705,44","tipo_empenho":"Global","hist_emp":"VALOR QUE SE EMPENHA, CORRESPONDE \u00c0 CONTRATA\u00c7\u00c3O DE EMPRESA DE ENGENHARIA PARA EXECUTAR SERVI\u00c7OS DE REFORMA E AMPLIA\u00c7\u00c3O DO PR\u00c9DIO SEDE DA C\u00c2MARA MUNICIPAL DE TAQUARITINGA DO NORTE-PE, COM ESTRITA OBSERV\u00c2NCIA \u00c0S NORMAS T\u00c9CNICAS, CONFORME CONTRATO N\u00b0 013\/2023, PROCESSO ADMINISTRATIVO N\u00b0 004\/2023, TOMADA DE PRE\u00c7OS N\u00b0001\/2023, NOS TERMOS DA LEI N\u00b0 8.666\/93.","fornecedor":"DANIEL V. S. SILVA","denom_uni_orc":"CORPO DELIBERATIVO E SECRETARIA","funcao":"Legislativa","sub_funcao":"A\u00e7\u00e3o Legislativa","programa":"A\u00c7\u00c3O LEGISTIVA","acao":"AMPLIA\u00c7\u00c3O E RESTAURA\u00c7\u00c3O DO PR\u00c9DIO DA C\u00c2MARA","ident_acao":"Projeto","cat_econ":"Despesa de Capital","natureza_despesa":"Investimentos","modalidade_despesa":"Aplica\u00e7\u00f5es Diretas","elemento_despesa":"Obras e Instala\u00e7\u00f5es","sub_elem_desp":"SEM SUBELEMENTO","fonte_recurso":"Recursos do Exerc\u00edcio Corrente \/ Recursos n\u00e3o Vinculados de Impostos \/ -"},{"ano_emissao_emp":"2023","n_emp":"0000327","data_emissao":"24\/10\/2023","valor":"10.000,00","tipo_empenho":"Global","hist_emp":"VALOR QUE SE EMPENHA, CORRESPONDE A CONTRATA\u00c7\u00c3O DE SOCIEDADE EMPRES\u00c1RIA ESPECIALIZADA, PARA PRESTA\u00c7\u00c3O DE SERVI\u00c7O DE FISCALIZA\u00c7\u00c3O DA EXECU\u00c7\u00c3O DAS OBRAS DA C\u00c2MARA MUNICIPAL DE TAQUARITINGA DO NORTE-PE, COMPREENDENDO APOIO E ASSESSORIA \u00c0S ATIVIDADES DE COMPET\u00caNCIA DESTA C\u00c2MARA MUNICIPAL, RELATIVOS \u00c0 AN\u00c1LISE, REVIS\u00c3O E ADEQUA\u00c7\u00c3O DE PROJETOS DE ENGENHARIA, FISCALIZA\u00c7\u00c3O E ACOMPANHAMENTO T\u00c9CNICO DE OBRAS, CONFORME CONTRATO N\u00b0 014\/2023, PROCESSO ADMINISTRATIVO N\u00b0 004\/2023, TOMADA DE PRE\u00c7OS N\u00b0001\/2023, NOS TERMOS","fornecedor":"JUSTO & BRANCO ENGENHARIA CONSULTIVA LTDA","denom_uni_orc":"CORPO DELIBERATIVO E SECRETARIA","funcao":"Legislativa","sub_funcao":"A\u00e7\u00e3o Legislativa","programa":"A\u00c7\u00c3O LEGISTIVA","acao":"MANUTEN\u00c7\u00c3O DAS ATIVIDADES ADMINISTRATIVAS","ident_acao":"Atividade","cat_econ":"Despesa Corrente","natureza_despesa":"Outras Despesas Correntes","modalidade_despesa":"Aplica\u00e7\u00f5es Diretas","elemento_despesa":"Outros Servi\u00e7os de Terceiros - Pessoa Jur\u00eddica","sub_elem_desp":"SEM SUBELEMENTO","fonte_recurso":"Recursos do Exerc\u00edcio Corrente \/ Recursos n\u00e3o Vinculados de Impostos \/ -"},{"ano_emissao_emp":"2023","n_emp":"0000328","data_emissao":"25\/10\/2023","valor":"600,00","tipo_empenho":"Ordin\u00e1rio","hist_emp":"VALOR QUE SE EMPENHA, CORRESPONDE A SOLICITA\u00c7\u00c3O DE UMA DI\u00c1RIA PELO VEREADOR RONALDO C\u00c9SAR DOS SANTOS SILVA, PARA IR \u00c0 CIDADE DE CARUARU-PE, EM VISITA AO CENTRO REGIONAL DE TREINAMENTO EM ADMINISTRA\u00c7\u00c3O MUNICIPAL - CERTAM, COM A FINALIDADE DE TRATAR DE ASSUNTOS REFERENTE AO IMPACTO OR\u00c7AMENT\u00c1RIO FINANCEIRO RELATIVO A ESTA C\u00c2MARA MUNICIPAL DE VEREADORES.","fornecedor":"RONALDO C\u00c9SAR DOS SANTOS SILVA","denom_uni_orc":"CORPO DELIBERATIVO E SECRETARIA","funcao":"Legislativa","sub_funcao":"A\u00e7\u00e3o Legislativa","programa":"A\u00c7\u00c3O LEGISTIVA","acao":"MANUTEN\u00c7\u00c3O DAS ATIVIDADES LEGISLATIVAS","ident_acao":"Atividade","cat_econ":"Despesa Corrente","natureza_despesa":"Outras Despesas Correntes","modalidade_despesa":"Aplica\u00e7\u00f5es Diretas","elemento_despesa":"Di\u00e1rias \u2013 Civil","sub_elem_desp":"SEM SUBELEMENTO","fonte_recurso":"Recursos do Exerc\u00edcio Corrente \/ Recursos n\u00e3o Vinculados de Impostos \/ -"},{"ano_emissao_emp":"2023","n_emp":"0000329","data_emissao":"25\/10\/2023","valor":"300,00","tipo_empenho":"Ordin\u00e1rio","hist_emp":"VALOR QUE SE EMPENHA, CORRESPONDE A SOLICITA\u00c7\u00c3O DE UMA DI\u00c1RIA PELO SERVIDOR JOS\u00c9 DI\u00caGO BEZERRA DE LIMA (CHEFE DE GABINETE DA PRESID\u00caNCIA), PARA IR \u00c0 CIDADE DE CARUARU-PE, EM VISITA AO CENTRO REGIONAL DE TREINAMENTO EM ADMINISTRA\u00c7\u00c3O MUNICIPAL - CERTAM, COM A FINALIDADE DE TRATAR DE ASSUNTOS REFERENTE AO IMPACTO OR\u00c7AMENT\u00c1RIO FINANCEIRO RELATIVO A ESTA C\u00c2MARA MUNICIPAL DE VEREADORES.","fornecedor":"JOS\u00c9 DI\u00caGO BEZERRA DE LIMA","denom_uni_orc":"CORPO DELIBERATIVO E SECRETARIA","funcao":"Legislativa","sub_funcao":"A\u00e7\u00e3o Legislativa","programa":"A\u00c7\u00c3O LEGISTIVA","acao":"MANUTEN\u00c7\u00c3O DAS ATIVIDADES ADMINISTRATIVAS","ident_acao":"Atividade","cat_econ":"Despesa Corrente","natureza_despesa":"Outras Despesas Correntes","modalidade_despesa":"Aplica\u00e7\u00f5es Diretas","elemento_despesa":"Di\u00e1rias \u2013 Civil","sub_elem_desp":"SEM SUBELEMENTO","fonte_recurso":"Recursos do Exerc\u00edcio Corrente \/ Recursos n\u00e3o Vinculados de Impostos \/ -"},{"ano_emissao_emp":"2023","n_emp":"0000330","data_emissao":"25\/10\/2023","valor":"300,00","tipo_empenho":"Ordin\u00e1rio","hist_emp":"VALOR QUE SE EMPENHA, CORRESPONDE \u00c0 SOLICITA\u00c7\u00c3O DE UMA DI\u00c1RIA PELO SERVIDOR RICARDO VALEN\u00c7A MAHON (DIRETOR FINANCEIRO), PARA IR \u00c0 CIDADE DE CARUARU-PE, EM VISITA AO CENTRO REGIONAL DE TREINAMENTO EM ADMINISTRA\u00c7\u00c3O MUNICIPAL - CERTAM, COM A FINALIDADE DE TRATAR DE ASSUNTOS REFERENTE AO IMPACTO OR\u00c7AMENT\u00c1RIO FINANCEIRO RELATIVO A ESTA C\u00c2MARA MUNICIPAL DE VEREADORES.","fornecedor":"RICARDO VALEN\u00c7A MAHON","denom_uni_orc":"CORPO DELIBERATIVO E SECRETARIA","funcao":"Legislativa","sub_funcao":"A\u00e7\u00e3o Legislativa","programa":"A\u00c7\u00c3O LEGISTIVA","acao":"MANUTEN\u00c7\u00c3O DAS ATIVIDADES ADMINISTRATIVAS","ident_acao":"Atividade","cat_econ":"Despesa Corrente","natureza_despesa":"Outras Despesas Correntes","modalidade_despesa":"Aplica\u00e7\u00f5es Diretas","elemento_despesa":"Di\u00e1rias \u2013 Civil","sub_elem_desp":"SEM SUBELEMENTO","fonte_recurso":"Recursos do Exerc\u00edcio Corrente \/ Recursos n\u00e3o Vinculados de Impostos \/ -"},{"ano_emissao_emp":"2023","n_emp":"0000331","data_emissao":"25\/10\/2023","valor":"600,00","tipo_empenho":"Ordin\u00e1rio","hist_emp":"VALOR QUE SE EMPENHA, CORRESPONDE A SOLICITA\u00c7\u00c3O DE UMA DI\u00c1RIA PELO VEREADOR\/PRESIDENTE AMILTON C\u00cdCERO DA SILVA, PARA IR \u00c0 CIDADE DE CARUARU-PE, EM VISITA AO CENTRO REGIONAL DE TREINAMENTO EM ADMINISTRA\u00c7\u00c3O MUNICIPAL - CERTAM, COM A FINALIDADE DE TRATAR DE ASSUNTOS REFERENTE AO IMPACTO OR\u00c7AMENT\u00c1RIO FINANCEIRO RELATIVO A ESTA C\u00c2MARA MUNICIPAL DE VEREADORES.","fornecedor":"Amilton C\u00edcero da Silva","denom_uni_orc":"CORPO DELIBERATIVO E SECRETARIA","funcao":"Legislativa","sub_funcao":"A\u00e7\u00e3o Legislativa","programa":"A\u00c7\u00c3O LEGISTIVA","acao":"MANUTEN\u00c7\u00c3O DAS ATIVIDADES LEGISLATIVAS","ident_acao":"Atividade","cat_econ":"Despesa Corrente","natureza_despesa":"Outras Despesas Correntes","modalidade_despesa":"Aplica\u00e7\u00f5es Diretas","elemento_despesa":"Di\u00e1rias \u2013 Civil","sub_elem_desp":"SEM SUBELEMENTO","fonte_recurso":"Recursos do Exerc\u00edcio Corrente \/ Recursos n\u00e3o Vinculados de Impostos \/ -"},{"ano_emissao_emp":"2023","n_emp":"0000332","data_emissao":"26\/10\/2023","valor":"50,00","tipo_empenho":"Ordin\u00e1rio","hist_emp":"VALOR QUE SE EMPENHA, CORRESPONDE AOS SERVI\u00c7OS DE UMA LAVAGEM\/ HIGIENIZA\u00c7\u00c3O NO VE\u00cdCULO OFICIAL PLACA QYF-2630, DESTA C\u00c2MARA MUNICIPAL DE VEREADORES.","fornecedor":"JOS\u00c9 NEGREIROS DA COSTA","denom_uni_orc":"CORPO DELIBERATIVO E SECRETARIA","funcao":"Legislativa","sub_funcao":"A\u00e7\u00e3o Legislativa","programa":"A\u00c7\u00c3O LEGISTIVA","acao":"MANUTEN\u00c7\u00c3O DAS ATIVIDADES ADMINISTRATIVAS","ident_acao":"Atividade","cat_econ":"Despesa Corrente","natureza_despesa":"Outras Despesas Correntes","modalidade_despesa":"Aplica\u00e7\u00f5es Diretas","elemento_despesa":"Outros Servi\u00e7os de Terceiros - Pessoa F\u00edsica","sub_elem_desp":"SEM SUBELEMENTO","fonte_recurso":"Recursos do Exerc\u00edcio Corrente \/ Recursos n\u00e3o Vinculados de Impostos \/ -"},{"ano_emissao_emp":"2023","n_emp":"0000333","data_emissao":"27\/10\/2023","valor":"300,00","tipo_empenho":"Ordin\u00e1rio","hist_emp":"VALOR QUE SE EMPENHA, CORRESPONDE A SOLICITA\u00c7\u00c3O DE UMA DI\u00c1RIA PELO SERVIDOR CLEVERTON FERREIRA DO NASCIMENTO (ASSIST. DE CHEFE DE DIVIS\u00c3O\/ RESP. PELO SETOR DE COMPRAS), PARA IR \u00c0S CIDADES DE SANTA CRUZ DO CAPIBARIBE E CARUARU-PE, NO INTUITO DE FAZER COTA\u00c7\u00d5ES PARA AQUISI\u00c7\u00c3O DE UMA CAIXA D\u2019\u00c1GUA DE 2 MIL LITROS, MATERIAIS PARA REPAROS NA EL\u00c9TRICA E ENCANA\u00c7\u00c3O PARA ESTA CASA LEGISLATIVA.","fornecedor":"CLEVERTON FERREIRA DO NASCIMENTO","denom_uni_orc":"CORPO DELIBERATIVO E SECRETARIA","funcao":"Legislativa","sub_funcao":"A\u00e7\u00e3o Legislativa","programa":"A\u00c7\u00c3O LEGISTIVA","acao":"MANUTEN\u00c7\u00c3O DAS ATIVIDADES ADMINISTRATIVAS","ident_acao":"Atividade","cat_econ":"Despesa Corrente","natureza_despesa":"Outras Despesas Correntes","modalidade_despesa":"Aplica\u00e7\u00f5es Diretas","elemento_despesa":"Di\u00e1rias \u2013 Civil","sub_elem_desp":"SEM SUBELEMENTO","fonte_recurso":"Recursos do Exerc\u00edcio Corrente \/ Recursos n\u00e3o Vinculados de Impostos \/ -"},{"ano_emissao_emp":"2023","n_emp":"0000334","data_emissao":"30\/10\/2023","valor":"1.000,00","tipo_empenho":"Ordin\u00e1rio","hist_emp":"VALOR QUE SE EMPENHA, CORRESPONDE A SOLICITA\u00c7\u00c3O DE UMA DI\u00c1RIA PELO VEREADOR H\u00c9LIO JUNIOR FLOR\u00caNCIO, PARA IR \u00c0 CIDADE DO RECIFE-PE, EM VISITA \u00c0 ASSEMBL\u00c9IA LEGISLATIVA DO ESTADO DE PERNAMBUCO, JUNTO AO GABINETE DO DEPUTADO EDSON VIEIRA, COM A FINALIDADE DE SOLICITAR RECURSOS PARA PERFURAR NOVOS PO\u00c7OS ARTESIANOS, VISANDO ATENDER AS NECESSIDADES DA POPULA\u00c7\u00c3O DE TAQUARITINGA NO NORTE-PE.","fornecedor":"H\u00c9LIO JUNIOR FLOR\u00caNCIO","denom_uni_orc":"CORPO DELIBERATIVO E SECRETARIA","funcao":"Legislativa","sub_funcao":"A\u00e7\u00e3o Legislativa","programa":"A\u00c7\u00c3O LEGISTIVA","acao":"MANUTEN\u00c7\u00c3O DAS ATIVIDADES LEGISLATIVAS","ident_acao":"Atividade","cat_econ":"Despesa Corrente","natureza_despesa":"Outras Despesas Correntes","modalidade_despesa":"Aplica\u00e7\u00f5es Diretas","elemento_despesa":"Di\u00e1rias \u2013 Civil","sub_elem_desp":"SEM SUBELEMENTO","fonte_recurso":"Recursos do Exerc\u00edcio Corrente \/ Recursos n\u00e3o Vinculados de Impostos \/ -"},{"ano_emissao_emp":"2023","n_emp":"0000335","data_emissao":"30\/10\/2023","valor":"1.000,00","tipo_empenho":"Ordin\u00e1rio","hist_emp":"VALOR QUE SE EMPENHA, CORRESPONDE A SOLICITA\u00c7\u00c3O DE UMA DI\u00c1RIA PELO VEREADOR JOS\u00c9 AMAURI MINERVA FERREIRA, PARA IR \u00c0 CIDADE DO RECIFE-PE, EM VISITA \u00c0 ASSEMBL\u00c9IA LEGISLATIVA DO ESTADO DE PERNAMBUCO, JUNTO AO GABINETE DO DEPUTADO EDSON VIEIRA, COM A FINALIDADE DE SOLICITAR RECURSOS PARA PERFURAR NOVOS PO\u00c7OS ARTESIANOS, VISANDO ATENDER AS NECESSIDADES DA POPULA\u00c7\u00c3O DE TAQUARITINGA NO NORTE-PE.","fornecedor":"JOS\u00c9 AMAURI MINERVA FERREIRA","denom_uni_orc":"CORPO DELIBERATIVO E SECRETARIA","funcao":"Legislativa","sub_funcao":"A\u00e7\u00e3o Legislativa","programa":"A\u00c7\u00c3O LEGISTIVA","acao":"MANUTEN\u00c7\u00c3O DAS ATIVIDADES LEGISLATIVAS","ident_acao":"Atividade","cat_econ":"Despesa Corrente","natureza_despesa":"Outras Despesas Correntes","modalidade_despesa":"Aplica\u00e7\u00f5es Diretas","elemento_despesa":"Di\u00e1rias \u2013 Civil","sub_elem_desp":"SEM SUBELEMENTO","fonte_recurso":"Recursos do Exerc\u00edcio Corrente \/ Recursos n\u00e3o Vinculados de Impostos \/ -"},{"ano_emissao_emp":"2023","n_emp":"0000336","data_emissao":"30\/10\/2023","valor":"50,00","tipo_empenho":"Ordin\u00e1rio","hist_emp":"VALOR QUE SE EMPENHA, CORRESPONDE AOS SERVI\u00c7OS DE UMA LAVAGEM\/ HIGIENIZA\u00c7\u00c3O NO VE\u00cdCULO OFICIAL PLACA QYF-2630, DESTA C\u00c2MARA MUNICIPAL DE VEREADORES.","fornecedor":"JOS\u00c9 NEGREIROS DA COSTA","denom_uni_orc":"CORPO DELIBERATIVO E SECRETARIA","funcao":"Legislativa","sub_funcao":"A\u00e7\u00e3o Legislativa","programa":"A\u00c7\u00c3O LEGISTIVA","acao":"MANUTEN\u00c7\u00c3O DAS ATIVIDADES ADMINISTRATIVAS","ident_acao":"Atividade","cat_econ":"Despesa Corrente","natureza_despesa":"Outras Despesas Correntes","modalidade_despesa":"Aplica\u00e7\u00f5es Diretas","elemento_despesa":"Outros Servi\u00e7os de Terceiros - Pessoa F\u00edsica","sub_elem_desp":"SEM SUBELEMENTO","fonte_recurso":"Recursos do Exerc\u00edcio Corrente \/ Recursos n\u00e3o Vinculados de Impostos \/ -"},{"ano_emissao_emp":"2023","n_emp":"0000337","data_emissao":"30\/10\/2023","valor":"1.187,50","tipo_empenho":"Ordin\u00e1rio","hist_emp":"VALOR QUE SE EMPENHA, CORRESPONDE \u00c0 AQUISI\u00c7\u00c3O DE UMA CAIXA D\u00b4\u00c1GUA POLIETILENO COM CAPACIDADE PARA DOIS MIL LITROS DE \u00c1GUA, NO INTUITO DE ATENDER AS NECESSIDADES DESTA C\u00c2MARA MUNICIPAL DE VEREADORES.","fornecedor":"JCL LAJES E MATERIAIS PARA CONSTRUCAO LTDA","denom_uni_orc":"CORPO DELIBERATIVO E SECRETARIA","funcao":"Legislativa","sub_funcao":"A\u00e7\u00e3o Legislativa","programa":"A\u00c7\u00c3O LEGISTIVA","acao":"MANUTEN\u00c7\u00c3O DAS ATIVIDADES ADMINISTRATIVAS","ident_acao":"Atividade","cat_econ":"Despesa Corrente","natureza_despesa":"Outras Despesas Correntes","modalidade_despesa":"Aplica\u00e7\u00f5es Diretas","elemento_despesa":"Material de Consumo","sub_elem_desp":"SEM SUBELEMENTO","fonte_recurso":"Recursos do Exerc\u00edcio Corrente \/ Recursos n\u00e3o Vinculados de Impostos \/ -"},{"ano_emissao_emp":"2023","n_emp":"0000338","data_emissao":"30\/10\/2023","valor":"1.000,00","tipo_empenho":"Ordin\u00e1rio","hist_emp":"VALOR QUE SE EMPENHA, CORRESPONDE A SOLICITA\u00c7\u00c3O DE UMA DI\u00c1RIA PELO VEREADOR JOS\u00c9 ERALDO PEREIRA DOS SANTOS, PARA IR \u00c0 CIDADE DO RECIFE-PE, EM VISITA \u00c0 ASSEMBL\u00c9IA LEGISLATIVA DO ESTADO DE PERNAMBUCO - ALEPE, COM A FINALIDADE DE TRATAR DE DEMANDAS PARA O MUNIC\u00cdPIO DE TAQUARITINGA DO NORTE-PE.","fornecedor":"JOS\u00c9 ERALDO PEREIRA DOS SANTOS","denom_uni_orc":"CORPO DELIBERATIVO E SECRETARIA","funcao":"Legislativa","sub_funcao":"A\u00e7\u00e3o Legislativa","programa":"A\u00c7\u00c3O LEGISTIVA","acao":"MANUTEN\u00c7\u00c3O DAS ATIVIDADES LEGISLATIVAS","ident_acao":"Atividade","cat_econ":"Despesa Corrente","natureza_despesa":"Outras Despesas Correntes","modalidade_despesa":"Aplica\u00e7\u00f5es Diretas","elemento_despesa":"Di\u00e1rias \u2013 Civil","sub_elem_desp":"SEM SUBELEMENTO","fonte_recurso":"Recursos do Exerc\u00edcio Corrente \/ Recursos n\u00e3o Vinculados de Impostos \/ -"},{"ano_emissao_emp":"2023","n_emp":"0000339","data_emissao":"01\/11\/2023","valor":"48,00","tipo_empenho":"Ordin\u00e1rio","hist_emp":"VALOR QUE SE EMPENHA, CORRESPONDE AOS SERVI\u00c7OS DE C\u00d3PIA DE SEIS CHAVES PARA ESTA C\u00c2MARA MUNICIPAL DE VEREADORES.","fornecedor":"ARMINDO HELIO OLIVEIRA SILVA 19416822434","denom_uni_orc":"CORPO DELIBERATIVO E SECRETARIA","funcao":"Legislativa","sub_funcao":"A\u00e7\u00e3o Legislativa","programa":"A\u00c7\u00c3O LEGISTIVA","acao":"MANUTEN\u00c7\u00c3O DAS ATIVIDADES ADMINISTRATIVAS","ident_acao":"Atividade","cat_econ":"Despesa Corrente","natureza_despesa":"Outras Despesas Correntes","modalidade_despesa":"Aplica\u00e7\u00f5es Diretas","elemento_despesa":"Material de Consumo","sub_elem_desp":"SEM SUBELEMENTO","fonte_recurso":"Recursos do Exerc\u00edcio Corrente \/ Recursos n\u00e3o Vinculados de Impostos \/ -"},{"ano_emissao_emp":"2023","n_emp":"0000340","data_emissao":"06\/11\/2023","valor":"1.000,00","tipo_empenho":"Ordin\u00e1rio","hist_emp":"VALOR QUE SE EMPENHA, CORRESPONDE A SOLICITA\u00c7\u00c3O DE UMA DI\u00c1RIA PELO VEREADOR\/PRESIDENTE AMILTON C\u00cdCERO DA SILVA, PARA IR \u00c0 CIDADE DO RECIFE-PE, COM VISITA \u00c0 UNI\u00c3O DOS VEREADORES DO ESTADO DE PERNAMBUCO - UVP, COMO TAMB\u00c9M AO INSTITUTO AGRON\u00d4MICO DE PERNAMBUCO - IPA, COM A FINALIDADE DE TRATAR DE ASSUNTOS INERENTES AO MUNIC\u00cdPIO DE TAQUARITINGA DO NORTE-PE.","fornecedor":"Amilton C\u00edcero da Silva","denom_uni_orc":"CORPO DELIBERATIVO E SECRETARIA","funcao":"Legislativa","sub_funcao":"A\u00e7\u00e3o Legislativa","programa":"A\u00c7\u00c3O LEGISTIVA","acao":"MANUTEN\u00c7\u00c3O DAS ATIVIDADES LEGISLATIVAS","ident_acao":"Atividade","cat_econ":"Despesa Corrente","natureza_despesa":"Outras Despesas Correntes","modalidade_despesa":"Aplica\u00e7\u00f5es Diretas","elemento_despesa":"Di\u00e1rias \u2013 Civil","sub_elem_desp":"SEM SUBELEMENTO","fonte_recurso":"Recursos do Exerc\u00edcio Corrente \/ Recursos n\u00e3o Vinculados de Impostos \/ -"},{"ano_emissao_emp":"2023","n_emp":"0000341","data_emissao":"06\/11\/2023","valor":"1.000,00","tipo_empenho":"Ordin\u00e1rio","hist_emp":"VALOR QUE SE EMPENHA, CORRESPONDE A SOLICITA\u00c7\u00c3O DE UMA DI\u00c1RIA PELO VEREADOR ALEXANDRE BAS\u00cdLIO DE JESUS TIETRE, PARA IR \u00c0 CIDADE DO RECIFE-PE, COM VISITA \u00c0 UNI\u00c3O DOS VEREADORES DO ESTADO DE PERNAMBUCO - UVP, COMO TAMB\u00c9M AO INSTITUTO AGRON\u00d4MICO DE PERNAMBUCO - IPA, COM A FINALIDADE DE TRATAR DE ASSUNTOS INERENTES AO MUNIC\u00cdPIO DE TAQUARITINGA DO NORTE-PE.","fornecedor":"ALEXANDRE BAS\u00cdLIO DE JESUS TIETRE","denom_uni_orc":"CORPO DELIBERATIVO E SECRETARIA","funcao":"Legislativa","sub_funcao":"A\u00e7\u00e3o Legislativa","programa":"A\u00c7\u00c3O LEGISTIVA","acao":"MANUTEN\u00c7\u00c3O DAS ATIVIDADES LEGISLATIVAS","ident_acao":"Atividade","cat_econ":"Despesa Corrente","natureza_despesa":"Outras Despesas Correntes","modalidade_despesa":"Aplica\u00e7\u00f5es Diretas","elemento_despesa":"Di\u00e1rias \u2013 Civil","sub_elem_desp":"SEM SUBELEMENTO","fonte_recurso":"Recursos do Exerc\u00edcio Corrente \/ Recursos n\u00e3o Vinculados de Impostos \/ -"},{"ano_emissao_emp":"2023","n_emp":"0000342","data_emissao":"06\/11\/2023","valor":"2.100,00","tipo_empenho":"Estimativo","hist_emp":"VALOR QUE SE EMPENHA, CORRESPONDE AO PAGAMENTO DE TARIFAS BANC\u00c1RIAS REFERENTE AOS MESES DE OUTUBRO, NOVEMBRO E DEZEMBRO DE 2023.","fornecedor":"Banco do Brasil","denom_uni_orc":"CORPO DELIBERATIVO E SECRETARIA","funcao":"Legislativa","sub_funcao":"A\u00e7\u00e3o Legislativa","programa":"A\u00c7\u00c3O LEGISTIVA","acao":"MANUTEN\u00c7\u00c3O DAS ATIVIDADES ADMINISTRATIVAS","ident_acao":"Atividade","cat_econ":"Despesa Corrente","natureza_despesa":"Outras Despesas Correntes","modalidade_despesa":"Aplica\u00e7\u00f5es Diretas","elemento_despesa":"Outros Servi\u00e7os de Terceiros - Pessoa Jur\u00eddica","sub_elem_desp":"SEM SUBELEMENTO","fonte_recurso":"Recursos do Exerc\u00edcio Corrente \/ Recursos n\u00e3o Vinculados de Impostos \/ -"},{"ano_emissao_emp":"2023","n_emp":"0000343","data_emissao":"10\/11\/2023","valor":"1.000,00","tipo_empenho":"Ordin\u00e1rio","hist_emp":"VALOR QUE SE EMPENHA, CORRESPONDE A SOLICITA\u00c7\u00c3O DE UMA DI\u00c1RIA PELO VEREADOR GUILHERME HENRIQUE MENDES DE FARIAS, PARA DESEMPENHAR ATIVIDADES PARLAMENTARES NA CIDADE DO RECIFE-PE, EM VIRTUDE DO MUNIC\u00cdPIO DE TAQUARITINGA DO NORTE-PE.","fornecedor":"GUILHERME HENRIQUE MENDES DE FARIAS","denom_uni_orc":"CORPO DELIBERATIVO E SECRETARIA","funcao":"Legislativa","sub_funcao":"A\u00e7\u00e3o Legislativa","programa":"A\u00c7\u00c3O LEGISTIVA","acao":"MANUTEN\u00c7\u00c3O DAS ATIVIDADES LEGISLATIVAS","ident_acao":"Atividade","cat_econ":"Despesa Corrente","natureza_despesa":"Outras Despesas Correntes","modalidade_despesa":"Aplica\u00e7\u00f5es Diretas","elemento_despesa":"Di\u00e1rias \u2013 Civil","sub_elem_desp":"SEM SUBELEMENTO","fonte_recurso":"Recursos do Exerc\u00edcio Corrente \/ Recursos n\u00e3o Vinculados de Impostos \/ -"},{"ano_emissao_emp":"2023","n_emp":"0000344","data_emissao":"10\/11\/2023","valor":"1.000,00","tipo_empenho":"Ordin\u00e1rio","hist_emp":"VALOR QUE SE EMPENHA, CORRESPONDE A SOLICITA\u00c7\u00c3O DE UMA DI\u00c1RIA PELO VEREADOR RONALDO C\u00c9SAR DOS SANTOS SILVA, PARA DESEMPENHAR ATIVIDADES PARLAMENTARES NA CIDADE DO RECIFE-PE, EM VIRTUDE DO MUNIC\u00cdPIO DE TAQUARITINGA DO NORTE-PE.","fornecedor":"RONALDO C\u00c9SAR DOS SANTOS SILVA","denom_uni_orc":"CORPO DELIBERATIVO E SECRETARIA","funcao":"Legislativa","sub_funcao":"A\u00e7\u00e3o Legislativa","programa":"A\u00c7\u00c3O LEGISTIVA","acao":"MANUTEN\u00c7\u00c3O DAS ATIVIDADES LEGISLATIVAS","ident_acao":"Atividade","cat_econ":"Despesa Corrente","natureza_despesa":"Outras Despesas Correntes","modalidade_despesa":"Aplica\u00e7\u00f5es Diretas","elemento_despesa":"Di\u00e1rias \u2013 Civil","sub_elem_desp":"SEM SUBELEMENTO","fonte_recurso":"Recursos do Exerc\u00edcio Corrente \/ Recursos n\u00e3o Vinculados de Impostos \/ -"},{"ano_emissao_emp":"2023","n_emp":"0000345","data_emissao":"10\/11\/2023","valor":"1.000,00","tipo_empenho":"Ordin\u00e1rio","hist_emp":"VALOR QUE SE EMPENHA, CORRESPONDE A SOLICITA\u00c7\u00c3O DE UMA DI\u00c1RIA PELO VEREADOR JOS\u00c9 ADEMIR MARTINS, PARA DESEMPENHAR ATIVIDADES PARLAMENTARES NA CIDADE DO RECIFE-PE, EM VIRTUDE DO MUNIC\u00cdPIO DE TAQUARITINGA DO NORTE-PE.","fornecedor":"JOS\u00c9 ADEMIR MARTINS","denom_uni_orc":"CORPO DELIBERATIVO E SECRETARIA","funcao":"Legislativa","sub_funcao":"A\u00e7\u00e3o Legislativa","programa":"A\u00c7\u00c3O LEGISTIVA","acao":"MANUTEN\u00c7\u00c3O DAS ATIVIDADES LEGISLATIVAS","ident_acao":"Atividade","cat_econ":"Despesa Corrente","natureza_despesa":"Outras Despesas Correntes","modalidade_despesa":"Aplica\u00e7\u00f5es Diretas","elemento_despesa":"Di\u00e1rias \u2013 Civil","sub_elem_desp":"SEM SUBELEMENTO","fonte_recurso":"Recursos do Exerc\u00edcio Corrente \/ Recursos n\u00e3o Vinculados de Impostos \/ -"},{"ano_emissao_emp":"2023","n_emp":"0000346","data_emissao":"10\/11\/2023","valor":"500,00","tipo_empenho":"Ordin\u00e1rio","hist_emp":"VALOR QUE SE EMPENHA, CORRESPONDE A SOLICITA\u00c7\u00c3O DE UMA DI\u00c1RIA PARCIAL PELO VEREADOR JOS\u00c9 ERALDO PEREIRA DOS SANTOS, PARA IR \u00c0 COMPANHIA PERNAMBUCANA DE SANEAMENTO - COMPESA, SITUADA NA CIDADE DO RECIFE-PE, PARA TRATAR DE ASSUNTOS RESPECTIVOS A MESMA E VINCULADOS AO MUNIC\u00cdPIO DE TAQUARITINGA DO NORTE-PE.","fornecedor":"JOS\u00c9 ERALDO PEREIRA DOS SANTOS","denom_uni_orc":"CORPO DELIBERATIVO E SECRETARIA","funcao":"Legislativa","sub_funcao":"A\u00e7\u00e3o Legislativa","programa":"A\u00c7\u00c3O LEGISTIVA","acao":"MANUTEN\u00c7\u00c3O DAS ATIVIDADES LEGISLATIVAS","ident_acao":"Atividade","cat_econ":"Despesa Corrente","natureza_despesa":"Outras Despesas Correntes","modalidade_despesa":"Aplica\u00e7\u00f5es Diretas","elemento_despesa":"Di\u00e1rias \u2013 Civil","sub_elem_desp":"SEM SUBELEMENTO","fonte_recurso":"Recursos do Exerc\u00edcio Corrente \/ Recursos n\u00e3o Vinculados de Impostos \/ -"},{"ano_emissao_emp":"2023","n_emp":"0000347","data_emissao":"10\/11\/2023","valor":"300,00","tipo_empenho":"Ordin\u00e1rio","hist_emp":"VALOR QUE SE EMPENHA, CORRESPONDE A SOLICITA\u00c7\u00c3O DE UMA DI\u00c1RIA PELO SERVIDOR MILTON IVO (ASSESSOR ESPECIAL DA PRESID\u00caNCIA), PARA IR AO CERTAM- CENTRO REGIONAL DE TREINAMENTO EM ADMINISTRA\u00c7\u00c3O MUNICIPAL,QUE FICA LOCALIZADO NA CIDADE DE CARUARU-PE, COM A FINALIDADE DE TRATAR DE ASSUNTOS REFERENTES AO IMPACTO FINANCEIRO FRENTE AO PROJETO DE LEI QUE FIXA O SUBS\u00cdDIO DOS SERVIDORES EFETIVOS DESTE PODER LEGISLATIVO.","fornecedor":"MILTON IVO","denom_uni_orc":"CORPO DELIBERATIVO E SECRETARIA","funcao":"Legislativa","sub_funcao":"A\u00e7\u00e3o Legislativa","programa":"A\u00c7\u00c3O LEGISTIVA","acao":"MANUTEN\u00c7\u00c3O DAS ATIVIDADES ADMINISTRATIVAS","ident_acao":"Atividade","cat_econ":"Despesa Corrente","natureza_despesa":"Outras Despesas Correntes","modalidade_despesa":"Aplica\u00e7\u00f5es Diretas","elemento_despesa":"Di\u00e1rias \u2013 Civil","sub_elem_desp":"SEM SUBELEMENTO","fonte_recurso":"Recursos do Exerc\u00edcio Corrente \/ Recursos n\u00e3o Vinculados de Impostos \/ -"},{"ano_emissao_emp":"2023","n_emp":"0000348","data_emissao":"13\/11\/2023","valor":"180,00","tipo_empenho":"Ordin\u00e1rio","hist_emp":"VALOR QUE SE EMPENHA, CORRESPONDE AO ABASTECIMENTO DE \u00c1GUA POR CARRO PIPA PARA O PR\u00c9DIO DA C\u00c2MARA MUNICIPAL DE VEREADORES DE TAQUARITINGA DO NORTE-PE, EM NOVEMBRO DE 2023.","fornecedor":"M\u00c1RCIO ANDR\u00c9 MANOEL DA SILVA","denom_uni_orc":"CORPO DELIBERATIVO E SECRETARIA","funcao":"Legislativa","sub_funcao":"A\u00e7\u00e3o Legislativa","programa":"A\u00c7\u00c3O LEGISTIVA","acao":"MANUTEN\u00c7\u00c3O DAS ATIVIDADES ADMINISTRATIVAS","ident_acao":"Atividade","cat_econ":"Despesa Corrente","natureza_despesa":"Outras Despesas Correntes","modalidade_despesa":"Aplica\u00e7\u00f5es Diretas","elemento_despesa":"Outros Servi\u00e7os de Terceiros - Pessoa F\u00edsica","sub_elem_desp":"SEM SUBELEMENTO","fonte_recurso":"Recursos do Exerc\u00edcio Corrente \/ Recursos n\u00e3o Vinculados de Impostos \/ -"},{"ano_emissao_emp":"2023","n_emp":"0000349","data_emissao":"14\/11\/2023","valor":"150,00","tipo_empenho":"Ordin\u00e1rio","hist_emp":"VALOR QUE SE EMPENHA, CORRESPONDE A SOLICITA\u00c7\u00c3O DE UMA DI\u00c1RIA PARCIAL PELO SERVIDOR ROMULO RENAM ANDRADE SOUZA (COORDENADOR DE CONTROLE INTERNO), PARA IR AO CERTAM- CENTRO REGIONAL DE TREINAMENTO EM ADMINISTRA\u00c7\u00c3O MUNICIPAL,QUE FICA LOCALIZADO NA CIDADE DE CARUARU-PE, COM A FINALIDADE DE TRATAR DE ASSUNTOS REFERENTES AO IMPACTO FINANCEIRO FRENTE AO PROJETO DE LEI QUE FIXA O SUBS\u00cdDIO DOS SERVIDORES EFETIVOS DESTE PODER LEGISLATIVO.","fornecedor":"ROMULO RENAM ANDRADE SOUZA","denom_uni_orc":"CORPO DELIBERATIVO E SECRETARIA","funcao":"Legislativa","sub_funcao":"A\u00e7\u00e3o Legislativa","programa":"A\u00c7\u00c3O LEGISTIVA","acao":"MANUTEN\u00c7\u00c3O DAS ATIVIDADES ADMINISTRATIVAS","ident_acao":"Atividade","cat_econ":"Despesa Corrente","natureza_despesa":"Outras Despesas Correntes","modalidade_despesa":"Aplica\u00e7\u00f5es Diretas","elemento_despesa":"Di\u00e1rias \u2013 Civil","sub_elem_desp":"SEM SUBELEMENTO","fonte_recurso":"Recursos do Exerc\u00edcio Corrente \/ Recursos n\u00e3o Vinculados de Impostos \/ -"},{"ano_emissao_emp":"2023","n_emp":"0000350","data_emissao":"14\/11\/2023","valor":"600,00","tipo_empenho":"Ordin\u00e1rio","hist_emp":"VALOR QUE SE EMPENHA, CORRESPONDE A SOLICITA\u00c7\u00c3O DE UMA DI\u00c1RIA PELO VEREADOR RONALDO C\u00c9SAR DOS SANTOS SILVA, PARA IR AO CERTAM- CENTRO REGIONAL DE TREINAMENTO EM ADMINISTRA\u00c7\u00c3O MUNICIPAL,QUE FICA LOCALIZADO NA CIDADE DE CARUARU-PE, COM A FINALIDADE DE TRATAR DE ASSUNTOS REFERENTES AO IMPACTO FINANCEIRO FRENTE AO PROJETO DE LEI QUE FIXA O SUBS\u00cdDIO DOS SERVIDORES EFETIVOS DESTE PODER LEGISLATIVO.","fornecedor":"RONALDO C\u00c9SAR DOS SANTOS SILVA","denom_uni_orc":"CORPO DELIBERATIVO E SECRETARIA","funcao":"Legislativa","sub_funcao":"A\u00e7\u00e3o Legislativa","programa":"A\u00c7\u00c3O LEGISTIVA","acao":"MANUTEN\u00c7\u00c3O DAS ATIVIDADES LEGISLATIVAS","ident_acao":"Atividade","cat_econ":"Despesa Corrente","natureza_despesa":"Outras Despesas Correntes","modalidade_despesa":"Aplica\u00e7\u00f5es Diretas","elemento_despesa":"Di\u00e1rias \u2013 Civil","sub_elem_desp":"SEM SUBELEMENTO","fonte_recurso":"Recursos do Exerc\u00edcio Corrente \/ Recursos n\u00e3o Vinculados de Impostos \/ -"},{"ano_emissao_emp":"2023","n_emp":"0000351","data_emissao":"14\/11\/2023","valor":"600,00","tipo_empenho":"Ordin\u00e1rio","hist_emp":"VALOR QUE SE EMPENHA, CORRESPONDE A SOLICITA\u00c7\u00c3O DE UMA DI\u00c1RIA PELO VEREADOR\/PRESIDENTE AMILTON C\u00cdCERO DA SILVA, PARA IR \u00c1 CIDADE DE CARUARU-PE, \u00c0 SERVI\u00c7O DA C\u00c2MARA MUNICIPAL DE VEREADORES DE TAQUARITINGA DO NORTE-PE, COM A FINALIDADE DE TRATAR DE ASSUNTOS INERENTES A ESTE PODER LEGISLATIVO.","fornecedor":"Amilton C\u00edcero da Silva","denom_uni_orc":"CORPO DELIBERATIVO E SECRETARIA","funcao":"Legislativa","sub_funcao":"A\u00e7\u00e3o Legislativa","programa":"A\u00c7\u00c3O LEGISTIVA","acao":"MANUTEN\u00c7\u00c3O DAS ATIVIDADES LEGISLATIVAS","ident_acao":"Atividade","cat_econ":"Despesa Corrente","natureza_despesa":"Outras Despesas Correntes","modalidade_despesa":"Aplica\u00e7\u00f5es Diretas","elemento_despesa":"Di\u00e1rias \u2013 Civil","sub_elem_desp":"SEM SUBELEMENTO","fonte_recurso":"Recursos do Exerc\u00edcio Corrente \/ Recursos n\u00e3o Vinculados de Impostos \/ -"},{"ano_emissao_emp":"2023","n_emp":"0000352","data_emissao":"14\/11\/2023","valor":"150,00","tipo_empenho":"Ordin\u00e1rio","hist_emp":"VALOR QUE SE EMPENHA, CORRESPONDE A SOLICITA\u00c7\u00c3O DE UMA DI\u00c1RIA PELO SERVIDOR JOS\u00c9 DI\u00caGO BEZERRA DE LIMA (CHEFE DE GABINETE DA PRESID\u00caNCIA), PARA IR \u00c1 CIDADE DE CARUARU-PE, \u00c0 SERVI\u00c7O DA C\u00c2MARA MUNICIPAL DE VEREADORES DE TAQUARITINGA DO NORTE-PE, COM A FINALIDADE DE TRATAR DE ASSUNTOS INERENTES A ESTE PODER LEGISLATIVO.","fornecedor":"JOS\u00c9 DI\u00caGO BEZERRA DE LIMA","denom_uni_orc":"CORPO DELIBERATIVO E SECRETARIA","funcao":"Legislativa","sub_funcao":"A\u00e7\u00e3o Legislativa","programa":"A\u00c7\u00c3O LEGISTIVA","acao":"MANUTEN\u00c7\u00c3O DAS ATIVIDADES ADMINISTRATIVAS","ident_acao":"Atividade","cat_econ":"Despesa Corrente","natureza_despesa":"Outras Despesas Correntes","modalidade_despesa":"Aplica\u00e7\u00f5es Diretas","elemento_despesa":"Di\u00e1rias \u2013 Civil","sub_elem_desp":"SEM SUBELEMENTO","fonte_recurso":"Recursos do Exerc\u00edcio Corrente \/ Recursos n\u00e3o Vinculados de Impostos \/ -"},{"ano_emissao_emp":"2023","n_emp":"0000353","data_emissao":"20\/11\/2023","valor":"159,90","tipo_empenho":"Ordin\u00e1rio","hist_emp":"VALOR QUE SE EMPENHA, CORRESPONDE \u00c0 AQUISI\u00c7\u00c3O DE DOIS MOPS GIRAT\u00d3RIOS, PARA AUXILIAR NA LIMPEZA E HIGIENIZA\u00c7\u00c3O DESTA C\u00c2MARA MUNICIPAL DE VEREADORES.","fornecedor":"CLAUDIO L PAIVA ARMARINHO","denom_uni_orc":"CORPO DELIBERATIVO E SECRETARIA","funcao":"Legislativa","sub_funcao":"A\u00e7\u00e3o Legislativa","programa":"A\u00c7\u00c3O LEGISTIVA","acao":"MANUTEN\u00c7\u00c3O DAS ATIVIDADES ADMINISTRATIVAS","ident_acao":"Atividade","cat_econ":"Despesa Corrente","natureza_despesa":"Outras Despesas Correntes","modalidade_despesa":"Aplica\u00e7\u00f5es Diretas","elemento_despesa":"Material de Consumo","sub_elem_desp":"SEM SUBELEMENTO","fonte_recurso":"Recursos do Exerc\u00edcio Corrente \/ Recursos n\u00e3o Vinculados de Impostos \/ -"},{"ano_emissao_emp":"2023","n_emp":"0000354","data_emissao":"20\/11\/2023","valor":"6.490,00","tipo_empenho":"Ordin\u00e1rio","hist_emp":"VALOR QUE SE EMPENHA, CORRESPONDE A ONZE INSCRI\u00c7\u00d5ES DESTINADAS AOS VEREADORES DESTA CASA LEGISLATIVA, PARA PARTICIPA\u00c7\u00c3O NO ENCONTRO NORDESTINO DE GESTORES E LEGISLATIVOS MUNICIPAIS, PROMOVIDO PELA UNI\u00c3O DOS VEREADORES DO BRASIL - PERNAMBUCO, QUE ACONTECER\u00c1 NOS DIAS 22 A 25 DE NOVEMBRO DE 2023, EM RECIFE-PE.","fornecedor":"UNIAO DOS VEREADORES, EX-VEREADORES, PRESIDENTES DE CAMARAS E CAMARAS MUNICIPAIS","denom_uni_orc":"CORPO DELIBERATIVO E SECRETARIA","funcao":"Legislativa","sub_funcao":"A\u00e7\u00e3o Legislativa","programa":"A\u00c7\u00c3O LEGISTIVA","acao":"MANUTEN\u00c7\u00c3O DAS ATIVIDADES ADMINISTRATIVAS","ident_acao":"Atividade","cat_econ":"Despesa Corrente","natureza_despesa":"Outras Despesas Correntes","modalidade_despesa":"Aplica\u00e7\u00f5es Diretas","elemento_despesa":"Outros Servi\u00e7os de Terceiros - Pessoa Jur\u00eddica","sub_elem_desp":"SEM SUBELEMENTO","fonte_recurso":"Recursos do Exerc\u00edcio Corrente \/ Recursos n\u00e3o Vinculados de Impostos \/ -"},{"ano_emissao_emp":"2023","n_emp":"0000355","data_emissao":"21\/11\/2023","valor":"4.000,00","tipo_empenho":"Ordin\u00e1rio","hist_emp":"VALOR QUE SE EMPENHA, CORRESPONDE A SOLICITA\u00c7\u00c3O DE QUATRO DI\u00c1RIAS (E PERNOITES) PELO VEREADOR JOS\u00c9 ERALDO PEREIRA DOS SANTOS, PARA PARTICIPAR DO ENCONTRO NORDESTINO DE GESTORES E LEGISLATIVOS MUNICIPAIS, PROMOVIDO PELA UNI\u00c3O DOS VEREADORES DO BRASIL - PERNAMBUCO, QUE ACONTECER\u00c1 NOS DIAS 22 A 25 DE NOVEMBRO DE 2023, EM RECIFE-PE.","fornecedor":"JOS\u00c9 ERALDO PEREIRA DOS SANTOS","denom_uni_orc":"CORPO DELIBERATIVO E SECRETARIA","funcao":"Legislativa","sub_funcao":"A\u00e7\u00e3o Legislativa","programa":"A\u00c7\u00c3O LEGISTIVA","acao":"MANUTEN\u00c7\u00c3O DAS ATIVIDADES LEGISLATIVAS","ident_acao":"Atividade","cat_econ":"Despesa Corrente","natureza_despesa":"Outras Despesas Correntes","modalidade_despesa":"Aplica\u00e7\u00f5es Diretas","elemento_despesa":"Di\u00e1rias \u2013 Civil","sub_elem_desp":"SEM SUBELEMENTO","fonte_recurso":"Recursos do Exerc\u00edcio Corrente \/ Recursos n\u00e3o Vinculados de Impostos \/ -"},{"ano_emissao_emp":"2023","n_emp":"0000356","data_emissao":"21\/11\/2023","valor":"4.000,00","tipo_empenho":"Ordin\u00e1rio","hist_emp":"VALOR QUE SE EMPENHA, CORRESPONDE A SOLICITA\u00c7\u00c3O DE QUATRO DI\u00c1RIAS (E PERNOITES) PELO VEREADOR JOS\u00c9 AMAURI MINERVA FERREIRA, PARA PARTICIPAR DO ENCONTRO NORDESTINO DE GESTORES E LEGISLATIVOS MUNICIPAIS, PROMOVIDO PELA UNI\u00c3O DOS VEREADORES DO BRASIL - PERNAMBUCO, QUE ACONTECER\u00c1 NOS DIAS 22 A 25 DE NOVEMBRO DE 2023, EM RECIFE-PE.","fornecedor":"JOS\u00c9 AMAURI MINERVA FERREIRA","denom_uni_orc":"CORPO DELIBERATIVO E SECRETARIA","funcao":"Legislativa","sub_funcao":"A\u00e7\u00e3o Legislativa","programa":"A\u00c7\u00c3O LEGISTIVA","acao":"MANUTEN\u00c7\u00c3O DAS ATIVIDADES LEGISLATIVAS","ident_acao":"Atividade","cat_econ":"Despesa Corrente","natureza_despesa":"Outras Despesas Correntes","modalidade_despesa":"Aplica\u00e7\u00f5es Diretas","elemento_despesa":"Di\u00e1rias \u2013 Civil","sub_elem_desp":"SEM SUBELEMENTO","fonte_recurso":"Recursos do Exerc\u00edcio Corrente \/ Recursos n\u00e3o Vinculados de Impostos \/ -"},{"ano_emissao_emp":"2023","n_emp":"0000357","data_emissao":"21\/11\/2023","valor":"4.000,00","tipo_empenho":"Ordin\u00e1rio","hist_emp":"VALOR QUE SE EMPENHA, CORRESPONDE A SOLICITA\u00c7\u00c3O DE QUATRO DI\u00c1RIAS (E PERNOITES) PELO VEREADOR ALEXANDRE BAS\u00cdLIO DE JESUS TIETRE, PARA PARTICIPAR DO ENCONTRO NORDESTINO DE GESTORES E LEGISLATIVOS MUNICIPAIS, PROMOVIDO PELA UNI\u00c3O DOS VEREADORES DO BRASIL - PERNAMBUCO, QUE ACONTECER\u00c1 NOS DIAS 22 A 25 DE NOVEMBRO DE 2023, EM RECIFE-PE.","fornecedor":"ALEXANDRE BAS\u00cdLIO DE JESUS TIETRE","denom_uni_orc":"CORPO DELIBERATIVO E SECRETARIA","funcao":"Legislativa","sub_funcao":"A\u00e7\u00e3o Legislativa","programa":"A\u00c7\u00c3O LEGISTIVA","acao":"MANUTEN\u00c7\u00c3O DAS ATIVIDADES LEGISLATIVAS","ident_acao":"Atividade","cat_econ":"Despesa Corrente","natureza_despesa":"Outras Despesas Correntes","modalidade_despesa":"Aplica\u00e7\u00f5es Diretas","elemento_despesa":"Di\u00e1rias \u2013 Civil","sub_elem_desp":"SEM SUBELEMENTO","fonte_recurso":"Recursos do Exerc\u00edcio Corrente \/ Recursos n\u00e3o Vinculados de Impostos \/ -"},{"ano_emissao_emp":"2023","n_emp":"0000358","data_emissao":"21\/11\/2023","valor":"4.000,00","tipo_empenho":"Ordin\u00e1rio","hist_emp":"VALOR QUE SE EMPENHA, CORRESPONDE A SOLICITA\u00c7\u00c3O DE QUATRO DI\u00c1RIAS (E PERNOITES) PELO VEREADOR JO\u00c3O EUG\u00caNIO LEANDRO COSTA, PARA PARTICIPAR DO ENCONTRO NORDESTINO DE GESTORES E LEGISLATIVOS MUNICIPAIS, PROMOVIDO PELA UNI\u00c3O DOS VEREADORES DO BRASIL - PERNAMBUCO, QUE ACONTECER\u00c1 NOS DIAS 22 A 25 DE NOVEMBRO DE 2023, EM RECIFE-PE.","fornecedor":"JO\u00c3O EUG\u00caNIO LEANDRO COSTA","denom_uni_orc":"CORPO DELIBERATIVO E SECRETARIA","funcao":"Legislativa","sub_funcao":"A\u00e7\u00e3o Legislativa","programa":"A\u00c7\u00c3O LEGISTIVA","acao":"MANUTEN\u00c7\u00c3O DAS ATIVIDADES LEGISLATIVAS","ident_acao":"Atividade","cat_econ":"Despesa Corrente","natureza_despesa":"Outras Despesas Correntes","modalidade_despesa":"Aplica\u00e7\u00f5es Diretas","elemento_despesa":"Di\u00e1rias \u2013 Civil","sub_elem_desp":"SEM SUBELEMENTO","fonte_recurso":"Recursos do Exerc\u00edcio Corrente \/ Recursos n\u00e3o Vinculados de Impostos \/ -"},{"ano_emissao_emp":"2023","n_emp":"0000359","data_emissao":"21\/11\/2023","valor":"4.000,00","tipo_empenho":"Ordin\u00e1rio","hist_emp":"VALOR QUE SE EMPENHA, CORRESPONDE A SOLICITA\u00c7\u00c3O DE QUATRO DI\u00c1RIAS (E PERNOITES) PELA VEREADORA NAT\u00c1LIA PEREIRA DA SILVA LIMA, PARA PARTICIPAR DO ENCONTRO NORDESTINO DE GESTORES E LEGISLATIVOS MUNICIPAIS, PROMOVIDO PELA UNI\u00c3O DOS VEREADORES DO BRASIL - PERNAMBUCO, QUE ACONTECER\u00c1 NOS DIAS 22 A 25 DE NOVEMBRO DE 2023, EM RECIFE-PE.","fornecedor":"NAT\u00c1LIA PEREIRA DA SILVA LIMA","denom_uni_orc":"CORPO DELIBERATIVO E SECRETARIA","funcao":"Legislativa","sub_funcao":"A\u00e7\u00e3o Legislativa","programa":"A\u00c7\u00c3O LEGISTIVA","acao":"MANUTEN\u00c7\u00c3O DAS ATIVIDADES LEGISLATIVAS","ident_acao":"Atividade","cat_econ":"Despesa Corrente","natureza_despesa":"Outras Despesas Correntes","modalidade_despesa":"Aplica\u00e7\u00f5es Diretas","elemento_despesa":"Di\u00e1rias \u2013 Civil","sub_elem_desp":"SEM SUBELEMENTO","fonte_recurso":"Recursos do Exerc\u00edcio Corrente \/ Recursos n\u00e3o Vinculados de Impostos \/ -"},{"ano_emissao_emp":"2023","n_emp":"0000360","data_emissao":"21\/11\/2023","valor":"4.000,00","tipo_empenho":"Ordin\u00e1rio","hist_emp":"VALOR QUE SE EMPENHA, CORRESPONDE A SOLICITA\u00c7\u00c3O DE QUATRO DI\u00c1RIAS (E PERNOITES) PELO VEREADOR JOS\u00c9 ADEMIR MARTINS, PARA PARTICIPAR DO ENCONTRO NORDESTINO DE GESTORES E LEGISLATIVOS MUNICIPAIS, PROMOVIDO PELA UNI\u00c3O DOS VEREADORES DO BRASIL - PERNAMBUCO, QUE ACONTECER\u00c1 NOS DIAS 22 A 25 DE NOVEMBRO DE 2023, EM RECIFE-PE.","fornecedor":"JOS\u00c9 ADEMIR MARTINS","denom_uni_orc":"CORPO DELIBERATIVO E SECRETARIA","funcao":"Legislativa","sub_funcao":"A\u00e7\u00e3o Legislativa","programa":"A\u00c7\u00c3O LEGISTIVA","acao":"MANUTEN\u00c7\u00c3O DAS ATIVIDADES LEGISLATIVAS","ident_acao":"Atividade","cat_econ":"Despesa Corrente","natureza_despesa":"Outras Despesas Correntes","modalidade_despesa":"Aplica\u00e7\u00f5es Diretas","elemento_despesa":"Di\u00e1rias \u2013 Civil","sub_elem_desp":"SEM SUBELEMENTO","fonte_recurso":"Recursos do Exerc\u00edcio Corrente \/ Recursos n\u00e3o Vinculados de Impostos \/ -"},{"ano_emissao_emp":"2023","n_emp":"0000361","data_emissao":"21\/11\/2023","valor":"4.000,00","tipo_empenho":"Ordin\u00e1rio","hist_emp":"VALOR QUE SE EMPENHA, CORRESPONDE A SOLICITA\u00c7\u00c3O DE QUATRO DI\u00c1RIAS (E PERNOITES) PELO VEREADOR\/PRESIDENTE AMILTON C\u00cdCERO DA SILVA, PARA PARTICIPAR DO ENCONTRO NORDESTINO DE GESTORES E LEGISLATIVOS MUNICIPAIS, PROMOVIDO PELA UNI\u00c3O DOS VEREADORES DO BRASIL - PERNAMBUCO, QUE ACONTECER\u00c1 NOS DIAS 22 A 25 DE NOVEMBRO DE 2023, EM RECIFE-PE.","fornecedor":"Amilton C\u00edcero da Silva","denom_uni_orc":"CORPO DELIBERATIVO E SECRETARIA","funcao":"Legislativa","sub_funcao":"A\u00e7\u00e3o Legislativa","programa":"A\u00c7\u00c3O LEGISTIVA","acao":"MANUTEN\u00c7\u00c3O DAS ATIVIDADES LEGISLATIVAS","ident_acao":"Atividade","cat_econ":"Despesa Corrente","natureza_despesa":"Outras Despesas Correntes","modalidade_despesa":"Aplica\u00e7\u00f5es Diretas","elemento_despesa":"Di\u00e1rias \u2013 Civil","sub_elem_desp":"SEM SUBELEMENTO","fonte_recurso":"Recursos do Exerc\u00edcio Corrente \/ Recursos n\u00e3o Vinculados de Impostos \/ -"},{"ano_emissao_emp":"2023","n_emp":"0000362","data_emissao":"21\/11\/2023","valor":"4.000,00","tipo_empenho":"Ordin\u00e1rio","hist_emp":"VALOR QUE SE EMPENHA, CORRESPONDE A SOLICITA\u00c7\u00c3O DE QUATRO DI\u00c1RIAS (E PERNOITES) PELO VEREADOR RONALDO C\u00c9SAR DOS SANTOS SILVA, PARA PARTICIPAR DO ENCONTRO NORDESTINO DE GESTORES E LEGISLATIVOS MUNICIPAIS, PROMOVIDO PELA UNI\u00c3O DOS VEREADORES DO BRASIL - PERNAMBUCO, QUE ACONTECER\u00c1 NOS DIAS 22 A 25 DE NOVEMBRO DE 2023, EM RECIFE-PE.","fornecedor":"RONALDO C\u00c9SAR DOS SANTOS SILVA","denom_uni_orc":"CORPO DELIBERATIVO E SECRETARIA","funcao":"Legislativa","sub_funcao":"A\u00e7\u00e3o Legislativa","programa":"A\u00c7\u00c3O LEGISTIVA","acao":"MANUTEN\u00c7\u00c3O DAS ATIVIDADES LEGISLATIVAS","ident_acao":"Atividade","cat_econ":"Despesa Corrente","natureza_despesa":"Outras Despesas Correntes","modalidade_despesa":"Aplica\u00e7\u00f5es Diretas","elemento_despesa":"Di\u00e1rias \u2013 Civil","sub_elem_desp":"SEM SUBELEMENTO","fonte_recurso":"Recursos do Exerc\u00edcio Corrente \/ Recursos n\u00e3o Vinculados de Impostos \/ -"},{"ano_emissao_emp":"2023","n_emp":"0000363","data_emissao":"21\/11\/2023","valor":"4.000,00","tipo_empenho":"Ordin\u00e1rio","hist_emp":"VALOR QUE SE EMPENHA, CORRESPONDE A SOLICITA\u00c7\u00c3O DE QUATRO DI\u00c1RIAS (E PERNOITES) PELO VEREADOR GUILHERME HENRIQUE MENDES DE FARIAS, PPARA PARTICIPAR DO ENCONTRO NORDESTINO DE GESTORES E LEGISLATIVOS MUNICIPAIS, PROMOVIDO PELA UNI\u00c3O DOS VEREADORES DO BRASIL - PERNAMBUCO, QUE ACONTECER\u00c1 NOS DIAS 22 A 25 DE NOVEMBRO DE 2023, EM RECIFE-PE.","fornecedor":"GUILHERME HENRIQUE MENDES DE FARIAS","denom_uni_orc":"CORPO DELIBERATIVO E SECRETARIA","funcao":"Legislativa","sub_funcao":"A\u00e7\u00e3o Legislativa","programa":"A\u00c7\u00c3O LEGISTIVA","acao":"MANUTEN\u00c7\u00c3O DAS ATIVIDADES LEGISLATIVAS","ident_acao":"Atividade","cat_econ":"Despesa Corrente","natureza_despesa":"Outras Despesas Correntes","modalidade_despesa":"Aplica\u00e7\u00f5es Diretas","elemento_despesa":"Di\u00e1rias \u2013 Civil","sub_elem_desp":"SEM SUBELEMENTO","fonte_recurso":"Recursos do Exerc\u00edcio Corrente \/ Recursos n\u00e3o Vinculados de Impostos \/ -"},{"ano_emissao_emp":"2023","n_emp":"0000364","data_emissao":"21\/11\/2023","valor":"4.000,00","tipo_empenho":"Ordin\u00e1rio","hist_emp":"VALOR QUE SE EMPENHA, CORRESPONDE A SOLICITA\u00c7\u00c3O DE QUATRO DI\u00c1RIAS (E PERNOITES) PELO VEREADOR GEOVANE PEQUENO C\u00c9ZAR, PARA PARTICIPAR DO ENCONTRO NORDESTINO DE GESTORES E LEGISLATIVOS MUNICIPAIS, PROMOVIDO PELA UNI\u00c3O DOS VEREADORES DO BRASIL - PERNAMBUCO, QUE ACONTECER\u00c1 NOS DIAS 22 A 25 DE NOVEMBRO DE 2023, EM RECIFE-PE.","fornecedor":"GEOVANE PEQUENO C\u00c9ZAR","denom_uni_orc":"CORPO DELIBERATIVO E SECRETARIA","funcao":"Legislativa","sub_funcao":"A\u00e7\u00e3o Legislativa","programa":"A\u00c7\u00c3O LEGISTIVA","acao":"MANUTEN\u00c7\u00c3O DAS ATIVIDADES LEGISLATIVAS","ident_acao":"Atividade","cat_econ":"Despesa Corrente","natureza_despesa":"Outras Despesas Correntes","modalidade_despesa":"Aplica\u00e7\u00f5es Diretas","elemento_despesa":"Di\u00e1rias \u2013 Civil","sub_elem_desp":"SEM SUBELEMENTO","fonte_recurso":"Recursos do Exerc\u00edcio Corrente \/ Recursos n\u00e3o Vinculados de Impostos \/ -"},{"ano_emissao_emp":"2023","n_emp":"0000365","data_emissao":"21\/11\/2023","valor":"4.000,00","tipo_empenho":"Ordin\u00e1rio","hist_emp":"VALOR QUE SE EMPENHA, CORRESPONDE A SOLICITA\u00c7\u00c3O DE QUATRO DI\u00c1RIAS (E PERNOITES) PARA PARTICIPAR DO ENCONTRO NORDESTINO DE GESTORES E LEGISLATIVOS MUNICIPAIS, PROMOVIDO PELA UNI\u00c3O DOS VEREADORES DO BRASIL - PERNAMBUCO, QUE ACONTECER\u00c1 NOS DIAS 22 A 25 DE NOVEMBRO DE 2023, EM RECIFE-PE.","fornecedor":"H\u00c9LIO JUNIOR FLOR\u00caNCIO","denom_uni_orc":"CORPO DELIBERATIVO E SECRETARIA","funcao":"Legislativa","sub_funcao":"A\u00e7\u00e3o Legislativa","programa":"A\u00c7\u00c3O LEGISTIVA","acao":"MANUTEN\u00c7\u00c3O DAS ATIVIDADES LEGISLATIVAS","ident_acao":"Atividade","cat_econ":"Despesa Corrente","natureza_despesa":"Outras Despesas Correntes","modalidade_despesa":"Aplica\u00e7\u00f5es Diretas","elemento_despesa":"Di\u00e1rias \u2013 Civil","sub_elem_desp":"SEM SUBELEMENTO","fonte_recurso":"Recursos do Exerc\u00edcio Corrente \/ Recursos n\u00e3o Vinculados de Impostos \/ -"},{"ano_emissao_emp":"2023","n_emp":"0000366","data_emissao":"21\/11\/2023","valor":"700,00","tipo_empenho":"Ordin\u00e1rio","hist_emp":"VALOR QUE SE EMPENHA, CORRESPONDE A PRESTA\u00c7\u00c3O DE SERVI\u00c7OS DE CONCERTO E INSTALA\u00c7\u00c3O DE PLACAS ELETR\u00d4NICAS EM UNIDADE CONDENSADORA E EVAPORADORA EM AR CONDICIONADO DESTA C\u00c2MARA MUNICIPAL DE VEREADORES.","fornecedor":"ALBERTO JORGE DA SILVA 07502859403","denom_uni_orc":"CORPO DELIBERATIVO E SECRETARIA","funcao":"Legislativa","sub_funcao":"A\u00e7\u00e3o Legislativa","programa":"A\u00c7\u00c3O LEGISTIVA","acao":"MANUTEN\u00c7\u00c3O DAS ATIVIDADES ADMINISTRATIVAS","ident_acao":"Atividade","cat_econ":"Despesa Corrente","natureza_despesa":"Outras Despesas Correntes","modalidade_despesa":"Aplica\u00e7\u00f5es Diretas","elemento_despesa":"Outros Servi\u00e7os de Terceiros - Pessoa Jur\u00eddica","sub_elem_desp":"SEM SUBELEMENTO","fonte_recurso":"Recursos do Exerc\u00edcio Corrente \/ Recursos n\u00e3o Vinculados de Impostos \/ -"},{"ano_emissao_emp":"2023","n_emp":"0000367","data_emissao":"22\/11\/2023","valor":"302,00","tipo_empenho":"Ordin\u00e1rio","hist_emp":"VALOR QUE SE EMPENHA, CORRESPONDE AOS SERVI\u00c7OS DE MANUTEN\u00c7\u00c3O DE COMPUTADORES PARA ESTA CASA LEGISLATIVA.","fornecedor":"JESSE MARQUES GENUINO 07480244410","denom_uni_orc":"CORPO DELIBERATIVO E SECRETARIA","funcao":"Legislativa","sub_funcao":"A\u00e7\u00e3o Legislativa","programa":"A\u00c7\u00c3O LEGISTIVA","acao":"MANUTEN\u00c7\u00c3O DAS ATIVIDADES ADMINISTRATIVAS","ident_acao":"Atividade","cat_econ":"Despesa Corrente","natureza_despesa":"Outras Despesas Correntes","modalidade_despesa":"Aplica\u00e7\u00f5es Diretas","elemento_despesa":"Outros Servi\u00e7os de Terceiros - Pessoa Jur\u00eddica","sub_elem_desp":"SEM SUBELEMENTO","fonte_recurso":"Recursos do Exerc\u00edcio Corrente \/ Recursos n\u00e3o Vinculados de Impostos \/ -"},{"ano_emissao_emp":"2023","n_emp":"0000368","data_emissao":"27\/11\/2023","valor":"180,00","tipo_empenho":"Ordin\u00e1rio","hist_emp":"VALOR QUE SE EMPENHA, CORRESPONDE AO ABASTECIMENTO DE \u00c1GUA POR CARRO PIPA PARA O PR\u00c9DIO DA C\u00c2MARA MUNICIPAL DE VEREADORES DE TAQUARITINGA DO NORTE-PE, EM NOVEMBRO DE 2023.","fornecedor":"M\u00c1RCIO ANDR\u00c9 MANOEL DA SILVA","denom_uni_orc":"CORPO DELIBERATIVO E SECRETARIA","funcao":"Legislativa","sub_funcao":"A\u00e7\u00e3o Legislativa","programa":"A\u00c7\u00c3O LEGISTIVA","acao":"MANUTEN\u00c7\u00c3O DAS ATIVIDADES ADMINISTRATIVAS","ident_acao":"Atividade","cat_econ":"Despesa Corrente","natureza_despesa":"Outras Despesas Correntes","modalidade_despesa":"Aplica\u00e7\u00f5es Diretas","elemento_despesa":"Outros Servi\u00e7os de Terceiros - Pessoa F\u00edsica","sub_elem_desp":"SEM SUBELEMENTO","fonte_recurso":"Recursos do Exerc\u00edcio Corrente \/ Recursos n\u00e3o Vinculados de Impostos \/ -"},{"ano_emissao_emp":"2023","n_emp":"0000369","data_emissao":"28\/11\/2023","valor":"1.000,00","tipo_empenho":"Ordin\u00e1rio","hist_emp":"VALOR QUE SE EMPENHA, CORRESPONDE A SOLICITA\u00c7\u00c3O DE UMA DI\u00c1RIA PELO VEREADOR\/PRESIDENTE AMILTON C\u00cdCERO DA SILVA, COM DESTINO \u00c0 CIDADE DO RECIFE-PE, EM VISITA \u00c0 ASSEMBL\u00c9IA LEGISLATIVA DO ESTADO DE PERNAMBUCO, PARA TRATAR DE ASSUNTOS REFERENTES AO MUNIC\u00cdPIO DE TAQUARITINGA DO NORTE-PE.","fornecedor":"Amilton C\u00edcero da Silva","denom_uni_orc":"CORPO DELIBERATIVO E SECRETARIA","funcao":"Legislativa","sub_funcao":"A\u00e7\u00e3o Legislativa","programa":"A\u00c7\u00c3O LEGISTIVA","acao":"MANUTEN\u00c7\u00c3O DAS ATIVIDADES LEGISLATIVAS","ident_acao":"Atividade","cat_econ":"Despesa Corrente","natureza_despesa":"Outras Despesas Correntes","modalidade_despesa":"Aplica\u00e7\u00f5es Diretas","elemento_despesa":"Di\u00e1rias \u2013 Civil","sub_elem_desp":"SEM SUBELEMENTO","fonte_recurso":"Recursos do Exerc\u00edcio Corrente \/ Recursos n\u00e3o Vinculados de Impostos \/ -"},{"ano_emissao_emp":"2023","n_emp":"0000370","data_emissao":"30\/11\/2023","valor":"1.000,00","tipo_empenho":"Ordin\u00e1rio","hist_emp":"VALOR QUE SE EMPENHA, CORRESPONDE A SOLICITA\u00c7\u00c3O DE UMA DI\u00c1RIA PELO VEREADOR RONALDO C\u00c9SAR DOS SANTOS SILVA, PARA DESEMPENHO DA FUN\u00c7\u00c3O DE VEREADOR DO MUNIC\u00cdPIO DE TAQUARITINGA DO NORTE-PE, EM ATIVIDADE PARLAMENTAR NA CIDADE DO RECIFE-PE.","fornecedor":"RONALDO C\u00c9SAR DOS SANTOS SILVA","denom_uni_orc":"CORPO DELIBERATIVO E SECRETARIA","funcao":"Legislativa","sub_funcao":"A\u00e7\u00e3o Legislativa","programa":"A\u00c7\u00c3O LEGISTIVA","acao":"MANUTEN\u00c7\u00c3O DAS ATIVIDADES LEGISLATIVAS","ident_acao":"Atividade","cat_econ":"Despesa Corrente","natureza_despesa":"Outras Despesas Correntes","modalidade_despesa":"Aplica\u00e7\u00f5es Diretas","elemento_despesa":"Di\u00e1rias \u2013 Civil","sub_elem_desp":"SEM SUBELEMENTO","fonte_recurso":"Recursos do Exerc\u00edcio Corrente \/ Recursos n\u00e3o Vinculados de Impostos \/ -"},{"ano_emissao_emp":"2023","n_emp":"0000371","data_emissao":"01\/12\/2023","valor":"50,00","tipo_empenho":"Ordin\u00e1rio","hist_emp":"VALOR QUE SE EMPENHA, CORRESPONDE AOS SERVI\u00c7OS DE LAVAGEM \/ HIGIENIZA\u00c7\u00c3O NO VE\u00cdCULO OFICIAL PLACA QYF-2630, DESTA C\u00c2MARA MUNICIPAL DE VEREADORES.","fornecedor":"JOS\u00c9 NEGREIROS DA COSTA","denom_uni_orc":"CORPO DELIBERATIVO E SECRETARIA","funcao":"Legislativa","sub_funcao":"A\u00e7\u00e3o Legislativa","programa":"A\u00c7\u00c3O LEGISTIVA","acao":"MANUTEN\u00c7\u00c3O DAS ATIVIDADES ADMINISTRATIVAS","ident_acao":"Atividade","cat_econ":"Despesa Corrente","natureza_despesa":"Outras Despesas Correntes","modalidade_despesa":"Aplica\u00e7\u00f5es Diretas","elemento_despesa":"Outros Servi\u00e7os de Terceiros - Pessoa F\u00edsica","sub_elem_desp":"SEM SUBELEMENTO","fonte_recurso":"Recursos do Exerc\u00edcio Corrente \/ Recursos n\u00e3o Vinculados de Impostos \/ -"},{"ano_emissao_emp":"2023","n_emp":"0000372","data_emissao":"05\/12\/2023","valor":"500,00","tipo_empenho":"Ordin\u00e1rio","hist_emp":"VALOR QUE SE EMPENHA, CORRESPONDE A SOLICITA\u00c7\u00c3O DE UMA DI\u00c1RIA PELO SERVIDOR RICARDO VALEN\u00c7A MAHON (DIRETOR FINANCEIRO), COM A FINALIDADE DE ACOMPANHAR O VEREADOR\/PRESIDENTE AMILTON C\u00cdCERO DA SILVA, EM VIAGEM \u00c0 CIDADE DO RECIFE-PE, JUNTO \u00c0 ASSEMBL\u00c9IA LEGISLATIVA DO ESTADO DE PERNAMBUCO - ALEPE, PARA TRATAR DE ASSUNTOS RELATIVOS AO MUNIC\u00cdPIO DE TAQUARITINGA DO NORTE-PE.","fornecedor":"RICARDO VALEN\u00c7A MAHON","denom_uni_orc":"CORPO DELIBERATIVO E SECRETARIA","funcao":"Legislativa","sub_funcao":"A\u00e7\u00e3o Legislativa","programa":"A\u00c7\u00c3O LEGISTIVA","acao":"MANUTEN\u00c7\u00c3O DAS ATIVIDADES ADMINISTRATIVAS","ident_acao":"Atividade","cat_econ":"Despesa Corrente","natureza_despesa":"Outras Despesas Correntes","modalidade_despesa":"Aplica\u00e7\u00f5es Diretas","elemento_despesa":"Di\u00e1rias \u2013 Civil","sub_elem_desp":"SEM SUBELEMENTO","fonte_recurso":"Recursos do Exerc\u00edcio Corrente \/ Recursos n\u00e3o Vinculados de Impostos \/ -"},{"ano_emissao_emp":"2023","n_emp":"0000373","data_emissao":"05\/12\/2023","valor":"7.000,00","tipo_empenho":"Ordin\u00e1rio","hist_emp":"VALOR QUE SE EMPENHA, CORRESPONDE A PRESTA\u00c7\u00c3O DE SERVI\u00c7OS ESPECIALIZADOS DE CONSULTORIA E ASSESSORIA JUR\u00cdDICA , NO QUE SE REFERE A IMPLANTA\u00c7\u00c3O DA LEI FEDERAL N\u00b0 14.133\/21, EM ATENDIMENTO AS NECESSIDADES DA C\u00c2MARA MUNICIPAL DE TAQUARITINGA DO NORTE-PE, CONFORME CONTRATO N\u00b0 015\/2023.","fornecedor":"CRISTIANO DANTAS SOCIEDADE INDIVIDUAL DE ADVOCACIA","denom_uni_orc":"CORPO DELIBERATIVO E SECRETARIA","funcao":"Legislativa","sub_funcao":"A\u00e7\u00e3o Legislativa","programa":"A\u00c7\u00c3O LEGISTIVA","acao":"MANUTEN\u00c7\u00c3O DAS ATIVIDADES ADMINISTRATIVAS","ident_acao":"Atividade","cat_econ":"Despesa Corrente","natureza_despesa":"Outras Despesas Correntes","modalidade_despesa":"Aplica\u00e7\u00f5es Diretas","elemento_despesa":"Outros Servi\u00e7os de Terceiros - Pessoa Jur\u00eddica","sub_elem_desp":"SEM SUBELEMENTO","fonte_recurso":"Recursos do Exerc\u00edcio Corrente \/ Recursos n\u00e3o Vinculados de Impostos \/ -"},{"ano_emissao_emp":"2023","n_emp":"0000374","data_emissao":"06\/12\/2023","valor":"1.000,00","tipo_empenho":"Ordin\u00e1rio","hist_emp":"VALOR QUE SE EMPENHA, CORRESPONDE A SOLICITA\u00c7\u00c3O DE UMA DI\u00c1RIA PELO VEREADOR\/PRESIDENTE AMILTON C\u00cdCERO DA SILVA, PARA IR \u00c0 CIDADE DO RECIFE-PE, EM VISITA \u00c0 ASSEMBL\u00c9IA LEGISLATIVA DO ESTADO DE PERNAMBUCO-ALEPE, , PARA TRATAR DE ASSUNTOS RELATIVOS AO MUNIC\u00cdPIO DE TAQUARITINGA DO NORTE-PE.","fornecedor":"Amilton C\u00edcero da Silva","denom_uni_orc":"CORPO DELIBERATIVO E SECRETARIA","funcao":"Legislativa","sub_funcao":"A\u00e7\u00e3o Legislativa","programa":"A\u00c7\u00c3O LEGISTIVA","acao":"MANUTEN\u00c7\u00c3O DAS ATIVIDADES LEGISLATIVAS","ident_acao":"Atividade","cat_econ":"Despesa Corrente","natureza_despesa":"Outras Despesas Correntes","modalidade_despesa":"Aplica\u00e7\u00f5es Diretas","elemento_despesa":"Di\u00e1rias \u2013 Civil","sub_elem_desp":"SEM SUBELEMENTO","fonte_recurso":"Recursos do Exerc\u00edcio Corrente \/ Recursos n\u00e3o Vinculados de Impostos \/ -"},{"ano_emissao_emp":"2023","n_emp":"0000375","data_emissao":"07\/12\/2023","valor":"25.500,00","tipo_empenho":"Estimativo","hist_emp":"VALOR QUE SE EMPENHA, CORRESPONDE AO AUX\u00cdLIO ALIMENTA\u00c7\u00c3O, CONFORME DISP\u00d5E A LEI N\u00b0 2.110\/2022 E CONSEQUENTE RESOLU\u00c7\u00c3O N\u00b002\/2023, PARA OS VEREADORES E SERVIDORES DESTA CASA LEGISLATIVA, NO EXERC\u00cdCIO 2023.","fornecedor":"C\u00c2MARA MUNICIPAL DE VEREADORES","denom_uni_orc":"CORPO DELIBERATIVO E SECRETARIA","funcao":"Legislativa","sub_funcao":"A\u00e7\u00e3o Legislativa","programa":"A\u00c7\u00c3O LEGISTIVA","acao":"MANUTEN\u00c7\u00c3O VERBA INDENIZATORIA","ident_acao":"Atividade","cat_econ":"Despesa Corrente","natureza_despesa":"Outras Despesas Correntes","modalidade_despesa":"Aplica\u00e7\u00f5es Diretas","elemento_despesa":"Indeniza\u00e7\u00f5es e Restitui\u00e7\u00f5es","sub_elem_desp":"SEM SUBELEMENTO","fonte_recurso":"Recursos do Exerc\u00edcio Corrente \/ Recursos n\u00e3o Vinculados de Impostos \/ -"},{"ano_emissao_emp":"2023","n_emp":"0000376","data_emissao":"07\/12\/2023","valor":"50,00","tipo_empenho":"Ordin\u00e1rio","hist_emp":"VALOR QUE SE EMPENHA, CORRESPONDE AOS SERVI\u00c7OS DE LAVAGEM \/ HIGIENIZA\u00c7\u00c3O NO VE\u00cdCULO OFICIAL PLACA QYF-2630, DESTA C\u00c2MARA MUNICIPAL DE VEREADORES.","fornecedor":"JOS\u00c9 NEGREIROS DA COSTA","denom_uni_orc":"CORPO DELIBERATIVO E SECRETARIA","funcao":"Legislativa","sub_funcao":"A\u00e7\u00e3o Legislativa","programa":"A\u00c7\u00c3O LEGISTIVA","acao":"MANUTEN\u00c7\u00c3O DAS ATIVIDADES ADMINISTRATIVAS","ident_acao":"Atividade","cat_econ":"Despesa Corrente","natureza_despesa":"Outras Despesas Correntes","modalidade_despesa":"Aplica\u00e7\u00f5es Diretas","elemento_despesa":"Outros Servi\u00e7os de Terceiros - Pessoa F\u00edsica","sub_elem_desp":"SEM SUBELEMENTO","fonte_recurso":"Recursos do Exerc\u00edcio Corrente \/ Recursos n\u00e3o Vinculados de Impostos \/ -"},{"ano_emissao_emp":"2023","n_emp":"0000377","data_emissao":"11\/12\/2023","valor":"180,00","tipo_empenho":"Ordin\u00e1rio","hist_emp":"VALOR QUE SE EMPENHA, CORRESPONDE AO ABASTECIMENTO DE \u00c1GUA POR CARRO PIPA PARA O PR\u00c9DIO DA C\u00c2MARA MUNICIPAL DE VEREADORES DE TAQUARITINGA DO NORTE-PE, EM DEZEMBRO DE 2023.","fornecedor":"M\u00c1RCIO ANDR\u00c9 MANOEL DA SILVA","denom_uni_orc":"CORPO DELIBERATIVO E SECRETARIA","funcao":"Legislativa","sub_funcao":"A\u00e7\u00e3o Legislativa","programa":"A\u00c7\u00c3O LEGISTIVA","acao":"MANUTEN\u00c7\u00c3O DAS ATIVIDADES ADMINISTRATIVAS","ident_acao":"Atividade","cat_econ":"Despesa Corrente","natureza_despesa":"Outras Despesas Correntes","modalidade_despesa":"Aplica\u00e7\u00f5es Diretas","elemento_despesa":"Outros Servi\u00e7os de Terceiros - Pessoa F\u00edsica","sub_elem_desp":"SEM SUBELEMENTO","fonte_recurso":"Recursos do Exerc\u00edcio Corrente \/ Recursos n\u00e3o Vinculados de Impostos \/ -"},{"ano_emissao_emp":"2023","n_emp":"0000378","data_emissao":"11\/12\/2023","valor":"295,00","tipo_empenho":"Ordin\u00e1rio","hist_emp":"VALOR QUE SE EMPENHA, CORRESPONDE \u00c0 AQUISI\u00c7\u00c3O DE UM VENTILADOR COLUNA, MEGA TURBO, 40CM, NA COR PRETO, 135W, PARA ATENDER AS NECESSIDADES DE USO GERAL NESTA C\u00c2MARA MUNICIPAL DE VEREADORES.","fornecedor":"ART MOVEIS FREI DAMIAO LTDA","denom_uni_orc":"CORPO DELIBERATIVO E SECRETARIA","funcao":"Legislativa","sub_funcao":"A\u00e7\u00e3o Legislativa","programa":"A\u00c7\u00c3O LEGISTIVA","acao":"REEQUIPAMENTO DA UNIDADE","ident_acao":"Projeto","cat_econ":"Despesa de Capital","natureza_despesa":"Investimentos","modalidade_despesa":"Aplica\u00e7\u00f5es Diretas","elemento_despesa":"Equipamentos e Material Permanente","sub_elem_desp":"SEM SUBELEMENTO","fonte_recurso":"Recursos do Exerc\u00edcio Corrente \/ Recursos n\u00e3o Vinculados de Impostos \/ -"},{"ano_emissao_emp":"2023","n_emp":"0000379","data_emissao":"12\/12\/2023","valor":"600,00","tipo_empenho":"Ordin\u00e1rio","hist_emp":"VALOR QUE SE EMPENHA, CORRESPONDE A SOLICITA\u00c7\u00c3O DE UMA DI\u00c1RIA PELO VEREADOR RONALDO C\u00c9SAR DOS SANTOS SILVA, PARA IR \u00c0 CIDADE DE CARUARU-PE, EM VISITA AO CERTAM - CENTRO REGIONAL DE TREINAMENTO EM ADMINISTRA\u00c7\u00c3O MUNICIPAL, PARA ORIENTA\u00c7\u00c3O PR\u00c9VIA DA FOLHA DE PAGAMENTO, MEDIANTE A LEI MUNICIPAL N\u00b0 2.158\/2023.","fornecedor":"RONALDO C\u00c9SAR DOS SANTOS SILVA","denom_uni_orc":"CORPO DELIBERATIVO E SECRETARIA","funcao":"Legislativa","sub_funcao":"A\u00e7\u00e3o Legislativa","programa":"A\u00c7\u00c3O LEGISTIVA","acao":"MANUTEN\u00c7\u00c3O DAS ATIVIDADES LEGISLATIVAS","ident_acao":"Atividade","cat_econ":"Despesa Corrente","natureza_despesa":"Outras Despesas Correntes","modalidade_despesa":"Aplica\u00e7\u00f5es Diretas","elemento_despesa":"Di\u00e1rias \u2013 Civil","sub_elem_desp":"SEM SUBELEMENTO","fonte_recurso":"Recursos do Exerc\u00edcio Corrente \/ Recursos n\u00e3o Vinculados de Impostos \/ -"},{"ano_emissao_emp":"2023","n_emp":"0000380","data_emissao":"12\/12\/2023","valor":"600,00","tipo_empenho":"Ordin\u00e1rio","hist_emp":"VALOR QUE SE EMPENHA, CORRESPONDE A SOLICITA\u00c7\u00c3O DE UMA DI\u00c1RIA PELO VEREADOR\/PRESIDENTE AMILTON C\u00cdCERO DA SILVA, PARA IR \u00c0 CIDADE DE CARUARU-PE, EM VISITA AO CERTAM - CENTRO REGIONAL DE TREINAMENTO EM ADMINISTRA\u00c7\u00c3O MUNICIPAL, PARA ORIENTA\u00c7\u00c3O PR\u00c9VIA DA FOLHA DE PAGAMENTO, MEDIANTE A LEI MUNICIPAL N\u00b0 2.158\/2023.","fornecedor":"Amilton C\u00edcero da Silva","denom_uni_orc":"CORPO DELIBERATIVO E SECRETARIA","funcao":"Legislativa","sub_funcao":"A\u00e7\u00e3o Legislativa","programa":"A\u00c7\u00c3O LEGISTIVA","acao":"MANUTEN\u00c7\u00c3O DAS ATIVIDADES LEGISLATIVAS","ident_acao":"Atividade","cat_econ":"Despesa Corrente","natureza_despesa":"Outras Despesas Correntes","modalidade_despesa":"Aplica\u00e7\u00f5es Diretas","elemento_despesa":"Di\u00e1rias \u2013 Civil","sub_elem_desp":"SEM SUBELEMENTO","fonte_recurso":"Recursos do Exerc\u00edcio Corrente \/ Recursos n\u00e3o Vinculados de Impostos \/ -"},{"ano_emissao_emp":"2023","n_emp":"0000381","data_emissao":"15\/12\/2023","valor":"50,00","tipo_empenho":"Ordin\u00e1rio","hist_emp":"VALOR QUE SE EMPENHA, CORRESPONDE AOS SERVI\u00c7OS DE LAVAGEM \/ HIGIENIZA\u00c7\u00c3O NO VE\u00cdCULO OFICIAL PLACA QYF-2630, DESTA C\u00c2MARA MUNICIPAL DE VEREADORES.","fornecedor":"JOS\u00c9 NEGREIROS DA COSTA","denom_uni_orc":"CORPO DELIBERATIVO E SECRETARIA","funcao":"Legislativa","sub_funcao":"A\u00e7\u00e3o Legislativa","programa":"A\u00c7\u00c3O LEGISTIVA","acao":"MANUTEN\u00c7\u00c3O DAS ATIVIDADES ADMINISTRATIVAS","ident_acao":"Atividade","cat_econ":"Despesa Corrente","natureza_despesa":"Outras Despesas Correntes","modalidade_despesa":"Aplica\u00e7\u00f5es Diretas","elemento_despesa":"Outros Servi\u00e7os de Terceiros - Pessoa F\u00edsica","sub_elem_desp":"SEM SUBELEMENTO","fonte_recurso":"Recursos do Exerc\u00edcio Corrente \/ Recursos n\u00e3o Vinculados de Impostos \/ -"},{"ano_emissao_emp":"2023","n_emp":"0000382","data_emissao":"18\/12\/2023","valor":"300,00","tipo_empenho":"Ordin\u00e1rio","hist_emp":"VALOR QUE SE EMPENHA, CORRESPONDE A SOLICITA\u00c7\u00c3O DE UMA DI\u00c1RIA PELA SERVIDORA GIRLAINE COELHO DE CASTRO LEONEL (DIRETORA GERAL), PARA IR \u00c0 CIDADE DE CARUARU-PE, EM VISITA AO CERTAM - CENTRO REGIONAL DE TREINAMENTO EM ADMINISTRA\u00c7\u00c3O MUNICIPAL, PARA FECHAMENTO DA FOLHA DE PAGAMENTO, RELATIVO AOS SERVIDORES DESTA CASA LEGISLATIVA, MEDIANTE A LEI MUNICIPAL N\u00b0 2.158\/2023.","fornecedor":"GIRLAINE COELHO DE CASTRO LEONEL","denom_uni_orc":"CORPO DELIBERATIVO E SECRETARIA","funcao":"Legislativa","sub_funcao":"A\u00e7\u00e3o Legislativa","programa":"A\u00c7\u00c3O LEGISTIVA","acao":"MANUTEN\u00c7\u00c3O DAS ATIVIDADES ADMINISTRATIVAS","ident_acao":"Atividade","cat_econ":"Despesa Corrente","natureza_despesa":"Outras Despesas Correntes","modalidade_despesa":"Aplica\u00e7\u00f5es Diretas","elemento_despesa":"Di\u00e1rias \u2013 Civil","sub_elem_desp":"SEM SUBELEMENTO","fonte_recurso":"Recursos do Exerc\u00edcio Corrente \/ Recursos n\u00e3o Vinculados de Impostos \/ -"},{"ano_emissao_emp":"2023","n_emp":"0000383","data_emissao":"18\/12\/2023","valor":"500,00","tipo_empenho":"Ordin\u00e1rio","hist_emp":"VALOR QUE SE EMPENHA, CORRESPONDE A SOLICITA\u00c7\u00c3O DE UMA DI\u00c1RIA PELO SERVIDOR JOS\u00c9 DI\u00caGO BEZERRA DE LIMA (CHEFE DE GABINETE DA PRESID\u00caNCIA), PARA IR \u00c0 CIDADE DO RECIFE-PE, \u00c0 SERVI\u00c7O DA C\u00c2MARA MUNICIPAL DE VEREADORES DE TAQUARITINGA DO NORTE-PE, PARA TRATAR DE ASSUNTOS DE INTERESSE DESTE PODER LEGISLATIVO.","fornecedor":"JOS\u00c9 DI\u00caGO BEZERRA DE LIMA","denom_uni_orc":"CORPO DELIBERATIVO E SECRETARIA","funcao":"Legislativa","sub_funcao":"A\u00e7\u00e3o Legislativa","programa":"A\u00c7\u00c3O LEGISTIVA","acao":"MANUTEN\u00c7\u00c3O DAS ATIVIDADES ADMINISTRATIVAS","ident_acao":"Atividade","cat_econ":"Despesa Corrente","natureza_despesa":"Outras Despesas Correntes","modalidade_despesa":"Aplica\u00e7\u00f5es Diretas","elemento_despesa":"Di\u00e1rias \u2013 Civil","sub_elem_desp":"SEM SUBELEMENTO","fonte_recurso":"Recursos do Exerc\u00edcio Corrente \/ Recursos n\u00e3o Vinculados de Impostos \/ -"},{"ano_emissao_emp":"2023","n_emp":"0000384","data_emissao":"18\/12\/2023","valor":"500,00","tipo_empenho":"Ordin\u00e1rio","hist_emp":"VALOR QUE SE EMPENHA, CORRESPONDE A SOLICITA\u00c7\u00c3O DE UMA DI\u00c1RIA PELO SERVIDOR EDUARDO SILVA SANTOS (ASSISTENTE LEGISLATIVO), PARA IR \u00c0 CIDADE DO RECIFE-PE, \u00c0 SERVI\u00c7O DA C\u00c2MARA MUNICIPAL DE VEREADORES DE TAQUARITINGA DO NORTE-PE, PARA TRATAR DE ASSUNTOS DE INTERESSE DESTE PODER LEGISLATIVO.","fornecedor":"EDUARDO SILVA SANTOS","denom_uni_orc":"CORPO DELIBERATIVO E SECRETARIA","funcao":"Legislativa","sub_funcao":"A\u00e7\u00e3o Legislativa","programa":"A\u00c7\u00c3O LEGISTIVA","acao":"MANUTEN\u00c7\u00c3O DAS ATIVIDADES ADMINISTRATIVAS","ident_acao":"Atividade","cat_econ":"Despesa Corrente","natureza_despesa":"Outras Despesas Correntes","modalidade_despesa":"Aplica\u00e7\u00f5es Diretas","elemento_despesa":"Di\u00e1rias \u2013 Civil","sub_elem_desp":"SEM SUBELEMENTO","fonte_recurso":"Recursos do Exerc\u00edcio Corrente \/ Recursos n\u00e3o Vinculados de Impostos \/ -"},{"ano_emissao_emp":"2023","n_emp":"0000385","data_emissao":"19\/12\/2023","valor":"31.100,00","tipo_empenho":"Ordin\u00e1rio","hist_emp":"VALOR QUE SE EMPENHA, REFERE-SE A FOLHA DE PAGAMENTO DOS SERVIDORES COMISSIONADOS DESTA CASA LEGISLATIVA, COMPET\u00caNCIA DEZEMBRO DE 2023.","fornecedor":"FOLHA","denom_uni_orc":"CORPO DELIBERATIVO E SECRETARIA","funcao":"Legislativa","sub_funcao":"A\u00e7\u00e3o Legislativa","programa":"A\u00c7\u00c3O LEGISTIVA","acao":"MANUTEN\u00c7\u00c3O DAS ATIVIDADES ADMINISTRATIVAS","ident_acao":"Atividade","cat_econ":"Despesa Corrente","natureza_despesa":"Pessoal e Encargos Sociais","modalidade_despesa":"Aplica\u00e7\u00f5es Diretas","elemento_despesa":"Vencimentos e Vantagens Fixas - Pessoal Civil","sub_elem_desp":"SEM SUBELEMENTO","fonte_recurso":"Recursos do Exerc\u00edcio Corrente \/ Recursos n\u00e3o Vinculados de Impostos \/ -"},{"ano_emissao_emp":"2023","n_emp":"0000386","data_emissao":"20\/12\/2023","valor":"500,00","tipo_empenho":"Ordin\u00e1rio","hist_emp":"VALOR QUE SE EMPENHA, CORRESPONDE A SOLICITA\u00c7\u00c3O DE UMA DI\u00c1RIA PARCIAL PELO VEREADOR JOS\u00c9 ERALDO PEREIRA DOS SANTOS, PARA IR \u00c0 ASSEMBL\u00c9IA LEGISLATIVA DO ESTADO DE PERNAMBUCO - ALEPE, SITUADA NA CIDADE DO RECIFE-PE, TRATAR DE ASSUNTOS RELATIVOS AO MUNIC\u00cdPIO DE TAQUARITINGA DO NORTE-PE.","fornecedor":"JOS\u00c9 ERALDO PEREIRA DOS SANTOS","denom_uni_orc":"CORPO DELIBERATIVO E SECRETARIA","funcao":"Legislativa","sub_funcao":"A\u00e7\u00e3o Legislativa","programa":"A\u00c7\u00c3O LEGISTIVA","acao":"MANUTEN\u00c7\u00c3O DAS ATIVIDADES LEGISLATIVAS","ident_acao":"Atividade","cat_econ":"Despesa Corrente","natureza_despesa":"Outras Despesas Correntes","modalidade_despesa":"Aplica\u00e7\u00f5es Diretas","elemento_despesa":"Di\u00e1rias \u2013 Civil","sub_elem_desp":"SEM SUBELEMENTO","fonte_recurso":"Recursos do Exerc\u00edcio Corrente \/ Recursos n\u00e3o Vinculados de Impostos \/ -"},{"ano_emissao_emp":"2023","n_emp":"0000387","data_emissao":"20\/12\/2023","valor":"60,00","tipo_empenho":"Estimativo","hist_emp":"VALOR QUE SE EMPENHA, CORRESPONDE AO PAGAMENTO DE TARIFAS BANC\u00c1RIAS REFERENTE AO M\u00caS DE DEZEMBRO DE 2023.","fornecedor":"Banco do Brasil","denom_uni_orc":"CORPO DELIBERATIVO E SECRETARIA","funcao":"Legislativa","sub_funcao":"A\u00e7\u00e3o Legislativa","programa":"A\u00c7\u00c3O LEGISTIVA","acao":"MANUTEN\u00c7\u00c3O DAS ATIVIDADES ADMINISTRATIVAS","ident_acao":"Atividade","cat_econ":"Despesa Corrente","natureza_despesa":"Outras Despesas Correntes","modalidade_despesa":"Aplica\u00e7\u00f5es Diretas","elemento_despesa":"Outros Servi\u00e7os de Terceiros - Pessoa Jur\u00eddica","sub_elem_desp":"SEM SUBELEMENTO","fonte_recurso":"Recursos do Exerc\u00edcio Corrente \/ Recursos n\u00e3o Vinculados de Impostos \/ -"},{"ano_emissao_emp":"2023","n_emp":"0000388","data_emissao":"21\/12\/2023","valor":"10.000,00","tipo_empenho":"Ordin\u00e1rio","hist_emp":"VALOR QUE SE EMPENHA, CORRESPONDE A PRESTA\u00c7\u00c3O DE SERVI\u00c7O PARA REVIS\u00c3O DA LEI ORG\u00c2NICA DO MUNIC\u00cdPIO DE TAQUARITINGA DO NORTE-PE.","fornecedor":"AURELIO HENRIQUE DE ALMEIDA MIRANDA SOCIEDADE INDIVIDUAL DE ADVOCACIA","denom_uni_orc":"CORPO DELIBERATIVO E SECRETARIA","funcao":"Legislativa","sub_funcao":"A\u00e7\u00e3o Legislativa","programa":"A\u00c7\u00c3O LEGISTIVA","acao":"MANUTEN\u00c7\u00c3O DAS ATIVIDADES ADMINISTRATIVAS","ident_acao":"Atividade","cat_econ":"Despesa Corrente","natureza_despesa":"Outras Despesas Correntes","modalidade_despesa":"Aplica\u00e7\u00f5es Diretas","elemento_despesa":"Outros Servi\u00e7os de Terceiros - Pessoa Jur\u00eddica","sub_elem_desp":"SEM SUBELEMENTO","fonte_recurso":"Recursos do Exerc\u00edcio Corrente \/ Recursos n\u00e3o Vinculados de Impostos \/ -"},{"ano_emissao_emp":"2023","n_emp":"0000389","data_emissao":"22\/12\/2023","valor":"50,00","tipo_empenho":"Ordin\u00e1rio","hist_emp":"VALOR QUE SE EMPENHA, CORRESPONDE AOS SERVI\u00c7OS DE LAVAGEM \/ HIGIENIZA\u00c7\u00c3O NO VE\u00cdCULO OFICIAL PLACA QYF-2630, DESTA C\u00c2MARA MUNICIPAL DE VEREADORES.","fornecedor":"JOS\u00c9 NEGREIROS DA COSTA","denom_uni_orc":"CORPO DELIBERATIVO E SECRETARIA","funcao":"Legislativa","sub_funcao":"A\u00e7\u00e3o Legislativa","programa":"A\u00c7\u00c3O LEGISTIVA","acao":"MANUTEN\u00c7\u00c3O DAS ATIVIDADES ADMINISTRATIVAS","ident_acao":"Atividade","cat_econ":"Despesa Corrente","natureza_despesa":"Outras Despesas Correntes","modalidade_despesa":"Aplica\u00e7\u00f5es Diretas","elemento_despesa":"Outros Servi\u00e7os de Terceiros - Pessoa F\u00edsica","sub_elem_desp":"SEM SUBELEMENTO","fonte_recurso":"Recursos do Exerc\u00edcio Corrente \/ Recursos n\u00e3o Vinculados de Impostos \/ -"},{"ano_emissao_emp":"2023","n_emp":"0000390","data_emissao":"22\/12\/2023","valor":"721,94","tipo_empenho":"Ordin\u00e1rio","hist_emp":"VALOR QUE SE EMPENHA, CORRESPONDE AO FORNECIMENTO DE ENERGIA EL\u00c9TRICA PARA ESTA C\u00c2MARA MUNICIPAL DE VEREADORES DE TAQUARITINGA DO NORTE-PE, REFERENTE AO M\u00caS DE DEZEMBRO DE 2023.","fornecedor":"COMPANHIA ENERGETICA DE PERNAMBUCO","denom_uni_orc":"CORPO DELIBERATIVO E SECRETARIA","funcao":"Legislativa","sub_funcao":"A\u00e7\u00e3o Legislativa","programa":"A\u00c7\u00c3O LEGISTIVA","acao":"MANUTEN\u00c7\u00c3O DAS ATIVIDADES ADMINISTRATIVAS","ident_acao":"Atividade","cat_econ":"Despesa Corrente","natureza_despesa":"Outras Despesas Correntes","modalidade_despesa":"Aplica\u00e7\u00f5es Diretas","elemento_despesa":"Outros Servi\u00e7os de Terceiros - Pessoa Jur\u00eddica","sub_elem_desp":"SEM SUBELEMENTO","fonte_recurso":"Recursos do Exerc\u00edcio Corrente \/ Recursos n\u00e3o Vinculados de Impostos \/ -"},{"ano_emissao_emp":"2023","n_emp":"0000391","data_emissao":"27\/12\/2023","valor":"50,00","tipo_empenho":"Ordin\u00e1rio","hist_emp":"VALOR QUE SE EMPENHA, CORRESPONDE AOS SERVI\u00c7OS DE LAVAGEM \/ HIGIENIZA\u00c7\u00c3O NO VE\u00cdCULO OFICIAL PLACA QYF-2630, DESTA C\u00c2MARA MUNICIPAL DE VEREADORES.","fornecedor":"JOS\u00c9 NEGREIROS DA COSTA","denom_uni_orc":"CORPO DELIBERATIVO E SECRETARIA","funcao":"Legislativa","sub_funcao":"A\u00e7\u00e3o Legislativa","programa":"A\u00c7\u00c3O LEGISTIVA","acao":"MANUTEN\u00c7\u00c3O DAS ATIVIDADES ADMINISTRATIVAS","ident_acao":"Atividade","cat_econ":"Despesa Corrente","natureza_despesa":"Outras Despesas Correntes","modalidade_despesa":"Aplica\u00e7\u00f5es Diretas","elemento_despesa":"Outros Servi\u00e7os de Terceiros - Pessoa F\u00edsica","sub_elem_desp":"SEM SUBELEMENTO","fonte_recurso":"Recursos do Exerc\u00edcio Corrente \/ Recursos n\u00e3o Vinculados de Impostos \/ -"},{"ano_emissao_emp":"2023","n_emp":"0000392","data_emissao":"27\/12\/2023","valor":"1.000,00","tipo_empenho":"Ordin\u00e1rio","hist_emp":"VALOR QUE SE EMPENHA, CORRESPONDE A SOLICITA\u00c7\u00c3O DE UMA DI\u00c1RIA PELO VEREADOR JO\u00c3O EUG\u00caNIO LEANDRO COSTA, PARA IR \u00c0 ASSEMBL\u00c9IA LEGISLATIVA DO ESTADO DE PERNAMBUCO \u2013 ALEPE, SITUADA NA CIDADE DO RECIFE-PE, COM A FINALIDADE DE TRATAR DE ASSUNTOS RELATIVOS AO MUNIC\u00cdPIO DE TAQUARITINGA DO NORTE-PE.","fornecedor":"JO\u00c3O EUG\u00caNIO LEANDRO COSTA","denom_uni_orc":"CORPO DELIBERATIVO E SECRETARIA","funcao":"Legislativa","sub_funcao":"A\u00e7\u00e3o Legislativa","programa":"A\u00c7\u00c3O LEGISTIVA","acao":"MANUTEN\u00c7\u00c3O DAS ATIVIDADES LEGISLATIVAS","ident_acao":"Atividade","cat_econ":"Despesa Corrente","natureza_despesa":"Outras Despesas Correntes","modalidade_despesa":"Aplica\u00e7\u00f5es Diretas","elemento_despesa":"Di\u00e1rias \u2013 Civil","sub_elem_desp":"SEM SUBELEMENTO","fonte_recurso":"Recursos do Exerc\u00edcio Corrente \/ Recursos n\u00e3o Vinculados de Impostos \/ -"},{"ano_emissao_emp":"2023","n_emp":"0000393","data_emissao":"27\/12\/2023","valor":"5.000,00","tipo_empenho":"Ordin\u00e1rio","hist_emp":"VALOR QUE SE EMPENHA, CORRESPONDE A CONTRATA\u00c7\u00c3O DE SOCIEDADE EMPRES\u00c1RIA ESPECIALIZADA, PARA PRESTA\u00c7\u00c3O DE SERVI\u00c7O DE FISCALIZA\u00c7\u00c3O DA EXECU\u00c7\u00c3O DAS OBRAS DA C\u00c2MARA MUNICIPAL DE TAQUARITINGA DO NORTE-PE, REFERENTE PROCESSO ADMINISTRATIVO N\u00b0 004\/2023, COMPREENDENDO APOIO E ASSESSORIA \u00c0S ATIVIDADES DE COMPET\u00caNCIA DESTA C\u00c2MARA MUNICIPAL, RELATIVOS \u00c0 AN\u00c1LISE, REVIS\u00c3O E ADEQUA\u00c7\u00c3O DE PROJETOS DE ENGENHARIA, FISCALIZA\u00c7\u00c3O E ACOMPANHAMENTO T\u00c9CNICO DE OBRAS, CONFORME CONTRATO ADMINISTRATIVO N\u00b0 016\/2023, TOMADA DE PRE\u00c7O","fornecedor":"JUSTO & BRANCO ENGENHARIA CONSULTIVA LTDA","denom_uni_orc":"CORPO DELIBERATIVO E SECRETARIA","funcao":"Legislativa","sub_funcao":"A\u00e7\u00e3o Legislativa","programa":"A\u00c7\u00c3O LEGISTIVA","acao":"MANUTEN\u00c7\u00c3O DAS ATIVIDADES ADMINISTRATIVAS","ident_acao":"Atividade","cat_econ":"Despesa Corrente","natureza_despesa":"Outras Despesas Correntes","modalidade_despesa":"Aplica\u00e7\u00f5es Diretas","elemento_despesa":"Outros Servi\u00e7os de Terceiros - Pessoa Jur\u00eddica","sub_elem_desp":"SEM SUBELEMENTO","fonte_recurso":"Recursos do Exerc\u00edcio Corrente \/ Recursos n\u00e3o Vinculados de Impostos \/ -"},{"ano_emissao_emp":"2023","n_emp":"0001193","data_emissao":"03\/04\/2023","valor":"200,00","tipo_empenho":"Ordin\u00e1rio","hist_emp":"VALOR QUE SE EMPENHA REFERENTE A CONCESS\u00c3O DE 02 (DUAS) DI\u00c1RIAS AO SERVIDOR WANDERSON LAIO FERREIRA DE OLIVEIRA, ASSESSOR ESPECIAL, LOTADO NESTE GABINETE, COM DESTINO AS CIDADES DE CARUARU E SURUBIM, JUNTO A FORNECEDORES PARA TRATAR DE ASSUNTOS DE INTERESSE DESTE MUNIC\u00cdPIO, NOS DIAS 04 E 05\/04\/2023 RESPECTIVAMENTE, COM VALOR DE R$ 200,00, N\u00cdVEIL I, CONF. LEI. 016\/2009. CONFORME SOLICITADO NO OF\u00cdCIO DE N\u00ba 071\/2023 - SEGAB EM ANEXO.","fornecedor":null,"denom_uni_orc":null,"funcao":"Administra\u00e7\u00e3o","sub_funcao":"Administra\u00e7\u00e3o Geral","programa":"SUPERVIS\u00c3O E COORDENA\u00c7\u00c3O SUPERIOR","acao":null,"ident_acao":"Atividade","cat_econ":"Despesa Corrente","natureza_despesa":"Outras Despesas Correntes","modalidade_despesa":"Aplica\u00e7\u00f5es Diretas","elemento_despesa":"Di\u00e1rias \u2013 Civil","sub_elem_desp":"SEM SUBELEMENTO","fonte_recurso":"Recursos do Exerc\u00edcio Corrente \/ Recursos n\u00e3o Vinculados de Impostos \/ -"},{"ano_emissao_emp":"2023","n_emp":"0001194","data_emissao":"03\/04\/2023","valor":"2.200,00","tipo_empenho":"Ordin\u00e1rio","hist_emp":"VALOR QUE SE EMPENHA REFERENTE A AQUISI\u00c7\u00c3O DE CAF\u00c9 ECOL\u00d3GICO TRADICIONAL TORRADO E MO\u00cdDO 250G, PRODUZIDO DE FORMA ECOL\u00d3GICA, SEM COMPOSTOS QU\u00cdMICOS, DESTINADOS A MANUTEN\u00c7\u00c3O DOS SERVI\u00c7OS DAS SECRETARIAS DESTA ADMINISTRA\u00c7\u00c3O, CONFORME CONTRATO DE PRESTA\u00c7\u00c3O DE SERVI\u00c7OS. NOTA FISCAL DE N\u00ba 126 ANEXA.","fornecedor":null,"denom_uni_orc":null,"funcao":"Administra\u00e7\u00e3o","sub_funcao":"Administra\u00e7\u00e3o Geral","programa":"ADMINISTRA\u00c7\u00c3O GERAL","acao":null,"ident_acao":"Atividade","cat_econ":"Despesa Corrente","natureza_despesa":"Outras Despesas Correntes","modalidade_despesa":"Aplica\u00e7\u00f5es Diretas","elemento_despesa":"Material de Consumo","sub_elem_desp":"SEM SUBELEMENTO","fonte_recurso":"Recursos do Exerc\u00edcio Corrente \/ Recursos n\u00e3o Vinculados de Impostos \/ -"},{"ano_emissao_emp":"2023","n_emp":"0001195","data_emissao":"03\/04\/2023","valor":"2.250,00","tipo_empenho":"Ordin\u00e1rio","hist_emp":"VALOR QUE SE EMPENHA REFERENTE A PRESTA\u00c7\u00c3O DE SERVI\u00c7OS NO ABASTECIMENTO DE CAIXAS D'AGUAS P\u00daBLICAS, COM CARRO PIPA DE PLACA KFK-2179, NA COMUNIDADE DE VILA DO SOCORRO, NESTE MUNIC\u00cdPIO (TOTAL DE 15 CARRADAS A R$ 150,00) CONFORME SOLICITADO NO OF\u00cdCIO N\u00ba 009\/2023 - VILA DO SOCORRO E DESCRITO EM NOTA FISCAL DE N\u00ba 680 ANEXA.","fornecedor":null,"denom_uni_orc":null,"funcao":"Administra\u00e7\u00e3o","sub_funcao":"Administra\u00e7\u00e3o Geral","programa":"SUPERVIS\u00c3O E COORDENA\u00c7\u00c3O SUPERIOR","acao":null,"ident_acao":"Atividade","cat_econ":"Despesa Corrente","natureza_despesa":"Outras Despesas Correntes","modalidade_despesa":"Aplica\u00e7\u00f5es Diretas","elemento_despesa":"Outros Servi\u00e7os de Terceiros - Pessoa Jur\u00eddica","sub_elem_desp":"SEM SUBELEMENTO","fonte_recurso":"Recursos do Exerc\u00edcio Corrente \/ Recursos n\u00e3o Vinculados de Impostos \/ -"},{"ano_emissao_emp":"2023","n_emp":"0001196","data_emissao":"03\/04\/2023","valor":"200,00","tipo_empenho":"Ordin\u00e1rio","hist_emp":"VALOR QUE SE EMPENHA REFERENTE A CONCESS\u00c3O DE 01 (UMA) DI\u00c1RIA AO SERVIDOR RONALDO VEIGA DE OLIVEIRA, SECRET\u00c1RIO DA CHEFIA DE GABINETE, LOTADO NO GABINETE, COM DESTINO A CIDADE DE CARUARU, PARA PARTICIPAR DA ASSEMBL\u00c9IA ORDIN\u00c1RIA NO CONIAPE NO DIA 04\/04\/2023 COM VALOR DE R$ 200,00, CONFORME SOLICITADO NO OFICIO DE N\u00ba 070\/2023 - SEGAB, DATADO DE 03\/04\/2023, N\u00cdVEL I, CONF. LEI. 016\/2009.","fornecedor":"RONALDO VEIGA DE OLIVEIRA","denom_uni_orc":null,"funcao":"Administra\u00e7\u00e3o","sub_funcao":"Administra\u00e7\u00e3o Geral","programa":"SUPERVIS\u00c3O E COORDENA\u00c7\u00c3O SUPERIOR","acao":null,"ident_acao":"Atividade","cat_econ":"Despesa Corrente","natureza_despesa":"Outras Despesas Correntes","modalidade_despesa":"Aplica\u00e7\u00f5es Diretas","elemento_despesa":"Di\u00e1rias \u2013 Civil","sub_elem_desp":"SEM SUBELEMENTO","fonte_recurso":"Recursos do Exerc\u00edcio Corrente \/ Recursos n\u00e3o Vinculados de Impostos \/ -"},{"ano_emissao_emp":"2023","n_emp":"0001197","data_emissao":"03\/04\/2023","valor":"1.482,00","tipo_empenho":"Ordin\u00e1rio","hist_emp":"VALOR QUE SE EMPENHA REFERENTE A PRESTA\u00c7\u00c3O DE SERVI\u00c7OS DE HOSPEDAGENS DE BANDAS QUE SE APRESENTARAM NA TRADICIONAL FESTA DE MAR\u00c7O NO DISTRITO DE P\u00c3O DE A\u00c7\u00daCAR, NESTE MUNIC\u00cdPIO, CONFORME DESCRITO EM NOTA FISCAL DE N\u00ba 2641 EM ANEXO.","fornecedor":"HOTEL ROTA DA MODA LTDA-ME","denom_uni_orc":null,"funcao":"Com\u00e9rcio e Servi\u00e7os","sub_funcao":"Turismo","programa":"PROMO\u00c7\u00c3O DO TURISMO","acao":null,"ident_acao":"Atividade","cat_econ":"Despesa Corrente","natureza_despesa":"Outras Despesas Correntes","modalidade_despesa":"Aplica\u00e7\u00f5es Diretas","elemento_despesa":"Outros Servi\u00e7os de Terceiros - Pessoa Jur\u00eddica","sub_elem_desp":"SEM SUBELEMENTO","fonte_recurso":"Recursos do Exerc\u00edcio Corrente \/ Recursos n\u00e3o Vinculados de Impostos \/ -"},{"ano_emissao_emp":"2023","n_emp":"0001198","data_emissao":"03\/04\/2023","valor":"400,00","tipo_empenho":"Ordin\u00e1rio","hist_emp":"VALOR QUE SE EMPENHA REFERENTE A CONCESS\u00c3O DE 01 (UMA) DI\u00c1RIA AO PREFEITO IVANILDO MESTRE BEZERRA, NO CARGO DE PREFEITO, LOTADO NESTE GABINETE, COM DESTINO A CIDADE DE RECIFE, JUNTO AO TRIBUNAL DE CONTAS NO DIA 03\/04\/2023, PARA TRATAR DE ASSUNTOS DE INTERESSE DESTA ADMINISTRA\u00c7\u00c3O, COM VALOR DE R$ 400,00 NIVEL I, CONF. LEI N\u00ba 016\/2009.","fornecedor":null,"denom_uni_orc":null,"funcao":"Administra\u00e7\u00e3o","sub_funcao":"Administra\u00e7\u00e3o Geral","programa":"SUPERVIS\u00c3O E COORDENA\u00c7\u00c3O SUPERIOR","acao":null,"ident_acao":"Atividade","cat_econ":"Despesa Corrente","natureza_despesa":"Outras Despesas Correntes","modalidade_despesa":"Aplica\u00e7\u00f5es Diretas","elemento_despesa":"Di\u00e1rias \u2013 Civil","sub_elem_desp":"SEM SUBELEMENTO","fonte_recurso":"Recursos do Exerc\u00edcio Corrente \/ Recursos n\u00e3o Vinculados de Impostos \/ -"},{"ano_emissao_emp":"2023","n_emp":"0001199","data_emissao":"03\/04\/2023","valor":"90,00","tipo_empenho":"Ordin\u00e1rio","hist_emp":"VALOR QUE SE EMPENHA REFERENTE A CONCESS\u00c3O DE 01 (UMA) DI\u00c1RIA AO SERVIDOR EDUARDO JOS\u00c9 DA SILVA, MOTORISTA, LOTADO NESTE GABINETE, COM DESTINO A CIDADE DO RECIFE, JUNTO AO PREFEITO DO MUNIC\u00cdPIO, NO TRIBUNAL DE CONTAS NO DIA 03\/04\/2023 COM VALOR DE R$ 90,00, N\u00cdVEL I, CONF. LEI. 016\/2009.","fornecedor":"EDUARDO JOS\u00c9 DA SILVA","denom_uni_orc":null,"funcao":"Administra\u00e7\u00e3o","sub_funcao":"Administra\u00e7\u00e3o Geral","programa":"SUPERVIS\u00c3O E COORDENA\u00c7\u00c3O SUPERIOR","acao":null,"ident_acao":"Atividade","cat_econ":"Despesa Corrente","natureza_despesa":"Outras Despesas Correntes","modalidade_despesa":"Aplica\u00e7\u00f5es Diretas","elemento_despesa":"Di\u00e1rias \u2013 Civil","sub_elem_desp":"SEM SUBELEMENTO","fonte_recurso":"Recursos do Exerc\u00edcio Corrente \/ Recursos n\u00e3o Vinculados de Impostos \/ -"},{"ano_emissao_emp":"2023","n_emp":"0001200","data_emissao":"04\/04\/2023","valor":"6.615,00","tipo_empenho":"Ordin\u00e1rio","hist_emp":"VALOR QUE SE EMPENHA REFERENTE A AQUISI\u00c7\u00c3O DE TUBOS DE CONCRETO SIMPLES DE 200 MM X 1,00 M DESTINADOS A MANUTEN\u00c7\u00c3O DOS SERVI\u00c7OS DE OBRAS E URBANISMO DESTA ADMINISTRA\u00c7\u00c3O, CONFORME DESCRITO EM NOTA FISCAL DE N\u00ba 4023 ANEXA, PROCESSO LICITAT\u00d3RIO N\u00ba 047\/2022 PREG\u00c3O ELETR\u00d4NICO N\u00ba 029\/2022.","fornecedor":null,"denom_uni_orc":null,"funcao":"Urbanismo","sub_funcao":"Infra-Estrutura Urbana","programa":"PLANEJAMENTO URBANO","acao":null,"ident_acao":"Atividade","cat_econ":"Despesa Corrente","natureza_despesa":"Outras Despesas Correntes","modalidade_despesa":"Aplica\u00e7\u00f5es Diretas","elemento_despesa":"Material de Consumo","sub_elem_desp":"SEM SUBELEMENTO","fonte_recurso":"Recursos do Exerc\u00edcio Corrente \/ Recursos n\u00e3o Vinculados de Impostos \/ -"},{"ano_emissao_emp":"2023","n_emp":"0001201","data_emissao":"04\/04\/2023","valor":"11.171,20","tipo_empenho":"Ordin\u00e1rio","hist_emp":"VALOR QUE SE EMPENHA REFERENTE A AQUISI\u00c7\u00c3O DE CIMENTO CP II DESTINADOS A MANUTEN\u00c7\u00c3O DOS SERVI\u00c7OS DE OBRAS E URBANISMO DESTA ADMINISTRA\u00c7\u00c3O, CONFORME DESCRITO EM NOTA FISCAL DE N\u00ba 691 EM ANEXO.","fornecedor":"LOJA IDEAL CONSTRU\u00c7\u00c3O LTDA","denom_uni_orc":null,"funcao":"Urbanismo","sub_funcao":"Infra-Estrutura Urbana","programa":"PLANEJAMENTO URBANO","acao":null,"ident_acao":"Atividade","cat_econ":"Despesa Corrente","natureza_despesa":"Outras Despesas Correntes","modalidade_despesa":"Aplica\u00e7\u00f5es Diretas","elemento_despesa":"Material de Consumo","sub_elem_desp":"SEM SUBELEMENTO","fonte_recurso":"Recursos do Exerc\u00edcio Corrente \/ Recursos n\u00e3o Vinculados de Impostos \/ -"},{"ano_emissao_emp":"2023","n_emp":"0001202","data_emissao":"04\/04\/2023","valor":"169,57","tipo_empenho":"Ordin\u00e1rio","hist_emp":"VALOR QUE SE EMPENHA REFERENTE A AQUISI\u00c7\u00c3O DE G\u00caNEROS ALIMENT\u00cdCIOS DIVERSOS DESTINADOS A EQUIPE DA SECRETARIA DE TURISMO DESTA ADMINISTRA\u00c7\u00c3O, CONFORME DESCRITO EM NOTA FISCAL N\u00ba 1662 ANEXA.","fornecedor":null,"denom_uni_orc":null,"funcao":"Com\u00e9rcio e Servi\u00e7os","sub_funcao":"Turismo","programa":"PROMO\u00c7\u00c3O DO TURISMO","acao":null,"ident_acao":"Atividade","cat_econ":"Despesa Corrente","natureza_despesa":"Outras Despesas Correntes","modalidade_despesa":"Aplica\u00e7\u00f5es Diretas","elemento_despesa":"Material de Consumo","sub_elem_desp":"SEM SUBELEMENTO","fonte_recurso":"Recursos do Exerc\u00edcio Corrente \/ Recursos n\u00e3o Vinculados de Impostos \/ -"},{"ano_emissao_emp":"2023","n_emp":"0001203","data_emissao":"04\/04\/2023","valor":"5.178,00","tipo_empenho":"Ordin\u00e1rio","hist_emp":"VALOR QUE SE EMPENHA REFERENTE A AQUISI\u00c7\u00c3O DE MANGOTES ISOLANTES E LUVAS TATEX PIGMENTADA, DESTINADOS A MANUTEN\u00c7\u00c3O DOS SERVI\u00c7OS DESTA ADMINISTRA\u00c7\u00c3O, CONFORME DESCRITO EM NOTA FISCAL DE N\u00ba 7484 ANEXA. COMPRA PARCELADA NO BOLETO EM 1X.","fornecedor":null,"denom_uni_orc":null,"funcao":"Administra\u00e7\u00e3o","sub_funcao":"Administra\u00e7\u00e3o Geral","programa":"ADMINISTRA\u00c7\u00c3O GERAL","acao":null,"ident_acao":"Atividade","cat_econ":"Despesa Corrente","natureza_despesa":"Outras Despesas Correntes","modalidade_despesa":"Aplica\u00e7\u00f5es Diretas","elemento_despesa":"Material de Consumo","sub_elem_desp":"SEM SUBELEMENTO","fonte_recurso":"Recursos do Exerc\u00edcio Corrente \/ Recursos n\u00e3o Vinculados de Impostos \/ -"},{"ano_emissao_emp":"2023","n_emp":"0001204","data_emissao":"04\/04\/2023","valor":"15.000,00","tipo_empenho":"Ordin\u00e1rio","hist_emp":"VALOR QUE SE EMPENHA REFERENTE A PRESTA\u00c7\u00c3O DE SERVI\u00c7OS NA ELABORA\u00c7\u00c3O DA PRESTA\u00c7\u00c3O DE CONTAS GERAL (GOVERNO E GEST\u00c3O) DO PODER EXECUTIVO O EXERC\u00cdCIO DE 2022, CONFORME DESCRITO EM NOTA FISCAL DE N\u00ba 1904 EM ANEXO.","fornecedor":"MWF ASSESSORIA CONTABIL LTDAEPP","denom_uni_orc":null,"funcao":"Administra\u00e7\u00e3o","sub_funcao":"Administra\u00e7\u00e3o Geral","programa":"ADMINISTRA\u00c7\u00c3O GERAL","acao":null,"ident_acao":"Atividade","cat_econ":"Despesa Corrente","natureza_despesa":"Outras Despesas Correntes","modalidade_despesa":"Aplica\u00e7\u00f5es Diretas","elemento_despesa":"Outros Servi\u00e7os de Terceiros - Pessoa Jur\u00eddica","sub_elem_desp":"SEM SUBELEMENTO","fonte_recurso":"Recursos do Exerc\u00edcio Corrente \/ Recursos n\u00e3o Vinculados de Impostos \/ -"},{"ano_emissao_emp":"2023","n_emp":"0001205","data_emissao":"04\/04\/2023","valor":"1.140,00","tipo_empenho":"Ordin\u00e1rio","hist_emp":"VALOR QUE SE EMPENHA REFERENTE A AQUISI\u00c7\u00c3O DE GARRAF\u00d5ES DE \u00c1GUA MINERAL 19,5 LITROS DESTINADOS A ESTA ADMINISTRA\u00c7\u00c3O. CONFORME DESCRITO EM NOTA FISCAL DE N\u00ba 726 ANEXA. PROCESSO LICITAT\u00d3RIO N\u00ba 006\/2022, PREG\u00c3O N\u00ba 006\/2022.","fornecedor":"ERIQUE QUEIROZ DA SILVA","denom_uni_orc":null,"funcao":"Administra\u00e7\u00e3o","sub_funcao":"Administra\u00e7\u00e3o Geral","programa":"ADMINISTRA\u00c7\u00c3O GERAL","acao":null,"ident_acao":"Atividade","cat_econ":"Despesa Corrente","natureza_despesa":"Outras Despesas Correntes","modalidade_despesa":"Aplica\u00e7\u00f5es Diretas","elemento_despesa":"Material de Consumo","sub_elem_desp":"SEM SUBELEMENTO","fonte_recurso":"Recursos do Exerc\u00edcio Corrente \/ Recursos n\u00e3o Vinculados de Impostos \/ -"},{"ano_emissao_emp":"2023","n_emp":"0001206","data_emissao":"04\/04\/2023","valor":"770,00","tipo_empenho":"Ordin\u00e1rio","hist_emp":"VALOR QUE SE EMPENHA REFERENTE A AQUISI\u00c7\u00c3O DE G\u00c1S GLP DESTINADOS A ESTA ADMINISTRA\u00c7\u00c3O. CONFORME DESCRITO EM NOTA FISCAL DE N\u00ba 725 ANEXA. PROCESSO LICITAT\u00d3RIO N\u00ba 006\/2022, PREG\u00c3O N\u00ba 006\/2022.","fornecedor":"ERIQUE QUEIROZ DA SILVA","denom_uni_orc":null,"funcao":"Administra\u00e7\u00e3o","sub_funcao":"Administra\u00e7\u00e3o Geral","programa":"ADMINISTRA\u00c7\u00c3O GERAL","acao":null,"ident_acao":"Atividade","cat_econ":"Despesa Corrente","natureza_despesa":"Outras Despesas Correntes","modalidade_despesa":"Aplica\u00e7\u00f5es Diretas","elemento_despesa":"Material de Consumo","sub_elem_desp":"SEM SUBELEMENTO","fonte_recurso":"Recursos do Exerc\u00edcio Corrente \/ Recursos n\u00e3o Vinculados de Impostos \/ -"},{"ano_emissao_emp":"2023","n_emp":"0001207","data_emissao":"04\/04\/2023","valor":"4.000,00","tipo_empenho":"Ordin\u00e1rio","hist_emp":"VALOR QUE SE EMPENHA REFERENTE A CONTRATA\u00c7\u00c3O DE EMPRESA ESPECIALIZADA PARA A PRESTA\u00c7\u00c3O DE SERVI\u00c7OS DE CONSULTORIA NO ACOMPANHAMENTO E GERENCIAMENTO DE CONV\u00caNIOS JUNTO AOS \u00d3RG\u00c3OS DO GOVERNO FEDERAL (PLATAFORMA MAIS BRASIL\/SICONV-CAIXA ECON\u00d4MICA FEDERAL) BEM COMO OPERACIONALIZA\u00c7\u00c3O DOS CONV\u00caNIOS CADASTRADOS NOS SISTEMAS DESTINADOS A ESTA ADMINISTRA\u00c7\u00c3O. PROCESSO 029\/2022 DISPENSA 004\/2022. CONFORME CONTRATO. REF. MAR\u00c7O. NF N\u00ba 170 ANEXA.","fornecedor":null,"denom_uni_orc":null,"funcao":"Administra\u00e7\u00e3o","sub_funcao":"Administra\u00e7\u00e3o Geral","programa":"SUPERVIS\u00c3O E COORDENA\u00c7\u00c3O SUPERIOR","acao":null,"ident_acao":"Atividade","cat_econ":"Despesa Corrente","natureza_despesa":"Outras Despesas Correntes","modalidade_despesa":"Aplica\u00e7\u00f5es Diretas","elemento_despesa":"Outros Servi\u00e7os de Terceiros - Pessoa Jur\u00eddica","sub_elem_desp":"SEM SUBELEMENTO","fonte_recurso":"Recursos do Exerc\u00edcio Corrente \/ Recursos n\u00e3o Vinculados de Impostos \/ -"},{"ano_emissao_emp":"2023","n_emp":"0001208","data_emissao":"04\/04\/2023","valor":"480,00","tipo_empenho":"Ordin\u00e1rio","hist_emp":"VALOR QUE SE EMPENHA REFERENTE A APRESENTA\u00c7\u00c3O ART\u00cdSTICA NA ASSOCIA\u00c7\u00c3O DOS AGRICULTORES DO S\u00cdTIO MULUNGU, NESTE MUNIC\u00cdPIO.","fornecedor":null,"denom_uni_orc":null,"funcao":"Agricultura","sub_funcao":"Administra\u00e7\u00e3o Geral","programa":"ADMINISTRA\u00c7\u00c3O GERAL","acao":null,"ident_acao":"Atividade","cat_econ":"Despesa Corrente","natureza_despesa":"Outras Despesas Correntes","modalidade_despesa":"Aplica\u00e7\u00f5es Diretas","elemento_despesa":"Outros Servi\u00e7os de Terceiros - Pessoa F\u00edsica","sub_elem_desp":"SEM SUBELEMENTO","fonte_recurso":"Recursos do Exerc\u00edcio Corrente \/ Recursos n\u00e3o Vinculados de Impostos \/ -"},{"ano_emissao_emp":"2023","n_emp":"0001209","data_emissao":"05\/04\/2023","valor":"27.055,60","tipo_empenho":"Ordin\u00e1rio","hist_emp":"VALOR QUE SE EMPENHA REFERENTE A PRESTA\u00c7\u00c3O DE SERVI\u00c7OS DE LOCA\u00c7\u00c3O DO VE\u00cdCULO COLETOR COMPACTADOR DE RES\u00cdDUOS S\u00d3LIDOS URBANOS DE PLACAS KLQ-9H35 E MMB-2E16, DESTINADOS A COLETA, TRANSPORTE E DESCARGA DE LIXO URBANO DESTE MUNIC\u00cdPIO. CONFORME DESCRITO NOS CONTRATOS DE PRESTA\u00c7\u00c3O DE SERVI\u00c7OS E NOTAS FISCAIS ANEXAS REF. MAR\u00c7O. NOTAS FISCAIS N\u00ba 51 E N\u00ba 52 ANEXAS.","fornecedor":null,"denom_uni_orc":null,"funcao":"Urbanismo","sub_funcao":"Servi\u00e7os Urbanos","programa":"LIMPEZA P\u00daBLICA","acao":null,"ident_acao":"Atividade","cat_econ":"Despesa Corrente","natureza_despesa":"Outras Despesas Correntes","modalidade_despesa":"Aplica\u00e7\u00f5es Diretas","elemento_despesa":"Outros Servi\u00e7os de Terceiros - Pessoa Jur\u00eddica","sub_elem_desp":"SEM SUBELEMENTO","fonte_recurso":"Recursos do Exerc\u00edcio Corrente \/ Recursos n\u00e3o Vinculados de Impostos \/ -"},{"ano_emissao_emp":"2023","n_emp":"0001210","data_emissao":"05\/04\/2023","valor":"336,00","tipo_empenho":"Ordin\u00e1rio","hist_emp":"VALOR QUE SE EMPENHA REFERENTE A AQUISI\u00c7\u00c3O DE C\u00c2MARAS DE AR 900X20 E PROTETORES DE C\u00c2MARA DE AR ARO 20 DESTINADOS AO VE\u00cdCULO DE PLACA PGN-1388 PERTENCENTE A ESTA ADMINISTRA\u00c7\u00c3O, CONFORME DESCRITO EM NOTA FISCAL DE N\u00ba 2272 ANEXA. PROCESSO LICITAT\u00d3RIO N\u00ba 051\/2022 PREG\u00c3O ELETR\u00d4NICO N\u00ba 033\/2022.","fornecedor":null,"denom_uni_orc":null,"funcao":"Urbanismo","sub_funcao":"Infra-Estrutura Urbana","programa":"PLANEJAMENTO URBANO","acao":null,"ident_acao":"Atividade","cat_econ":"Despesa Corrente","natureza_despesa":"Outras Despesas Correntes","modalidade_despesa":"Aplica\u00e7\u00f5es Diretas","elemento_despesa":"Material de Consumo","sub_elem_desp":"SEM SUBELEMENTO","fonte_recurso":"Recursos do Exerc\u00edcio Corrente \/ Recursos n\u00e3o Vinculados de Impostos \/ -"},{"ano_emissao_emp":"2023","n_emp":"0001211","data_emissao":"05\/04\/2023","valor":"6.336,50","tipo_empenho":"Ordin\u00e1rio","hist_emp":"VALOR QUE SE EMPENHA REFERENTE A AQUISI\u00c7\u00c3O DE PE\u00c7AS AUTOMOTIVAS DE REPOSI\u00c7\u00c3O DESTINADAS A MANUTEN\u00c7\u00c3O DO VE\u00cdCULO DE PLACA JTU-5A20, PERTENCENTE A ESTA ADMINISTRA\u00c7\u00c3O, CONFORME DESCRITO EM NOTA FISCAL DE N\u00ba 13023 EM ANEXO. PROCESSO LICITAT\u00d3RIO N\u00ba 001\/2023 PREG\u00c3O ELETR\u00d4NICO N\u00ba 001\/2023.","fornecedor":null,"denom_uni_orc":null,"funcao":"Administra\u00e7\u00e3o","sub_funcao":"Administra\u00e7\u00e3o Geral","programa":"SUPERVIS\u00c3O E COORDENA\u00c7\u00c3O SUPERIOR","acao":null,"ident_acao":"Atividade","cat_econ":"Despesa Corrente","natureza_despesa":"Outras Despesas Correntes","modalidade_despesa":"Aplica\u00e7\u00f5es Diretas","elemento_despesa":"Material de Consumo","sub_elem_desp":"SEM SUBELEMENTO","fonte_recurso":"Recursos do Exerc\u00edcio Corrente \/ Recursos n\u00e3o Vinculados de Impostos \/ -"},{"ano_emissao_emp":"2023","n_emp":"0001212","data_emissao":"05\/04\/2023","valor":"38.908,20","tipo_empenho":"Ordin\u00e1rio","hist_emp":"VALOR QUE SE EMPENHA REFERENTE A AQUISI\u00c7\u00c3O DE PE\u00c7AS AUTOMOTIVAS DE REPOSI\u00c7\u00c3O DESTINADAS A MANUTEN\u00c7\u00c3O DOS VE\u00cdCULOS DE PLACAS PDL-5115, PDM-0D15, PGN-1388, P\u00c1 ENCHEDEIRA HL-740, PATROL 120K, HZM-5751, KHY-7681, PERTENCENTES A ESTA ADMINISTRA\u00c7\u00c3O, CONFORME DESCRITO EM NOTAS FISCAIS ANEXAS. PROCESSO LICITAT\u00d3RIO N\u00ba 001\/2023 PREG\u00c3O ELETR\u00d4NICO N\u00ba 001\/2023.","fornecedor":null,"denom_uni_orc":null,"funcao":"Urbanismo","sub_funcao":"Infra-Estrutura Urbana","programa":"PLANEJAMENTO URBANO","acao":null,"ident_acao":"Atividade","cat_econ":"Despesa Corrente","natureza_despesa":"Outras Despesas Correntes","modalidade_despesa":"Aplica\u00e7\u00f5es Diretas","elemento_despesa":"Material de Consumo","sub_elem_desp":"SEM SUBELEMENTO","fonte_recurso":"Recursos do Exerc\u00edcio Corrente \/ Recursos n\u00e3o Vinculados de Impostos \/ -"},{"ano_emissao_emp":"2023","n_emp":"0001213","data_emissao":"05\/04\/2023","valor":"7.609,50","tipo_empenho":"Ordin\u00e1rio","hist_emp":"VALOR QUE SE EMPENHA REFERENTE A AQUISI\u00c7\u00c3O DE PE\u00c7AS AUTOMOTIVAS DE REPOSI\u00c7\u00c3O DESTINADAS AOS VE\u00cdCULOS, DE PLACAS OYX-6F05 E BWA-3852 PERTENCENTE A ESTA ADMINISTRA\u00c7\u00c3O. CONFORME DESCRITO EM NOTAS FISCAIS DE N\u00ba 13028 E N\u00ba 13027 RESPECTIVAMENTE ANEXAS.","fornecedor":null,"denom_uni_orc":null,"funcao":"Agricultura","sub_funcao":"Administra\u00e7\u00e3o Geral","programa":"ADMINISTRA\u00c7\u00c3O GERAL","acao":null,"ident_acao":"Atividade","cat_econ":"Despesa Corrente","natureza_despesa":"Outras Despesas Correntes","modalidade_despesa":"Aplica\u00e7\u00f5es Diretas","elemento_despesa":"Material de Consumo","sub_elem_desp":"SEM SUBELEMENTO","fonte_recurso":"Recursos do Exerc\u00edcio Corrente \/ Recursos n\u00e3o Vinculados de Impostos \/ -"},{"ano_emissao_emp":"2023","n_emp":"0001214","data_emissao":"05\/04\/2023","valor":"220,00","tipo_empenho":"Ordin\u00e1rio","hist_emp":"VALOR QUE SE EMPENHA REFERENTE A CONCESS\u00c3O DE 01 (UMA) DI\u00c1RIA AO SERVIDOR RONALDO VEIGA DE OLIVEIRA NO CARGO DE CHEFE DE GABINETE LOTADO NO GABINETE COM DESTINO A CIDADE DE RECIFE, PARA PARTICIPAR DE UMA REUNI\u00c3O CONDEPE\/FIDEM E NA CEPE - COMPANHIA EDITORA DE PERNAMBUCO NO DIA 11\/04\/2023 COM VALOR DE R$ 220,00 NIVEL I CONFORME SOLICITADO NO OFICIO DE N\u00ba 073\/2023. CONF. LEI N\u00ba 016\/2009.","fornecedor":"RONALDO VEIGA DE OLIVEIRA","denom_uni_orc":null,"funcao":"Administra\u00e7\u00e3o","sub_funcao":"Administra\u00e7\u00e3o Geral","programa":"SUPERVIS\u00c3O E COORDENA\u00c7\u00c3O SUPERIOR","acao":null,"ident_acao":"Atividade","cat_econ":"Despesa Corrente","natureza_despesa":"Outras Despesas Correntes","modalidade_despesa":"Aplica\u00e7\u00f5es Diretas","elemento_despesa":"Di\u00e1rias \u2013 Civil","sub_elem_desp":"SEM SUBELEMENTO","fonte_recurso":"Recursos do Exerc\u00edcio Corrente \/ Recursos n\u00e3o Vinculados de Impostos \/ -"},{"ano_emissao_emp":"2023","n_emp":"0001215","data_emissao":"05\/04\/2023","valor":"90,00","tipo_empenho":"Ordin\u00e1rio","hist_emp":"VALOR QUE SE EMPENHA REFERENTE A CONCESS\u00c3O DE 01 (UMA) DI\u00c1RIA AO SERVIDO JOSIVAN EVANGELISTA DE QUEIROZ NO CARGO DE MOTORISTA LOTADO NO GABINETE COM DESTINO A CIDADE DO RECIFE, CONDUZINDO SERVIDORES PARA A CIDADE DO RECIFE, PARA PARTICIPAR DE UMA REUNI\u00c3O CONDEPE\/FIDEM E NA CEPE - COMPANHIA EDITORA DE PERNAMBUCO NO DIA 11\/04\/2023 COM VALOR DE 90,00 N\u00cdVEL I CONFORME OFICIO DE N\u00ba 073\/2023 DIA 05\/04\/2023 EM ANEXO, CONFORME PROVANTE ANEXO LEI. 016\/2009.","fornecedor":null,"denom_uni_orc":null,"funcao":"Administra\u00e7\u00e3o","sub_funcao":"Administra\u00e7\u00e3o Geral","programa":"SUPERVIS\u00c3O E COORDENA\u00c7\u00c3O SUPERIOR","acao":null,"ident_acao":"Atividade","cat_econ":"Despesa Corrente","natureza_despesa":"Outras Despesas Correntes","modalidade_despesa":"Aplica\u00e7\u00f5es Diretas","elemento_despesa":"Di\u00e1rias \u2013 Civil","sub_elem_desp":"SEM SUBELEMENTO","fonte_recurso":"Recursos do Exerc\u00edcio Corrente \/ Recursos n\u00e3o Vinculados de Impostos \/ -"},{"ano_emissao_emp":"2023","n_emp":"0001216","data_emissao":"05\/04\/2023","valor":"2.100,00","tipo_empenho":"Ordin\u00e1rio","hist_emp":"VALOR QUE SE EMPENHA REFERENTE A PRESTA\u00c7\u00c3O DE SERVI\u00c7OS NO ABASTECIMENTO DE CAIXAS D'AGUAS P\u00daBLICAS, COM CARRO PIPA DE PLACA KFK-2179, NO DISTRITO DE P\u00c3O DE A\u00c7\u00daCAR, NESTE MUNIC\u00cdPIO (TOTAL DE 14 CARRADAS A R$ 150,00) CONFORME DESCRITO EM NOTA FISCAL DE N\u00ba 681 ANEXA.","fornecedor":null,"denom_uni_orc":null,"funcao":"Administra\u00e7\u00e3o","sub_funcao":"Administra\u00e7\u00e3o Geral","programa":"SUPERVIS\u00c3O E COORDENA\u00c7\u00c3O SUPERIOR","acao":null,"ident_acao":"Atividade","cat_econ":"Despesa Corrente","natureza_despesa":"Outras Despesas Correntes","modalidade_despesa":"Aplica\u00e7\u00f5es Diretas","elemento_despesa":"Outros Servi\u00e7os de Terceiros - Pessoa Jur\u00eddica","sub_elem_desp":"SEM SUBELEMENTO","fonte_recurso":"Recursos do Exerc\u00edcio Corrente \/ Recursos n\u00e3o Vinculados de Impostos \/ -"},{"ano_emissao_emp":"2023","n_emp":"0001217","data_emissao":"05\/04\/2023","valor":"180,00","tipo_empenho":"Ordin\u00e1rio","hist_emp":"VALOR QUE SE EMPENHA REFERENTE A PRESTA\u00c7\u00c3O DE SERVI\u00c7OS DE MANUTEN\u00c7\u00c3O E RECUPERA\u00c7\u00c3O DE 02 (DUAS) COLUNAS GUIAS PARA CATAVENTO, SENDO UMA PARA A COMUNIDADE DE SERRA DE BOIS, ZONA RURAL DESTE MUNIC\u00cdPIO E OUTRA PARA ESTOQUE NESTA SECRETARIA, CONFORME SOLICITADO NO OF\u00cdCIO DE N\u00ba 048\/2023 - SEAP EM ANEXO.","fornecedor":"AMAURI CARDOSO DE ARA\u00daJO","denom_uni_orc":null,"funcao":"Agricultura","sub_funcao":"Administra\u00e7\u00e3o Geral","programa":"ADMINISTRA\u00c7\u00c3O GERAL","acao":null,"ident_acao":"Atividade","cat_econ":"Despesa Corrente","natureza_despesa":"Outras Despesas Correntes","modalidade_despesa":"Aplica\u00e7\u00f5es Diretas","elemento_despesa":"Outros Servi\u00e7os de Terceiros - Pessoa F\u00edsica","sub_elem_desp":"SEM SUBELEMENTO","fonte_recurso":"Recursos do Exerc\u00edcio Corrente \/ Recursos n\u00e3o Vinculados de Impostos \/ -"},{"ano_emissao_emp":"2023","n_emp":"0001218","data_emissao":"05\/04\/2023","valor":"2.880,00","tipo_empenho":"Ordin\u00e1rio","hist_emp":"VALOR QUE SE EMPENHA REFERENTE A PRESTA\u00c7\u00c3O DE SERVI\u00c7OS DE TRATAMENTO E DESTINA\u00c7\u00c3O FINAL DE 30 (TRINTA) BOMBONAS DE 50L E 30 (TRINTA) BOMBONAS DE 200L, COM RES\u00cdDUOS DAS UNIDADES P\u00daBLICAS DESTE MUNIC\u00cdPIO. CONFORME DESCRITO EM NOTA FISCAL DE N\u00ba 23924 E DOCUMENTA\u00c7\u00c3O ANEXA. REF. MAR\u00c7O 2023.","fornecedor":null,"denom_uni_orc":null,"funcao":"Urbanismo","sub_funcao":"Servi\u00e7os Urbanos","programa":"LIMPEZA P\u00daBLICA","acao":null,"ident_acao":"Atividade","cat_econ":"Despesa Corrente","natureza_despesa":"Outras Despesas Correntes","modalidade_despesa":"Aplica\u00e7\u00f5es Diretas","elemento_despesa":"Outros Servi\u00e7os de Terceiros - Pessoa Jur\u00eddica","sub_elem_desp":"SEM SUBELEMENTO","fonte_recurso":"Recursos do Exerc\u00edcio Corrente \/ Recursos n\u00e3o Vinculados de Impostos \/ -"},{"ano_emissao_emp":"2023","n_emp":"0001219","data_emissao":"05\/04\/2023","valor":"31.721,20","tipo_empenho":"Ordin\u00e1rio","hist_emp":"VALOR QUE SE EMPENHA REFERENTE A AQUISI\u00c7\u00c3O DE MATERIAIS DE CONSTRU\u00c7\u00c3O DIVERSOS (MATERIAIS ESTRUTURAIS) DESTINADOS A MANUTEN\u00c7\u00c3O DOS SERVI\u00c7OS DE OBRAS E URBANISMO DESTA ADMINISTRA\u00c7\u00c3O, CONFORME DESCRITO EM NOTA FISCAL DE N\u00ba 645 ANEXA. PROCESSO LICITAT\u00d3RIO N\u00ba 001\/2023 PREG\u00c3O ELETR\u00d4NICO N\u00ba 003\/2023.","fornecedor":"MARIA DA CONCEICAO SANTOS MATERIAIS DE CONSTRUCAO","denom_uni_orc":null,"funcao":"Urbanismo","sub_funcao":"Infra-Estrutura Urbana","programa":"PLANEJAMENTO URBANO","acao":null,"ident_acao":"Atividade","cat_econ":"Despesa Corrente","natureza_despesa":"Outras Despesas Correntes","modalidade_despesa":"Aplica\u00e7\u00f5es Diretas","elemento_despesa":"Material de Consumo","sub_elem_desp":"SEM SUBELEMENTO","fonte_recurso":"Recursos do Exerc\u00edcio Corrente \/ Recursos n\u00e3o Vinculados de Impostos \/ -"},{"ano_emissao_emp":"2023","n_emp":"0001220","data_emissao":"05\/04\/2023","valor":"5.491,50","tipo_empenho":"Ordin\u00e1rio","hist_emp":"VALOR QUE SE EMPENHA REFERENTE A AQUISI\u00c7\u00c3O DE MATERIAIS DE CONSTRU\u00c7\u00c3O DIVERSOS (MATERIAIS ESTRUTURAIS) DESTINADOS A MANUTEN\u00c7\u00c3O DOS SERVI\u00c7OS DE OBRAS E URBANISMO DESTA ADMINISTRA\u00c7\u00c3O, CONFORME DESCRITO EM NOTA FISCAL DE N\u00ba 646 ANEXA. PROCESSO LICITAT\u00d3RIO N\u00ba 001\/2023 PREG\u00c3O ELETR\u00d4NICO N\u00ba 003\/2023.","fornecedor":"MARIA DA CONCEICAO SANTOS MATERIAIS DE CONSTRUCAO","denom_uni_orc":null,"funcao":"Urbanismo","sub_funcao":"Infra-Estrutura Urbana","programa":"PLANEJAMENTO URBANO","acao":null,"ident_acao":"Atividade","cat_econ":"Despesa Corrente","natureza_despesa":"Outras Despesas Correntes","modalidade_despesa":"Aplica\u00e7\u00f5es Diretas","elemento_despesa":"Material de Consumo","sub_elem_desp":"SEM SUBELEMENTO","fonte_recurso":"Recursos do Exerc\u00edcio Corrente \/ Recursos n\u00e3o Vinculados de Impostos \/ -"},{"ano_emissao_emp":"2023","n_emp":"0001221","data_emissao":"05\/04\/2023","valor":"1.450,00","tipo_empenho":"Ordin\u00e1rio","hist_emp":"VALOR QUE SE EMPENHA REFERENTE A PRESTA\u00c7\u00c3O DE SERVI\u00c7OS DE PREPARO E FORNECIMENTO DE REFEI\u00c7\u00d5ES DESTINADAS AS EQUIPES DO GABINETE DO PREFEITO DESTA ADMINISTRA\u00c7\u00c3O EM SERVI\u00c7O DURANTE OS MESES DE FEVEREIRO E MAR\u00c7O.","fornecedor":"SUELEIDE MARIA ARAUJO DA TRINDADE OLIVEIRA","denom_uni_orc":null,"funcao":"Administra\u00e7\u00e3o","sub_funcao":"Administra\u00e7\u00e3o Geral","programa":"SUPERVIS\u00c3O E COORDENA\u00c7\u00c3O SUPERIOR","acao":null,"ident_acao":"Atividade","cat_econ":"Despesa Corrente","natureza_despesa":"Outras Despesas Correntes","modalidade_despesa":"Aplica\u00e7\u00f5es Diretas","elemento_despesa":"Outros Servi\u00e7os de Terceiros - Pessoa F\u00edsica","sub_elem_desp":"SEM SUBELEMENTO","fonte_recurso":"Recursos do Exerc\u00edcio Corrente \/ Recursos n\u00e3o Vinculados de Impostos \/ -"},{"ano_emissao_emp":"2023","n_emp":"0001222","data_emissao":"05\/04\/2023","valor":"2.050,00","tipo_empenho":"Ordin\u00e1rio","hist_emp":"VALOR QUE SE EMPENHA REFERENTE A AQUISI\u00c7\u00c3O DE COROAS F\u00daNEBRES E ARRANJOS DE FLORES DIVERSOS DESTINADOS A HOMENAGENS A CIDAD\u00c3OS FALECIDOS NESTE MUNIC\u00cdPIO, DURANTE O M\u00caS DE MAR\u00c7O, CONFORME DESCRITO EM NOTA FISCAL N\u00ba 69 ANEXA.","fornecedor":"J R DA SILVA FLORICULTURA ME","denom_uni_orc":null,"funcao":"Administra\u00e7\u00e3o","sub_funcao":"Administra\u00e7\u00e3o Geral","programa":"SUPERVIS\u00c3O E COORDENA\u00c7\u00c3O SUPERIOR","acao":null,"ident_acao":"Atividade","cat_econ":"Despesa Corrente","natureza_despesa":"Outras Despesas Correntes","modalidade_despesa":"Aplica\u00e7\u00f5es Diretas","elemento_despesa":"Material de Consumo","sub_elem_desp":"SEM SUBELEMENTO","fonte_recurso":"Recursos do Exerc\u00edcio Corrente \/ Recursos n\u00e3o Vinculados de Impostos \/ -"},{"ano_emissao_emp":"2023","n_emp":"0001223","data_emissao":"05\/04\/2023","valor":"600,00","tipo_empenho":"Ordin\u00e1rio","hist_emp":"VALOR QUE SE EMPENHA REFERENTE A PRESTA\u00c7\u00c3O DE SERVI\u00c7O DE PRODU\u00c7\u00c3O DE SPOTS E CHAMADAS INSTITUCIONAIS PARA CARRO DE SOM ,REFERENTE A AS A\u00c7\u00d5ES REALIZADAS POR ESTA ADMINISTRA\u00c7\u00c3O.","fornecedor":null,"denom_uni_orc":null,"funcao":"Administra\u00e7\u00e3o","sub_funcao":"Administra\u00e7\u00e3o Geral","programa":"SUPERVIS\u00c3O E COORDENA\u00c7\u00c3O SUPERIOR","acao":null,"ident_acao":"Atividade","cat_econ":"Despesa Corrente","natureza_despesa":"Outras Despesas Correntes","modalidade_despesa":"Aplica\u00e7\u00f5es Diretas","elemento_despesa":"Outros Servi\u00e7os de Terceiros - Pessoa F\u00edsica","sub_elem_desp":"SEM SUBELEMENTO","fonte_recurso":"Recursos do Exerc\u00edcio Corrente \/ Recursos n\u00e3o Vinculados de Impostos \/ -"},{"ano_emissao_emp":"2023","n_emp":"0001224","data_emissao":"05\/04\/2023","valor":"33.599,47","tipo_empenho":"Ordin\u00e1rio","hist_emp":"VALOR QUE SE EMPENHA REFERENTE A PRESTA\u00c7\u00c3O DE SERVI\u00c7OS DE RECEBIMENTO, TRATAMENTO E DESTINA\u00c7\u00c3O FINAL DE RES\u00cdDUOS S\u00d3LIDOS URBANOS GERADOS POR ESTE MUNIC\u00cdPIO DE ACORDO COM O BOLETIM DE MEDI\u00c7\u00c3O N\u00ba 49\/2023 PER\u00cdODO DE 01\/03 A 31\/03\/2023 E NOTA FISCAL DE N\u00ba 3749 ANEXA.","fornecedor":null,"denom_uni_orc":null,"funcao":"Urbanismo","sub_funcao":"Servi\u00e7os Urbanos","programa":"LIMPEZA P\u00daBLICA","acao":null,"ident_acao":"Atividade","cat_econ":"Despesa Corrente","natureza_despesa":"Outras Despesas Correntes","modalidade_despesa":"Aplica\u00e7\u00f5es Diretas","elemento_despesa":"Outros Servi\u00e7os de Terceiros - Pessoa Jur\u00eddica","sub_elem_desp":"SEM SUBELEMENTO","fonte_recurso":"Recursos do Exerc\u00edcio Corrente \/ Recursos n\u00e3o Vinculados de Impostos \/ -"},{"ano_emissao_emp":"2023","n_emp":"0001225","data_emissao":"05\/04\/2023","valor":"2.250,00","tipo_empenho":"Ordin\u00e1rio","hist_emp":"VALOR QUE SE EMPENHA REFERENTE A AQUISI\u00c7\u00c3O DE CAPAS DE PVC FORRADA, DESTINADOS A MANUTEN\u00c7\u00c3O DOS SERVI\u00c7OS DESTA ADMINISTRA\u00c7\u00c3O, CONFORME DESCRITO EM NOTA FISCAL DE N\u00ba 7689 ANEXA. COMPRA PARCELADA NO BOLETO EM 1X.","fornecedor":null,"denom_uni_orc":null,"funcao":"Administra\u00e7\u00e3o","sub_funcao":"Administra\u00e7\u00e3o Geral","programa":"ADMINISTRA\u00c7\u00c3O GERAL","acao":null,"ident_acao":"Atividade","cat_econ":"Despesa Corrente","natureza_despesa":"Outras Despesas Correntes","modalidade_despesa":"Aplica\u00e7\u00f5es Diretas","elemento_despesa":"Material de Consumo","sub_elem_desp":"SEM SUBELEMENTO","fonte_recurso":"Recursos do Exerc\u00edcio Corrente \/ Recursos n\u00e3o Vinculados de Impostos \/ -"},{"ano_emissao_emp":"2023","n_emp":"0001226","data_emissao":"05\/04\/2023","valor":"2.500,00","tipo_empenho":"Ordin\u00e1rio","hist_emp":"VALOR QUE SE EMPENHA REFERENTE A PRESTA\u00c7\u00c3O DE SERVI\u00c7OS NO PREPARO DE REFEI\u00c7\u00d5ES DESTINADO AS EQUIPES EM SERVI\u00c7O NA COMUNIDADE DE VILA DO SOCORRO, NESTE MUNIC\u00cdPIO DURANTE O M\u00caS DE MAR\u00c7O.","fornecedor":null,"denom_uni_orc":null,"funcao":"Administra\u00e7\u00e3o","sub_funcao":"Administra\u00e7\u00e3o Geral","programa":"SUPERVIS\u00c3O E COORDENA\u00c7\u00c3O SUPERIOR","acao":null,"ident_acao":"Atividade","cat_econ":"Despesa Corrente","natureza_despesa":"Outras Despesas Correntes","modalidade_despesa":"Aplica\u00e7\u00f5es Diretas","elemento_despesa":"Outros Servi\u00e7os de Terceiros - Pessoa F\u00edsica","sub_elem_desp":"SEM SUBELEMENTO","fonte_recurso":"Recursos do Exerc\u00edcio Corrente \/ Recursos n\u00e3o Vinculados de Impostos \/ -"},{"ano_emissao_emp":"2023","n_emp":"0001227","data_emissao":"10\/04\/2023","valor":"4.000,00","tipo_empenho":"Ordin\u00e1rio","hist_emp":"VALOR QUE SE EMPENHA REFERENTE A PRESTA\u00c7\u00c3O DE SERVI\u00c7OS DE ASSESSORIA E CONSULTORIA JUR\u00cdDICA DE DIREITO P\u00daBLICO PARA ESTA ADMINISTRA\u00c7\u00c3O DURANTE O M\u00caS DE MAR\u00c7O, CONFORME DESCRITO EM NOTA FISCAL N\u00ba 22 ANEXA.","fornecedor":null,"denom_uni_orc":null,"funcao":"Administra\u00e7\u00e3o","sub_funcao":"Administra\u00e7\u00e3o Geral","programa":"SUPERVIS\u00c3O E COORDENA\u00c7\u00c3O SUPERIOR","acao":null,"ident_acao":"Atividade","cat_econ":"Despesa Corrente","natureza_despesa":"Outras Despesas Correntes","modalidade_despesa":"Aplica\u00e7\u00f5es Diretas","elemento_despesa":"Outros Servi\u00e7os de Terceiros - Pessoa Jur\u00eddica","sub_elem_desp":"SEM SUBELEMENTO","fonte_recurso":"Recursos do Exerc\u00edcio Corrente \/ Recursos n\u00e3o Vinculados de Impostos \/ -"},{"ano_emissao_emp":"2023","n_emp":"0001228","data_emissao":"10\/04\/2023","valor":"245,35","tipo_empenho":"Ordin\u00e1rio","hist_emp":"VALOR QUE SE EMPENHA REFERENTE A AQUISI\u00c7\u00c3O DE COMBUST\u00cdVEIS E LUBRIFICANTES DESTINADOS AO VE\u00cdCULO DE PLACA KKF-3647, PERTENCENTE A ESTA ADMINISTRA\u00c7\u00c3O, CONFORME DESCRITO EM NOTA FISCAL ANEXA.","fornecedor":"J.B DIAS EIRELI","denom_uni_orc":null,"funcao":"Com\u00e9rcio e Servi\u00e7os","sub_funcao":"Turismo","programa":"PROMO\u00c7\u00c3O DO TURISMO","acao":null,"ident_acao":"Atividade","cat_econ":"Despesa Corrente","natureza_despesa":"Outras Despesas Correntes","modalidade_despesa":"Aplica\u00e7\u00f5es Diretas","elemento_despesa":"Material de Consumo","sub_elem_desp":"SEM SUBELEMENTO","fonte_recurso":"Recursos do Exerc\u00edcio Corrente \/ Recursos n\u00e3o Vinculados de Impostos \/ -"},{"ano_emissao_emp":"2023","n_emp":"0001229","data_emissao":"10\/04\/2023","valor":"1.610,27","tipo_empenho":"Ordin\u00e1rio","hist_emp":"VALOR QUE SE EMPENHA REFERENTE A AQUISI\u00c7\u00c3O DE COMBUST\u00cdVEIS E LUBRIFICANTES AUTOMOTIVOS, DESTINADOS AOS VE\u00cdCULOS DE PLACAS BWA-3852, OYX-6F05, TRATOR JOHN DEERE PERTENCENTES A FROTA DESTA ADMINISTRA\u00c7\u00c3O, CONFORME DESCRITO EM NOTAS FISCAIS ANEXAS.","fornecedor":"J.B DIAS EIRELI","denom_uni_orc":null,"funcao":"Agricultura","sub_funcao":"Administra\u00e7\u00e3o Geral","programa":"ADMINISTRA\u00c7\u00c3O GERAL","acao":null,"ident_acao":"Atividade","cat_econ":"Despesa Corrente","natureza_despesa":"Outras Despesas Correntes","modalidade_despesa":"Aplica\u00e7\u00f5es Diretas","elemento_despesa":"Material de Consumo","sub_elem_desp":"SEM SUBELEMENTO","fonte_recurso":"Recursos do Exerc\u00edcio Corrente \/ Recursos n\u00e3o Vinculados de Impostos \/ -"},{"ano_emissao_emp":"2023","n_emp":"0001230","data_emissao":"10\/04\/2023","valor":"1.329,48","tipo_empenho":"Ordin\u00e1rio","hist_emp":"VALOR QUE SE EMPENHA REFERENTE A AQUISI\u00c7\u00c3O DE COMBUST\u00cdVEIS E LUBRIFICANTES AUTOMOTIVOS DESTINADOS AOS VE\u00cdCULOS DE PLACAS PDJ-9566, RZO-1D54, KHX-4801, PGM-1077, KLI-3799, JTH-0993, MVL-0H20 PERTENCENTES A ESTA ADMINISTRA\u00c7\u00c3O, CONFORME DESCRITO EM NOTAS FISCAIS ANEXAS.","fornecedor":"J.B DIAS EIRELI","denom_uni_orc":null,"funcao":"Administra\u00e7\u00e3o","sub_funcao":"Administra\u00e7\u00e3o Geral","programa":"SUPERVIS\u00c3O E COORDENA\u00c7\u00c3O SUPERIOR","acao":null,"ident_acao":"Atividade","cat_econ":"Despesa Corrente","natureza_despesa":"Outras Despesas Correntes","modalidade_despesa":"Aplica\u00e7\u00f5es Diretas","elemento_despesa":"Material de Consumo","sub_elem_desp":"SEM SUBELEMENTO","fonte_recurso":"Recursos do Exerc\u00edcio Corrente \/ Recursos n\u00e3o Vinculados de Impostos \/ -"},{"ano_emissao_emp":"2023","n_emp":"0001231","data_emissao":"10\/04\/2023","valor":"935,42","tipo_empenho":"Ordin\u00e1rio","hist_emp":"VALOR QUE SE EMPENHA REFERENTE A AQUISI\u00c7\u00c3O DE COMBUST\u00cdVEIS E LUBRIFICANTES AUTOMOTIVOS, DESTINADOS AOS VE\u00cdCULOS DE PLACAS QYI-1I02, QYC-3D28, PDT-2226, PDT-2356 E QYI-1H52 PERTENCENTES A FROTA DESTA ADMINISTRA\u00c7\u00c3O, CONFORME DESCRITO EM NOTAS FISCAIS ANEXAS.","fornecedor":"J.B DIAS EIRELI","denom_uni_orc":null,"funcao":"Seguran\u00e7a P\u00fablica","sub_funcao":"Defesa Civil","programa":"DEFESA CIVIL","acao":null,"ident_acao":"Atividade","cat_econ":"Despesa Corrente","natureza_despesa":"Outras Despesas Correntes","modalidade_despesa":"Aplica\u00e7\u00f5es Diretas","elemento_despesa":"Material de Consumo","sub_elem_desp":"SEM SUBELEMENTO","fonte_recurso":"Recursos do Exerc\u00edcio Corrente \/ Recursos n\u00e3o Vinculados de Impostos \/ -"},{"ano_emissao_emp":"2023","n_emp":"0001232","data_emissao":"10\/04\/2023","valor":"13.694,17","tipo_empenho":"Ordin\u00e1rio","hist_emp":"VALOR QUE SE EMPENHA REFERENTE A AQUISI\u00c7\u00c3O DE COMBUST\u00cdVEIS E LUBRIFICANTES AUTOMOTIVOS DESTINADOS AOS VE\u00cdCULOS DE PLACAS HZM-5751, KLQ-9H35, KGF-1C15, JLN-7259, PDM-0D15, PDL-5115, PDM-0455, KHY-7681, RETROESCAVADEIRA B95B, NMB-2E16, PGN-1388, PATROL CATERPILLAR, P\u00c1 CARREGADEIRA HL-740, MXV-5D25, NCJ-7792, JTM-9G52, QYJ-3D88, KLI-3909 E MOTOR BOMBAS PERTENCENTES A ESTA ADMINISTRA\u00c7\u00c3O, CONFORME DESCRITO EM NOTAS FISCAIS ANEXAS.","fornecedor":"J.B DIAS EIRELI","denom_uni_orc":null,"funcao":"Urbanismo","sub_funcao":"Infra-Estrutura Urbana","programa":"PLANEJAMENTO URBANO","acao":null,"ident_acao":"Atividade","cat_econ":"Despesa Corrente","natureza_despesa":"Outras Despesas Correntes","modalidade_despesa":"Aplica\u00e7\u00f5es Diretas","elemento_despesa":"Material de Consumo","sub_elem_desp":"SEM SUBELEMENTO","fonte_recurso":"Recursos do Exerc\u00edcio Corrente \/ Recursos n\u00e3o Vinculados de Impostos \/ -"},{"ano_emissao_emp":"2023","n_emp":"0001233","data_emissao":"10\/04\/2023","valor":"1.310,00","tipo_empenho":"Ordin\u00e1rio","hist_emp":"VALOR QUE SE EMPENHA REFERENTE A PRESTA\u00c7\u00c3O DE SERVI\u00c7OS DE PINTURA DE MEIO FIO E CAPINA\u00c7\u00c3O DAS VIAS P\u00daBLICAS DA COMUNIDADE DE VILA DO SOCORRO, NESTE MUNIC\u00cdPIO, CONFORME SOLICITADO NA COMUNICA\u00c7\u00c3O INTERNA N\u00ba 010\/2023 - CENTRO ADM. DE VILA DO SOCORRO EM ANEXO.","fornecedor":null,"denom_uni_orc":null,"funcao":"Administra\u00e7\u00e3o","sub_funcao":"Administra\u00e7\u00e3o Geral","programa":"SUPERVIS\u00c3O E COORDENA\u00c7\u00c3O SUPERIOR","acao":null,"ident_acao":"Atividade","cat_econ":"Despesa Corrente","natureza_despesa":"Outras Despesas Correntes","modalidade_despesa":"Aplica\u00e7\u00f5es Diretas","elemento_despesa":"Outros Servi\u00e7os de Terceiros - Pessoa F\u00edsica","sub_elem_desp":"SEM SUBELEMENTO","fonte_recurso":"Recursos do Exerc\u00edcio Corrente \/ Recursos n\u00e3o Vinculados de Impostos \/ -"},{"ano_emissao_emp":"2023","n_emp":"0001234","data_emissao":"10\/04\/2023","valor":"400,00","tipo_empenho":"Ordin\u00e1rio","hist_emp":"VALOR QUE SE EMPENHA REFERENTE A CONCESS\u00c3O DE 01 (UMA) DI\u00c1RIA AO PREFEITO IVANILDO MESTRE BEZERRA, NO CARGO DE PREFEITO, LOTADO NESTE GABINETE, COM DESTINO A CIDADE DE RECIFE, JUNTO AO TRIBUNAL DE CONTAS NO DIA 11\/04\/2023, PARA TRATAR DE ASSUNTOS DE INTERESSE DESTA ADMINISTRA\u00c7\u00c3O, COM VALOR DE R$ 400,00 NIVEL I, CONF. LEI N\u00ba 016\/2009.","fornecedor":null,"denom_uni_orc":null,"funcao":"Administra\u00e7\u00e3o","sub_funcao":"Administra\u00e7\u00e3o Geral","programa":"SUPERVIS\u00c3O E COORDENA\u00c7\u00c3O SUPERIOR","acao":null,"ident_acao":"Atividade","cat_econ":"Despesa Corrente","natureza_despesa":"Outras Despesas Correntes","modalidade_despesa":"Aplica\u00e7\u00f5es Diretas","elemento_despesa":"Di\u00e1rias \u2013 Civil","sub_elem_desp":"SEM SUBELEMENTO","fonte_recurso":"Recursos do Exerc\u00edcio Corrente \/ Recursos n\u00e3o Vinculados de Impostos \/ -"},{"ano_emissao_emp":"2023","n_emp":"0001235","data_emissao":"10\/04\/2023","valor":"10.582,74","tipo_empenho":"Ordin\u00e1rio","hist_emp":"VALOR QUE SE EMPENHA REFERENTE A PRESTA\u00c7\u00c3O DE SERVI\u00c7OS DE LOCA\u00c7\u00c3O DE VE\u00cdCULO TIPO CA\u00c7AMBA PARA COLETA, TRANSPORTE E DESCARGA DE LIXOS, ENTULHOS E SIMILARES, COM SENDO, LIXOS VERDE E ESPECIAIS NAS LOCALIDADES DE GRAVAT\u00c1, RIACHO DOCE, PEDRA PRETA, BANDEIRA, SERRA DOS BOIS, RISADA, POROROCA, MONTEIRO, MARACAJ\u00c1, LAGOA DO JUC\u00c1, MULUNGU, SITUA\u00c7\u00c3O, ALGOD\u00c3O, MARIA ALICE, \u00c1GUA VIVA, CAPOEIRA DA RO\u00c7A, PIRANHAS, JERIMUM, P\u00c9 DE SERRA, BARA\u00daNAS, ZONA RURAL DESTE MUNIC\u00cdPIO, DURANTE O M\u00caS DE MAR\u00c7O, NOTA FISCAL N\u00ba 151, A","fornecedor":null,"denom_uni_orc":null,"funcao":"Urbanismo","sub_funcao":"Servi\u00e7os Urbanos","programa":"LIMPEZA P\u00daBLICA","acao":null,"ident_acao":"Atividade","cat_econ":"Despesa Corrente","natureza_despesa":"Outras Despesas Correntes","modalidade_despesa":"Aplica\u00e7\u00f5es Diretas","elemento_despesa":"Outros Servi\u00e7os de Terceiros - Pessoa Jur\u00eddica","sub_elem_desp":"SEM SUBELEMENTO","fonte_recurso":"Recursos do Exerc\u00edcio Corrente \/ Recursos n\u00e3o Vinculados de Impostos \/ -"},{"ano_emissao_emp":"2023","n_emp":"0001236","data_emissao":"10\/04\/2023","valor":"1.380,00","tipo_empenho":"Ordin\u00e1rio","hist_emp":"VALOR QUE SE EMPENHA REFERENTE A PRESTA\u00c7\u00c3O DE SERVI\u00c7OS DE LAVAGENS SIMPLES E GERAIS NOS VE\u00cdCULOS DE PLACAS QYJ-3D88, KLI-3909, PC HL740, RETROESCAVADEIRA B95B, PDL-5115, PERTENCENTES A ESTA ADMINISTRA\u00c7\u00c3O, CONFORME DESCRITO EM NOTA FISCAL DE N\u00ba 279 ANEXA.","fornecedor":null,"denom_uni_orc":null,"funcao":"Urbanismo","sub_funcao":"Infra-Estrutura Urbana","programa":"PLANEJAMENTO URBANO","acao":null,"ident_acao":"Atividade","cat_econ":"Despesa Corrente","natureza_despesa":"Outras Despesas Correntes","modalidade_despesa":"Aplica\u00e7\u00f5es Diretas","elemento_despesa":"Outros Servi\u00e7os de Terceiros - Pessoa Jur\u00eddica","sub_elem_desp":"SEM SUBELEMENTO","fonte_recurso":"Recursos do Exerc\u00edcio Corrente \/ Recursos n\u00e3o Vinculados de Impostos \/ -"},{"ano_emissao_emp":"2023","n_emp":"0001237","data_emissao":"10\/04\/2023","valor":"380,00","tipo_empenho":"Ordin\u00e1rio","hist_emp":"VALOR QUE SE EMPENHA REFERENTE A PRESTA\u00c7\u00c3O DE SERVI\u00c7OS DE LAVAGEM GERAL NOS VE\u00cdCULOS DE PLACAS PGM-1147 E OYX-6F05, PERTENCENTES A ESTA ADMINISTRA\u00c7\u00c3O, CONFORME DESCRITO EM NOTA FISCAL DE N\u00ba 280 ANEXA.","fornecedor":null,"denom_uni_orc":null,"funcao":"Agricultura","sub_funcao":"Administra\u00e7\u00e3o Geral","programa":"ADMINISTRA\u00c7\u00c3O GERAL","acao":null,"ident_acao":"Atividade","cat_econ":"Despesa Corrente","natureza_despesa":"Outras Despesas Correntes","modalidade_despesa":"Aplica\u00e7\u00f5es Diretas","elemento_despesa":"Outros Servi\u00e7os de Terceiros - Pessoa Jur\u00eddica","sub_elem_desp":"SEM SUBELEMENTO","fonte_recurso":"Recursos do Exerc\u00edcio Corrente \/ Recursos n\u00e3o Vinculados de Impostos \/ -"},{"ano_emissao_emp":"2023","n_emp":"0001238","data_emissao":"10\/04\/2023","valor":"330,00","tipo_empenho":"Ordin\u00e1rio","hist_emp":"VALOR QUE SE EMPENHA REFERENTE A PRESTA\u00c7\u00c3O DE SERVI\u00c7OS DE LAVAGEM GERAL NOS VE\u00cdCULOS DE PLACAS KHX-4801 E JTU-5A20, PERTENCENTES A ESTA ADMINISTRA\u00c7\u00c3O, CONFORME DESCRITO EM NOTA FISCAL DE N\u00ba 281 ANEXA.","fornecedor":null,"denom_uni_orc":null,"funcao":"Administra\u00e7\u00e3o","sub_funcao":"Administra\u00e7\u00e3o Geral","programa":"SUPERVIS\u00c3O E COORDENA\u00c7\u00c3O SUPERIOR","acao":null,"ident_acao":"Atividade","cat_econ":"Despesa Corrente","natureza_despesa":"Outras Despesas Correntes","modalidade_despesa":"Aplica\u00e7\u00f5es Diretas","elemento_despesa":"Outros Servi\u00e7os de Terceiros - Pessoa Jur\u00eddica","sub_elem_desp":"SEM SUBELEMENTO","fonte_recurso":"Recursos do Exerc\u00edcio Corrente \/ Recursos n\u00e3o Vinculados de Impostos \/ -"},{"ano_emissao_emp":"2023","n_emp":"0001239","data_emissao":"10\/04\/2023","valor":"250,00","tipo_empenho":"Ordin\u00e1rio","hist_emp":"VALOR QUE SE EMPENHA REFERENTE A PRESTA\u00c7\u00c3O DE SERVI\u00c7OS DE LAVAGEM GERAL NOS VE\u00cdCULOS DE PLACAS QYI-1H52 E QYI-1I02, PERTENCENTES A ESTA ADMINISTRA\u00c7\u00c3O, CONFORME DESCRITO EM NOTA FISCAL DE N\u00ba 282 ANEXA.","fornecedor":null,"denom_uni_orc":null,"funcao":"Seguran\u00e7a P\u00fablica","sub_funcao":"Defesa Civil","programa":"DEFESA CIVIL","acao":null,"ident_acao":"Atividade","cat_econ":"Despesa Corrente","natureza_despesa":"Outras Despesas Correntes","modalidade_despesa":"Aplica\u00e7\u00f5es Diretas","elemento_despesa":"Outros Servi\u00e7os de Terceiros - Pessoa Jur\u00eddica","sub_elem_desp":"SEM SUBELEMENTO","fonte_recurso":"Recursos do Exerc\u00edcio Corrente \/ Recursos n\u00e3o Vinculados de Impostos \/ -"},{"ano_emissao_emp":"2023","n_emp":"0001240","data_emissao":"10\/04\/2023","valor":"80,00","tipo_empenho":"Ordin\u00e1rio","hist_emp":"VALOR QUE SE EMPENHA REFERENTE A PRESTA\u00c7\u00c3O DE SERVI\u00c7OS DE LAVAGEM GERAL NO VE\u00cdCULO DE PLACA PDJ-9566, PERTENCENTE A ESTA ADMINISTRA\u00c7\u00c3O, CONFORME DESCRITO EM NOTA FISCAL DE N\u00ba 283 ANEXA.","fornecedor":null,"denom_uni_orc":null,"funcao":"Administra\u00e7\u00e3o","sub_funcao":"Administra\u00e7\u00e3o Geral","programa":"SUPERVIS\u00c3O E COORDENA\u00c7\u00c3O SUPERIOR","acao":null,"ident_acao":"Atividade","cat_econ":"Despesa Corrente","natureza_despesa":"Outras Despesas Correntes","modalidade_despesa":"Aplica\u00e7\u00f5es Diretas","elemento_despesa":"Outros Servi\u00e7os de Terceiros - Pessoa Jur\u00eddica","sub_elem_desp":"SEM SUBELEMENTO","fonte_recurso":"Recursos do Exerc\u00edcio Corrente \/ Recursos n\u00e3o Vinculados de Impostos \/ -"},{"ano_emissao_emp":"2023","n_emp":"0001241","data_emissao":"10\/04\/2023","valor":"80,00","tipo_empenho":"Ordin\u00e1rio","hist_emp":"VALOR QUE SE EMPENHA REFERENTE A PRESTA\u00c7\u00c3O DE SERVI\u00c7OS DE LAVAGEM SIMPLES NO VE\u00cdCULO DE PLACA KKF-3647, PERTENCENTE A ESTA ADMINISTRA\u00c7\u00c3O, CONFORME DESCRITO EM NOTA FISCAL DE N\u00ba 284 ANEXA.","fornecedor":null,"denom_uni_orc":null,"funcao":"Com\u00e9rcio e Servi\u00e7os","sub_funcao":"Turismo","programa":"PROMO\u00c7\u00c3O DO TURISMO","acao":null,"ident_acao":"Atividade","cat_econ":"Despesa Corrente","natureza_despesa":"Outras Despesas Correntes","modalidade_despesa":"Aplica\u00e7\u00f5es Diretas","elemento_despesa":"Outros Servi\u00e7os de Terceiros - Pessoa Jur\u00eddica","sub_elem_desp":"SEM SUBELEMENTO","fonte_recurso":"Recursos do Exerc\u00edcio Corrente \/ Recursos n\u00e3o Vinculados de Impostos \/ -"},{"ano_emissao_emp":"2023","n_emp":"0001242","data_emissao":"10\/04\/2023","valor":"1.300,00","tipo_empenho":"Ordin\u00e1rio","hist_emp":"VALOR QUE SE EMPENHA REFERENTE A AQUISI\u00c7\u00c3O DE RA\u00c7\u00c3O PARA CACHORROS DESTINADAS AO ABRIGO DE ANIMAIS ABANDONADOS DESTE MUNIC\u00cdPIO, CONFORME DESCRITO EM NOTA FISCAL N\u00ba 07 ANEXA.","fornecedor":null,"denom_uni_orc":null,"funcao":"Agricultura","sub_funcao":"Extens\u00e3o Rural","programa":"EXTENS\u00c3O RURAL","acao":null,"ident_acao":"Atividade","cat_econ":"Despesa Corrente","natureza_despesa":"Outras Despesas Correntes","modalidade_despesa":"Aplica\u00e7\u00f5es Diretas","elemento_despesa":"Material, Bem ou Servi\u00e7o para Distribui\u00e7\u00e3o Gratuita","sub_elem_desp":"SEM SUBELEMENTO","fonte_recurso":"Recursos do Exerc\u00edcio Corrente \/ Recursos n\u00e3o Vinculados de Impostos \/ -"},{"ano_emissao_emp":"2023","n_emp":"0001243","data_emissao":"10\/04\/2023","valor":"190,00","tipo_empenho":"Ordin\u00e1rio","hist_emp":"VALOR QUE SE EMPENHA REFERENTE A AQUISI\u00c7\u00c3O DE PRODUTOS DE LIMPEZA E HIGIENIZA\u00c7\u00c3O DESTINADOS A MANUTEN\u00c7\u00c3O DOS SERVI\u00c7OS DESTA ADMINISTRA\u00c7\u00c3O, CONFORME DESCRITO EM NOTA FISCAL DE N\u00ba 15174 EM ANEXO. PROCESSO LICITAT\u00d3RIO 013\/2022 PREG\u00c3O 012\/2022.","fornecedor":null,"denom_uni_orc":null,"funcao":"Administra\u00e7\u00e3o","sub_funcao":"Administra\u00e7\u00e3o Geral","programa":"ADMINISTRA\u00c7\u00c3O GERAL","acao":null,"ident_acao":"Atividade","cat_econ":"Despesa Corrente","natureza_despesa":"Outras Despesas Correntes","modalidade_despesa":"Aplica\u00e7\u00f5es Diretas","elemento_despesa":"Material de Consumo","sub_elem_desp":"SEM SUBELEMENTO","fonte_recurso":"Recursos do Exerc\u00edcio Corrente \/ Recursos n\u00e3o Vinculados de Impostos \/ -"},{"ano_emissao_emp":"2023","n_emp":"0001244","data_emissao":"11\/04\/2023","valor":"1.670,00","tipo_empenho":"Ordin\u00e1rio","hist_emp":"VALOR QUE SE EMPENHA REFERENTE A PRESTA\u00c7\u00c3O DE SERVI\u00c7OS DE LIMPEZA DE RUAS E \u00c1REAS URBANAS, E VARRI\u00c7\u00c3O DA FEIRA DE FRUTAS E VERDURAS NO DISTRITO DE P\u00c3O DE A\u00c7\u00daCAR, NESTE MUNIC\u00cdPIO, DURANTE O M\u00caS DE MARLO, CONFORME SOLICITADO NO OF\u00cdCIO N\u00ba 057\/2023 - SUBPREFEITURA EM ANEXO.","fornecedor":null,"denom_uni_orc":null,"funcao":"Administra\u00e7\u00e3o","sub_funcao":"Administra\u00e7\u00e3o Geral","programa":"SUPERVIS\u00c3O E COORDENA\u00c7\u00c3O SUPERIOR","acao":null,"ident_acao":"Atividade","cat_econ":"Despesa Corrente","natureza_despesa":"Outras Despesas Correntes","modalidade_despesa":"Aplica\u00e7\u00f5es Diretas","elemento_despesa":"Outros Servi\u00e7os de Terceiros - Pessoa F\u00edsica","sub_elem_desp":"SEM SUBELEMENTO","fonte_recurso":"Recursos do Exerc\u00edcio Corrente \/ Recursos n\u00e3o Vinculados de Impostos \/ -"},{"ano_emissao_emp":"2023","n_emp":"0001245","data_emissao":"11\/04\/2023","valor":"2.310,00","tipo_empenho":"Ordin\u00e1rio","hist_emp":"VALOR QUE SE EMPENHA REFERENTE A PRESTA\u00c7\u00c3O DE SERVI\u00c7OS DE LIMPEZA E CAPINA\u00c7\u00c3O, NO DISTRITO DE P\u00c3O DE A\u00c7\u00daCAR, NESTE MUNIC\u00cdPIO, DURANTE O M\u00caS DE MAR\u00c7O, CONFORME SOLICITADO NO OF\u00cdCIO N\u00ba 056\/2023 - SUBPREFEITURA EM ANEXO.","fornecedor":null,"denom_uni_orc":null,"funcao":"Administra\u00e7\u00e3o","sub_funcao":"Administra\u00e7\u00e3o Geral","programa":"SUPERVIS\u00c3O E COORDENA\u00c7\u00c3O SUPERIOR","acao":null,"ident_acao":"Atividade","cat_econ":"Despesa Corrente","natureza_despesa":"Outras Despesas Correntes","modalidade_despesa":"Aplica\u00e7\u00f5es Diretas","elemento_despesa":"Outros Servi\u00e7os de Terceiros - Pessoa F\u00edsica","sub_elem_desp":"SEM SUBELEMENTO","fonte_recurso":"Recursos do Exerc\u00edcio Corrente \/ Recursos n\u00e3o Vinculados de Impostos \/ -"},{"ano_emissao_emp":"2023","n_emp":"0001246","data_emissao":"11\/04\/2023","valor":"1.830,00","tipo_empenho":"Ordin\u00e1rio","hist_emp":"VALOR QUE SE EMPENHA REFERENTE A PRESTA\u00c7\u00c3O DE SERVI\u00c7OS DE LIMPEZA DE RUAS E \u00c1REAS URBANAS DO DISTRITO DE P\u00c3O DE A\u00c7\u00daCAR, NESTE MUNIC\u00cdPIO, DURANTE O M\u00caS DE MAR\u00c7O, CONFORME SOLICITADO NO OF\u00cdCIO N\u00ba 058\/2023 - SUBPREFEITURA EM ANEXO.","fornecedor":null,"denom_uni_orc":null,"funcao":"Administra\u00e7\u00e3o","sub_funcao":"Administra\u00e7\u00e3o Geral","programa":"SUPERVIS\u00c3O E COORDENA\u00c7\u00c3O SUPERIOR","acao":null,"ident_acao":"Atividade","cat_econ":"Despesa Corrente","natureza_despesa":"Outras Despesas Correntes","modalidade_despesa":"Aplica\u00e7\u00f5es Diretas","elemento_despesa":"Outros Servi\u00e7os de Terceiros - Pessoa F\u00edsica","sub_elem_desp":"SEM SUBELEMENTO","fonte_recurso":"Recursos do Exerc\u00edcio Corrente \/ Recursos n\u00e3o Vinculados de Impostos \/ -"},{"ano_emissao_emp":"2023","n_emp":"0001247","data_emissao":"11\/04\/2023","valor":"2.250,00","tipo_empenho":"Ordin\u00e1rio","hist_emp":"VALOR QUE SE EMPENHA REFERENTE A PRESTA\u00c7\u00c3O DE SERVI\u00c7OS DE RETIRADA DE ENTULHOS, METRALHAS E COLOCA\u00c7\u00c3O DE TENDAS NOS FINAIS DE SEMANA, NO DISTRITO DE P\u00c3O DE A\u00c7\u00daCAR, NESTE MUNIC\u00cdPIO DURANTE O M\u00caS DE MAR\u00c7O, CONFORME SOLICITADO NO OF\u00cdCIO N\u00ba 059\/2023 SUBPREFEITURA EM ANEXO.","fornecedor":null,"denom_uni_orc":null,"funcao":"Administra\u00e7\u00e3o","sub_funcao":"Administra\u00e7\u00e3o Geral","programa":"SUPERVIS\u00c3O E COORDENA\u00c7\u00c3O SUPERIOR","acao":null,"ident_acao":"Atividade","cat_econ":"Despesa Corrente","natureza_despesa":"Outras Despesas Correntes","modalidade_despesa":"Aplica\u00e7\u00f5es Diretas","elemento_despesa":"Outros Servi\u00e7os de Terceiros - Pessoa F\u00edsica","sub_elem_desp":"SEM SUBELEMENTO","fonte_recurso":"Recursos do Exerc\u00edcio Corrente \/ Recursos n\u00e3o Vinculados de Impostos \/ -"},{"ano_emissao_emp":"2023","n_emp":"0001248","data_emissao":"11\/04\/2023","valor":"2.150,00","tipo_empenho":"Ordin\u00e1rio","hist_emp":"VALOR QUE SE EMPENHA REFERENTE A PRESTA\u00c7\u00c3O DE SERVI\u00c7OS NO REPARO DE CAL\u00c7AMENTOS E MANUTEN\u00c7\u00c3O DE SANEAMENTOS DE DIVERSAS RUAS DO DISTRITO DE P\u00c3O DE A\u00c7\u00daCAR, NESTE MUNIC\u00cdPIO, DURANTE O M\u00caS DE MAR\u00c7O, CONFORME SOLICITADO NO OF\u00cdCIO N\u00ba 060\/2023 - SUBPREFEITURA EM ANEXO.","fornecedor":null,"denom_uni_orc":null,"funcao":"Administra\u00e7\u00e3o","sub_funcao":"Administra\u00e7\u00e3o Geral","programa":"SUPERVIS\u00c3O E COORDENA\u00c7\u00c3O SUPERIOR","acao":null,"ident_acao":"Atividade","cat_econ":"Despesa Corrente","natureza_despesa":"Outras Despesas Correntes","modalidade_despesa":"Aplica\u00e7\u00f5es Diretas","elemento_despesa":"Outros Servi\u00e7os de Terceiros - Pessoa F\u00edsica","sub_elem_desp":"SEM SUBELEMENTO","fonte_recurso":"Recursos do Exerc\u00edcio Corrente \/ Recursos n\u00e3o Vinculados de Impostos \/ -"},{"ano_emissao_emp":"2023","n_emp":"0001249","data_emissao":"11\/04\/2023","valor":"600,00","tipo_empenho":"Ordin\u00e1rio","hist_emp":"VALOR QUE SE EMPENHA REFERENTE A PRESTA\u00c7\u00c3O DE SERVI\u00c7OS DE PREPARO E FORNECIMENTO DE REFEI\u00c7\u00d5ES DESTINADAS AS EQUIPES DE TRABALHO DA SUBPREFEITURA DO DISTRITO DE P\u00c3O DE A\u00c7\u00daCAR, NESTE MUNIC\u00cdPIO, DURANTE O M\u00caS DE MAR\u00c7O, CONFORME SOLICITADO NO OF\u00cdCIO DE N\u00ba 064\/2023 - SUBPREFEITURA EM ANEXO.","fornecedor":null,"denom_uni_orc":null,"funcao":"Administra\u00e7\u00e3o","sub_funcao":"Administra\u00e7\u00e3o Geral","programa":"SUPERVIS\u00c3O E COORDENA\u00c7\u00c3O SUPERIOR","acao":null,"ident_acao":"Atividade","cat_econ":"Despesa Corrente","natureza_despesa":"Outras Despesas Correntes","modalidade_despesa":"Aplica\u00e7\u00f5es Diretas","elemento_despesa":"Outros Servi\u00e7os de Terceiros - Pessoa F\u00edsica","sub_elem_desp":"SEM SUBELEMENTO","fonte_recurso":"Recursos do Exerc\u00edcio Corrente \/ Recursos n\u00e3o Vinculados de Impostos \/ -"},{"ano_emissao_emp":"2023","n_emp":"0001250","data_emissao":"11\/04\/2023","valor":"2.190,00","tipo_empenho":"Ordin\u00e1rio","hist_emp":"VALOR QUE SE EMPENHA REFERENTE A PRESTA\u00c7\u00c3O DE SERVI\u00c7OS DE LIMPEZA E CAPINA\u00c7\u00c3O NOS LOCAIS QUE SE FIZEREM NECESS\u00c1RIOS, BEM COMO NA LIMPEZA DA FEIRA LIVRE NO DISTRITO DE P\u00c3O DE A\u00c7\u00daCAR, NESTE MUNIC\u00cdPIO, DURANTE O M\u00caS DE MAR\u00c7O, CONFORME SOLICITADO NO OF\u00cdCIO N\u00ba 055\/2023 - SUBPREFEITURA EM ANEXO.","fornecedor":null,"denom_uni_orc":null,"funcao":"Administra\u00e7\u00e3o","sub_funcao":"Administra\u00e7\u00e3o Geral","programa":"SUPERVIS\u00c3O E COORDENA\u00c7\u00c3O SUPERIOR","acao":null,"ident_acao":"Atividade","cat_econ":"Despesa Corrente","natureza_despesa":"Outras Despesas Correntes","modalidade_despesa":"Aplica\u00e7\u00f5es Diretas","elemento_despesa":"Outros Servi\u00e7os de Terceiros - Pessoa F\u00edsica","sub_elem_desp":"SEM SUBELEMENTO","fonte_recurso":"Recursos do Exerc\u00edcio Corrente \/ Recursos n\u00e3o Vinculados de Impostos \/ -"},{"ano_emissao_emp":"2023","n_emp":"0001251","data_emissao":"11\/04\/2023","valor":"1.550,00","tipo_empenho":"Ordin\u00e1rio","hist_emp":"VALOR QUE SE EMPENHA REFERENTE A PRESTA\u00c7\u00c3O DE SERVI\u00c7OS DE PINTURA DE FAIXAS E LOMBADAS, BEM COMO MANUTEN\u00c7\u00c3O NAS PRA\u00c7AS DO DISTRITO DE P\u00c3O DE A\u00c7\u00daCAR, NESTE MUNIC\u00cdPIO, DURANTE O M\u00caS DE MAR\u00c7O, CONFORME SOLICITADO NO OF\u00cdCIO N\u00ba 061\/2023 - SUBPREFEITURA EM ANEXO.","fornecedor":"MARCELO MASTROIANNI DE ARA\u00daJO","denom_uni_orc":null,"funcao":"Administra\u00e7\u00e3o","sub_funcao":"Administra\u00e7\u00e3o Geral","programa":"SUPERVIS\u00c3O E COORDENA\u00c7\u00c3O SUPERIOR","acao":null,"ident_acao":"Atividade","cat_econ":"Despesa Corrente","natureza_despesa":"Outras Despesas Correntes","modalidade_despesa":"Aplica\u00e7\u00f5es Diretas","elemento_despesa":"Outros Servi\u00e7os de Terceiros - Pessoa F\u00edsica","sub_elem_desp":"SEM SUBELEMENTO","fonte_recurso":"Recursos do Exerc\u00edcio Corrente \/ Recursos n\u00e3o Vinculados de Impostos \/ -"},{"ano_emissao_emp":"2023","n_emp":"0001252","data_emissao":"11\/04\/2023","valor":"2.510,00","tipo_empenho":"Ordin\u00e1rio","hist_emp":"VALOR QUE SE EMPENHA REFERENTE A PRESTA\u00c7\u00c3O DE AJUDANTE DE PEDREIRO, BEM COMO NO TRABALHO NAS CANCELAS DA FESTA DE MAR\u00c7O NO DISTRITO DE P\u00c3O DE A\u00c7\u00daCAR, NESTE MUNIC\u00cdPIO, DURANTE O M\u00caS DE MAR\u00c7O, CONFORME SOLICITADO NO OF\u00cdCIO N\u00ba 062\/2023 - SUBPREFEITURA EM ANEXO.","fornecedor":"JOSEILDO JOS\u00c9 DA COSTA SILVA","denom_uni_orc":null,"funcao":"Administra\u00e7\u00e3o","sub_funcao":"Administra\u00e7\u00e3o Geral","programa":"SUPERVIS\u00c3O E COORDENA\u00c7\u00c3O SUPERIOR","acao":null,"ident_acao":"Atividade","cat_econ":"Despesa Corrente","natureza_despesa":"Outras Despesas Correntes","modalidade_despesa":"Aplica\u00e7\u00f5es Diretas","elemento_despesa":"Outros Servi\u00e7os de Terceiros - Pessoa F\u00edsica","sub_elem_desp":"SEM SUBELEMENTO","fonte_recurso":"Recursos do Exerc\u00edcio Corrente \/ Recursos n\u00e3o Vinculados de Impostos \/ -"},{"ano_emissao_emp":"2023","n_emp":"0001253","data_emissao":"11\/04\/2023","valor":"1.850,00","tipo_empenho":"Ordin\u00e1rio","hist_emp":"VALOR QUE SE EMPENHA REFERENTE A PRESTA\u00c7\u00c3O DE SERVI\u00c7OS DE RETIRADA DE METRALHAS E ENTULHOS NOS LOCAIS QUE SE FIZEREM NECESS\u00c1RIOS DURANTE OS FINS DE SEMANA NO DISTRITO DE P\u00c3O DE A\u00c7\u00daCAR, NESTE MUNIC\u00cdPIO, DURANTE O M\u00caS DE MAR\u00c7O, CONFORME SOLICITADO NO OF\u00cdCIO N\u00ba 063\/2023 - SUBPREFEITURA EM ANEXO.","fornecedor":"BRUNO CARVALHO DE CAMPOS","denom_uni_orc":null,"funcao":"Administra\u00e7\u00e3o","sub_funcao":"Administra\u00e7\u00e3o Geral","programa":"SUPERVIS\u00c3O E COORDENA\u00c7\u00c3O SUPERIOR","acao":null,"ident_acao":"Atividade","cat_econ":"Despesa Corrente","natureza_despesa":"Outras Despesas Correntes","modalidade_despesa":"Aplica\u00e7\u00f5es Diretas","elemento_despesa":"Outros Servi\u00e7os de Terceiros - Pessoa F\u00edsica","sub_elem_desp":"SEM SUBELEMENTO","fonte_recurso":"Recursos do Exerc\u00edcio Corrente \/ Recursos n\u00e3o Vinculados de Impostos \/ -"},{"ano_emissao_emp":"2023","n_emp":"0001254","data_emissao":"11\/04\/2023","valor":"1.650,00","tipo_empenho":"Ordin\u00e1rio","hist_emp":"VALOR QUE SE EMPENHA REFERENTE A PRESTA\u00c7\u00c3O DE SERVI\u00c7OS DE LIMPEZA E CAPINA\u00c7\u00c3O, BEM COMO NA PINTURA DO CRUZEIRO NO DISTRITO DE P\u00c3O DE A\u00c7\u00daCAR, NESTE MUNIC\u00cdPIO, DURANTE O M\u00caS DE MAR\u00c7O, CONFORME SOLICITADO NO OF\u00cdCIO N\u00ba 065\/2023 - SUBPREFEITURA EM ANEXO.","fornecedor":"LEANDRO VIEIRA DA SILVA","denom_uni_orc":null,"funcao":"Administra\u00e7\u00e3o","sub_funcao":"Administra\u00e7\u00e3o Geral","programa":"SUPERVIS\u00c3O E COORDENA\u00c7\u00c3O SUPERIOR","acao":null,"ident_acao":"Atividade","cat_econ":"Despesa Corrente","natureza_despesa":"Outras Despesas Correntes","modalidade_despesa":"Aplica\u00e7\u00f5es Diretas","elemento_despesa":"Outros Servi\u00e7os de Terceiros - Pessoa F\u00edsica","sub_elem_desp":"SEM SUBELEMENTO","fonte_recurso":"Recursos do Exerc\u00edcio Corrente \/ Recursos n\u00e3o Vinculados de Impostos \/ -"},{"ano_emissao_emp":"2023","n_emp":"0001255","data_emissao":"11\/04\/2023","valor":"400,00","tipo_empenho":"Ordin\u00e1rio","hist_emp":"VALOR QUE SE EMPENHA REFERENTE A CONCESS\u00c3O DE 01 (UMA) DI\u00c1RIA AO PREFEITO IVANILDO MESTRE BEZERRA, NO CARGO DE PREFEITO, LOTADO NESTE GABINETE, COM DESTINO A CIDADE DE RECIFE, JUNTO A ALEPE E SECRETARIA DE TURISMO NO DIA 13\/04\/2023, PARA TRATAR DE ASSUNTOS DE INTERESSE DESTA ADMINISTRA\u00c7\u00c3O, COM VALOR DE R$ 400,00 NIVEL I, CONF. LEI N\u00ba 016\/2009.","fornecedor":null,"denom_uni_orc":null,"funcao":"Administra\u00e7\u00e3o","sub_funcao":"Administra\u00e7\u00e3o Geral","programa":"SUPERVIS\u00c3O E COORDENA\u00c7\u00c3O SUPERIOR","acao":null,"ident_acao":"Atividade","cat_econ":"Despesa Corrente","natureza_despesa":"Outras Despesas Correntes","modalidade_despesa":"Aplica\u00e7\u00f5es Diretas","elemento_despesa":"Di\u00e1rias \u2013 Civil","sub_elem_desp":"SEM SUBELEMENTO","fonte_recurso":"Recursos do Exerc\u00edcio Corrente \/ Recursos n\u00e3o Vinculados de Impostos \/ -"},{"ano_emissao_emp":"2023","n_emp":"0001256","data_emissao":"11\/04\/2023","valor":"220,00","tipo_empenho":"Ordin\u00e1rio","hist_emp":"VALOR QUE SE EMPENHA REFERENTE A CONCESS\u00c3O DE 01 (UMA) DI\u00c1RIA AO SERVIDOR JOS\u00c9 ALO\u00cdCIO DE LIMA SILVA, SECRET\u00c1RIO MUNICIPAL, LOTADO NA SECRETARIA DE TURISMO, COM DESTINO A CIDADE DE RECIFE-PE JUNTO A ALEPE E SECRETARIA DE TURISMO, NO DIA 13\/04\/23, PARA TRATAR DE ASSUNTOS DE INTERESSE DESTA ADMINISTRA\u00c7\u00c3O, COM VALOR DE R$ 220,00, CONFORME LEI N\u00ba 016\/2009.","fornecedor":"JOSE ALOISIO DE LIMA SILVA","denom_uni_orc":null,"funcao":"Com\u00e9rcio e Servi\u00e7os","sub_funcao":"Turismo","programa":"PROMO\u00c7\u00c3O DO TURISMO","acao":null,"ident_acao":"Atividade","cat_econ":"Despesa Corrente","natureza_despesa":"Outras Despesas Correntes","modalidade_despesa":"Aplica\u00e7\u00f5es Diretas","elemento_despesa":"Di\u00e1rias \u2013 Civil","sub_elem_desp":"SEM SUBELEMENTO","fonte_recurso":"Recursos do Exerc\u00edcio Corrente \/ Recursos n\u00e3o Vinculados de Impostos \/ -"},{"ano_emissao_emp":"2023","n_emp":"0001257","data_emissao":"11\/04\/2023","valor":"6.892,40","tipo_empenho":"Ordin\u00e1rio","hist_emp":"VALOR QUE SE EMPENHA REFERENTE A PRESTA\u00c7\u00c3O DE SERVI\u00c7OS DE LOCA\u00c7\u00c3O DE VE\u00cdCULO TIPO CAMIONETA ABERTA DE PLACA JTM-9G52, EQUIPADA COM ESCADA ELEVAT\u00d3RIA E GIRAT\u00d3RIA DESTINADA A MANUTEN\u00c7\u00c3O DOS SERVI\u00c7OS DE ILUMINA\u00c7\u00c3O P\u00daBLICA DESTE MUNIC\u00cdPIO. CONFORME CONTRATO DE PRESTA\u00c7\u00c3O DE SERVI\u00c7OS, CONFORME CONTRATO DE PRESTA\u00c7\u00c3O DE SERVI\u00c7OS E TERMO ADITIVO. REF. FEVEREIRO.","fornecedor":null,"denom_uni_orc":null,"funcao":"Urbanismo","sub_funcao":"Servi\u00e7os Urbanos","programa":"ILUMINA\u00c7\u00c3O P\u00daBLICA","acao":null,"ident_acao":"Atividade","cat_econ":"Despesa Corrente","natureza_despesa":"Outras Despesas Correntes","modalidade_despesa":"Aplica\u00e7\u00f5es Diretas","elemento_despesa":"Outros Servi\u00e7os de Terceiros - Pessoa F\u00edsica","sub_elem_desp":"SEM SUBELEMENTO","fonte_recurso":"Recursos do Exerc\u00edcio Corrente \/ Recursos n\u00e3o Vinculados de Impostos \/ -"},{"ano_emissao_emp":"2023","n_emp":"0001258","data_emissao":"11\/04\/2023","valor":"6.892,40","tipo_empenho":"Ordin\u00e1rio","hist_emp":"VALOR QUE SE EMPENHA REFERENTE A PRESTA\u00c7\u00c3O DE SERVI\u00c7OS DE LOCA\u00c7\u00c3O DE VE\u00cdCULO TIPO CAMIONETA ABERTA DE PLACA JTM-9G52, EQUIPADA COM ESCADA ELEVAT\u00d3RIA E GIRAT\u00d3RIA DESTINADA A MANUTEN\u00c7\u00c3O DOS SERVI\u00c7OS DE ILUMINA\u00c7\u00c3O P\u00daBLICA DESTE MUNIC\u00cdPIO. CONFORME CONTRATO DE PRESTA\u00c7\u00c3O DE SERVI\u00c7OS, CONFORME CONTRATO DE PRESTA\u00c7\u00c3O DE SERVI\u00c7OS E TERMO ADITIVO. REF. MAR\u00c7O.","fornecedor":null,"denom_uni_orc":null,"funcao":"Urbanismo","sub_funcao":"Servi\u00e7os Urbanos","programa":"ILUMINA\u00c7\u00c3O P\u00daBLICA","acao":null,"ident_acao":"Atividade","cat_econ":"Despesa Corrente","natureza_despesa":"Outras Despesas Correntes","modalidade_despesa":"Aplica\u00e7\u00f5es Diretas","elemento_despesa":"Outros Servi\u00e7os de Terceiros - Pessoa F\u00edsica","sub_elem_desp":"SEM SUBELEMENTO","fonte_recurso":"Recursos do Exerc\u00edcio Corrente \/ Recursos n\u00e3o Vinculados de Impostos \/ -"},{"ano_emissao_emp":"2023","n_emp":"0001259","data_emissao":"11\/04\/2023","valor":"270,00","tipo_empenho":"Ordin\u00e1rio","hist_emp":"VALOR QUE SE EMPENHA REFERENTE A CONCESS\u00c3O DE 03 (TR\u00caS) DI\u00c1RIAS AO SERVIDOR JAILSON BEZERRA DA SILVA NO CARGO DE ASSISTENTE, LOTADO NA SECRETARIA DE FINAN\u00c7AS, COM DESTINO A CIDADE DO RECIFE, JUNTO A FORNECEDORES PARA TRATAR DE ASSUNTOS DE INTERESSE DESTA ADMINISTRA\u00c7\u00c3O NOS DIAS 11, 12 E 13\/04\/2023 COM VALOR DE R$ 270,00 NIVEL I CONFORME LEI. 016\/2009.","fornecedor":"JAILSON BEZERRA DA SILVA","denom_uni_orc":null,"funcao":"Administra\u00e7\u00e3o","sub_funcao":"Administra\u00e7\u00e3o Geral","programa":"ADMINISTRA\u00c7\u00c3O GERAL","acao":null,"ident_acao":"Atividade","cat_econ":"Despesa Corrente","natureza_despesa":"Outras Despesas Correntes","modalidade_despesa":"Aplica\u00e7\u00f5es Diretas","elemento_despesa":"Di\u00e1rias \u2013 Civil","sub_elem_desp":"SEM SUBELEMENTO","fonte_recurso":"Recursos do Exerc\u00edcio Corrente \/ Recursos n\u00e3o Vinculados de Impostos \/ -"},{"ano_emissao_emp":"2023","n_emp":"0001260","data_emissao":"11\/04\/2023","valor":"270,00","tipo_empenho":"Ordin\u00e1rio","hist_emp":"VALOR QUE SE EMPENHA REFERENTE A CONCESS\u00c3O DE 03 (TR\u00caS) DI\u00c1RIAS AO SERVIDOR JOS\u00c9 DE ALMEIDA MENDES J\u00daNIOR, NO CARGO DE ESCRITUR\u00c1RIO, LOTADO NA SECRETARIA DE FINAN\u00c7AS, COM DESTINO A CIDADE DO RECIFE, JUNTO A FORNECEDORES PARA TRATAR DE ASSUNTOS DE INTERESSE DESTA ADMINISTRA\u00c7\u00c3O NOS DIAS 11, 12 E 13\/04\/2023 COM VALOR DE R$ 270,00 NIVEL I CONFORME LEI. 016\/2009.","fornecedor":"JOS\u00c9 DE ALMEIDA MENDES JUNIOR","denom_uni_orc":null,"funcao":"Administra\u00e7\u00e3o","sub_funcao":"Administra\u00e7\u00e3o Geral","programa":"ADMINISTRA\u00c7\u00c3O GERAL","acao":null,"ident_acao":"Atividade","cat_econ":"Despesa Corrente","natureza_despesa":"Outras Despesas Correntes","modalidade_despesa":"Aplica\u00e7\u00f5es Diretas","elemento_despesa":"Di\u00e1rias \u2013 Civil","sub_elem_desp":"SEM SUBELEMENTO","fonte_recurso":"Recursos do Exerc\u00edcio Corrente \/ Recursos n\u00e3o Vinculados de Impostos \/ -"},{"ano_emissao_emp":"2023","n_emp":"0001261","data_emissao":"11\/04\/2023","valor":"350,00","tipo_empenho":"Ordin\u00e1rio","hist_emp":"VALOR QUE SE EMPENHA REFERENTE A PRESTA\u00c7\u00c3O DE SERVI\u00c7OS DE REPARO E MANUTEN\u00c7\u00c3O EM UMA BOMBA DE 1\/3, REBOBINAMENTO E MEC\u00c2NICA, PERTENCENTE A ESTA ADMINISTRA\u00c7\u00c3O, CONFORME DESCRITO EM NOTA FISCAL N\u00ba 61 ANEXA.","fornecedor":null,"denom_uni_orc":null,"funcao":"Administra\u00e7\u00e3o","sub_funcao":"Administra\u00e7\u00e3o Geral","programa":"ADMINISTRA\u00c7\u00c3O GERAL","acao":null,"ident_acao":"Atividade","cat_econ":"Despesa Corrente","natureza_despesa":"Outras Despesas Correntes","modalidade_despesa":"Aplica\u00e7\u00f5es Diretas","elemento_despesa":"Outros Servi\u00e7os de Terceiros - Pessoa Jur\u00eddica","sub_elem_desp":"SEM SUBELEMENTO","fonte_recurso":"Recursos do Exerc\u00edcio Corrente \/ Recursos n\u00e3o Vinculados de Impostos \/ -"},{"ano_emissao_emp":"2023","n_emp":"0001262","data_emissao":"11\/04\/2023","valor":"400,00","tipo_empenho":"Ordin\u00e1rio","hist_emp":"VALOR QUE SE EMPENHA REFERENTE A PRESTA\u00c7\u00c3O DE SERVI\u00c7OS DE REPARO E MANUTEN\u00c7\u00c3O EM UMA BOMBA DE 1,5 CV, REBOBINAMENTO, PERTENCENTE A ESTA ADMINISTRA\u00c7\u00c3O, CONFORME DESCRITO EM NOTA FISCAL N\u00ba 60 ANEXA.","fornecedor":null,"denom_uni_orc":null,"funcao":"Administra\u00e7\u00e3o","sub_funcao":"Administra\u00e7\u00e3o Geral","programa":"ADMINISTRA\u00c7\u00c3O GERAL","acao":null,"ident_acao":"Atividade","cat_econ":"Despesa Corrente","natureza_despesa":"Outras Despesas Correntes","modalidade_despesa":"Aplica\u00e7\u00f5es Diretas","elemento_despesa":"Outros Servi\u00e7os de Terceiros - Pessoa Jur\u00eddica","sub_elem_desp":"SEM SUBELEMENTO","fonte_recurso":"Recursos do Exerc\u00edcio Corrente \/ Recursos n\u00e3o Vinculados de Impostos \/ -"},{"ano_emissao_emp":"2023","n_emp":"0001263","data_emissao":"11\/04\/2023","valor":"90,00","tipo_empenho":"Ordin\u00e1rio","hist_emp":"VALOR QUE SE EMPENHA REFERENTE A CONCESS\u00c3O DE 01 (UMA) DI\u00c1RIA A SERVIDORA MARIA HELENA DA COSTA PEREIRA, COORDENADORA, LOTADA NA COORDENADORIA DA MULHER DESTE GABINETE, COM DESTINO A CIDADE DO CARUARU, PARA ACOMPANHAR DUAS USU\u00c1RIAS DO SISTEMA PARA O IML NO DIA 13\/04\/2023 COM VALOR DE R$ 90,00, CONFORME SOLICITADO NO OFICIO DE N\u00ba 018\/2023 - COORDENADORIA DA MULHER, DATADO DE 11\/04\/2023, N\u00cdVEL I, CONF. LEI. 016\/2009. EM ANEXO.","fornecedor":null,"denom_uni_orc":null,"funcao":"Administra\u00e7\u00e3o","sub_funcao":"Administra\u00e7\u00e3o Geral","programa":"SUPERVIS\u00c3O E COORDENA\u00c7\u00c3O SUPERIOR","acao":null,"ident_acao":"Atividade","cat_econ":"Despesa Corrente","natureza_despesa":"Outras Despesas Correntes","modalidade_despesa":"Aplica\u00e7\u00f5es Diretas","elemento_despesa":"Di\u00e1rias \u2013 Civil","sub_elem_desp":"SEM SUBELEMENTO","fonte_recurso":"Recursos do Exerc\u00edcio Corrente \/ Recursos n\u00e3o Vinculados de Impostos \/ -"},{"ano_emissao_emp":"2023","n_emp":"0001264","data_emissao":"11\/04\/2023","valor":"80,00","tipo_empenho":"Ordin\u00e1rio","hist_emp":"VALOR QUE SE EMPENHA REFERENTE A CONCESS\u00c3O DE 01 (UMA) DI\u00c1RIA AO SERVIDOR CARLOS SEBASTI\u00c3O PEREIRA, MOTORISTA, LOTADO NESTE GABINETE, COM DESTINO A CIDADE DO CARUARU, PARA ACOMPANHAR DUAS USU\u00c1RIAS DO SISTEMA PARA O IML NO DIA 13\/04\/2023 COM VALOR DE R$ 80,00, CONFORME SOLICITADO NO OFICIO DE N\u00ba 018\/2023 - COORDENADORIA DA MULHER, DATADO DE 11\/04\/2023, N\u00cdVEL I, CONF. LEI. 016\/2009. EM ANEXO.","fornecedor":null,"denom_uni_orc":null,"funcao":"Administra\u00e7\u00e3o","sub_funcao":"Administra\u00e7\u00e3o Geral","programa":"SUPERVIS\u00c3O E COORDENA\u00c7\u00c3O SUPERIOR","acao":null,"ident_acao":"Atividade","cat_econ":"Despesa Corrente","natureza_despesa":"Outras Despesas Correntes","modalidade_despesa":"Aplica\u00e7\u00f5es Diretas","elemento_despesa":"Di\u00e1rias \u2013 Civil","sub_elem_desp":"SEM SUBELEMENTO","fonte_recurso":"Recursos do Exerc\u00edcio Corrente \/ Recursos n\u00e3o Vinculados de Impostos \/ -"},{"ano_emissao_emp":"2023","n_emp":"0001265","data_emissao":"11\/04\/2023","valor":"5.149,75","tipo_empenho":"Ordin\u00e1rio","hist_emp":"VALOR QUE SE EMPENHA REFERENTE A AQUISI\u00c7\u00c3O DE G\u00caNEROS ALIMENT\u00cdCIOS DIVERSOS (BISCOITOS, CHARQUE, LEITE EM P\u00d3) DESTINADOS A MANUTEN\u00c7\u00c3O DOS SERVI\u00c7OS DESTA ADMINISTRA\u00c7\u00c3O, CONFORME DESCRITO EM NOTA FISCAL DE N\u00ba 17382 ANEXA. PROCESSO LICITAT\u00d3RIO N\u00ba 022\/2022 PREG\u00c3O ELETR\u00d4NICO N\u00ba 016\/2022.","fornecedor":null,"denom_uni_orc":null,"funcao":"Administra\u00e7\u00e3o","sub_funcao":"Administra\u00e7\u00e3o Geral","programa":"ADMINISTRA\u00c7\u00c3O GERAL","acao":null,"ident_acao":"Atividade","cat_econ":"Despesa Corrente","natureza_despesa":"Outras Despesas Correntes","modalidade_despesa":"Aplica\u00e7\u00f5es Diretas","elemento_despesa":"Material de Consumo","sub_elem_desp":"SEM SUBELEMENTO","fonte_recurso":"Recursos do Exerc\u00edcio Corrente \/ Recursos n\u00e3o Vinculados de Impostos \/ -"},{"ano_emissao_emp":"2023","n_emp":"0001266","data_emissao":"12\/04\/2023","valor":"360,00","tipo_empenho":"Ordin\u00e1rio","hist_emp":"VALOR QUE SE EMPENHA REFERENTE A PRESTA\u00c7\u00c3O DE SERVI\u00c7OS NA CONFEC\u00c7\u00c3O DE SUPORTES PARA REFLETORES EM TUBO GALVANIZADO, DESTINADOS A ESTA ADMINISTRA\u00c7\u00c3O, CONFORME SOLICITADO NO BOLETIM DE MEDI\u00c7\u00c3O N\u00ba 01 EM ANEXO.","fornecedor":null,"denom_uni_orc":null,"funcao":"Urbanismo","sub_funcao":"Infra-Estrutura Urbana","programa":"PLANEJAMENTO URBANO","acao":null,"ident_acao":"Atividade","cat_econ":"Despesa Corrente","natureza_despesa":"Outras Despesas Correntes","modalidade_despesa":"Aplica\u00e7\u00f5es Diretas","elemento_despesa":"Outros Servi\u00e7os de Terceiros - Pessoa F\u00edsica","sub_elem_desp":"SEM SUBELEMENTO","fonte_recurso":"Recursos do Exerc\u00edcio Corrente \/ Recursos n\u00e3o Vinculados de Impostos \/ -"},{"ano_emissao_emp":"2023","n_emp":"0001267","data_emissao":"12\/04\/2023","valor":"2.400,00","tipo_empenho":"Ordin\u00e1rio","hist_emp":"VALOR QUE SE EMPENHA REFERENTE A PRESTA\u00c7\u00c3O DE SERVI\u00c7OS NO PREPARO E FORNECIMENTO DE KITS DE CAF\u00c9 ORG\u00c2NICO, DESTINADOS A ESTE GABINETE, CONFORME SOLICITADO NO OF\u00cdCIO N\u00ba 076\/2023 - SEGAB EM ANEXO.","fornecedor":null,"denom_uni_orc":null,"funcao":"Administra\u00e7\u00e3o","sub_funcao":"Administra\u00e7\u00e3o Geral","programa":"SUPERVIS\u00c3O E COORDENA\u00c7\u00c3O SUPERIOR","acao":null,"ident_acao":"Atividade","cat_econ":"Despesa Corrente","natureza_despesa":"Outras Despesas Correntes","modalidade_despesa":"Aplica\u00e7\u00f5es Diretas","elemento_despesa":"Outros Servi\u00e7os de Terceiros - Pessoa F\u00edsica","sub_elem_desp":"SEM SUBELEMENTO","fonte_recurso":"Recursos do Exerc\u00edcio Corrente \/ Recursos n\u00e3o Vinculados de Impostos \/ -"},{"ano_emissao_emp":"2023","n_emp":"0001268","data_emissao":"12\/04\/2023","valor":"360,00","tipo_empenho":"Ordin\u00e1rio","hist_emp":"VALOR QUE SE EMPENHA REFERENTE A PRESTA\u00c7\u00c3O DE SERVI\u00c7OS DE LIMPEZA E MANUTEN\u00c7\u00c3O NO A\u00c7OUGUE P\u00daBLICO MUNICIPAL DESTA ADMINISTRA\u00c7\u00c3O, CONFORME SOLICITADO NO OF\u00cdCIO DE N\u00ba 052\/2023 - SEAP EM ANEXO.","fornecedor":"ANDREIA BERNARDINO SOARES","denom_uni_orc":null,"funcao":"Agricultura","sub_funcao":"Administra\u00e7\u00e3o Geral","programa":"ADMINISTRA\u00c7\u00c3O GERAL","acao":null,"ident_acao":"Atividade","cat_econ":"Despesa Corrente","natureza_despesa":"Outras Despesas Correntes","modalidade_despesa":"Aplica\u00e7\u00f5es Diretas","elemento_despesa":"Outros Servi\u00e7os de Terceiros - Pessoa F\u00edsica","sub_elem_desp":"SEM SUBELEMENTO","fonte_recurso":"Recursos do Exerc\u00edcio Corrente \/ Recursos n\u00e3o Vinculados de Impostos \/ -"},{"ano_emissao_emp":"2023","n_emp":"0001269","data_emissao":"12\/04\/2023","valor":"1.450,00","tipo_empenho":"Ordin\u00e1rio","hist_emp":"VALOR QUE SE EMPENHA REFERENTE A PRESTA\u00c7\u00c3O DE SERVI\u00c7OS DE MANUTEN\u00c7\u00c3O, LIMPEZA E CONSERVA\u00c7\u00c3O EM PR\u00c9DIOS P\u00daBLICOS, BEM COMO LIMPEZA NAS RUAS E PINTURA DE MEIO FIOS DA COMUNIDADE DE VILA DO SOCORRO NESTE MUNIC\u00cdPIO, DURANTE O M\u00caS DE MAR\u00c7O, CONFORME SOLICITADO NA CI N\u00ba 011\/2023 - CENTRO ADM. VILA DO SOCORRO EM ANEXO.","fornecedor":null,"denom_uni_orc":null,"funcao":"Administra\u00e7\u00e3o","sub_funcao":"Administra\u00e7\u00e3o Geral","programa":"SUPERVIS\u00c3O E COORDENA\u00c7\u00c3O SUPERIOR","acao":null,"ident_acao":"Atividade","cat_econ":"Despesa Corrente","natureza_despesa":"Outras Despesas Correntes","modalidade_despesa":"Aplica\u00e7\u00f5es Diretas","elemento_despesa":"Outros Servi\u00e7os de Terceiros - Pessoa F\u00edsica","sub_elem_desp":"SEM SUBELEMENTO","fonte_recurso":"Recursos do Exerc\u00edcio Corrente \/ Recursos n\u00e3o Vinculados de Impostos \/ -"},{"ano_emissao_emp":"2023","n_emp":"0001270","data_emissao":"12\/04\/2023","valor":"100,00","tipo_empenho":"Ordin\u00e1rio","hist_emp":"VALOR QUE SE EMPENHA REFERENTE A CONCESS\u00c3O DE 01 (UMA) DI\u00c1RIA AO SERVIDOR ALEXANDRE JORGE VALEN\u00c7A DE MELO, DIRETOR DE TRANSPORTES, LOTADO NESTE GABINETE, COM DESTINO A CIDADE DE CAMPINA GRANDE-PB, JUNTO A FORNECEDORES PARA TRATAR DE ASSUNTOS DE INTERESSE DESTA ADMINISTRA\u00c7\u00c3O, NO DIA 12\/04\/2023 COM VALOR DE R$ 100,00, CONFORME SOLICITADO NO OF\u00cdCIO DE N\u00ba 075\/2023 - SEGAB, DATADO DE 12\/04\/2023, N\u00cdVEL I, CONF. LEI. 016\/2009.","fornecedor":null,"denom_uni_orc":null,"funcao":"Administra\u00e7\u00e3o","sub_funcao":"Administra\u00e7\u00e3o Geral","programa":"SUPERVIS\u00c3O E COORDENA\u00c7\u00c3O SUPERIOR","acao":null,"ident_acao":"Atividade","cat_econ":"Despesa Corrente","natureza_despesa":"Outras Despesas Correntes","modalidade_despesa":"Aplica\u00e7\u00f5es Diretas","elemento_despesa":"Di\u00e1rias \u2013 Civil","sub_elem_desp":"SEM SUBELEMENTO","fonte_recurso":"Recursos do Exerc\u00edcio Corrente \/ Recursos n\u00e3o Vinculados de Impostos \/ -"},{"ano_emissao_emp":"2023","n_emp":"0001271","data_emissao":"12\/04\/2023","valor":"90,00","tipo_empenho":"Ordin\u00e1rio","hist_emp":"VALOR QUE SE EMPENHA REFERENTE A CONCESS\u00c3O DE 01 (UMA) DI\u00c1RIA AO SERVIDOR JOS\u00c9 PEREIRA DA SILVA, DIRETOR DE TRANSPORTES, LOTADO NESTE GABINETE, COM DESTINO A CIDADE DE CAMPINA GRANDE-PB, JUNTO A FORNECEDORES PARA TRATAR DE ASSUNTOS DE INTERESSE DESTA ADMINISTRA\u00c7\u00c3O, NO DIA 12\/04\/2023 COM VALOR DE R$ 90,00, CONFORME SOLICITADO NO OF\u00cdCIO DE N\u00ba 076\/2023 - SEGAB, DATADO DE 12\/04\/2023, N\u00cdVEL I, CONF. LEI. 016\/2009.","fornecedor":"JOS\u00c9 PEREIRA DA SILVA","denom_uni_orc":null,"funcao":"Administra\u00e7\u00e3o","sub_funcao":"Administra\u00e7\u00e3o Geral","programa":"SUPERVIS\u00c3O E COORDENA\u00c7\u00c3O SUPERIOR","acao":null,"ident_acao":"Atividade","cat_econ":"Despesa Corrente","natureza_despesa":"Outras Despesas Correntes","modalidade_despesa":"Aplica\u00e7\u00f5es Diretas","elemento_despesa":"Di\u00e1rias \u2013 Civil","sub_elem_desp":"SEM SUBELEMENTO","fonte_recurso":"Recursos do Exerc\u00edcio Corrente \/ Recursos n\u00e3o Vinculados de Impostos \/ -"},{"ano_emissao_emp":"2023","n_emp":"0001272","data_emissao":"12\/04\/2023","valor":"200,00","tipo_empenho":"Ordin\u00e1rio","hist_emp":"VALOR QUE SE EMPENHA REFERENTE A CONCESS\u00c3O DE 01 (UMA) DI\u00c1RIA AO SERVIDOR JOS\u00c9 PEREIRA COELHO, SECRET\u00c1RIO DE AGRICULTURA, PECU\u00c1RIA E MEIO AMBIENTE, LOTADO NA MESMA SECRETARIA, COM DESTINO A CIDADE De S\u00c3O VICENTE FERRER, PARA REALIZAR VISITA T\u00c9CNICA NO DIA 11\/04\/2023 COM VALOR DE R$ 200,00, CONFORME OFICIO DE N\u00ba 056\/2023 - SEAP, DATADO DE 12\/04\/2023, N\u00cdVEL I, CONF. LEI. 016\/2009.","fornecedor":null,"denom_uni_orc":null,"funcao":"Agricultura","sub_funcao":"Administra\u00e7\u00e3o Geral","programa":"ADMINISTRA\u00c7\u00c3O GERAL","acao":null,"ident_acao":"Atividade","cat_econ":"Despesa Corrente","natureza_despesa":"Outras Despesas Correntes","modalidade_despesa":"Aplica\u00e7\u00f5es Diretas","elemento_despesa":"Di\u00e1rias \u2013 Civil","sub_elem_desp":"SEM SUBELEMENTO","fonte_recurso":"Recursos do Exerc\u00edcio Corrente \/ Recursos n\u00e3o Vinculados de Impostos \/ -"},{"ano_emissao_emp":"2023","n_emp":"0001273","data_emissao":"12\/04\/2023","valor":"90,00","tipo_empenho":"Ordin\u00e1rio","hist_emp":"VALOR QUE SE EMPENHA REFERENTE A CONCESS\u00c3O DE 01 (UMA) DI\u00c1RIA AO SERVIDOR M\u00c1RCIO DA SILVA COSTA, DIRETOR, LOTADO NESTA SECRETARIA, COM DESTINO A CIDADE DE S\u00c3O VICENTE FERRER, PARA REALIZAR VISITA T\u00c9CNICA NO DIA 11\/04\/2023 COM VALOR DE R$ 90,00, CONFORME OFICIO DE N\u00ba 055\/2023 - SEAP, DATADO DE 12\/04\/2023, N\u00cdVEL I, CONF. LEI. 016\/2009.","fornecedor":null,"denom_uni_orc":null,"funcao":"Agricultura","sub_funcao":"Administra\u00e7\u00e3o Geral","programa":"ADMINISTRA\u00c7\u00c3O GERAL","acao":null,"ident_acao":"Atividade","cat_econ":"Despesa Corrente","natureza_despesa":"Outras Despesas Correntes","modalidade_despesa":"Aplica\u00e7\u00f5es Diretas","elemento_despesa":"Di\u00e1rias \u2013 Civil","sub_elem_desp":"SEM SUBELEMENTO","fonte_recurso":"Recursos do Exerc\u00edcio Corrente \/ Recursos n\u00e3o Vinculados de Impostos \/ -"},{"ano_emissao_emp":"2023","n_emp":"0001274","data_emissao":"12\/04\/2023","valor":"1.291,11","tipo_empenho":"Ordin\u00e1rio","hist_emp":"VALOR QUE SE EMPENHA REFERENTE A PRESTA\u00c7\u00c3O DE SERVI\u00c7OS NO FORNECIMENTO DE ENERGIA EL\u00c9TRICA DESTINADA AO PR\u00c9DIO ONDE FUNCIONA A SUBPREFEITURA NO DISTRITO DE P\u00c3O DE A\u00c7\u00daCAR ,NESTE MUNIC\u00cdPIO. CONFORME FATURA ANEXA REF. 04\/2023.","fornecedor":"COMPANHIA ENERGETICA DE PERNAMBUCO","denom_uni_orc":null,"funcao":"Administra\u00e7\u00e3o","sub_funcao":"Administra\u00e7\u00e3o Geral","programa":"SUPERVIS\u00c3O E COORDENA\u00c7\u00c3O SUPERIOR","acao":null,"ident_acao":"Atividade","cat_econ":"Despesa Corrente","natureza_despesa":"Outras Despesas Correntes","modalidade_despesa":"Aplica\u00e7\u00f5es Diretas","elemento_despesa":"Outros Servi\u00e7os de Terceiros - Pessoa Jur\u00eddica","sub_elem_desp":"SEM SUBELEMENTO","fonte_recurso":"Recursos do Exerc\u00edcio Corrente \/ Recursos n\u00e3o Vinculados de Impostos \/ -"},{"ano_emissao_emp":"2023","n_emp":"0001275","data_emissao":"12\/04\/2023","valor":"578,15","tipo_empenho":"Ordin\u00e1rio","hist_emp":"VALOR QUE SE EMPENHA REFERENTE A PRESTA\u00c7\u00c3O DE SERVI\u00c7OS NO FORNECIMENTO DE ENERGIA EL\u00c9TRICA DESTINADA AO CEMIT\u00c9RIO DO DISTRITO DE P\u00c3O DE A\u00c7\u00daCAR, NESTE MUNIC\u00cdPIO, CONFORME FATURA ANEXA. REF. 04\/2023.","fornecedor":"COMPANHIA ENERGETICA DE PERNAMBUCO","denom_uni_orc":null,"funcao":"Urbanismo","sub_funcao":"Servi\u00e7os Urbanos","programa":"SERVI\u00c7OS FUNER\u00c1RIOS","acao":null,"ident_acao":"Atividade","cat_econ":"Despesa Corrente","natureza_despesa":"Outras Despesas Correntes","modalidade_despesa":"Aplica\u00e7\u00f5es Diretas","elemento_despesa":"Outros Servi\u00e7os de Terceiros - Pessoa Jur\u00eddica","sub_elem_desp":"SEM SUBELEMENTO","fonte_recurso":"Recursos do Exerc\u00edcio Corrente \/ Recursos n\u00e3o Vinculados de Impostos \/ -"},{"ano_emissao_emp":"2023","n_emp":"0001276","data_emissao":"12\/04\/2023","valor":"86,37","tipo_empenho":"Ordin\u00e1rio","hist_emp":"VALOR QUE SE EMPENHA REFERENTE A PRESTA\u00c7\u00c3O DE SERVI\u00c7OS NO FORNECIMENTO DE ENERGIA EL\u00c9TRICA DO PR\u00c9DIO ONDE FUNCIONA O DEP\u00d3SITO DE MATERIAIS NO DISTRITO DE P\u00c3O DE A\u00c7\u00daCAR ,NESTE MUNIC\u00cdPIO. CONFORME FATURA ANEXA. REF. 04\/2023.","fornecedor":"COMPANHIA ENERGETICA DE PERNAMBUCO","denom_uni_orc":null,"funcao":"Administra\u00e7\u00e3o","sub_funcao":"Administra\u00e7\u00e3o Geral","programa":"SUPERVIS\u00c3O E COORDENA\u00c7\u00c3O SUPERIOR","acao":null,"ident_acao":"Atividade","cat_econ":"Despesa Corrente","natureza_despesa":"Outras Despesas Correntes","modalidade_despesa":"Aplica\u00e7\u00f5es Diretas","elemento_despesa":"Outros Servi\u00e7os de Terceiros - Pessoa Jur\u00eddica","sub_elem_desp":"SEM SUBELEMENTO","fonte_recurso":"Recursos do Exerc\u00edcio Corrente \/ Recursos n\u00e3o Vinculados de Impostos \/ -"},{"ano_emissao_emp":"2023","n_emp":"0001277","data_emissao":"13\/04\/2023","valor":"26.522,39","tipo_empenho":"Ordin\u00e1rio","hist_emp":"VALOR QUE SE EMPENHA REFERENTE A CONTRATA\u00c7\u00c3O DE EMPRESA PARA PAVIMENTA\u00c7\u00c3O E DRENAGEM DE DIVERSAS RUAS DESTE MUNIC\u00cdPIO, CONFORME DESCRITO EM NOTA FISCAL E BOLETIM DE MEDI\u00c7\u00c3O N\u00ba 20 ANEXO - REFERENTE A RUA JOS\u00c9 JUVENTINO DA SILVA, NO DISTRITO DE P\u00c3O DE A\u00c7\u00daCAR, NESTE MUNIC\u00cdPIO, CONV\u00caNIO SDURH - PE\/PMTN. CNO N\u00ba 900114978873. NOTA FISCAL DE N\u00ba 144 ANEXA.","fornecedor":null,"denom_uni_orc":null,"funcao":"Urbanismo","sub_funcao":"Infra-Estrutura Urbana","programa":"PLANEJAMENTO URBANO","acao":null,"ident_acao":"Projeto","cat_econ":"Despesa de Capital","natureza_despesa":"Investimentos","modalidade_despesa":"Aplica\u00e7\u00f5es Diretas","elemento_despesa":"Obras e Instala\u00e7\u00f5es","sub_elem_desp":"SEM SUBELEMENTO","fonte_recurso":"Recursos do Exerc\u00edcio Corrente \/ Outras Transfer\u00eancias de Conv\u00eanios ou Instrumentos Cong\u00eaneres dos Estados \/ -"},{"ano_emissao_emp":"2023","n_emp":"0001278","data_emissao":"13\/04\/2023","valor":"4.390,00","tipo_empenho":"Ordin\u00e1rio","hist_emp":"VALOR QUE SE EMPENHA REFERENTE A AQUISI\u00c7\u00c3O DE MATERIAL HIDR\u00c1ULICO (TUBOS DE PVC E JOELHOS) DESTINADOS A MANUTEN\u00c7\u00c3O DOS SERVI\u00c7OS DE OBRAS DESTA ADMINISTRA\u00c7\u00c3O, CONFORME DESCRITO EM NOTA FISCAL DE N\u00ba 12 ANEXA.","fornecedor":"GERTRUDES MARIA DA SILVA MATERIAL DE CONSTRUCAO","denom_uni_orc":null,"funcao":"Urbanismo","sub_funcao":"Infra-Estrutura Urbana","programa":"PLANEJAMENTO URBANO","acao":null,"ident_acao":"Atividade","cat_econ":"Despesa Corrente","natureza_despesa":"Outras Despesas Correntes","modalidade_despesa":"Aplica\u00e7\u00f5es Diretas","elemento_despesa":"Material de Consumo","sub_elem_desp":"SEM SUBELEMENTO","fonte_recurso":"Recursos do Exerc\u00edcio Corrente \/ Recursos n\u00e3o Vinculados de Impostos \/ -"},{"ano_emissao_emp":"2023","n_emp":"0001279","data_emissao":"13\/04\/2023","valor":"80,00","tipo_empenho":"Ordin\u00e1rio","hist_emp":"VALOR QUE SE EMPENHA REFERENTE A CONCESS\u00c3O DE 01 (UMA) DI\u00c1RIA AO SERVIDOR M\u00c1RCIO DA SILVA COSTA, DIRETOR, LOTADO NESTA SECRETARIA, COM DESTINO A CIDADE DE CARUARU, PARA PARTICIPAR DO EVENTO \"OPERA\u00c7\u00c3O INVERNO 2023 - AGRESTE\" DA DEFESA CIVIL DO ESTADO DE PERNAMBUCO NO DIA 04\/04\/2023 COM VALOR DE R$ 90,00, CONFORME SOLICITADO NO OFICIO DE N\u00ba 058\/2023 - SEAP, DATADO DE 13\/04\/2023, N\u00cdVEL I, CONF. LEI. 016\/2009.","fornecedor":null,"denom_uni_orc":null,"funcao":"Agricultura","sub_funcao":"Administra\u00e7\u00e3o Geral","programa":"ADMINISTRA\u00c7\u00c3O GERAL","acao":null,"ident_acao":"Atividade","cat_econ":"Despesa Corrente","natureza_despesa":"Outras Despesas Correntes","modalidade_despesa":"Aplica\u00e7\u00f5es Diretas","elemento_despesa":"Di\u00e1rias \u2013 Civil","sub_elem_desp":"SEM SUBELEMENTO","fonte_recurso":"Recursos do Exerc\u00edcio Corrente \/ Recursos n\u00e3o Vinculados de Impostos \/ -"},{"ano_emissao_emp":"2023","n_emp":"0001280","data_emissao":"13\/04\/2023","valor":"80,00","tipo_empenho":"Ordin\u00e1rio","hist_emp":"VALOR QUE SE EMPENHA REFERENTE A CONCESS\u00c3O DE 01 (UMA) DI\u00c1RIA AO SERVIDOR CRISTIELSON ALDEMIR SANTOS, DIRETOR, LOTADO NESTA SECRETARIA, COM DESTINO A CIDADE DE CARUARU, PARA PARTICIPAR DO EVENTO \"OPERA\u00c7\u00c3O INVERNO 2023 - AGRESTE\" DA DEFESA CIVIL DO ESTADO DE PERNAMBUCO NO DIA 04\/04\/2023 COM VALOR DE R$ 90,00, CONFORME SOLICITADO NO OFICIO DE N\u00ba 059\/2023 - SEAP, DATADO DE 13\/04\/2023, N\u00cdVEL I, CONF. LEI. 016\/2009.","fornecedor":"CRISTIELSON ANDELMIR SANTOS","denom_uni_orc":null,"funcao":"Agricultura","sub_funcao":"Administra\u00e7\u00e3o Geral","programa":"ADMINISTRA\u00c7\u00c3O GERAL","acao":null,"ident_acao":"Atividade","cat_econ":"Despesa Corrente","natureza_despesa":"Outras Despesas Correntes","modalidade_despesa":"Aplica\u00e7\u00f5es Diretas","elemento_despesa":"Di\u00e1rias \u2013 Civil","sub_elem_desp":"SEM SUBELEMENTO","fonte_recurso":"Recursos do Exerc\u00edcio Corrente \/ Recursos n\u00e3o Vinculados de Impostos \/ -"},{"ano_emissao_emp":"2023","n_emp":"0001281","data_emissao":"13\/04\/2023","valor":"2.720,00","tipo_empenho":"Ordin\u00e1rio","hist_emp":"VALOR QUE SE EMPENHA REFERENTE A PRESTA\u00c7\u00c3O DE SERVI\u00c7OS DE ABASTECIMENTO DE \u00c1GUA COM CAMINH\u00c3O DE PLACA KLO-7B75, EM CISTERNAS E CAIXAS D'AGUA DESTINADOS A PAVIMENTA\u00c7\u00c3O DE RUAS , NESTE MUNIC\u00cdPIO, (TOTAL 16 CARRADAS A R$ 170,00). CONFORME DESCRITO EM NOTA FISCAL N\u00ba 35 ANEXA.","fornecedor":null,"denom_uni_orc":null,"funcao":"Administra\u00e7\u00e3o","sub_funcao":"Administra\u00e7\u00e3o Geral","programa":"SUPERVIS\u00c3O E COORDENA\u00c7\u00c3O SUPERIOR","acao":null,"ident_acao":"Atividade","cat_econ":"Despesa Corrente","natureza_despesa":"Outras Despesas Correntes","modalidade_despesa":"Aplica\u00e7\u00f5es Diretas","elemento_despesa":"Outros Servi\u00e7os de Terceiros - Pessoa Jur\u00eddica","sub_elem_desp":"SEM SUBELEMENTO","fonte_recurso":"Recursos do Exerc\u00edcio Corrente \/ Recursos n\u00e3o Vinculados de Impostos \/ -"},{"ano_emissao_emp":"2023","n_emp":"0001282","data_emissao":"13\/04\/2023","valor":"34.560,00","tipo_empenho":"Ordin\u00e1rio","hist_emp":"VALOR QUE SE EM PENHA REFERENTE A CONTRATA\u00c7\u00c3O DE EMPRESA ESPECIALIZADA EM LOCA\u00c7\u00c3O DE M\u00c1QUINA PESADA E CAMINH\u00d5ES PARA EXECU\u00c7\u00c3O DOS SERVI\u00c7OS DE CONSTRU\u00c7\u00c3O, AMPLIA\u00c7\u00c3O E RECUPERA\u00c7\u00c3O DE ESTRADAS VICINAIS NO MUNIC\u00cdPIO DE TAQ DO NORTE, CONF. DEMANDA DA SECRETARIA DE OBRAS, COM FORNECIMENTO DE M\u00c3O DE OBRA E COMBUST\u00cdVEL SOB RESPONSABILIDADE DA CONTRATANTE, CONFORME DESCRITO EM NOTA FISCAL DE N\u00ba 42 ANEXA. BOLETIM DE MEDI\u00c7\u00c3O N\u00ba 02 ANEXO. PROCESSO LICITAT\u00d3RIO N\u00ba 024\/22 PREG\u00c3O ELETR\u00d4NICO N\u00ba 034\/22.","fornecedor":null,"denom_uni_orc":null,"funcao":"Transporte","sub_funcao":"Transporte Rodovi\u00e1rio","programa":"ESTRADAS VICINAIS","acao":null,"ident_acao":"Atividade","cat_econ":"Despesa Corrente","natureza_despesa":"Outras Despesas Correntes","modalidade_despesa":"Aplica\u00e7\u00f5es Diretas","elemento_despesa":"Outros Servi\u00e7os de Terceiros - Pessoa Jur\u00eddica","sub_elem_desp":"SEM SUBELEMENTO","fonte_recurso":"Recursos do Exerc\u00edcio Corrente \/ Recursos n\u00e3o Vinculados de Impostos \/ -"},{"ano_emissao_emp":"2023","n_emp":"0001283","data_emissao":"13\/04\/2023","valor":"6.000,00","tipo_empenho":"Ordin\u00e1rio","hist_emp":"VALOR QUE SE EMPENHA REFERENTE A PRESTA\u00c7\u00c3O DE SERVI\u00c7OS NO ABASTECIMENTO DE \u00c1GUA COM CAMINH\u00c3O PIPA DE PLACAS: KHR-4635, PARA ATENDER \u00c0S COMUNIDADES CARENTES DESTE MUNIC\u00cdPIO CONFORME DECRETO 38\/2020, NUM TOTAL DE 40 (QUARENTA) CARRADAS A R$ 150,00, CONFORME SOLICITADO NO OF\u00cdCIO DE N\u00ba 058\/2023 - SEGAB E NOTA FISCAL DE N\u00ba 3 EM ANEXO.","fornecedor":null,"denom_uni_orc":null,"funcao":"Administra\u00e7\u00e3o","sub_funcao":"Administra\u00e7\u00e3o Geral","programa":"SUPERVIS\u00c3O E COORDENA\u00c7\u00c3O SUPERIOR","acao":null,"ident_acao":"Atividade","cat_econ":"Despesa Corrente","natureza_despesa":"Outras Despesas Correntes","modalidade_despesa":"Aplica\u00e7\u00f5es Diretas","elemento_despesa":"Outros Servi\u00e7os de Terceiros - Pessoa Jur\u00eddica","sub_elem_desp":"SEM SUBELEMENTO","fonte_recurso":"Recursos do Exerc\u00edcio Corrente \/ Recursos n\u00e3o Vinculados de Impostos \/ -"},{"ano_emissao_emp":"2023","n_emp":"0001284","data_emissao":"13\/04\/2023","valor":"1.286,00","tipo_empenho":"Ordin\u00e1rio","hist_emp":"VALOR QUE SE EMPENHA REFERENTE A AQUISI\u00c7\u00c3O DE MATERIAIS DE LIMPEZA DESTINADOS A MANUTEN\u00c7\u00c3O DOS SERVI\u00c7OS DESTA ADMINISTRA\u00c7\u00c3O. CONFORME DESCRITOS EM NOTA FISCAL DE N\u00ba 6708 ANEXA. PROCESSO LICITAT\u00d3RIO N\u00ba 013\/2022 PREG\u00c3O ELETR\u00d4NICO N\u00ba 012\/2022.","fornecedor":null,"denom_uni_orc":null,"funcao":"Administra\u00e7\u00e3o","sub_funcao":"Administra\u00e7\u00e3o Geral","programa":"ADMINISTRA\u00c7\u00c3O GERAL","acao":null,"ident_acao":"Atividade","cat_econ":"Despesa Corrente","natureza_despesa":"Outras Despesas Correntes","modalidade_despesa":"Aplica\u00e7\u00f5es Diretas","elemento_despesa":"Material de Consumo","sub_elem_desp":"SEM SUBELEMENTO","fonte_recurso":"Recursos do Exerc\u00edcio Corrente \/ Recursos n\u00e3o Vinculados de Impostos \/ -"},{"ano_emissao_emp":"2023","n_emp":"0001285","data_emissao":"13\/04\/2023","valor":"2.800,00","tipo_empenho":"Ordin\u00e1rio","hist_emp":"VALOR QUE SE EMPENHA REFERENTE A PRESTA\u00c7\u00c3O DE SERVI\u00c7OS DE LIMPEZA E DESOBSTRU\u00c7\u00c3O DE 14 (QUATORZE) PASSAGENS MOLHADAS, NA ESTRADA QUE LIGA A COMUNIDADE DE VILA DO SOCORRO AT\u00c9 O S\u00cdTIO MATEUS VIEIRA, NESTE MUNIC\u00cdPIO, CONFORME SOLICITADO NO OF\u00cdCIO N\u00ba 015\/2023 - SEC. DE GEST\u00c3O EM ANEXO.","fornecedor":null,"denom_uni_orc":null,"funcao":"Administra\u00e7\u00e3o","sub_funcao":"Planejamento e Or\u00e7amento","programa":"SUPERVIS\u00c3O E COORDENA\u00c7\u00c3O SUPERIOR","acao":null,"ident_acao":"Atividade","cat_econ":"Despesa Corrente","natureza_despesa":"Outras Despesas Correntes","modalidade_despesa":"Aplica\u00e7\u00f5es Diretas","elemento_despesa":"Outros Servi\u00e7os de Terceiros - Pessoa F\u00edsica","sub_elem_desp":"SEM SUBELEMENTO","fonte_recurso":"Recursos do Exerc\u00edcio Corrente \/ Recursos n\u00e3o Vinculados de Impostos \/ -"},{"ano_emissao_emp":"2023","n_emp":"0001286","data_emissao":"13\/04\/2023","valor":"10.100,00","tipo_empenho":"Ordin\u00e1rio","hist_emp":"VALOR QUE SE EMPENHA REFERENTE A PRESTA\u00c7\u00c3O DE SERVI\u00c7OS NO PREPARO E FORNECIMENTO DE REFEI\u00c7\u00d5ES DESTINADAS AS EQUIPES DA GUARDA MUNICIPAL DESTE MUNIC\u00cdPIO EM SERVI\u00c7O DURANTE O M\u00caS DE MAR\u00c7O.","fornecedor":null,"denom_uni_orc":null,"funcao":"Seguran\u00e7a P\u00fablica","sub_funcao":"Defesa Civil","programa":"DEFESA CIVIL","acao":null,"ident_acao":"Atividade","cat_econ":"Despesa Corrente","natureza_despesa":"Outras Despesas Correntes","modalidade_despesa":"Aplica\u00e7\u00f5es Diretas","elemento_despesa":"Outros Servi\u00e7os de Terceiros - Pessoa F\u00edsica","sub_elem_desp":"SEM SUBELEMENTO","fonte_recurso":"Recursos do Exerc\u00edcio Corrente \/ Recursos n\u00e3o Vinculados de Impostos \/ -"},{"ano_emissao_emp":"2023","n_emp":"0001287","data_emissao":"14\/04\/2023","valor":"180,00","tipo_empenho":"Ordin\u00e1rio","hist_emp":"VALOR QUE SE EMPENHA REFERENTE A CONCESS\u00c3O DE 02 (DUAS) DI\u00c1RIAS A SERVIDORA ELIENE OLIVEIRA NASCIMENTO, OFICIALA DE GABINETE, LOTADA NESTE GABINETE, COM DESTINO A CIDADE DE GRAVAT\u00c1, PARA PARTICIPAR DO CURSO DO SEBRAE \"LIDERANDO PARA O DESENVOLVIMENTO REGIONAL\" NOS DIAS 18 E 19\/04\/2023 COM VALOR DE R$ 180,00, CONFORME OFICIO DE N\u00ba 078\/2023 - SEGAB, DATADO DE 14\/04\/2023, N\u00cdVEL I, CONF. LEI. 016\/2009.","fornecedor":null,"denom_uni_orc":null,"funcao":"Administra\u00e7\u00e3o","sub_funcao":"Administra\u00e7\u00e3o Geral","programa":"SUPERVIS\u00c3O E COORDENA\u00c7\u00c3O SUPERIOR","acao":null,"ident_acao":"Atividade","cat_econ":"Despesa Corrente","natureza_despesa":"Outras Despesas Correntes","modalidade_despesa":"Aplica\u00e7\u00f5es Diretas","elemento_despesa":"Di\u00e1rias \u2013 Civil","sub_elem_desp":"SEM SUBELEMENTO","fonte_recurso":"Recursos do Exerc\u00edcio Corrente \/ Recursos n\u00e3o Vinculados de Impostos \/ -"},{"ano_emissao_emp":"2023","n_emp":"0001288","data_emissao":"14\/04\/2023","valor":"400,00","tipo_empenho":"Ordin\u00e1rio","hist_emp":"VALOR QUE SE EMPENHA REFERENTE A CONCESS\u00c3O DE 02 (DUAS) DI\u00c1RIAS AO SERVIDOR RONALDO VEIGA DE OLIVEIRA, CHEFE DE GABINETE, LOTADO NESTE GABINETE, COM DESTINO A CIDADE DE GRAVAT\u00c1, PARA PARTICIPAR DO CURSO DO SEBRAE \"LIDERANDO PARA O DESENVOLVIMENTO REGIONAL\" NOS DIAS 18 E 19\/04\/2023 COM VALOR DE R$ 400,00, CONFORME OFICIO DE N\u00ba 077\/2023 - SEGAB, DATADO DE 14\/04\/2023, N\u00cdVEL I, CONF. LEI. 016\/2009.","fornecedor":"RONALDO VEIGA DE OLIVEIRA","denom_uni_orc":null,"funcao":"Administra\u00e7\u00e3o","sub_funcao":"Administra\u00e7\u00e3o Geral","programa":"SUPERVIS\u00c3O E COORDENA\u00c7\u00c3O SUPERIOR","acao":null,"ident_acao":"Atividade","cat_econ":"Despesa Corrente","natureza_despesa":"Outras Despesas Correntes","modalidade_despesa":"Aplica\u00e7\u00f5es Diretas","elemento_despesa":"Di\u00e1rias \u2013 Civil","sub_elem_desp":"SEM SUBELEMENTO","fonte_recurso":"Recursos do Exerc\u00edcio Corrente \/ Recursos n\u00e3o Vinculados de Impostos \/ -"},{"ano_emissao_emp":"2023","n_emp":"0001289","data_emissao":"14\/04\/2023","valor":"200,00","tipo_empenho":"Ordin\u00e1rio","hist_emp":"VALOR QUE SE EMPENHA REFERENTE A CONCESS\u00c3O DE 02 (DUAS) DI\u00c1RIAS AO SERVIDOR WANDERSON LAIO FERREIRA DE OLIVEIRA, DIRETOR DE COMPRAS, LOTADO NESTE GABINETE, COM DESTINO AS CIDADES DE CARUARU E SURUBIM, JUNTO A FORNECEDORES PARA TRATAR DE ASSUNTOS DE INTERESSE DESTE MUNIC\u00cdPIO, NOS DIAS 17 E 18\/04\/2023 RESPECTIVAMENTE, COM VALOR DE R$ 200,00, N\u00cdVEIL II, CONF. LEI. 016\/2009. CONFORME SOLICITADO NO OF\u00cdCIO DE N\u00ba 079\/2023 - SEGAB EM ANEXO.","fornecedor":null,"denom_uni_orc":null,"funcao":"Administra\u00e7\u00e3o","sub_funcao":"Administra\u00e7\u00e3o Geral","programa":"SUPERVIS\u00c3O E COORDENA\u00c7\u00c3O SUPERIOR","acao":null,"ident_acao":"Atividade","cat_econ":"Despesa Corrente","natureza_despesa":"Outras Despesas Correntes","modalidade_despesa":"Aplica\u00e7\u00f5es Diretas","elemento_despesa":"Di\u00e1rias \u2013 Civil","sub_elem_desp":"SEM SUBELEMENTO","fonte_recurso":"Recursos do Exerc\u00edcio Corrente \/ Recursos n\u00e3o Vinculados de Impostos \/ -"},{"ano_emissao_emp":"2023","n_emp":"0001290","data_emissao":"14\/04\/2023","valor":"2.070,00","tipo_empenho":"Ordin\u00e1rio","hist_emp":"VALOR QUE SE EMPENHA REFERENTE A AQUISI\u00c7\u00c3O DE MATERIAIS DE CONSTRU\u00c7\u00c3O DIVERSOS, DESTINADOS A MANUTEN\u00c7\u00c3O DOS SERVI\u00c7OS DE OBRAS E URBANISMO DESTA ADMINISTRA\u00c7\u00c3O, CONFORME DESCRITO EM NOTA FISCAL DE N\u00ba 52 ANEXA.","fornecedor":null,"denom_uni_orc":null,"funcao":"Urbanismo","sub_funcao":"Infra-Estrutura Urbana","programa":"PLANEJAMENTO URBANO","acao":null,"ident_acao":"Atividade","cat_econ":"Despesa Corrente","natureza_despesa":"Outras Despesas Correntes","modalidade_despesa":"Aplica\u00e7\u00f5es Diretas","elemento_despesa":"Material de Consumo","sub_elem_desp":"SEM SUBELEMENTO","fonte_recurso":"Recursos do Exerc\u00edcio Corrente \/ Recursos n\u00e3o Vinculados de Impostos \/ -"},{"ano_emissao_emp":"2023","n_emp":"0001291","data_emissao":"14\/04\/2023","valor":"1.750,00","tipo_empenho":"Ordin\u00e1rio","hist_emp":"VALOR QUE SE EMPENHA REFERENTE A AQUISI\u00c7\u00c3O DE TAMBORES DE FERRO DE 200 L DESTINADOS A MANUTEN\u00c7\u00c3O DOS SERVI\u00c7OS DA SUBPREFEITURA DESTA ADMINISTRA\u00c7\u00c3O, CONFORME DESCRITO EM NOTA FISCAL DE N\u00ba 20 ANEXA.","fornecedor":null,"denom_uni_orc":null,"funcao":"Administra\u00e7\u00e3o","sub_funcao":"Administra\u00e7\u00e3o Geral","programa":"SUPERVIS\u00c3O E COORDENA\u00c7\u00c3O SUPERIOR","acao":null,"ident_acao":"Atividade","cat_econ":"Despesa Corrente","natureza_despesa":"Outras Despesas Correntes","modalidade_despesa":"Aplica\u00e7\u00f5es Diretas","elemento_despesa":"Material de Consumo","sub_elem_desp":"SEM SUBELEMENTO","fonte_recurso":"Recursos do Exerc\u00edcio Corrente \/ Recursos n\u00e3o Vinculados de Impostos \/ -"},{"ano_emissao_emp":"2023","n_emp":"0001292","data_emissao":"14\/04\/2023","valor":"400,00","tipo_empenho":"Ordin\u00e1rio","hist_emp":"VALOR QUE SE EMPENHA REFERENTE A CONCESS\u00c3O DE 01 (UMA) DI\u00c1RIA AO PREFEITO IVANILDO MESTRE BEZERRA, NO CARGO DE PREFEITO, LOTADO NESTE GABINETE, COM DESTINO A CIDADE DE RECIFE, JUNTO A AMUPE NO DIA 18\/04\/2023, PARA TRATAR DE ASSUNTOS DE INTERESSE DESTA ADMINISTRA\u00c7\u00c3O, COM VALOR DE R$ 400,00 NIVEL I, CONF. LEI N\u00ba 016\/2009.","fornecedor":null,"denom_uni_orc":null,"funcao":"Administra\u00e7\u00e3o","sub_funcao":"Administra\u00e7\u00e3o Geral","programa":"SUPERVIS\u00c3O E COORDENA\u00c7\u00c3O SUPERIOR","acao":null,"ident_acao":"Atividade","cat_econ":"Despesa Corrente","natureza_despesa":"Outras Despesas Correntes","modalidade_despesa":"Aplica\u00e7\u00f5es Diretas","elemento_despesa":"Di\u00e1rias \u2013 Civil","sub_elem_desp":"SEM SUBELEMENTO","fonte_recurso":"Recursos do Exerc\u00edcio Corrente \/ Recursos n\u00e3o Vinculados de Impostos \/ -"},{"ano_emissao_emp":"2023","n_emp":"0001293","data_emissao":"14\/04\/2023","valor":"1.100,00","tipo_empenho":"Ordin\u00e1rio","hist_emp":"VALOR QUE SE EMPENHA REFERENTE A AQUISI\u00c7\u00c3O DE L\u00c2MPADAS VAPOR MET\u00c1LICO DESTINADAS A MANUTEN\u00c7\u00c3O DOS SERVI\u00c7OS DE OBRAS E URBANISMO DESTA ADMINISTRA\u00c7\u00c3O, CONFORME DESCRITO EM NOTA FISCAL DE N\u00ba 723 EM ANEXO.","fornecedor":"ELETROSUL LTDA","denom_uni_orc":null,"funcao":"Urbanismo","sub_funcao":"Infra-Estrutura Urbana","programa":"PLANEJAMENTO URBANO","acao":null,"ident_acao":"Atividade","cat_econ":"Despesa Corrente","natureza_despesa":"Outras Despesas Correntes","modalidade_despesa":"Aplica\u00e7\u00f5es Diretas","elemento_despesa":"Material de Consumo","sub_elem_desp":"SEM SUBELEMENTO","fonte_recurso":"Recursos do Exerc\u00edcio Corrente \/ Recursos n\u00e3o Vinculados de Impostos \/ -"},{"ano_emissao_emp":"2023","n_emp":"0001294","data_emissao":"14\/04\/2023","valor":"700,00","tipo_empenho":"Ordin\u00e1rio","hist_emp":"VALOR QUE SE EMPENHA REFERENTE A PRESTA\u00c7\u00c3O DE SERVI\u00c7OS DE PREPARO E FORNECIMENTO DE REFEI\u00c7\u00d5ES DESTINADAS AS EQUIPES DA SECRETARIA DE OBRAS EM SERVI\u00c7O NESTA COMUNIDADE DURANTE O M\u00caS DE MAR\u00c7O.","fornecedor":"BARTOLOMEU C.M. PROCOPIO","denom_uni_orc":null,"funcao":"Urbanismo","sub_funcao":"Infra-Estrutura Urbana","programa":"PLANEJAMENTO URBANO","acao":null,"ident_acao":"Atividade","cat_econ":"Despesa Corrente","natureza_despesa":"Outras Despesas Correntes","modalidade_despesa":"Aplica\u00e7\u00f5es Diretas","elemento_despesa":"Outros Servi\u00e7os de Terceiros - Pessoa F\u00edsica","sub_elem_desp":"SEM SUBELEMENTO","fonte_recurso":"Recursos do Exerc\u00edcio Corrente \/ Recursos n\u00e3o Vinculados de Impostos \/ -"},{"ano_emissao_emp":"2023","n_emp":"0001295","data_emissao":"14\/04\/2023","valor":"340,00","tipo_empenho":"Ordin\u00e1rio","hist_emp":"VALOR QUE SE EMPENHA REFERENTE A PRESTA\u00c7\u00c3O DE SERVI\u00c7O NO PREPARO DE REFEI\u00c7\u00d5ES DESTINADO A EQUIPE EM SERVI\u00c7O NA LIMPEZA DA PLATAFORMA LOCALIZADA NO XAVIER\/PLACAS,NESTE MUNICIPIO.","fornecedor":null,"denom_uni_orc":null,"funcao":"Urbanismo","sub_funcao":"Infra-Estrutura Urbana","programa":"PLANEJAMENTO URBANO","acao":null,"ident_acao":"Atividade","cat_econ":"Despesa Corrente","natureza_despesa":"Outras Despesas Correntes","modalidade_despesa":"Aplica\u00e7\u00f5es Diretas","elemento_despesa":"Outros Servi\u00e7os de Terceiros - Pessoa F\u00edsica","sub_elem_desp":"SEM SUBELEMENTO","fonte_recurso":"Recursos do Exerc\u00edcio Corrente \/ Recursos n\u00e3o Vinculados de Impostos \/ -"},{"ano_emissao_emp":"2023","n_emp":"0001296","data_emissao":"14\/04\/2023","valor":"300,00","tipo_empenho":"Ordin\u00e1rio","hist_emp":"VALOR QUE SE EMPENHA REFERENTE A PRESTA\u00c7\u00c3O DE SERVI\u00c7O NO ABASTECIMENTO D\u00c1GUA EM CAIXA DE MIL LITROS DESTINA AO ABASTECIMENTO DA CASA DE APOIO A GUARDA MUNICIPAL NO DISTRITO DE GRAVATA DO IBIAPINA, NESTE MUNIC\u00cdPIO. QUANTIDADE 06 A R$ .50,00","fornecedor":null,"denom_uni_orc":null,"funcao":"Seguran\u00e7a P\u00fablica","sub_funcao":"Defesa Civil","programa":"DEFESA CIVIL","acao":null,"ident_acao":"Atividade","cat_econ":"Despesa Corrente","natureza_despesa":"Outras Despesas Correntes","modalidade_despesa":"Aplica\u00e7\u00f5es Diretas","elemento_despesa":"Outros Servi\u00e7os de Terceiros - Pessoa F\u00edsica","sub_elem_desp":"SEM SUBELEMENTO","fonte_recurso":"Recursos do Exerc\u00edcio Corrente \/ Recursos n\u00e3o Vinculados de Impostos \/ -"},{"ano_emissao_emp":"2023","n_emp":"0001297","data_emissao":"14\/04\/2023","valor":"90,00","tipo_empenho":"Ordin\u00e1rio","hist_emp":"VALOR QUE SE EMPENHA REFERENTE A CONCESS\u00c3O DE 01 (UMA) DI\u00c1RIA AO SENHOR RYAN LEANDRO ARA\u00daJO COELHO, NO CARGO ASSESSOR, LOTADO NESTE GABINETE, COM DESTINO A CIDADE DE RECIFE, JUNTO AO PREFEITO DO MUNIC\u00cdPIO NA AMUPE PARA TRATAR DE ASSUNTOS DE INTERESSE DESTA ADMINISTRA\u00c7\u00c3O, NO DIA 18\/04\/2023, COM VALOR DE R$ 90,00, N\u00cdVEL I CONF. LEI. N\u00ba 016\/2009, N\u00cdVEL I","fornecedor":null,"denom_uni_orc":null,"funcao":"Administra\u00e7\u00e3o","sub_funcao":"Administra\u00e7\u00e3o Geral","programa":"SUPERVIS\u00c3O E COORDENA\u00c7\u00c3O SUPERIOR","acao":null,"ident_acao":"Atividade","cat_econ":"Despesa Corrente","natureza_despesa":"Outras Despesas Correntes","modalidade_despesa":"Aplica\u00e7\u00f5es Diretas","elemento_despesa":"Di\u00e1rias \u2013 Civil","sub_elem_desp":"SEM SUBELEMENTO","fonte_recurso":"Recursos do Exerc\u00edcio Corrente \/ Recursos n\u00e3o Vinculados de Impostos \/ -"},{"ano_emissao_emp":"2023","n_emp":"0001298","data_emissao":"17\/04\/2023","valor":"800,00","tipo_empenho":"Ordin\u00e1rio","hist_emp":"VALOR QUE SE EMPENHA REFERENTE A PRESTA\u00c7\u00c3O DE SERVI\u00c7OS DE M\u00c3O DE OBRA NA REPOSI\u00c7\u00c3O DE CAL\u00c7AMENTO NA RUA GOVERNADOR PAULO PESSOA GUERRA, NO DISTRITO DE GRAVAT\u00c1 DO IBIAPINA, NESTE MUNIC\u00cdPIO, CONFORME SOLICITADO NA COMUNICA\u00c7\u00c3O INTERNA N\u00ba 012\/2023 - SEURB EM ANEXO.","fornecedor":"ADRIANO RODRIGUES CIPRIANO","denom_uni_orc":null,"funcao":"Urbanismo","sub_funcao":"Infra-Estrutura Urbana","programa":"PLANEJAMENTO URBANO","acao":null,"ident_acao":"Atividade","cat_econ":"Despesa Corrente","natureza_despesa":"Outras Despesas Correntes","modalidade_despesa":"Aplica\u00e7\u00f5es Diretas","elemento_despesa":"Outros Servi\u00e7os de Terceiros - Pessoa F\u00edsica","sub_elem_desp":"SEM SUBELEMENTO","fonte_recurso":"Recursos do Exerc\u00edcio Corrente \/ Recursos n\u00e3o Vinculados de Impostos \/ -"},{"ano_emissao_emp":"2023","n_emp":"0001299","data_emissao":"17\/04\/2023","valor":"120,00","tipo_empenho":"Ordin\u00e1rio","hist_emp":"VALOR QUE SE EMPENHA REFERENTE A CONCESS\u00c3O DE 01 (UMA) DI\u00c1RIA AO SERVIDOR ALEXANDRE JORGE VALEN\u00c7A DE MELO, DIRETOR DE TRANSPORTES, LOTADO NESTE GABINETE, COM DESTINO A CIDADE DE RECIFE, JUNTO A SECRETARIA DE AGRICULTURA DO ESTADO E DETRAN PARA TRATAR DE ASSUNTOS DE INTERESSE DESTA ADMINISTRA\u00c7\u00c3O, NO DIA 18\/04\/2023 COM VALOR DE R$ 120,00, CONFORME SOLICITADO NO OF\u00cdCIO DE N\u00ba 081\/2023 - SEGAB, DATADO DE 17\/04\/2023, N\u00cdVEL I, CONF. LEI. 016\/2009.","fornecedor":null,"denom_uni_orc":null,"funcao":"Administra\u00e7\u00e3o","sub_funcao":"Administra\u00e7\u00e3o Geral","programa":"SUPERVIS\u00c3O E COORDENA\u00c7\u00c3O SUPERIOR","acao":null,"ident_acao":"Atividade","cat_econ":"Despesa Corrente","natureza_despesa":"Outras Despesas Correntes","modalidade_despesa":"Aplica\u00e7\u00f5es Diretas","elemento_despesa":"Di\u00e1rias \u2013 Civil","sub_elem_desp":"SEM SUBELEMENTO","fonte_recurso":"Recursos do Exerc\u00edcio Corrente \/ Recursos n\u00e3o Vinculados de Impostos \/ -"},{"ano_emissao_emp":"2023","n_emp":"0001300","data_emissao":"17\/04\/2023","valor":"1.191,70","tipo_empenho":"Ordin\u00e1rio","hist_emp":"VALOR QUE SE EMPENHA REFERENTE A AQUISI\u00c7\u00c3O DE MATERIAL DE EXPEDIENTE DESTINADO A MANUTEN\u00c7\u00c3O DESTA SECRETARIA.","fornecedor":"A J DE MENEZES ARMARINHOS","denom_uni_orc":null,"funcao":"Administra\u00e7\u00e3o","sub_funcao":"Administra\u00e7\u00e3o Geral","programa":"ADMINISTRA\u00c7\u00c3O GERAL","acao":null,"ident_acao":"Atividade","cat_econ":"Despesa Corrente","natureza_despesa":"Outras Despesas Correntes","modalidade_despesa":"Aplica\u00e7\u00f5es Diretas","elemento_despesa":"Material de Consumo","sub_elem_desp":"SEM SUBELEMENTO","fonte_recurso":"Recursos do Exerc\u00edcio Corrente \/ Recursos n\u00e3o Vinculados de Impostos \/ -"},{"ano_emissao_emp":"2023","n_emp":"0001301","data_emissao":"17\/04\/2023","valor":"100,00","tipo_empenho":"Ordin\u00e1rio","hist_emp":"VALOR QUE SE EMPENHA REFERENTE A CONCESS\u00c3O DE 01 (UMA) DI\u00c1RIA AO SERVIDOR JOS\u00c9 PEREIRA DA SILVA, DIRETOR , LOTADO NESTE GABINETE, COM DESTINO A CIDADE DE RECIFE, JUNTO A SECRETARIA DE AGRICULTURA DO ESTADO E DETRAN PARA TRATAR DE ASSUNTOS DE INTERESSE DESTA ADMINISTRA\u00c7\u00c3O, NO DIA 18\/04\/2023 COM VALOR DE R$ 100,00, CONFORME SOLICITADO NO OF\u00cdCIO DE N\u00ba 082\/2023 - SEGAB, DATADO DE 17\/04\/2023, N\u00cdVEL I, CONF. LEI. 016\/2009.","fornecedor":"JOS\u00c9 PEREIRA DA SILVA","denom_uni_orc":null,"funcao":"Administra\u00e7\u00e3o","sub_funcao":"Administra\u00e7\u00e3o Geral","programa":"SUPERVIS\u00c3O E COORDENA\u00c7\u00c3O SUPERIOR","acao":null,"ident_acao":"Atividade","cat_econ":"Despesa Corrente","natureza_despesa":"Outras Despesas Correntes","modalidade_despesa":"Aplica\u00e7\u00f5es Diretas","elemento_despesa":"Di\u00e1rias \u2013 Civil","sub_elem_desp":"SEM SUBELEMENTO","fonte_recurso":"Recursos do Exerc\u00edcio Corrente \/ Recursos n\u00e3o Vinculados de Impostos \/ -"},{"ano_emissao_emp":"2023","n_emp":"0001302","data_emissao":"17\/04\/2023","valor":"2.250,00","tipo_empenho":"Ordin\u00e1rio","hist_emp":"VALOR QUE SE EMPENHA REFERENTE A PRESTA\u00c7\u00c3O DE SERVI\u00c7OS DE TRANSPORTE DE MATERIAIS PARA PO\u00c7OS ARTESIANOS, TRANSPORTE DE COMBUST\u00cdVEIS PARA O TRATOR DESTA SECRETARIA, NAS COMUNIDADES DE LAGOA DO JUC\u00c1, VARZINHA, P\u00c3O DE A\u00c7\u00daCAR, MARACAJ\u00c1, SITUA\u00c7\u00c3O E JERIMUM, NA ZONA RURAL DESTE MUNIC\u00cdPIO, CONFORME DESCRITO NA NOTA FISCAL DE N\u00ba 005 EM ANEXO.","fornecedor":"48.983.500 PETRONILO LINS DE ARAUJO NETO","denom_uni_orc":null,"funcao":"Agricultura","sub_funcao":"Administra\u00e7\u00e3o Geral","programa":"ADMINISTRA\u00c7\u00c3O GERAL","acao":null,"ident_acao":"Atividade","cat_econ":"Despesa Corrente","natureza_despesa":"Outras Despesas Correntes","modalidade_despesa":"Aplica\u00e7\u00f5es Diretas","elemento_despesa":"Outros Servi\u00e7os de Terceiros - Pessoa Jur\u00eddica","sub_elem_desp":"SEM SUBELEMENTO","fonte_recurso":"Recursos do Exerc\u00edcio Corrente \/ Recursos n\u00e3o Vinculados de Impostos \/ -"},{"ano_emissao_emp":"2023","n_emp":"0001303","data_emissao":"17\/04\/2023","valor":"3.420,00","tipo_empenho":"Ordin\u00e1rio","hist_emp":"VALOR QUE SE EMPENHA REFERENTE A PRESTA\u00c7\u00c3O DE SERVI\u00c7OS DE HOSPEDAGENS DE BANDAS QUE SE APRESENTARAM NA TRADICIONAL FESTA DE MAR\u00c7O NO DISTRITO DE P\u00c3O DE A\u00c7\u00daCAR, NESTE MUNIC\u00cdPIO, CONFORME DESCRITO EM NOTA FISCAL DE N\u00ba 2656 EM ANEXO.","fornecedor":"HOTEL ROTA DA MODA LTDA-ME","denom_uni_orc":null,"funcao":"Com\u00e9rcio e Servi\u00e7os","sub_funcao":"Turismo","programa":"PROMO\u00c7\u00c3O DO TURISMO","acao":null,"ident_acao":"Atividade","cat_econ":"Despesa Corrente","natureza_despesa":"Outras Despesas Correntes","modalidade_despesa":"Aplica\u00e7\u00f5es Diretas","elemento_despesa":"Outros Servi\u00e7os de Terceiros - Pessoa Jur\u00eddica","sub_elem_desp":"SEM SUBELEMENTO","fonte_recurso":"Recursos do Exerc\u00edcio Corrente \/ Recursos n\u00e3o Vinculados de Impostos \/ -"},{"ano_emissao_emp":"2023","n_emp":"0001304","data_emissao":"17\/04\/2023","valor":"600,00","tipo_empenho":"Ordin\u00e1rio","hist_emp":"VALOR QUE SE EMPENHA REFERENTE A PRESTA\u00c7\u00c3O DE SERVI\u00c7OS DE LIMPEZA E MANUTEN\u00c7\u00c3O NAS COMUNIDADES DE PIRANHAS E CAPOEIRA DA RO\u00c7A, NESTE MUNIC\u00cdPIO, CONFORME SOLICITADO NO OF\u00cdCIO N\u00ba 065\/2023 - SEAP EM ANEXO.","fornecedor":null,"denom_uni_orc":null,"funcao":"Agricultura","sub_funcao":"Administra\u00e7\u00e3o Geral","programa":"ADMINISTRA\u00c7\u00c3O GERAL","acao":null,"ident_acao":"Atividade","cat_econ":"Despesa Corrente","natureza_despesa":"Outras Despesas Correntes","modalidade_despesa":"Aplica\u00e7\u00f5es Diretas","elemento_despesa":"Outros Servi\u00e7os de Terceiros - Pessoa F\u00edsica","sub_elem_desp":"SEM SUBELEMENTO","fonte_recurso":"Recursos do Exerc\u00edcio Corrente \/ Recursos n\u00e3o Vinculados de Impostos \/ -"},{"ano_emissao_emp":"2023","n_emp":"0001305","data_emissao":"17\/04\/2023","valor":"600,00","tipo_empenho":"Ordin\u00e1rio","hist_emp":"VALOR QUE SE EMPENHA REFERENTE A PRESTA\u00c7\u00c3O DE SERVI\u00c7OS DE LIMPEZA E MANUTEN\u00c7\u00c3O NA COMUNIDADE ASSENTAMENTO MARIA ALICE, NESTE MUNIC\u00cdPIO, CONFORME SOLICITADO NO OF\u00cdCIO N\u00ba 066\/2023 - SEAP EM ANEXO.","fornecedor":null,"denom_uni_orc":null,"funcao":"Com\u00e9rcio e Servi\u00e7os","sub_funcao":"Turismo","programa":"PROMO\u00c7\u00c3O DO TURISMO","acao":null,"ident_acao":"Atividade","cat_econ":"Despesa Corrente","natureza_despesa":"Outras Despesas Correntes","modalidade_despesa":"Aplica\u00e7\u00f5es Diretas","elemento_despesa":"Outros Servi\u00e7os de Terceiros - Pessoa F\u00edsica","sub_elem_desp":"SEM SUBELEMENTO","fonte_recurso":"Recursos do Exerc\u00edcio Corrente \/ Recursos n\u00e3o Vinculados de Impostos \/ -"},{"ano_emissao_emp":"2023","n_emp":"0001306","data_emissao":"17\/04\/2023","valor":"3.500,50","tipo_empenho":"Ordin\u00e1rio","hist_emp":"VALOR QUE SE EMPENHA REFERENTE A AQUISI\u00c7\u00c3O DE G\u00caNEROS ALIMENT\u00cdCIOS DIVERSOS DESTINADOS AS EQUIPES DESTA ADMINISTRA\u00c7\u00c3O EM SERVI\u00c7O, CONFORME DESCRITO EM NOTA FISCAL DE N\u00ba 032 EM ANEXO.","fornecedor":"MARIA LUCINEIDE MARTINS DA SILVA","denom_uni_orc":null,"funcao":"Administra\u00e7\u00e3o","sub_funcao":"Administra\u00e7\u00e3o Geral","programa":"SUPERVIS\u00c3O E COORDENA\u00c7\u00c3O SUPERIOR","acao":null,"ident_acao":"Atividade","cat_econ":"Despesa Corrente","natureza_despesa":"Outras Despesas Correntes","modalidade_despesa":"Aplica\u00e7\u00f5es Diretas","elemento_despesa":"Material de Consumo","sub_elem_desp":"SEM SUBELEMENTO","fonte_recurso":"Recursos do Exerc\u00edcio Corrente \/ Recursos n\u00e3o Vinculados de Impostos \/ -"},{"ano_emissao_emp":"2023","n_emp":"0001307","data_emissao":"17\/04\/2023","valor":"1.100,00","tipo_empenho":"Ordin\u00e1rio","hist_emp":"VALOR QUE SE EMPENHA REFERENTE A PRESTA\u00c7\u00c3O DE SERVI\u00c7OS NO APOIO E ORGANIZA\u00c7\u00c3O DURANTE AS FESTIVIDADES DO M\u00caS DE MAR\u00c7O, NO DISTRITO DE P\u00c3O DE A\u00c7\u00daCAR, NESTE MUNIC\u00cdPIO.","fornecedor":null,"denom_uni_orc":null,"funcao":"Com\u00e9rcio e Servi\u00e7os","sub_funcao":"Turismo","programa":"PROMO\u00c7\u00c3O DO TURISMO","acao":null,"ident_acao":"Atividade","cat_econ":"Despesa Corrente","natureza_despesa":"Outras Despesas Correntes","modalidade_despesa":"Aplica\u00e7\u00f5es Diretas","elemento_despesa":"Outros Servi\u00e7os de Terceiros - Pessoa F\u00edsica","sub_elem_desp":"SEM SUBELEMENTO","fonte_recurso":"Recursos do Exerc\u00edcio Corrente \/ Recursos n\u00e3o Vinculados de Impostos \/ -"},{"ano_emissao_emp":"2023","n_emp":"0001308","data_emissao":"17\/04\/2023","valor":"340,00","tipo_empenho":"Ordin\u00e1rio","hist_emp":"VALOR QUE SE EMPENHA REFERENTE A CONCESS\u00c3O DE 01 (UMA) DI\u00c1RIA AO PREFEITO IVANILDO MESTRE BEZERRA, NO CARGO DE PREFEITO, LOTADO NESTE GABINETE, COM DESTINO A CIDADE DE CARUARU, JUNTO A FORNECEDORES NO DIA 19\/04\/2023, PARA TRATAR DE ASSUNTOS DE INTERESSE DESTA ADMINISTRA\u00c7\u00c3O, COM VALOR DE R$ 340,00 NIVEL I, CONF. LEI N\u00ba 016\/2009.","fornecedor":null,"denom_uni_orc":null,"funcao":"Administra\u00e7\u00e3o","sub_funcao":"Administra\u00e7\u00e3o Geral","programa":"SUPERVIS\u00c3O E COORDENA\u00c7\u00c3O SUPERIOR","acao":null,"ident_acao":"Atividade","cat_econ":"Despesa Corrente","natureza_despesa":"Outras Despesas Correntes","modalidade_despesa":"Aplica\u00e7\u00f5es Diretas","elemento_despesa":"Di\u00e1rias \u2013 Civil","sub_elem_desp":"SEM SUBELEMENTO","fonte_recurso":"Recursos do Exerc\u00edcio Corrente \/ Recursos n\u00e3o Vinculados de Impostos \/ -"},{"ano_emissao_emp":"2023","n_emp":"0001309","data_emissao":"17\/04\/2023","valor":"1.312,00","tipo_empenho":"Ordin\u00e1rio","hist_emp":"VALOR QUE SE EMPENHA REFERENTE A AQUISI\u00c7\u00c3O DE MEDICAMENTO PARA ANIMAIS TIPO CACHORROS DESTINADAS AO ABRIGO DE ANIMAIS ABANDONADOS DESTE MUNIC\u00cdPIO, CONFORME DESCRITO EM NOTA FISCAL N\u00ba 43 ANEXA.","fornecedor":null,"denom_uni_orc":null,"funcao":"Agricultura","sub_funcao":"Extens\u00e3o Rural","programa":"EXTENS\u00c3O RURAL","acao":null,"ident_acao":"Atividade","cat_econ":"Despesa Corrente","natureza_despesa":"Outras Despesas Correntes","modalidade_despesa":"Aplica\u00e7\u00f5es Diretas","elemento_despesa":"Material, Bem ou Servi\u00e7o para Distribui\u00e7\u00e3o Gratuita","sub_elem_desp":"SEM SUBELEMENTO","fonte_recurso":"Recursos do Exerc\u00edcio Corrente \/ Recursos n\u00e3o Vinculados de Impostos \/ -"},{"ano_emissao_emp":"2023","n_emp":"0001310","data_emissao":"17\/04\/2023","valor":"1.266,04","tipo_empenho":"Ordin\u00e1rio","hist_emp":"VALOR QUE SE EMPENHA REFERENTE A AQUISI\u00c7\u00c3O DE MATERIAIS DE CONSTRU\u00c7\u00c3O DIVERSOS DESTINADOS A MANUTEN\u00c7\u00c3O DOS SERVI\u00c7OS DE OBRAS E URBANISMO DESTA ADMINISTRA\u00c7\u00c3O. CONFORME DESCRITO EM NOTAS FISCAIS ANEXAS.","fornecedor":"JCL LAJES E MATERIAIS PARA CONSTRUCAO LTDA","denom_uni_orc":null,"funcao":"Urbanismo","sub_funcao":"Infra-Estrutura Urbana","programa":"PLANEJAMENTO URBANO","acao":null,"ident_acao":"Atividade","cat_econ":"Despesa Corrente","natureza_despesa":"Outras Despesas Correntes","modalidade_despesa":"Aplica\u00e7\u00f5es Diretas","elemento_despesa":"Despesas de Exerc\u00edcios Anteriores","sub_elem_desp":"SEM SUBELEMENTO","fonte_recurso":"Recursos do Exerc\u00edcio Corrente \/ Recursos n\u00e3o Vinculados de Impostos \/ -"},{"ano_emissao_emp":"2023","n_emp":"0001311","data_emissao":"17\/04\/2023","valor":"5.000,00","tipo_empenho":"Global","hist_emp":"VALOR QUE SE EMPENHA REFERENTE A PRESTA\u00c7\u00c3O DE SERVI\u00c7OS DE REALIZA\u00c7\u00c3O DE VIAGENS EM CARRO PR\u00d3PRIO PARA ESTE GABINETE DURANTE O M\u00caS DE MAR\u00c7O, CONFORME DESCRITO EM PLANILHA ANEXO.","fornecedor":null,"denom_uni_orc":null,"funcao":"Administra\u00e7\u00e3o","sub_funcao":"Administra\u00e7\u00e3o Geral","programa":"SUPERVIS\u00c3O E COORDENA\u00c7\u00c3O SUPERIOR","acao":null,"ident_acao":"Atividade","cat_econ":"Despesa Corrente","natureza_despesa":"Outras Despesas Correntes","modalidade_despesa":"Aplica\u00e7\u00f5es Diretas","elemento_despesa":"Outros Servi\u00e7os de Terceiros - Pessoa F\u00edsica","sub_elem_desp":"SEM SUBELEMENTO","fonte_recurso":"Recursos do Exerc\u00edcio Corrente \/ Recursos n\u00e3o Vinculados de Impostos \/ -"},{"ano_emissao_emp":"2023","n_emp":"0001312","data_emissao":"17\/04\/2023","valor":"7.200,00","tipo_empenho":"Global","hist_emp":"VALOR QUE SE EMPENHA REFERENTE A PRESTA\u00c7\u00c3O DE SERVI\u00c7OS COMO ESTAGI\u00c1RIA DESTA ASSESSORIA JUR\u00cdDICA, PRESTANDO SEUS SERVI\u00c7OS NA DEFENSORIA P\u00daBLICA DESTE MUNIC\u00cdPIO, CONFORME CONTRATO DE PRESTA\u00c7\u00c3O DE SERVI\u00c7OS. (PAGAMENTO EM 09 PARCELAS DE R$ 800,00).","fornecedor":"MARIA EMANUELA DIAS","denom_uni_orc":null,"funcao":"Administra\u00e7\u00e3o","sub_funcao":"Administra\u00e7\u00e3o Geral","programa":"SUPERVIS\u00c3O E COORDENA\u00c7\u00c3O SUPERIOR","acao":null,"ident_acao":"Atividade","cat_econ":"Despesa Corrente","natureza_despesa":"Outras Despesas Correntes","modalidade_despesa":"Aplica\u00e7\u00f5es Diretas","elemento_despesa":"Outros Servi\u00e7os de Terceiros - Pessoa F\u00edsica","sub_elem_desp":"SEM SUBELEMENTO","fonte_recurso":"Recursos do Exerc\u00edcio Corrente \/ Recursos n\u00e3o Vinculados de Impostos \/ -"},{"ano_emissao_emp":"2023","n_emp":"0001313","data_emissao":"17\/04\/2023","valor":"1.530,00","tipo_empenho":"Ordin\u00e1rio","hist_emp":"VALOR QUE SE EMPENHA REFERENTE A AQUISI\u00c7\u00c3O DE CAPAS DE PVC TRANSP. POLIC GG, DESTINADAS A MANUTEN\u00c7\u00c3O DOS SERVI\u00c7OS DESTA ADMINISTRA\u00c7\u00c3O, CONFORME DESCRITO EM NOTA FISCAL DE N\u00ba 7722 ANEXA. COMPRA PARCELADA NO BOLETO EM 1X.","fornecedor":null,"denom_uni_orc":null,"funcao":"Administra\u00e7\u00e3o","sub_funcao":"Administra\u00e7\u00e3o Geral","programa":"ADMINISTRA\u00c7\u00c3O GERAL","acao":null,"ident_acao":"Atividade","cat_econ":"Despesa Corrente","natureza_despesa":"Outras Despesas Correntes","modalidade_despesa":"Aplica\u00e7\u00f5es Diretas","elemento_despesa":"Material de Consumo","sub_elem_desp":"SEM SUBELEMENTO","fonte_recurso":"Recursos do Exerc\u00edcio Corrente \/ Recursos n\u00e3o Vinculados de Impostos \/ -"},{"ano_emissao_emp":"2023","n_emp":"0001314","data_emissao":"17\/04\/2023","valor":"22.849,71","tipo_empenho":"Global","hist_emp":"VALOR QUE SE EMPENHA REFERENTE A PRESTA\u00c7\u00c3O DE SERVI\u00c7OS DE M\u00c3O DE OBRA NA PAVIMENTA\u00c7\u00c3O E DRENAGEM, BEM COMO NO ASSENTAMENTO DE MEIO FIO COM PARALELEP\u00cdPEDOS GRAN\u00cdTICOS SOBRE COLCH\u00c3O DE AREIA NA AVENIDA TAQUARITINGA (ETAPA I) LOCALIZADA NO SILVA DE CIMA, NESTE MUNIC\u00cdPIO, CONFORME PLANILHA OR\u00c7AMENT\u00c1RIA E CONTRATO DE PRESTA\u00c7\u00c3O DE SERVI\u00c7OS.","fornecedor":"GENILSON GUIMAR\u00c3ES GOMES","denom_uni_orc":null,"funcao":"Urbanismo","sub_funcao":"Infra-Estrutura Urbana","programa":"PLANEJAMENTO URBANO","acao":null,"ident_acao":"Projeto","cat_econ":"Despesa de Capital","natureza_despesa":"Investimentos","modalidade_despesa":"Aplica\u00e7\u00f5es Diretas","elemento_despesa":"Obras e Instala\u00e7\u00f5es","sub_elem_desp":"SEM SUBELEMENTO","fonte_recurso":"Recursos do Exerc\u00edcio Corrente \/ Recursos n\u00e3o Vinculados de Impostos \/ -"},{"ano_emissao_emp":"2023","n_emp":"0001315","data_emissao":"17\/04\/2023","valor":"3.603,54","tipo_empenho":"Global","hist_emp":"VALOR QUE SE EMPENHA REFERENTE A PRESTA\u00c7\u00c3O DE SERVI\u00c7OS DE M\u00c3O DE OBRA NA REPOSI\u00c7\u00c3O DE CAL\u00c7AMENTO NA RUA VIDAL PEREIRA E AVENIDA NOSSA SENHORA DO PERP\u00c9TUO SOCORRO, NA COMUNIDADE DE VILA DO SOCORRO, NESTE MUNIC\u00cdPIO, CONFORME PLANILHA OR\u00c7AMENT\u00c1RIA ANEXA E CONTRATO DE PRESTA\u00c7\u00c3O DE SERVI\u00c7OS.","fornecedor":"OSVALDO FERREIRA DE LIMA","denom_uni_orc":null,"funcao":"Urbanismo","sub_funcao":"Infra-Estrutura Urbana","programa":"PLANEJAMENTO URBANO","acao":null,"ident_acao":"Projeto","cat_econ":"Despesa de Capital","natureza_despesa":"Investimentos","modalidade_despesa":"Aplica\u00e7\u00f5es Diretas","elemento_despesa":"Obras e Instala\u00e7\u00f5es","sub_elem_desp":"SEM SUBELEMENTO","fonte_recurso":"Recursos do Exerc\u00edcio Corrente \/ Recursos n\u00e3o Vinculados de Impostos \/ -"},{"ano_emissao_emp":"2023","n_emp":"0001316","data_emissao":"17\/04\/2023","valor":"115.500,00","tipo_empenho":"Global","hist_emp":"VALOR QUE SE EMPENHA REFERENTE AO PAGAMENTO DE CONV\u00caNIO ENTRE ESTA PREFEITURA E ESTE CMDRS, QUE CONSISTE NA DISPONIBILIZA\u00c7\u00c3O DE RECURSOS FINANCEIROS DESTE MUNIC\u00cdPIO PARA AUXILIAR O CUSTEIO DOS SERVI\u00c7OS A SEREM DESENVOLVIDOS NAS PROPRIEDADES RURAIS COM A ARA\u00c7\u00c3O DE TERRAS AGR\u00cdCOLAS DAS COMUNIDADES RURAIS DESTE MUNIC\u00cdPIO. CONFORME TERMO DE CONV\u00caNIO 001\/2023.","fornecedor":"CONSELHO MUN DE DESENV SUSTENT\u00c1VEL DE TAQ DO NORTE","denom_uni_orc":null,"funcao":"Agricultura","sub_funcao":"Extens\u00e3o Rural","programa":"EXTENS\u00c3O RURAL","acao":null,"ident_acao":"Atividade","cat_econ":"Despesa Corrente","natureza_despesa":"Outras Despesas Correntes","modalidade_despesa":"Aplica\u00e7\u00f5es Diretas","elemento_despesa":"Outros Servi\u00e7os de Terceiros - Pessoa Jur\u00eddica","sub_elem_desp":"SEM SUBELEMENTO","fonte_recurso":"Recursos do Exerc\u00edcio Corrente \/ Recursos n\u00e3o Vinculados de Impostos \/ -"},{"ano_emissao_emp":"2023","n_emp":"0001317","data_emissao":"18\/04\/2023","valor":"3.808,00","tipo_empenho":"Ordin\u00e1rio","hist_emp":"VALOR QUE SE EMPENHA REFERENTE A CONFEC\u00c7\u00c3O DE LONAS, CARIMBOS E IMPRESS\u00d5ES DE PAP\u00c9IS TIMBRADOS, DESTINADOS A MANUTEN\u00c7\u00c3O DOS SERVI\u00c7OS DESTA ADMINISTRA\u00c7\u00c3O, CONFORME DESCRITO EM NOTA FISCAL DE N\u00ba 11496 EM ANEXO.","fornecedor":"GRAFICA AGRESTE LTDA EPP","denom_uni_orc":null,"funcao":"Administra\u00e7\u00e3o","sub_funcao":"Administra\u00e7\u00e3o Geral","programa":"ADMINISTRA\u00c7\u00c3O GERAL","acao":null,"ident_acao":"Atividade","cat_econ":"Despesa Corrente","natureza_despesa":"Outras Despesas Correntes","modalidade_despesa":"Aplica\u00e7\u00f5es Diretas","elemento_despesa":"Outros Servi\u00e7os de Terceiros - Pessoa Jur\u00eddica","sub_elem_desp":"SEM SUBELEMENTO","fonte_recurso":"Recursos do Exerc\u00edcio Corrente \/ Recursos n\u00e3o Vinculados de Impostos \/ -"},{"ano_emissao_emp":"2023","n_emp":"0001318","data_emissao":"18\/04\/2023","valor":"3.030,47","tipo_empenho":"Ordin\u00e1rio","hist_emp":"VALOR QUE SE EMPENHA REFERENTE A CONFEC\u00c7\u00c3O DE CHAVEIROS, AQUISI\u00c7\u00c3O DE FITAS DE IMPRESSORA, SUPORTE, LUPAS, MOUSE PAD, CANETAS E PASTAS, DESTINADOS A MANUTEN\u00c7\u00c3O DOS SERVI\u00c7OS DESTA ADMINISTRA\u00c7\u00c3O, CONFORME DESCRITO EM NOTA FISCAL DE N\u00ba 11497 EM ANEXO.","fornecedor":"GRAFICA AGRESTE LTDA EPP","denom_uni_orc":null,"funcao":"Administra\u00e7\u00e3o","sub_funcao":"Administra\u00e7\u00e3o Geral","programa":"ADMINISTRA\u00c7\u00c3O GERAL","acao":null,"ident_acao":"Atividade","cat_econ":"Despesa Corrente","natureza_despesa":"Outras Despesas Correntes","modalidade_despesa":"Aplica\u00e7\u00f5es Diretas","elemento_despesa":"Outros Servi\u00e7os de Terceiros - Pessoa Jur\u00eddica","sub_elem_desp":"SEM SUBELEMENTO","fonte_recurso":"Recursos do Exerc\u00edcio Corrente \/ Recursos n\u00e3o Vinculados de Impostos \/ -"},{"ano_emissao_emp":"2023","n_emp":"0001319","data_emissao":"18\/04\/2023","valor":"919,52","tipo_empenho":"Ordin\u00e1rio","hist_emp":"VALOR QUE SE EMPENHA REFERENTE A AQUISI\u00c7\u00c3O DE CHAPAS CORTADAS 3\/16 PT 4,15 X 3000 X 1200, DESTINADAS A MANUTEN\u00c7\u00c3O DOS SERVI\u00c7OS DE OBRAS E URBANISMO DESTA ADMINISTRA\u00c7\u00c3O, CONFORME DESCRITO EM NOTA FISCAL DE N\u00ba 5601 ANEXA..","fornecedor":null,"denom_uni_orc":null,"funcao":"Urbanismo","sub_funcao":"Infra-Estrutura Urbana","programa":"PLANEJAMENTO URBANO","acao":null,"ident_acao":"Atividade","cat_econ":"Despesa Corrente","natureza_despesa":"Outras Despesas Correntes","modalidade_despesa":"Aplica\u00e7\u00f5es Diretas","elemento_despesa":"Material de Consumo","sub_elem_desp":"SEM SUBELEMENTO","fonte_recurso":"Recursos do Exerc\u00edcio Corrente \/ Recursos n\u00e3o Vinculados de Impostos \/ -"},{"ano_emissao_emp":"2023","n_emp":"0001320","data_emissao":"18\/04\/2023","valor":"2.000,00","tipo_empenho":"Ordin\u00e1rio","hist_emp":"VALOR QUE SE EMPENHA REFERENTE A PRESTA\u00c7\u00c3O DE SERVI\u00c7OS ADVOCAT\u00cdCIOS JUNTO A COORDENADORIA DA MULHER DESTA ADMINISTRA\u00c7\u00c3O, COMPREENDENDO SERVI\u00c7OS DE ATENDIMENTO A MULHER EM SITUA\u00c7\u00c3O DE VIOL\u00caNCIA DOM\u00c9STICA E FAMILIAR, PROMOVER ORIENTA\u00c7\u00d5ES E ENCAMINHAMENTOS PERTINENTES, BEM COMO ACOMPANHAMENTO, INFORMA\u00c7\u00d5ES E ORIENTA\u00c7\u00d5ES T\u00c9CNICO-JUR\u00cdDICAS A PROCESSOS EM ANDAMENTO, CONFORME DESCRITO EM NOTA FISCAL N\u00ba 17800 ANEXA REF. PER\u00cdODO DE 12\/03 A 12\/04\/2023.","fornecedor":null,"denom_uni_orc":null,"funcao":"Administra\u00e7\u00e3o","sub_funcao":"Administra\u00e7\u00e3o Geral","programa":"ADMINISTRA\u00c7\u00c3O GERAL","acao":null,"ident_acao":"Atividade","cat_econ":"Despesa Corrente","natureza_despesa":"Outras Despesas Correntes","modalidade_despesa":"Aplica\u00e7\u00f5es Diretas","elemento_despesa":"Outros Servi\u00e7os de Terceiros - Pessoa Jur\u00eddica","sub_elem_desp":"SEM SUBELEMENTO","fonte_recurso":"Recursos do Exerc\u00edcio Corrente \/ Recursos n\u00e3o Vinculados de Impostos \/ -"},{"ano_emissao_emp":"2023","n_emp":"0001321","data_emissao":"18\/04\/2023","valor":"10.800,00","tipo_empenho":"Ordin\u00e1rio","hist_emp":"VALOR QUE SE EMPENHA REFERENTE A AQUISI\u00c7\u00c3O DE PARALELEP\u00cdPEDOS DE PEDRAS GRAN\u00cdTICAS DESTINADOS A MANUTEN\u00c7\u00c3O E CAL\u00c7AMENTO DE NOVAS RUAS NESTE MUNIC\u00cdPIO, CONFORME DESCRITO EM NOTA FISCAL DE N\u00ba 68 EM ANEXO.","fornecedor":null,"denom_uni_orc":null,"funcao":"Urbanismo","sub_funcao":"Infra-Estrutura Urbana","programa":"PLANEJAMENTO URBANO","acao":null,"ident_acao":"Atividade","cat_econ":"Despesa Corrente","natureza_despesa":"Outras Despesas Correntes","modalidade_despesa":"Aplica\u00e7\u00f5es Diretas","elemento_despesa":"Material de Consumo","sub_elem_desp":"SEM SUBELEMENTO","fonte_recurso":"Recursos do Exerc\u00edcio Corrente \/ Recursos n\u00e3o Vinculados de Impostos \/ -"},{"ano_emissao_emp":"2023","n_emp":"0001322","data_emissao":"18\/04\/2023","valor":"1.050,00","tipo_empenho":"Ordin\u00e1rio","hist_emp":"VALOR QUE SE EMPENHA REFERENTE A AQUISI\u00c7\u00c3O DE 01 (UM) CORTADOR DE GRAMA EL. 1300W, DESTINADO A MANUTEN\u00c7\u00c3O DOS SERVI\u00c7OS DESTA ADMINISTRA\u00c7\u00c3O, CONFORME DESCRITO EM NOTA FISCAL DE N\u00ba 89213 ANEXA.","fornecedor":null,"denom_uni_orc":null,"funcao":"Administra\u00e7\u00e3o","sub_funcao":"Administra\u00e7\u00e3o Geral","programa":"ADMINISTRA\u00c7\u00c3O GERAL","acao":null,"ident_acao":"Projeto","cat_econ":"Despesa de Capital","natureza_despesa":"Investimentos","modalidade_despesa":"Aplica\u00e7\u00f5es Diretas","elemento_despesa":"Equipamentos e Material Permanente","sub_elem_desp":"SEM SUBELEMENTO","fonte_recurso":"Recursos do Exerc\u00edcio Corrente \/ Recursos n\u00e3o Vinculados de Impostos \/ -"},{"ano_emissao_emp":"2023","n_emp":"0001323","data_emissao":"18\/04\/2023","valor":"1.560,00","tipo_empenho":"Ordin\u00e1rio","hist_emp":"VALOR QUE SE EMPENHA REFERENTE A AQUISI\u00c7\u00c3O DE C\u00c2MARAS DE AR DESTINADOS AO VE\u00cdCULO P\u00c1 CARREGADEIRA HL-740-9S PERTENCENTE A ESTA ADMINISTRA\u00c7\u00c3O, CONFORME DESCRITO EM NOTA FISCAL DE N\u00ba 5222 ANEXA. PROCESSO 051\/2022 PREG\u00c3O ELETR\u00d4NICO 033\/2022.","fornecedor":null,"denom_uni_orc":null,"funcao":"Urbanismo","sub_funcao":"Infra-Estrutura Urbana","programa":"PLANEJAMENTO URBANO","acao":null,"ident_acao":"Atividade","cat_econ":"Despesa Corrente","natureza_despesa":"Outras Despesas Correntes","modalidade_despesa":"Aplica\u00e7\u00f5es Diretas","elemento_despesa":"Material de Consumo","sub_elem_desp":"SEM SUBELEMENTO","fonte_recurso":"Recursos do Exerc\u00edcio Corrente \/ Recursos n\u00e3o Vinculados de Impostos \/ -"},{"ano_emissao_emp":"2023","n_emp":"0001324","data_emissao":"18\/04\/2023","valor":"1.156,00","tipo_empenho":"Ordin\u00e1rio","hist_emp":"VALOR QUE SE EMPENHA REFERENTE A AQUISI\u00c7\u00c3O DE PNEUS DESTINADOS AO VE\u00cdCULO DE PLACA PGM-1147 PERTENCENTE A ESTA ADMINISTRA\u00c7\u00c3O, CONFORME DESCRITO EM NOTA FISCAL DE N\u00ba 5223 ANEXA. PROCESSO 051\/2022 PREG\u00c3O ELETR\u00d4NICO 033\/2022.","fornecedor":null,"denom_uni_orc":null,"funcao":"Gest\u00e3o Ambiental","sub_funcao":"Infra-Estrutura Urbana","programa":"CONTROLE DA POPUI\u00c7\u00c3O","acao":null,"ident_acao":"Atividade","cat_econ":"Despesa Corrente","natureza_despesa":"Outras Despesas Correntes","modalidade_despesa":"Aplica\u00e7\u00f5es Diretas","elemento_despesa":"Material de Consumo","sub_elem_desp":"SEM SUBELEMENTO","fonte_recurso":"Recursos do Exerc\u00edcio Corrente \/ Recursos n\u00e3o Vinculados de Impostos \/ -"},{"ano_emissao_emp":"2023","n_emp":"0001325","data_emissao":"18\/04\/2023","valor":"3.756,00","tipo_empenho":"Ordin\u00e1rio","hist_emp":"VALOR QUE SE EMPENHA REFERENTE A AQUISI\u00c7\u00c3O DE PNEUS DESTINADOS AOS VE\u00cdCULOS DE PLACAS MVL-0H20 E KJM-8385 PERTENCENTES A ESTA ADMINISTRA\u00c7\u00c3O, CONFORME DESCRITO EM NOTAS FISCAIS DE N\u00ba 5224 E N\u00ba 5225 ANEXAS. PROCESSO 051\/2022 PREG\u00c3O ELETR\u00d4NICO 033\/2022.","fornecedor":null,"denom_uni_orc":null,"funcao":"Administra\u00e7\u00e3o","sub_funcao":"Administra\u00e7\u00e3o Geral","programa":"SUPERVIS\u00c3O E COORDENA\u00c7\u00c3O SUPERIOR","acao":null,"ident_acao":"Atividade","cat_econ":"Despesa Corrente","natureza_despesa":"Outras Despesas Correntes","modalidade_despesa":"Aplica\u00e7\u00f5es Diretas","elemento_despesa":"Material de Consumo","sub_elem_desp":"SEM SUBELEMENTO","fonte_recurso":"Recursos do Exerc\u00edcio Corrente \/ Recursos n\u00e3o Vinculados de Impostos \/ -"},{"ano_emissao_emp":"2023","n_emp":"0001326","data_emissao":"18\/04\/2023","valor":"495,70","tipo_empenho":"Ordin\u00e1rio","hist_emp":"VALOR QUE SE EMPENHA REFERENTE A PRESTA\u00c7\u00c3O DE SERVI\u00c7OS DE MANUTEN\u00c7\u00c3O PREVENTIVA NO VE\u00cdCULO DE PLACA KLI-3909 PERTENCENTE A ESTA ADMINISTRA\u00c7\u00c3O, CONFORME DESCRITO EM NOTA FISCAL DE N\u00ba 1643 ANEXA. PROCESSO LICITAT\u00d3RIO N\u00ba 050\/2022 PREG\u00c3O ELETR\u00d4NICO N\u00ba 032\/2022.","fornecedor":"OSEAS & ALEXANDRE SERVICOS AUTOMOTIVOS LTDA","denom_uni_orc":null,"funcao":"Urbanismo","sub_funcao":"Infra-Estrutura Urbana","programa":"PLANEJAMENTO URBANO","acao":null,"ident_acao":"Atividade","cat_econ":"Despesa Corrente","natureza_despesa":"Outras Despesas Correntes","modalidade_despesa":"Aplica\u00e7\u00f5es Diretas","elemento_despesa":"Outros Servi\u00e7os de Terceiros - Pessoa Jur\u00eddica","sub_elem_desp":"SEM SUBELEMENTO","fonte_recurso":"Recursos do Exerc\u00edcio Corrente \/ Recursos n\u00e3o Vinculados de Impostos \/ -"},{"ano_emissao_emp":"2023","n_emp":"0001327","data_emissao":"18\/04\/2023","valor":"1.559,50","tipo_empenho":"Ordin\u00e1rio","hist_emp":"VALOR QUE SE EMPENHA REFERENTE A PRESTA\u00c7\u00c3O DE SERVI\u00c7OS DE MANUTEN\u00c7\u00c3O PREVENTIVA NO VE\u00cdCULO DE PLACA PGM-1147 PERTENCENTE A ESTA ADMINISTRA\u00c7\u00c3O, CONFORME DESCRITO EM NOTA FISCAL DE N\u00ba 1633 ANEXA. PROCESSO LICITAT\u00d3RIO N\u00ba 050\/2022 PREG\u00c3O ELETR\u00d4NICO N\u00ba 032\/2022.","fornecedor":"OSEAS & ALEXANDRE SERVICOS AUTOMOTIVOS LTDA","denom_uni_orc":null,"funcao":"Agricultura","sub_funcao":"Administra\u00e7\u00e3o Geral","programa":"ADMINISTRA\u00c7\u00c3O GERAL","acao":null,"ident_acao":"Atividade","cat_econ":"Despesa Corrente","natureza_despesa":"Outras Despesas Correntes","modalidade_despesa":"Aplica\u00e7\u00f5es Diretas","elemento_despesa":"Outros Servi\u00e7os de Terceiros - Pessoa Jur\u00eddica","sub_elem_desp":"SEM SUBELEMENTO","fonte_recurso":"Recursos do Exerc\u00edcio Corrente \/ Recursos n\u00e3o Vinculados de Impostos \/ -"},{"ano_emissao_emp":"2023","n_emp":"0001328","data_emissao":"18\/04\/2023","valor":"395,70","tipo_empenho":"Ordin\u00e1rio","hist_emp":"VALOR QUE SE EMPENHA REFERENTE A PRESTA\u00c7\u00c3O DE SERVI\u00c7OS DE MANUTEN\u00c7\u00c3O PREVENTIVA NO VE\u00cdCULO DE PLACA PDJ-9566 PERTENCENTE A ESTA ADMINISTRA\u00c7\u00c3O, CONFORME DESCRITO EM NOTA FISCAL DE N\u00ba 1624 ANEXA. PROCESSO LICITAT\u00d3RIO N\u00ba 050\/2022 PREG\u00c3O ELETR\u00d4NICO N\u00ba 032\/2022.","fornecedor":"OSEAS & ALEXANDRE SERVICOS AUTOMOTIVOS LTDA","denom_uni_orc":null,"funcao":"Administra\u00e7\u00e3o","sub_funcao":"Administra\u00e7\u00e3o Geral","programa":"SUPERVIS\u00c3O E COORDENA\u00c7\u00c3O SUPERIOR","acao":null,"ident_acao":"Atividade","cat_econ":"Despesa Corrente","natureza_despesa":"Outras Despesas Correntes","modalidade_despesa":"Aplica\u00e7\u00f5es Diretas","elemento_despesa":"Outros Servi\u00e7os de Terceiros - Pessoa Jur\u00eddica","sub_elem_desp":"SEM SUBELEMENTO","fonte_recurso":"Recursos do Exerc\u00edcio Corrente \/ Recursos n\u00e3o Vinculados de Impostos \/ -"},{"ano_emissao_emp":"2023","n_emp":"0001329","data_emissao":"18\/04\/2023","valor":"1.187,10","tipo_empenho":"Ordin\u00e1rio","hist_emp":"VALOR QUE SE EMPENHA REFERENTE A PRESTA\u00c7\u00c3O DE SERVI\u00c7OS DE MANUTEN\u00c7\u00c3O PREVENTIVA NOS VE\u00cdCULOS DE PLACAS QYI-1H52, QYI-1I02 PERTENCENTE A ESTA ADMINISTRA\u00c7\u00c3O, CONFORME DESCRITO EM NOTAS FISCAIS DE N\u00ba 1619 E N\u00ba 1625 ANEXAS. PROCESSO LICITAT\u00d3RIO N\u00ba 050\/2022 PREG\u00c3O ELETR\u00d4NICO N\u00ba 032\/2022.","fornecedor":"OSEAS & ALEXANDRE SERVICOS AUTOMOTIVOS LTDA","denom_uni_orc":null,"funcao":"Seguran\u00e7a P\u00fablica","sub_funcao":"Defesa Civil","programa":"DEFESA CIVIL","acao":null,"ident_acao":"Atividade","cat_econ":"Despesa Corrente","natureza_despesa":"Outras Despesas Correntes","modalidade_despesa":"Aplica\u00e7\u00f5es Diretas","elemento_despesa":"Outros Servi\u00e7os de Terceiros - Pessoa Jur\u00eddica","sub_elem_desp":"SEM SUBELEMENTO","fonte_recurso":"Recursos do Exerc\u00edcio Corrente \/ Recursos n\u00e3o Vinculados de Impostos \/ -"},{"ano_emissao_emp":"2023","n_emp":"0001330","data_emissao":"18\/04\/2023","valor":"263,80","tipo_empenho":"Ordin\u00e1rio","hist_emp":"VALOR QUE SE EMPENHA REFERENTE A PRESTA\u00c7\u00c3O DE SERVI\u00c7OS DE MANUTEN\u00c7\u00c3O PREVENTIVA NO VE\u00cdCULO DE PLACA QYJ-3D88 PERTENCENTE A ESTA ADMINISTRA\u00c7\u00c3O, CONFORME DESCRITO EM NOTA FISCAL DE N\u00ba 1641 ANEXA. PROCESSO LICITAT\u00d3RIO N\u00ba 050\/2022 PREG\u00c3O ELETR\u00d4NICO N\u00ba 032\/2022.","fornecedor":"OSEAS & ALEXANDRE SERVICOS AUTOMOTIVOS LTDA","denom_uni_orc":null,"funcao":"Urbanismo","sub_funcao":"Infra-Estrutura Urbana","programa":"PLANEJAMENTO URBANO","acao":null,"ident_acao":"Atividade","cat_econ":"Despesa Corrente","natureza_despesa":"Outras Despesas Correntes","modalidade_despesa":"Aplica\u00e7\u00f5es Diretas","elemento_despesa":"Outros Servi\u00e7os de Terceiros - Pessoa Jur\u00eddica","sub_elem_desp":"SEM SUBELEMENTO","fonte_recurso":"Recursos do Exerc\u00edcio Corrente \/ Recursos n\u00e3o Vinculados de Impostos \/ -"},{"ano_emissao_emp":"2023","n_emp":"0001331","data_emissao":"18\/04\/2023","valor":"477,09","tipo_empenho":"Ordin\u00e1rio","hist_emp":"VALOR QUE SE EMPENHA REFERENTE A AQUISI\u00c7\u00c3O DE PE\u00c7AS AUTOMOTIVAS DE REPOSI\u00c7\u00c3O DESTINADAS A MANUTEN\u00c7\u00c3O DO VE\u00cdCULO DE PLACA PGM-1147 PERTENCENTE A ESTA ADMINISTRA\u00c7\u00c3O, CONFORME DESCRITO EM NOTA FISCAL N\u00ba 1695 ANEXA. PROCESSO LICITAT\u00d3RIO N\u00ba 050\/2022 PREG\u00c3O ELETR\u00d4NICO N\u00ba 032\/2022.","fornecedor":"OSEAS & ALEXANDRE SERVICOS AUTOMOTIVOS LTDA","denom_uni_orc":null,"funcao":"Agricultura","sub_funcao":"Administra\u00e7\u00e3o Geral","programa":"ADMINISTRA\u00c7\u00c3O GERAL","acao":null,"ident_acao":"Atividade","cat_econ":"Despesa Corrente","natureza_despesa":"Outras Despesas Correntes","modalidade_despesa":"Aplica\u00e7\u00f5es Diretas","elemento_despesa":"Material de Consumo","sub_elem_desp":"SEM SUBELEMENTO","fonte_recurso":"Recursos do Exerc\u00edcio Corrente \/ Recursos n\u00e3o Vinculados de Impostos \/ -"},{"ano_emissao_emp":"2023","n_emp":"0001332","data_emissao":"18\/04\/2023","valor":"1.050,90","tipo_empenho":"Ordin\u00e1rio","hist_emp":"VALOR QUE SE EMPENHA REFERENTE A AQUISI\u00c7\u00c3O DE PE\u00c7AS AUTOMOTIVAS DE REPOSI\u00c7\u00c3O DESTINADAS A MANUTEN\u00c7\u00c3O DO VE\u00cdCULO DE PLACA PDJ-9566 PERTENCENTE A ESTA ADMINISTRA\u00c7\u00c3O, CONFORME DESCRITO EM NOTA FISCAL N\u00ba 1695 ANEXA. PROCESSO LICITAT\u00d3RIO N\u00ba 050\/2022 PREG\u00c3O ELETR\u00d4NICO N\u00ba 032\/2022.","fornecedor":"OSEAS & ALEXANDRE SERVICOS AUTOMOTIVOS LTDA","denom_uni_orc":null,"funcao":"Administra\u00e7\u00e3o","sub_funcao":"Administra\u00e7\u00e3o Geral","programa":"SUPERVIS\u00c3O E COORDENA\u00c7\u00c3O SUPERIOR","acao":null,"ident_acao":"Atividade","cat_econ":"Despesa Corrente","natureza_despesa":"Outras Despesas Correntes","modalidade_despesa":"Aplica\u00e7\u00f5es Diretas","elemento_despesa":"Material de Consumo","sub_elem_desp":"SEM SUBELEMENTO","fonte_recurso":"Recursos do Exerc\u00edcio Corrente \/ Recursos n\u00e3o Vinculados de Impostos \/ -"},{"ano_emissao_emp":"2023","n_emp":"0001333","data_emissao":"18\/04\/2023","valor":"255,75","tipo_empenho":"Ordin\u00e1rio","hist_emp":"VALOR QUE SE EMPENHA REFERENTE A AQUISI\u00c7\u00c3O DE PE\u00c7AS AUTOMOTIVAS DE REPOSI\u00c7\u00c3O DESTINADAS A MANUTEN\u00c7\u00c3O DO VE\u00cdCULO DE PLACA KLI-3909 PERTENCENTE A ESTA ADMINISTRA\u00c7\u00c3O, CONFORME DESCRITO EM NOTA FISCAL N\u00ba 1706 ANEXA. PROCESSO LICITAT\u00d3RIO N\u00ba 050\/2022 PREG\u00c3O ELETR\u00d4NICO N\u00ba 032\/2022.","fornecedor":"OSEAS & ALEXANDRE SERVICOS AUTOMOTIVOS LTDA","denom_uni_orc":null,"funcao":"Urbanismo","sub_funcao":"Infra-Estrutura Urbana","programa":"PLANEJAMENTO URBANO","acao":null,"ident_acao":"Atividade","cat_econ":"Despesa Corrente","natureza_despesa":"Outras Despesas Correntes","modalidade_despesa":"Aplica\u00e7\u00f5es Diretas","elemento_despesa":"Material de Consumo","sub_elem_desp":"SEM SUBELEMENTO","fonte_recurso":"Recursos do Exerc\u00edcio Corrente \/ Recursos n\u00e3o Vinculados de Impostos \/ -"},{"ano_emissao_emp":"2023","n_emp":"0001334","data_emissao":"18\/04\/2023","valor":"67,89","tipo_empenho":"Ordin\u00e1rio","hist_emp":"VALOR QUE SE EMPENHA REFERENTE A AQUISI\u00c7\u00c3O DE PE\u00c7AS AUTOMOTIVAS DE REPOSI\u00c7\u00c3O DESTINADAS A MANUTEN\u00c7\u00c3O DO VE\u00cdCULO DE PLACA QYJ-3D88 PERTENCENTE A ESTA ADMINISTRA\u00c7\u00c3O, CONFORME DESCRITO EM NOTA FISCAL N\u00ba 1704 ANEXA. PROCESSO LICITAT\u00d3RIO N\u00ba 050\/2022 PREG\u00c3O ELETR\u00d4NICO N\u00ba 032\/2022.","fornecedor":"OSEAS & ALEXANDRE SERVICOS AUTOMOTIVOS LTDA","denom_uni_orc":null,"funcao":"Urbanismo","sub_funcao":"Infra-Estrutura Urbana","programa":"PLANEJAMENTO URBANO","acao":null,"ident_acao":"Atividade","cat_econ":"Despesa Corrente","natureza_despesa":"Outras Despesas Correntes","modalidade_despesa":"Aplica\u00e7\u00f5es Diretas","elemento_despesa":"Material de Consumo","sub_elem_desp":"SEM SUBELEMENTO","fonte_recurso":"Recursos do Exerc\u00edcio Corrente \/ Recursos n\u00e3o Vinculados de Impostos \/ -"},{"ano_emissao_emp":"2023","n_emp":"0001335","data_emissao":"18\/04\/2023","valor":"3.550,74","tipo_empenho":"Ordin\u00e1rio","hist_emp":"VALOR QUE SE EMPENHA REFERENTE A AQUISI\u00c7\u00c3O DE PE\u00c7AS AUTOMOTIVAS DE REPOSI\u00c7\u00c3O DESTINADAS A MANUTEN\u00c7\u00c3O DO VE\u00cdCULO DE PLACAS QYI-1H52 E QYI-1I02 PERTENCENTES A ESTA ADMINISTRA\u00c7\u00c3O, CONFORME DESCRITO EM NOTAS FISCAIS N\u00ba 1682 E N\u00ba1688 ANEXAS. PROCESSO LICITAT\u00d3RIO N\u00ba 050\/2022 PREG\u00c3O ELETR\u00d4NICO N\u00ba 032\/2022.","fornecedor":"OSEAS & ALEXANDRE SERVICOS AUTOMOTIVOS LTDA","denom_uni_orc":null,"funcao":"Seguran\u00e7a P\u00fablica","sub_funcao":"Defesa Civil","programa":"DEFESA CIVIL","acao":null,"ident_acao":"Atividade","cat_econ":"Despesa Corrente","natureza_despesa":"Outras Despesas Correntes","modalidade_despesa":"Aplica\u00e7\u00f5es Diretas","elemento_despesa":"Material de Consumo","sub_elem_desp":"SEM SUBELEMENTO","fonte_recurso":"Recursos do Exerc\u00edcio Corrente \/ Recursos n\u00e3o Vinculados de Impostos \/ -"},{"ano_emissao_emp":"2023","n_emp":"0001336","data_emissao":"18\/04\/2023","valor":"1.620,00","tipo_empenho":"Ordin\u00e1rio","hist_emp":"VALOR QUE SE EMPENHA REFERENTE A PRESTA\u00c7\u00c3O DE SERVI\u00c7OS NA CONFEC\u00c7\u00c3O DE FARDAMENTOS DESTINADOS AOS GUARDAS MUNICIPAIS DESTA ADMINISTRA\u00c7\u00c3O.","fornecedor":null,"denom_uni_orc":null,"funcao":"Seguran\u00e7a P\u00fablica","sub_funcao":"Defesa Civil","programa":"DEFESA CIVIL","acao":null,"ident_acao":"Atividade","cat_econ":"Despesa Corrente","natureza_despesa":"Outras Despesas Correntes","modalidade_despesa":"Aplica\u00e7\u00f5es Diretas","elemento_despesa":"Outros Servi\u00e7os de Terceiros - Pessoa F\u00edsica","sub_elem_desp":"SEM SUBELEMENTO","fonte_recurso":"Recursos do Exerc\u00edcio Corrente \/ Recursos n\u00e3o Vinculados de Impostos \/ -"},{"ano_emissao_emp":"2023","n_emp":"0001337","data_emissao":"18\/04\/2023","valor":"1.120,00","tipo_empenho":"Ordin\u00e1rio","hist_emp":"VALOR QUE SE EMPENHA REFERENTE A PRESTA\u00c7\u00c3O DE SERVI\u00c7OS DE ORIENTA\u00c7\u00c3O NO TR\u00c2NSITO NO DISTRITO DE P\u00c3O DE A\u00c7\u00daCAR, NESTE MUNIC\u00cdPIO, DURANTE O M\u00caS DE MAR\u00c7O.","fornecedor":null,"denom_uni_orc":null,"funcao":"Seguran\u00e7a P\u00fablica","sub_funcao":"Defesa Civil","programa":"DEFESA CIVIL","acao":null,"ident_acao":"Atividade","cat_econ":"Despesa Corrente","natureza_despesa":"Outras Despesas Correntes","modalidade_despesa":"Aplica\u00e7\u00f5es Diretas","elemento_despesa":"Outros Servi\u00e7os de Terceiros - Pessoa F\u00edsica","sub_elem_desp":"SEM SUBELEMENTO","fonte_recurso":"Recursos do Exerc\u00edcio Corrente \/ Recursos n\u00e3o Vinculados de Impostos \/ -"},{"ano_emissao_emp":"2023","n_emp":"0001338","data_emissao":"18\/04\/2023","valor":"1.020,00","tipo_empenho":"Ordin\u00e1rio","hist_emp":"VALOR QUE SE EMPENHA REFERENTE A AQUISI\u00c7\u00c3O DE MEDICAMENTO PARA ANIMAIS TIPO CACHORROS DESTINADAS AO ABRIGO DE ANIMAIS ABANDONADOS DESTE MUNIC\u00cdPIO, CONFORME DESCRITO EM NOTA FISCAL N\u00ba 46 ANEXA.","fornecedor":null,"denom_uni_orc":null,"funcao":"Agricultura","sub_funcao":"Extens\u00e3o Rural","programa":"EXTENS\u00c3O RURAL","acao":null,"ident_acao":"Atividade","cat_econ":"Despesa Corrente","natureza_despesa":"Outras Despesas Correntes","modalidade_despesa":"Aplica\u00e7\u00f5es Diretas","elemento_despesa":"Material, Bem ou Servi\u00e7o para Distribui\u00e7\u00e3o Gratuita","sub_elem_desp":"SEM SUBELEMENTO","fonte_recurso":"Recursos do Exerc\u00edcio Corrente \/ Recursos n\u00e3o Vinculados de Impostos \/ -"},{"ano_emissao_emp":"2023","n_emp":"0001339","data_emissao":"18\/04\/2023","valor":"2.640,00","tipo_empenho":"Ordin\u00e1rio","hist_emp":"VALOR QUE SE EMPENHA REFERENTRE A PRESTA\u00c7\u00c3O DE SERVI\u00c7O NA ARA\u00c7\u00c3O DE TERRA NA COMUNIDADE DE MONTEIRO EM APOIO AO PRODUTOR RURAL.QUANT.16 HORAS A 165,00","fornecedor":"JOS\u00c9 MARIVALDO MIRANDA GOMES","denom_uni_orc":null,"funcao":"Agricultura","sub_funcao":"Extens\u00e3o Rural","programa":"EXTENS\u00c3O RURAL","acao":null,"ident_acao":"Atividade","cat_econ":"Despesa Corrente","natureza_despesa":"Outras Despesas Correntes","modalidade_despesa":"Aplica\u00e7\u00f5es Diretas","elemento_despesa":"Outros Servi\u00e7os de Terceiros - Pessoa F\u00edsica","sub_elem_desp":"SEM SUBELEMENTO","fonte_recurso":"Recursos do Exerc\u00edcio Corrente \/ Recursos n\u00e3o Vinculados de Impostos \/ -"},{"ano_emissao_emp":"2023","n_emp":"0001340","data_emissao":"18\/04\/2023","valor":"2.700,00","tipo_empenho":"Ordin\u00e1rio","hist_emp":"VALOR QUE SE EMPENHA REFERENTE A PRESTA\u00c7\u00c3O DE SERVI\u00c7OS DE ABASTECIMENTO DE \u00c1GUA COM CARRO PIPA DE PLACA MNC-4025, EM CISTERNAS E CAIXAS D'AGUA PARA AS COMUNIDADES CARENTES DA ZONA RURAL DE MATEUS VIEIRA, NESTE MUNIC\u00cdPIO. CONFORME SOLICITADO NO OF\u00cdCIO DE N\u00ba 085\/2023 - SEGAB EM ANEXO.","fornecedor":null,"denom_uni_orc":null,"funcao":"Administra\u00e7\u00e3o","sub_funcao":"Administra\u00e7\u00e3o Geral","programa":"SUPERVIS\u00c3O E COORDENA\u00c7\u00c3O SUPERIOR","acao":null,"ident_acao":"Atividade","cat_econ":"Despesa Corrente","natureza_despesa":"Outras Despesas Correntes","modalidade_despesa":"Aplica\u00e7\u00f5es Diretas","elemento_despesa":"Outros Servi\u00e7os de Terceiros - Pessoa F\u00edsica","sub_elem_desp":"SEM SUBELEMENTO","fonte_recurso":"Recursos do Exerc\u00edcio Corrente \/ Recursos n\u00e3o Vinculados de Impostos \/ -"},{"ano_emissao_emp":"2023","n_emp":"0001341","data_emissao":"18\/04\/2023","valor":"2.700,00","tipo_empenho":"Ordin\u00e1rio","hist_emp":"VALOR QUE SE EMPENHA REFERENTE A PRESTA\u00c7\u00c3O DE SERVI\u00c7OS DE ABASTECIMENTO DE \u00c1GUA COM CAMINH\u00c3O PIPA PR\u00d3PRIO, DESTINADOS A DIVERSAS CISTERNAS P\u00daBLICAS DESTE MUNIC\u00cdPIO. CONFORME RELA\u00c7\u00c3O ANEXA, DURANTE O M\u00caS DE MAR\u00c7O DE 2023, CONFORME SOLICITADO NO OF\u00cdCIO DE N\u00ba 084\/2023 - SEGAB EM ANEXO..","fornecedor":null,"denom_uni_orc":null,"funcao":"Administra\u00e7\u00e3o","sub_funcao":"Administra\u00e7\u00e3o Geral","programa":"SUPERVIS\u00c3O E COORDENA\u00c7\u00c3O SUPERIOR","acao":null,"ident_acao":"Atividade","cat_econ":"Despesa Corrente","natureza_despesa":"Outras Despesas Correntes","modalidade_despesa":"Aplica\u00e7\u00f5es Diretas","elemento_despesa":"Outros Servi\u00e7os de Terceiros - Pessoa F\u00edsica","sub_elem_desp":"SEM SUBELEMENTO","fonte_recurso":"Recursos do Exerc\u00edcio Corrente \/ Recursos n\u00e3o Vinculados de Impostos \/ -"},{"ano_emissao_emp":"2023","n_emp":"0001342","data_emissao":"19\/04\/2023","valor":"30.656,99","tipo_empenho":"Ordin\u00e1rio","hist_emp":"VALOR QUE SE EMPENHA REFERENTE A CONTRATA\u00c7\u00c3O DE EMPRESA PARA PAVIMENTA\u00c7\u00c3O E DRENAGEM DA RUA GERSON JUVENTINO, NO DISTRITO DE P\u00c3O DE A\u00c7\u00daCAR, NESTE MUNIC\u00cdPIO, CONFORME DESCRITO EM NOTA FISCAL DE N\u00ba 145 E BOLETIM DE MEDI\u00c7\u00c3O N\u00ba 02 ANEXO. CNO 900144491074.","fornecedor":null,"denom_uni_orc":null,"funcao":"Urbanismo","sub_funcao":"Infra-Estrutura Urbana","programa":"PLANEJAMENTO URBANO","acao":null,"ident_acao":"Projeto","cat_econ":"Despesa de Capital","natureza_despesa":"Investimentos","modalidade_despesa":"Aplica\u00e7\u00f5es Diretas","elemento_despesa":"Obras e Instala\u00e7\u00f5es","sub_elem_desp":"SEM SUBELEMENTO","fonte_recurso":"Recursos do Exerc\u00edcio Corrente \/ Recursos n\u00e3o Vinculados de Impostos \/ -"},{"ano_emissao_emp":"2023","n_emp":"0001343","data_emissao":"19\/04\/2023","valor":"150,00","tipo_empenho":"Ordin\u00e1rio","hist_emp":"VALOR QUE SE EMPENHA REFERENTE A PRESTA\u00c7\u00c3O DE SERVI\u00c7OS DE RASTREAMENTO VEICULAR INCLUINDO A INSTALA\u00c7\u00c3O EM COMODATO DOS RASTREADORES NOS VE\u00cdCULOS DE PLACAS HZM-5751, KHY-7681 E JTH-0993 PERTENCENTES A ESTA ADMINISTRA\u00c7\u00c3O. BOLETO E NOTA FISCAL N\u00ba 13 EM ANEXO.","fornecedor":null,"denom_uni_orc":null,"funcao":"Urbanismo","sub_funcao":"Infra-Estrutura Urbana","programa":"PLANEJAMENTO URBANO","acao":null,"ident_acao":"Atividade","cat_econ":"Despesa Corrente","natureza_despesa":"Outras Despesas Correntes","modalidade_despesa":"Aplica\u00e7\u00f5es Diretas","elemento_despesa":"Outros Servi\u00e7os de Terceiros - Pessoa Jur\u00eddica","sub_elem_desp":"SEM SUBELEMENTO","fonte_recurso":"Recursos do Exerc\u00edcio Corrente \/ Recursos n\u00e3o Vinculados de Impostos \/ -"},{"ano_emissao_emp":"2023","n_emp":"0001344","data_emissao":"19\/04\/2023","valor":"320,00","tipo_empenho":"Ordin\u00e1rio","hist_emp":"VALOR QUE SE EMPENHA REFERENTE A PRESTA\u00c7\u00c3O DE SERVI\u00c7OS GR\u00c1FICOS NA CRIA\u00c7\u00c3O DE LAYOUT E PRODU\u00c7\u00c3O DE LONA COM ILHOES DE 1,50 X 0,80 E ADESIVOS DE IDENTIDADE VISUAL DO VE\u00cdCULO DESTA COORDENADORIA DA MULHER. CONFORME DESCRITO EM NOTA FISCAL N\u00ba 456 ANEXA.","fornecedor":"DANIELLE CRISTINA DA SILVA 0538672403","denom_uni_orc":null,"funcao":"Administra\u00e7\u00e3o","sub_funcao":"Administra\u00e7\u00e3o Geral","programa":"ADMINISTRA\u00c7\u00c3O GERAL","acao":null,"ident_acao":"Atividade","cat_econ":"Despesa Corrente","natureza_despesa":"Outras Despesas Correntes","modalidade_despesa":"Aplica\u00e7\u00f5es Diretas","elemento_despesa":"Outros Servi\u00e7os de Terceiros - Pessoa Jur\u00eddica","sub_elem_desp":"SEM SUBELEMENTO","fonte_recurso":"Recursos do Exerc\u00edcio Corrente \/ Recursos n\u00e3o Vinculados de Impostos \/ -"},{"ano_emissao_emp":"2023","n_emp":"0001345","data_emissao":"19\/04\/2023","valor":"600,00","tipo_empenho":"Ordin\u00e1rio","hist_emp":"VALOR QUE SE EMPENHA REFERENTE A PRESTA\u00c7\u00c3O DE SERVI\u00c7OS DE MANUTEN\u00c7\u00c3O EM DIVERSOS PO\u00c7OS ARTESIANOS NA ZONA RURAL DESTE MUNIC\u00cdPIO, CONFORME SOLICITADO NO OF\u00cdCIO DE N\u00ba 068\/2023 - SEAP EM ANEXO.","fornecedor":"50.205.599 LUCAS DA SILVA MELO","denom_uni_orc":null,"funcao":"Agricultura","sub_funcao":"Administra\u00e7\u00e3o Geral","programa":"ADMINISTRA\u00c7\u00c3O GERAL","acao":null,"ident_acao":"Atividade","cat_econ":"Despesa Corrente","natureza_despesa":"Outras Despesas Correntes","modalidade_despesa":"Aplica\u00e7\u00f5es Diretas","elemento_despesa":"Outros Servi\u00e7os de Terceiros - Pessoa Jur\u00eddica","sub_elem_desp":"SEM SUBELEMENTO","fonte_recurso":"Recursos do Exerc\u00edcio Corrente \/ Recursos n\u00e3o Vinculados de Impostos \/ -"},{"ano_emissao_emp":"2023","n_emp":"0001346","data_emissao":"20\/04\/2023","valor":"80,00","tipo_empenho":"Ordin\u00e1rio","hist_emp":"VALOR QUE SE EMPENHA REFERENTE A CONCESS\u00c3O DE 01 (UMA) DI\u00c1RIA AO SERVIDOR BRUNO DA SILVA TAVARES, MOTORISTA, LOTADO NESTA SECRETARIA, COM DESTINO A CIDADE DE CARUARU, JUNTO A ADAGRO PARA TRATAR DE ASSUNTOS DE INTERESSE DESTE ADMINISTRA\u00c7\u00c3O NO DIA 20\/04\/2023 COM VALOR DE R$ 80,00, CONFORME SOLICITADO NO OFICIO DE N\u00ba 071\/2023 - SEAP, DATADO DE 20\/04\/2023, N\u00cdVEL I, CONF. LEI. 016\/2009.","fornecedor":null,"denom_uni_orc":null,"funcao":"Agricultura","sub_funcao":"Administra\u00e7\u00e3o Geral","programa":"ADMINISTRA\u00c7\u00c3O GERAL","acao":null,"ident_acao":"Atividade","cat_econ":"Despesa Corrente","natureza_despesa":"Outras Despesas Correntes","modalidade_despesa":"Aplica\u00e7\u00f5es Diretas","elemento_despesa":"Di\u00e1rias \u2013 Civil","sub_elem_desp":"SEM SUBELEMENTO","fonte_recurso":"Recursos do Exerc\u00edcio Corrente \/ Recursos n\u00e3o Vinculados de Impostos \/ -"},{"ano_emissao_emp":"2023","n_emp":"0001347","data_emissao":"20\/04\/2023","valor":"90,00","tipo_empenho":"Ordin\u00e1rio","hist_emp":"VALOR QUE SE EMPENHA REFERENTE A CONCESS\u00c3O DE 01 (UMA) DI\u00c1RIA AO SERVIDOR CARLOS ANT\u00d4NIO BERNARDINO SOARES, DIRETOR, LOTADO NESTA SECRETARIA, COM DESTINO A CIDADE DE CARUARU, JUNTO A AQUALYSE PARA LEVAR A COLETA DE \u00c1GUA E TRATAR DE ASSUNTOS DE INTERESSE DESTE ADMINISTRA\u00c7\u00c3O NO DIA 20\/04\/2023 COM VALOR DE R$ 90,00, CONFORME SOLICITADO NO OFICIO DE N\u00ba 070\/2023 - SEAP, DATADO DE 20\/04\/2023, N\u00cdVEL I, CONF. LEI. 016\/2009.","fornecedor":"CARLOS ANT\u00d4NIO BERNARDINO SOARES","denom_uni_orc":null,"funcao":"Agricultura","sub_funcao":"Administra\u00e7\u00e3o Geral","programa":"ADMINISTRA\u00c7\u00c3O GERAL","acao":null,"ident_acao":"Atividade","cat_econ":"Despesa Corrente","natureza_despesa":"Outras Despesas Correntes","modalidade_despesa":"Aplica\u00e7\u00f5es Diretas","elemento_despesa":"Di\u00e1rias \u2013 Civil","sub_elem_desp":"SEM SUBELEMENTO","fonte_recurso":"Recursos do Exerc\u00edcio Corrente \/ Recursos n\u00e3o Vinculados de Impostos \/ -"},{"ano_emissao_emp":"2023","n_emp":"0001348","data_emissao":"20\/04\/2023","valor":"90,00","tipo_empenho":"Ordin\u00e1rio","hist_emp":"VALOR QUE SE EMPENHA REFERENTE A CONCESS\u00c3O DE 01 (UMA) DI\u00c1RIA A SERVIDORA MARIA HELENA DA COSTA PEREIRA, COORDENADORA, LOTADA NA COORDENADORIA DA MULHER DESTE GABINETE, COM DESTINO A CIDADE DE LIMOEIRO, PARA ACOMPANHAR UMA USU\u00c1RIA DO SISTEMA PARA DILIG\u00caNCIA NESTA LOCALIDADE, NO DIA 24\/04\/2023 COM VALOR DE R$ 90,00, CONFORME SOLICITADO NO OFICIO DE N\u00ba 020\/2023 - COORDENADORIA DA MULHER, DATADO DE 20\/04\/2023, N\u00cdVEL I, CONF. LEI. 016\/2009. EM ANEXO.","fornecedor":null,"denom_uni_orc":null,"funcao":"Administra\u00e7\u00e3o","sub_funcao":"Administra\u00e7\u00e3o Geral","programa":"SUPERVIS\u00c3O E COORDENA\u00c7\u00c3O SUPERIOR","acao":null,"ident_acao":"Atividade","cat_econ":"Despesa Corrente","natureza_despesa":"Outras Despesas Correntes","modalidade_despesa":"Aplica\u00e7\u00f5es Diretas","elemento_despesa":"Di\u00e1rias \u2013 Civil","sub_elem_desp":"SEM SUBELEMENTO","fonte_recurso":"Recursos do Exerc\u00edcio Corrente \/ Recursos n\u00e3o Vinculados de Impostos \/ -"},{"ano_emissao_emp":"2023","n_emp":"0001349","data_emissao":"20\/04\/2023","valor":"80,00","tipo_empenho":"Ordin\u00e1rio","hist_emp":"VALOR QUE SE EMPENHA REFERENTE A CONCESS\u00c3O DE 01 (UMA) DI\u00c1RIA AO SERVIDOR CARLOS SEBASTI\u00c3O PEREIRA, MOTORISTA, LOTADO NA COORDENADORIA DA MULHER DESTE GABINETE, COM DESTINO A CIDADE DE LIMOEIRO, CONDUZINDO FUNCION\u00c1RIOS PARA ACOMPANHAR UMA USU\u00c1RIA DO SISTEMA PARA DILIG\u00caNCIA NESTA LOCALIDADE, NO DIA 24\/04\/2023 COM VALOR DE R$ 90,00, CONFORME SOLICITADO NO OFICIO DE N\u00ba 020\/2023 - COORDENADORIA DA MULHER, DATADO DE 20\/04\/2023, N\u00cdVEL I, CONF. LEI. 016\/2009. EM ANEXO.","fornecedor":null,"denom_uni_orc":null,"funcao":"Administra\u00e7\u00e3o","sub_funcao":"Administra\u00e7\u00e3o Geral","programa":"SUPERVIS\u00c3O E COORDENA\u00c7\u00c3O SUPERIOR","acao":null,"ident_acao":"Atividade","cat_econ":"Despesa Corrente","natureza_despesa":"Outras Despesas Correntes","modalidade_despesa":"Aplica\u00e7\u00f5es Diretas","elemento_despesa":"Di\u00e1rias \u2013 Civil","sub_elem_desp":"SEM SUBELEMENTO","fonte_recurso":"Recursos do Exerc\u00edcio Corrente \/ Recursos n\u00e3o Vinculados de Impostos \/ -"},{"ano_emissao_emp":"2023","n_emp":"0001350","data_emissao":"20\/04\/2023","valor":"1.700,00","tipo_empenho":"Ordin\u00e1rio","hist_emp":"VALOR QUE SE EMPENHA REFERENTE A PRESTA\u00c7\u00c3O DE SERVI\u00c7OS DE ABASTECIMENTO DE \u00c1GUA COM CAMINH\u00c3O DE PLACA KLO-7B75, EM CISTERNAS E CAIXAS D'AGUA DESTINADOS A PAVIMENTA\u00c7\u00c3O DE RUAS , NESTE MUNIC\u00cdPIO, (TOTAL 10 CARRADAS A R$ 170,00). CONFORME DESCRITO EM NOTA FISCAL N\u00ba 36 ANEXA.","fornecedor":null,"denom_uni_orc":null,"funcao":"Administra\u00e7\u00e3o","sub_funcao":"Administra\u00e7\u00e3o Geral","programa":"SUPERVIS\u00c3O E COORDENA\u00c7\u00c3O SUPERIOR","acao":null,"ident_acao":"Atividade","cat_econ":"Despesa Corrente","natureza_despesa":"Outras Despesas Correntes","modalidade_despesa":"Aplica\u00e7\u00f5es Diretas","elemento_despesa":"Outros Servi\u00e7os de Terceiros - Pessoa Jur\u00eddica","sub_elem_desp":"SEM SUBELEMENTO","fonte_recurso":"Recursos do Exerc\u00edcio Corrente \/ Recursos n\u00e3o Vinculados de Impostos \/ -"},{"ano_emissao_emp":"2023","n_emp":"0001351","data_emissao":"20\/04\/2023","valor":"900,00","tipo_empenho":"Ordin\u00e1rio","hist_emp":"VALOR QUE SE EMPENHA REFERENTE A PRESTA\u00c7\u00c3O DE SERVI\u00c7OS DE CORTE E FORNECIMENTO DE 3000 (TR\u00caS MIL) RAQUETES DE PALMA DESTINADAS A ASSOCIA\u00c7\u00c3O DOS AGRICULTORES DE LAGOA DO JUC\u00c1, NESTE MUNIC\u00cdPIO, CONFORME SOLICITADO NO OF\u00cdCIO DE N\u00ba 069\/2022 - SEAP EM ANEXO.","fornecedor":null,"denom_uni_orc":null,"funcao":"Agricultura","sub_funcao":"Administra\u00e7\u00e3o Geral","programa":"ADMINISTRA\u00c7\u00c3O GERAL","acao":null,"ident_acao":"Atividade","cat_econ":"Despesa Corrente","natureza_despesa":"Outras Despesas Correntes","modalidade_despesa":"Aplica\u00e7\u00f5es Diretas","elemento_despesa":"Outros Servi\u00e7os de Terceiros - Pessoa F\u00edsica","sub_elem_desp":"SEM SUBELEMENTO","fonte_recurso":"Recursos do Exerc\u00edcio Corrente \/ Recursos n\u00e3o Vinculados de Impostos \/ -"},{"ano_emissao_emp":"2023","n_emp":"0001352","data_emissao":"24\/04\/2023","valor":"1.830,00","tipo_empenho":"Ordin\u00e1rio","hist_emp":"VALOR QUE SE EMPENHA REFERENTE A PRESTA\u00c7\u00c3O DE SERVI\u00c7OS DE MANUTEN\u00c7\u00c3O E REPARO EM COMPUTADORES E IMPRESSORAS DESTA ADMINISTRA\u00c7\u00c3O, INCLUINDO NO VALOR ACIMA AS PE\u00c7AS UTILIZADAS NOS SERVI\u00c7OS, CONFORME DESCRITO EM NOTA FISCAL DE N\u00ba 16 ANEXA.","fornecedor":"JESSE MARQUES GENUINO 07480244410","denom_uni_orc":null,"funcao":"Administra\u00e7\u00e3o","sub_funcao":"Administra\u00e7\u00e3o Geral","programa":"ADMINISTRA\u00c7\u00c3O GERAL","acao":null,"ident_acao":"Atividade","cat_econ":"Despesa Corrente","natureza_despesa":"Outras Despesas Correntes","modalidade_despesa":"Aplica\u00e7\u00f5es Diretas","elemento_despesa":"Outros Servi\u00e7os de Terceiros - Pessoa Jur\u00eddica","sub_elem_desp":"SEM SUBELEMENTO","fonte_recurso":"Recursos do Exerc\u00edcio Corrente \/ Recursos n\u00e3o Vinculados de Impostos \/ -"},{"ano_emissao_emp":"2023","n_emp":"0001353","data_emissao":"24\/04\/2023","valor":"35.562,30","tipo_empenho":"Ordin\u00e1rio","hist_emp":"VALOR QUE SE EMPENHA REFERENTE A AQUISI\u00c7\u00c3O DE MATERIAIS DE CONSTRU\u00c7\u00c3O DIVERSOS (MATERIAIS DE PINTURA E HIDR\u00c1ULICOS) DESTINADOS A MANUTEN\u00c7\u00c3O DOS SERVI\u00c7OS DE OBRAS E URBANISMO DESTA ADMINISTRA\u00c7\u00c3O, CONFORME DESCRITO EM NOTA FISCAL DE N\u00ba 655 ANEXA. PROCESSO LICITAT\u00d3RIO N\u00ba 001\/2023 PREG\u00c3O ELETR\u00d4NICO N\u00ba 003\/2023.","fornecedor":"MARIA DA CONCEICAO SANTOS MATERIAIS DE CONSTRUCAO","denom_uni_orc":null,"funcao":"Urbanismo","sub_funcao":"Infra-Estrutura Urbana","programa":"PLANEJAMENTO URBANO","acao":null,"ident_acao":"Atividade","cat_econ":"Despesa Corrente","natureza_despesa":"Outras Despesas Correntes","modalidade_despesa":"Aplica\u00e7\u00f5es Diretas","elemento_despesa":"Material de Consumo","sub_elem_desp":"SEM SUBELEMENTO","fonte_recurso":"Recursos do Exerc\u00edcio Corrente \/ Recursos n\u00e3o Vinculados de Impostos \/ -"},{"ano_emissao_emp":"2023","n_emp":"0001354","data_emissao":"24\/04\/2023","valor":"3.275,00","tipo_empenho":"Ordin\u00e1rio","hist_emp":"VALOR QUE SE EMPENHA REFERENTE A AQUISI\u00c7\u00c3O DE MATERIAIS DE CONSTRU\u00c7\u00c3O DIVERSOS (MASSAS E TINTAS) DESTINADOS A MANUTEN\u00c7\u00c3O DOS SERVI\u00c7OS DE OBRAS E URBANISMO DESTA ADMINISTRA\u00c7\u00c3O, CONFORME DESCRITO EM NOTA FISCAL DE N\u00ba 649 ANEXA. PROCESSO LICITAT\u00d3RIO N\u00ba 001\/2023 PREG\u00c3O ELETR\u00d4NICO N\u00ba 003\/2023.","fornecedor":"MARIA DA CONCEICAO SANTOS MATERIAIS DE CONSTRUCAO","denom_uni_orc":null,"funcao":"Urbanismo","sub_funcao":"Infra-Estrutura Urbana","programa":"PLANEJAMENTO URBANO","acao":null,"ident_acao":"Atividade","cat_econ":"Despesa Corrente","natureza_despesa":"Outras Despesas Correntes","modalidade_despesa":"Aplica\u00e7\u00f5es Diretas","elemento_despesa":"Material de Consumo","sub_elem_desp":"SEM SUBELEMENTO","fonte_recurso":"Recursos do Exerc\u00edcio Corrente \/ Recursos n\u00e3o Vinculados de Impostos \/ -"},{"ano_emissao_emp":"2023","n_emp":"0001355","data_emissao":"24\/04\/2023","valor":"4.280,00","tipo_empenho":"Ordin\u00e1rio","hist_emp":"VALOR QUE SE EMPENHA REFERENTE A AQUISI\u00c7\u00c3O DE MATERIAIS DE INFORM\u00c1TICA E PE\u00c7AS DE REPOSI\u00c7\u00c3O PARA MANUTEN\u00c7\u00c3O DE COMPUTADORES E IMPRESSORAS DESTA ADMINISTRA\u00c7\u00c3O, CONFORME DESCRITO EM NOTA FISCAL DE N\u00ba 36 ANEXA.","fornecedor":"JESSE MARQUES GENUINO 07480244410","denom_uni_orc":null,"funcao":"Administra\u00e7\u00e3o","sub_funcao":"Administra\u00e7\u00e3o Geral","programa":"ADMINISTRA\u00c7\u00c3O GERAL","acao":null,"ident_acao":"Atividade","cat_econ":"Despesa Corrente","natureza_despesa":"Outras Despesas Correntes","modalidade_despesa":"Aplica\u00e7\u00f5es Diretas","elemento_despesa":"Material de Consumo","sub_elem_desp":"SEM SUBELEMENTO","fonte_recurso":"Recursos do Exerc\u00edcio Corrente \/ Recursos n\u00e3o Vinculados de Impostos \/ -"},{"ano_emissao_emp":"2023","n_emp":"0001356","data_emissao":"24\/04\/2023","valor":"1.250,00","tipo_empenho":"Ordin\u00e1rio","hist_emp":"VALOR QUE SE EMPENHA REFERENTE A AQUISI\u00c7\u00c3O DE UM CELULAR DESTINADO A GUARDA MUNICIPAL DESTA ADMINISTRA\u00c7\u00c3O, CONFORME DESCRITO EM NOTA FISCAL DE N\u00ba 35 ANEXA.","fornecedor":"JESSE MARQUES GENUINO 07480244410","denom_uni_orc":null,"funcao":"Seguran\u00e7a P\u00fablica","sub_funcao":"Defesa Civil","programa":"DEFESA CIVIL","acao":null,"ident_acao":"Atividade","cat_econ":"Despesa Corrente","natureza_despesa":"Outras Despesas Correntes","modalidade_despesa":"Aplica\u00e7\u00f5es Diretas","elemento_despesa":"Material de Consumo","sub_elem_desp":"SEM SUBELEMENTO","fonte_recurso":"Recursos do Exerc\u00edcio Corrente \/ Recursos n\u00e3o Vinculados de Impostos \/ -"},{"ano_emissao_emp":"2023","n_emp":"0001357","data_emissao":"24\/04\/2023","valor":"570,00","tipo_empenho":"Ordin\u00e1rio","hist_emp":"VALOR QUE SE EMPENHA REFERENTE A AQUISI\u00c7\u00c3O DE 06 (SEIS) METROS DE BRITA 19 DESTINADOS A MANUTEN\u00c7\u00c3O DOS SERVI\u00c7OS DE OBRAS E URBANISMO DESTA ADMINISTRA\u00c7\u00c3O, CONFORME DESCRITO EM NOTA FISCAL DE N\u00ba 2786 ANEXA.","fornecedor":"COMBRITAS COMERCIO DE BRITAS LTDA EPP","denom_uni_orc":null,"funcao":"Urbanismo","sub_funcao":"Infra-Estrutura Urbana","programa":"PLANEJAMENTO URBANO","acao":null,"ident_acao":"Atividade","cat_econ":"Despesa Corrente","natureza_despesa":"Outras Despesas Correntes","modalidade_despesa":"Aplica\u00e7\u00f5es Diretas","elemento_despesa":"Material de Consumo","sub_elem_desp":"SEM SUBELEMENTO","fonte_recurso":"Recursos do Exerc\u00edcio Corrente \/ Recursos n\u00e3o Vinculados de Impostos \/ -"},{"ano_emissao_emp":"2023","n_emp":"0001358","data_emissao":"24\/04\/2023","valor":"5.200,00","tipo_empenho":"Ordin\u00e1rio","hist_emp":"VALOR QUE SE EMPENHA REFERENTE A PRESTA\u00c7\u00c3O DE SERVI\u00c7OS DE PREPARO E FORNECIMENTO DE REFEI\u00c7\u00d5ES PARA AS EQUIPES DE TRABALHO DA SECRETARIA DE OBRAS EM SERVI\u00c7O NA PASSAGEM MOLHADA DAS VARZINHAS, BEM COMO NO FORNECIMENTO DE REFEI\u00c7\u00d5ES A EQUIPES DA GUARDA MUNICIPAL EM SERVI\u00c7O NO DISTRITO DE P\u00c3O DE A\u00c7\u00daCAR, NESTE MUNIC\u00cdPIO, CONFORME SOLICITADO NO OF\u00cdCIO N\u00ba 065\/2023 - SUBPREFEITURA EM ANEXO.","fornecedor":null,"denom_uni_orc":null,"funcao":"Administra\u00e7\u00e3o","sub_funcao":"Administra\u00e7\u00e3o Geral","programa":"SUPERVIS\u00c3O E COORDENA\u00c7\u00c3O SUPERIOR","acao":null,"ident_acao":"Atividade","cat_econ":"Despesa Corrente","natureza_despesa":"Outras Despesas Correntes","modalidade_despesa":"Aplica\u00e7\u00f5es Diretas","elemento_despesa":"Outros Servi\u00e7os de Terceiros - Pessoa F\u00edsica","sub_elem_desp":"SEM SUBELEMENTO","fonte_recurso":"Recursos do Exerc\u00edcio Corrente \/ Recursos n\u00e3o Vinculados de Impostos \/ -"},{"ano_emissao_emp":"2023","n_emp":"0001359","data_emissao":"24\/04\/2023","valor":"100,00","tipo_empenho":"Ordin\u00e1rio","hist_emp":"VALOR QUE SE EMPENHA REFERENTE A CONCESS\u00c3O DE 01 (UMA) DI\u00c1RIA A SERVIDORA MARIA HELENA DA COSTA PEREIRA, COORDENADORA, LOTADA NA COORDENADORIA DA MULHER DESTE GABINETE, COM DESTINO A CIDADE DO RECIFE, NO ASSEMBL\u00c9IA LEGISLATIVA DE PERNAMBUCO, PARA PARTICIPAR DA COMISS\u00c3O DOS DIREITOS DA MULHERES NO DIA 25\/04\/2023 COM VALOR DE R$ 100,00, CONFORME SOLICITADO NO OFICIO DE N\u00ba 021\/2023 - COORDENADORIA DA MULHER, DATADO DE 24\/04\/2023, N\u00cdVEL I, CONF. LEI. 016\/2009. EM ANEXO.","fornecedor":null,"denom_uni_orc":null,"funcao":"Administra\u00e7\u00e3o","sub_funcao":"Administra\u00e7\u00e3o Geral","programa":"SUPERVIS\u00c3O E COORDENA\u00c7\u00c3O SUPERIOR","acao":null,"ident_acao":"Atividade","cat_econ":"Despesa Corrente","natureza_despesa":"Outras Despesas Correntes","modalidade_despesa":"Aplica\u00e7\u00f5es Diretas","elemento_despesa":"Di\u00e1rias \u2013 Civil","sub_elem_desp":"SEM SUBELEMENTO","fonte_recurso":"Recursos do Exerc\u00edcio Corrente \/ Recursos n\u00e3o Vinculados de Impostos \/ -"},{"ano_emissao_emp":"2023","n_emp":"0001360","data_emissao":"24\/04\/2023","valor":"90,00","tipo_empenho":"Ordin\u00e1rio","hist_emp":"VALOR QUE SE EMPENHA REFERENTE A CONCESS\u00c3O DE 01 (UMA) DI\u00c1RIA AO SERVIDOR CARLOS SEBASTI\u00c3O PEREIRA, MOTORISTA, LOTADO NA COORDENADORIA DA MULHER DESTE GABINETE, COM DESTINO A CIDADE DO RECIFE, NA ASSEMBL\u00c9IA LEGISLATIVA DE PERNAMBUCO, CONDUZINDO FUNCION\u00c1RIOS PARA PARTICIPAR DA COMISS\u00c3O DOS DIREITOS DA MULHERES NO DIA 25\/04\/2023 COM VALOR DE R$ 90,00, CONFORME SOLICITADO NO OFICIO DE N\u00ba 021\/2023 - COORDENADORIA DA MULHER, DATADO DE 24\/04\/2023, N\u00cdVEL I, CONF. LEI. 016\/2009. EM ANEXO.","fornecedor":null,"denom_uni_orc":null,"funcao":"Administra\u00e7\u00e3o","sub_funcao":"Administra\u00e7\u00e3o Geral","programa":"SUPERVIS\u00c3O E COORDENA\u00c7\u00c3O SUPERIOR","acao":null,"ident_acao":"Atividade","cat_econ":"Despesa Corrente","natureza_despesa":"Outras Despesas Correntes","modalidade_despesa":"Aplica\u00e7\u00f5es Diretas","elemento_despesa":"Di\u00e1rias \u2013 Civil","sub_elem_desp":"SEM SUBELEMENTO","fonte_recurso":"Recursos do Exerc\u00edcio Corrente \/ Recursos n\u00e3o Vinculados de Impostos \/ -"},{"ano_emissao_emp":"2023","n_emp":"0001361","data_emissao":"24\/04\/2023","valor":"2.651,18","tipo_empenho":"Ordin\u00e1rio","hist_emp":"VALOR QUE SE EMPENHA REFERENTE A PRESTA\u00c7\u00c3O DE SERVI\u00c7OS NO FORNECIMENTO DE ENERGIA EL\u00c9TRICA DESTINADA A ILUMINA\u00c7\u00c3O P\u00daBLICA DESTE MUNIC\u00cdPIO, CONFORME FATURA ANEXA, REF. M\u00caS 04\/2023.","fornecedor":"COMPANHIA ENERGETICA DE PERNAMBUCO","denom_uni_orc":null,"funcao":"Urbanismo","sub_funcao":"Servi\u00e7os Urbanos","programa":"ILUMINA\u00c7\u00c3O P\u00daBLICA","acao":null,"ident_acao":"Atividade","cat_econ":"Despesa Corrente","natureza_despesa":"Outras Despesas Correntes","modalidade_despesa":"Aplica\u00e7\u00f5es Diretas","elemento_despesa":"Outros Servi\u00e7os de Terceiros - Pessoa Jur\u00eddica","sub_elem_desp":"SEM SUBELEMENTO","fonte_recurso":"Recursos do Exerc\u00edcio Corrente \/ Recursos da Contribui\u00e7\u00e3o para o Custeio do Servi\u00e7o de Ilumina\u00e7\u00e3o P\u00fablica - COSIP \/ -"},{"ano_emissao_emp":"2023","n_emp":"0001362","data_emissao":"24\/04\/2023","valor":"926,80","tipo_empenho":"Ordin\u00e1rio","hist_emp":"VALOR QUE SE EMPENHA REFERENTE A PRESTA\u00c7\u00c3O DE SERVI\u00c7OS NO FORNECIMENTO DE ENERGIA EL\u00c9TRICA DESTINADA A DIVERSAS BOMBAS E DESSALINIZADORES PERTENCENTES A ESTA ADMINISTRA\u00c7\u00c3O, CONFORME FATURA ANEXA. REF. 04\/2023.","fornecedor":"COMPANHIA ENERGETICA DE PERNAMBUCO","denom_uni_orc":null,"funcao":"Agricultura","sub_funcao":"Administra\u00e7\u00e3o Geral","programa":"ADMINISTRA\u00c7\u00c3O GERAL","acao":null,"ident_acao":"Atividade","cat_econ":"Despesa Corrente","natureza_despesa":"Outras Despesas Correntes","modalidade_despesa":"Aplica\u00e7\u00f5es Diretas","elemento_despesa":"Outros Servi\u00e7os de Terceiros - Pessoa Jur\u00eddica","sub_elem_desp":"SEM SUBELEMENTO","fonte_recurso":"Recursos do Exerc\u00edcio Corrente \/ Recursos n\u00e3o Vinculados de Impostos \/ -"},{"ano_emissao_emp":"2023","n_emp":"0001363","data_emissao":"24\/04\/2023","valor":"340,00","tipo_empenho":"Ordin\u00e1rio","hist_emp":"VALOR QUE SE EMPENHA REFERENTE AO CORTE, PREPARO E FORNECIMENTO DE FRUTAS DESTINADAS A REALIZA\u00c7\u00c3O DE EVENTOS DESTA ADMINISTRA\u00c7\u00c3O.","fornecedor":"MICHEL \u00c2NGELO LIMA E SILVA","denom_uni_orc":null,"funcao":"Administra\u00e7\u00e3o","sub_funcao":"Administra\u00e7\u00e3o Geral","programa":"SUPERVIS\u00c3O E COORDENA\u00c7\u00c3O SUPERIOR","acao":null,"ident_acao":"Atividade","cat_econ":"Despesa Corrente","natureza_despesa":"Outras Despesas Correntes","modalidade_despesa":"Aplica\u00e7\u00f5es Diretas","elemento_despesa":"Outros Servi\u00e7os de Terceiros - Pessoa F\u00edsica","sub_elem_desp":"SEM SUBELEMENTO","fonte_recurso":"Recursos do Exerc\u00edcio Corrente \/ Recursos n\u00e3o Vinculados de Impostos \/ -"},{"ano_emissao_emp":"2023","n_emp":"0001364","data_emissao":"24\/04\/2023","valor":"3.894,92","tipo_empenho":"Ordin\u00e1rio","hist_emp":"VALOR QUE SE EMPENHA REFERENTE A AQUISI\u00c7\u00c3O DE COMBUST\u00cdVEIS E LUBRIFICANTES AUTOMOTIVOS DESTINADOS AOS VE\u00cdCULOS DE PLACAS PDJ-9566, RZO-1D54, KHX-4801, PGM-1077, KLI-3799, JTH-0993, JTU-5A20 MVL-0H20 E MOTOR BOMBA PERTENCENTES A ESTA ADMINISTRA\u00c7\u00c3O, CONFORME DESCRITO EM NOTAS FISCAIS ANEXAS.","fornecedor":"J.B DIAS EIRELI","denom_uni_orc":null,"funcao":"Administra\u00e7\u00e3o","sub_funcao":"Administra\u00e7\u00e3o Geral","programa":"SUPERVIS\u00c3O E COORDENA\u00c7\u00c3O SUPERIOR","acao":null,"ident_acao":"Atividade","cat_econ":"Despesa Corrente","natureza_despesa":"Outras Despesas Correntes","modalidade_despesa":"Aplica\u00e7\u00f5es Diretas","elemento_despesa":"Material de Consumo","sub_elem_desp":"SEM SUBELEMENTO","fonte_recurso":"Recursos do Exerc\u00edcio Corrente \/ Recursos n\u00e3o Vinculados de Impostos \/ -"},{"ano_emissao_emp":"2023","n_emp":"0001365","data_emissao":"24\/04\/2023","valor":"25.188,51","tipo_empenho":"Ordin\u00e1rio","hist_emp":"VALOR QUE SE EMPENHA REFERENTE A AQUISI\u00c7\u00c3O DE COMBUST\u00cdVEIS E LUBRIFICANTES AUTOMOTIVOS DESTINADOS AOS VE\u00cdCULOS DE PLACAS HZM-5751, KLQ-9H35, KGF-1C15, JLN-7259, PDM-0D15, PDL-5115, PDM-0455, KHY-7681, RETROESCAVADEIRA B95B, NMB-2E16, PGN-1388, PATROL CATERPILLAR, P\u00c1 CARREGADEIRA HL-740, MXV-5D25, NCJ-7792, JTM-9G52, QYJ-3D88, KLI-3909 E MOTOR BOMBAS PERTENCENTES A ESTA ADMINISTRA\u00c7\u00c3O, CONFORME DESCRITO EM NOTAS FISCAIS ANEXAS.","fornecedor":"J.B DIAS EIRELI","denom_uni_orc":null,"funcao":"Urbanismo","sub_funcao":"Infra-Estrutura Urbana","programa":"PLANEJAMENTO URBANO","acao":null,"ident_acao":"Atividade","cat_econ":"Despesa Corrente","natureza_despesa":"Outras Despesas Correntes","modalidade_despesa":"Aplica\u00e7\u00f5es Diretas","elemento_despesa":"Material de Consumo","sub_elem_desp":"SEM SUBELEMENTO","fonte_recurso":"Recursos do Exerc\u00edcio Corrente \/ Recursos n\u00e3o Vinculados de Impostos \/ -"},{"ano_emissao_emp":"2023","n_emp":"0001366","data_emissao":"24\/04\/2023","valor":"2.763,88","tipo_empenho":"Ordin\u00e1rio","hist_emp":"VALOR QUE SE EMPENHA REFERENTE A AQUISI\u00c7\u00c3O DE COMBUST\u00cdVEIS E LUBRIFICANTES AUTOMOTIVOS, DESTINADOS AOS VE\u00cdCULOS DE PLACAS BWA-3852, PGM-1147 E TRATOR JOHN DEERE PERTENCENTES A FROTA DESTA ADMINISTRA\u00c7\u00c3O, CONFORME DESCRITO EM NOTAS FISCAIS ANEXAS.","fornecedor":"J.B DIAS EIRELI","denom_uni_orc":null,"funcao":"Agricultura","sub_funcao":"Administra\u00e7\u00e3o Geral","programa":"ADMINISTRA\u00c7\u00c3O GERAL","acao":null,"ident_acao":"Atividade","cat_econ":"Despesa Corrente","natureza_despesa":"Outras Despesas Correntes","modalidade_despesa":"Aplica\u00e7\u00f5es Diretas","elemento_despesa":"Material de Consumo","sub_elem_desp":"SEM SUBELEMENTO","fonte_recurso":"Recursos do Exerc\u00edcio Corrente \/ Recursos n\u00e3o Vinculados de Impostos \/ -"},{"ano_emissao_emp":"2023","n_emp":"0001367","data_emissao":"24\/04\/2023","valor":"436,08","tipo_empenho":"Ordin\u00e1rio","hist_emp":"VALOR QUE SE EMPENHA REFERENTE A AQUISI\u00c7\u00c3O DE COMBUST\u00cdVEIS E LUBRIFICANTES DESTINADOS AO VE\u00cdCULO DE PLACA KKF-3647, PERTENCENTE A ESTA ADMINISTRA\u00c7\u00c3O, CONFORME DESCRITO EM NOTA FISCAL ANEXA.","fornecedor":"J.B DIAS EIRELI","denom_uni_orc":null,"funcao":"Com\u00e9rcio e Servi\u00e7os","sub_funcao":"Turismo","programa":"PROMO\u00c7\u00c3O DO TURISMO","acao":null,"ident_acao":"Atividade","cat_econ":"Despesa Corrente","natureza_despesa":"Outras Despesas Correntes","modalidade_despesa":"Aplica\u00e7\u00f5es Diretas","elemento_despesa":"Material de Consumo","sub_elem_desp":"SEM SUBELEMENTO","fonte_recurso":"Recursos do Exerc\u00edcio Corrente \/ Recursos n\u00e3o Vinculados de Impostos \/ -"},{"ano_emissao_emp":"2023","n_emp":"0001368","data_emissao":"24\/04\/2023","valor":"4.287,96","tipo_empenho":"Ordin\u00e1rio","hist_emp":"VALOR QUE SE EMPENHA REFERENTE A AQUISI\u00c7\u00c3O DE COMBUST\u00cdVEIS E LUBRIFICANTES AUTOMOTIVOS, DESTINADOS AOS VE\u00cdCULOS DE PLACAS QYI-1I02, QYC-3D28, PDT-2226, PDT-2356 E QYI-1H52 PERTENCENTES A FROTA DESTA ADMINISTRA\u00c7\u00c3O, CONFORME DESCRITO EM NOTAS FISCAIS ANEXAS.","fornecedor":"J.B DIAS EIRELI","denom_uni_orc":null,"funcao":"Seguran\u00e7a P\u00fablica","sub_funcao":"Defesa Civil","programa":"DEFESA CIVIL","acao":null,"ident_acao":"Atividade","cat_econ":"Despesa Corrente","natureza_despesa":"Outras Despesas Correntes","modalidade_despesa":"Aplica\u00e7\u00f5es Diretas","elemento_despesa":"Material de Consumo","sub_elem_desp":"SEM SUBELEMENTO","fonte_recurso":"Recursos do Exerc\u00edcio Corrente \/ Recursos n\u00e3o Vinculados de Impostos \/ -"},{"ano_emissao_emp":"2023","n_emp":"0001369","data_emissao":"25\/04\/2023","valor":"900,00","tipo_empenho":"Ordin\u00e1rio","hist_emp":"VALOR QUE SE EMPENHA REFERENTE A PRESTA\u00c7\u00c3O DE SERVI\u00c7OS DE CORTE E FORNECIMENTO DE 3000 (TR\u00caS MIL) RAQUETES DE PALMA DESTINADAS A ASSOCIA\u00c7\u00c3O DOS AGRICULTORES DE PEDRA PRETA, NESTE MUNIC\u00cdPIO, CONFORME SOLICITADO NO OF\u00cdCIO DE N\u00ba 080\/2022 - SEAP EM ANEXO.","fornecedor":null,"denom_uni_orc":null,"funcao":"Agricultura","sub_funcao":"Administra\u00e7\u00e3o Geral","programa":"ADMINISTRA\u00c7\u00c3O GERAL","acao":null,"ident_acao":"Atividade","cat_econ":"Despesa Corrente","natureza_despesa":"Outras Despesas Correntes","modalidade_despesa":"Aplica\u00e7\u00f5es Diretas","elemento_despesa":"Outros Servi\u00e7os de Terceiros - Pessoa F\u00edsica","sub_elem_desp":"SEM SUBELEMENTO","fonte_recurso":"Recursos do Exerc\u00edcio Corrente \/ Recursos n\u00e3o Vinculados de Impostos \/ -"},{"ano_emissao_emp":"2023","n_emp":"0001370","data_emissao":"25\/04\/2023","valor":"16.359,00","tipo_empenho":"Ordin\u00e1rio","hist_emp":"VALOR QUE SE EMPENHA REFERENTE A AQUISI\u00c7\u00c3O DE \u00d3LEOS E LUBRIFICANTES AUTOMOTIVOS DESTINADOS AOS VE\u00cdCULOS DA FROTA DESTA SECRETARIA, CONFORME DESCRITO EM NOTA FISCAL DE N\u00ba 4614 EM ANEXO. PROCESSO LICITAT\u00d3RIO N\u00ba 002\/2023 PREG\u00c3O N\u00ba 002\/2023.","fornecedor":null,"denom_uni_orc":null,"funcao":"Urbanismo","sub_funcao":"Infra-Estrutura Urbana","programa":"PLANEJAMENTO URBANO","acao":null,"ident_acao":"Atividade","cat_econ":"Despesa Corrente","natureza_despesa":"Outras Despesas Correntes","modalidade_despesa":"Aplica\u00e7\u00f5es Diretas","elemento_despesa":"Material de Consumo","sub_elem_desp":"SEM SUBELEMENTO","fonte_recurso":"Recursos do Exerc\u00edcio Corrente \/ Recursos n\u00e3o Vinculados de Impostos \/ -"},{"ano_emissao_emp":"2023","n_emp":"0001371","data_emissao":"25\/04\/2023","valor":"3.038,00","tipo_empenho":"Ordin\u00e1rio","hist_emp":"VALOR QUE SE EMPENHA REFERENTE A AQUISI\u00c7\u00c3O DE 02 (DOIS) PNEUS 1000\/20 DESTINADOS AO VE\u00cdCULO DE PLACA PGN-1388, PERTENCENTE A ESTA SECRETARIA, CONFORME DESCRITO EM NOTA FISCAL DE N\u00ba 4611 EM ANEXO. PROCESSO LICITAT\u00d3RIO N\u00ba 051\/2022 PREG\u00c3O N\u00ba 033\/2022.","fornecedor":null,"denom_uni_orc":null,"funcao":"Urbanismo","sub_funcao":"Infra-Estrutura Urbana","programa":"PLANEJAMENTO URBANO","acao":null,"ident_acao":"Atividade","cat_econ":"Despesa Corrente","natureza_despesa":"Outras Despesas Correntes","modalidade_despesa":"Aplica\u00e7\u00f5es Diretas","elemento_despesa":"Material de Consumo","sub_elem_desp":"SEM SUBELEMENTO","fonte_recurso":"Recursos do Exerc\u00edcio Corrente \/ Recursos n\u00e3o Vinculados de Impostos \/ -"},{"ano_emissao_emp":"2023","n_emp":"0001372","data_emissao":"25\/04\/2023","valor":"741,85","tipo_empenho":"Ordin\u00e1rio","hist_emp":"VALOR QUE SE EMPENHA REFERENTE A AQUISI\u00c7\u00c3O DE G\u00caNEROS DE ALIMENTA\u00c7\u00c3O DIVERSOS, DESTINADOS A ESTE GABINETE, CONFORME DESCRITO EM NOTA FISCAL DE N\u00ba 16 EM ANEXO.","fornecedor":null,"denom_uni_orc":null,"funcao":"Administra\u00e7\u00e3o","sub_funcao":"Administra\u00e7\u00e3o Geral","programa":"SUPERVIS\u00c3O E COORDENA\u00c7\u00c3O SUPERIOR","acao":null,"ident_acao":"Atividade","cat_econ":"Despesa Corrente","natureza_despesa":"Outras Despesas Correntes","modalidade_despesa":"Aplica\u00e7\u00f5es Diretas","elemento_despesa":"Material de Consumo","sub_elem_desp":"SEM SUBELEMENTO","fonte_recurso":"Recursos do Exerc\u00edcio Corrente \/ Recursos n\u00e3o Vinculados de Impostos \/ -"},{"ano_emissao_emp":"2023","n_emp":"0001373","data_emissao":"25\/04\/2023","valor":"1.800,00","tipo_empenho":"Ordin\u00e1rio","hist_emp":"VALOR QUE SE EMPENHA REFERENTE A PRESTA\u00c7\u00c3O DE SERVI\u00c7O NO PREPARO DE REFEI\u00c7\u00d5ES DESTINADO AS EQUIPE EM SERVI\u00c7O NA LIMPEZA PUBLICA,ILUMINA\u00c7\u00c3O E ESTRADAS DA COMUNIDADE DO JERIMUM,ALGOD\u00c3O,PEDRA PRETA,ETC NESTE MUNIC\u00cdPIO.","fornecedor":null,"denom_uni_orc":null,"funcao":"Urbanismo","sub_funcao":"Infra-Estrutura Urbana","programa":"PLANEJAMENTO URBANO","acao":null,"ident_acao":"Atividade","cat_econ":"Despesa Corrente","natureza_despesa":"Outras Despesas Correntes","modalidade_despesa":"Aplica\u00e7\u00f5es Diretas","elemento_despesa":"Outros Servi\u00e7os de Terceiros - Pessoa F\u00edsica","sub_elem_desp":"SEM SUBELEMENTO","fonte_recurso":"Recursos do Exerc\u00edcio Corrente \/ Recursos n\u00e3o Vinculados de Impostos \/ -"},{"ano_emissao_emp":"2023","n_emp":"0001374","data_emissao":"26\/04\/2023","valor":"440,00","tipo_empenho":"Ordin\u00e1rio","hist_emp":"VALOR QUE SE EMPENHA REFERENTE A CONCESS\u00c3O DE 02 (DUAS) DI\u00c1RIAS AO SERVIDOR JOS\u00c9 ALO\u00cdCIO DE LIMA SILVA, SECRET\u00c1RIO MUNICIPAL, LOTADO NA SECRETARIA DE TURISMO, COM DESTINO A CIDADE DE RECIFE-PE, PARA PARTICIPAR DE REUNI\u00d5ES JUNTO A EDITORA CEPE, EMPETUR, A&C PRIME PRODU\u00c7\u00c3O E EVENTOS E SELVA CREATIVE DESIGN, NOS DIAS 18 E 19\/04, PARA TRATAR DE ASSUNTOS PERTINENTES A 4\u00aa EDI\u00c7\u00c3O DO FESTIVAL CAF\u00c9 CULTURAL NESTE MUNIC\u00cdPIO, COM VALOR DE R$ 440,00, CONFORME LEI N\u00ba 016\/2009. CONFORME SOLICITADO NO OF\u00cdCIO DE N\u00ba 39\/20","fornecedor":"JOSE ALOISIO DE LIMA SILVA","denom_uni_orc":null,"funcao":"Com\u00e9rcio e Servi\u00e7os","sub_funcao":"Turismo","programa":"PROMO\u00c7\u00c3O DO TURISMO","acao":null,"ident_acao":"Atividade","cat_econ":"Despesa Corrente","natureza_despesa":"Outras Despesas Correntes","modalidade_despesa":"Aplica\u00e7\u00f5es Diretas","elemento_despesa":"Di\u00e1rias \u2013 Civil","sub_elem_desp":"SEM SUBELEMENTO","fonte_recurso":"Recursos do Exerc\u00edcio Corrente \/ Recursos n\u00e3o Vinculados de Impostos \/ -"},{"ano_emissao_emp":"2023","n_emp":"0001375","data_emissao":"26\/04\/2023","valor":"80,00","tipo_empenho":"Ordin\u00e1rio","hist_emp":"VALOR QUE SE EMPENHA REFERENTE A CONCESS\u00c3O DE 01 (UMA) DI\u00c1RIA AO SERVIDOR BRUNO DA SILVA TAVARES, MOTORISTA, LOTADO NESTA SECRETARIA, COM DESTINO A CIDADE DE SURUBIM, JUNTO A OFICINA MEC\u00c2NICA PARA REALIZAR MANUTEN\u00c7\u00c3O NO VE\u00cdCULO DESTA SECRETARIA NO DIA 26\/04\/2023 COM VALOR DE R$ 80,00, CONFORME SOLICITADO NO OFICIO DE N\u00ba 081\/2023 - SEAP, DATADO DE 26\/04\/2023, N\u00cdVEL I, CONF. LEI. 016\/2009.","fornecedor":null,"denom_uni_orc":null,"funcao":"Agricultura","sub_funcao":"Administra\u00e7\u00e3o Geral","programa":"ADMINISTRA\u00c7\u00c3O GERAL","acao":null,"ident_acao":"Atividade","cat_econ":"Despesa Corrente","natureza_despesa":"Outras Despesas Correntes","modalidade_despesa":"Aplica\u00e7\u00f5es Diretas","elemento_despesa":"Di\u00e1rias \u2013 Civil","sub_elem_desp":"SEM SUBELEMENTO","fonte_recurso":"Recursos do Exerc\u00edcio Corrente \/ Recursos n\u00e3o Vinculados de Impostos \/ -"},{"ano_emissao_emp":"2023","n_emp":"0001376","data_emissao":"26\/04\/2023","valor":"90,00","tipo_empenho":"Ordin\u00e1rio","hist_emp":"VALOR QUE SE EMPENHA REFERENTE A CONCESS\u00c3O DE 01 (UMA) DI\u00c1RIA AO SERVIDOR M\u00c1RCIO DA SILVA COSTA, DIRETOR, LOTADO NESTA SECRETARIA, COM DESTINO A CIDADE DE S\u00c3O VICENTE FERRER, PARA LEVAR AS MUDAS DE CAF\u00c9 NO DIA 26\/04\/2023 COM VALOR DE R$ 90,00, CONFORME SOLICITADO NO OFICIO DE N\u00ba 082\/2023 - SEAP, DATADO DE 26\/04\/2023, N\u00cdVEL I, CONF. LEI. 016\/2009.","fornecedor":null,"denom_uni_orc":null,"funcao":"Com\u00e9rcio e Servi\u00e7os","sub_funcao":"Turismo","programa":"PROMO\u00c7\u00c3O DO TURISMO","acao":null,"ident_acao":"Atividade","cat_econ":"Despesa Corrente","natureza_despesa":"Outras Despesas Correntes","modalidade_despesa":"Aplica\u00e7\u00f5es Diretas","elemento_despesa":"Di\u00e1rias \u2013 Civil","sub_elem_desp":"SEM SUBELEMENTO","fonte_recurso":"Recursos do Exerc\u00edcio Corrente \/ Recursos n\u00e3o Vinculados de Impostos \/ -"},{"ano_emissao_emp":"2023","n_emp":"0001377","data_emissao":"26\/04\/2023","valor":"480,00","tipo_empenho":"Ordin\u00e1rio","hist_emp":"VALOR QUE SE EMPENHA REFERENTE A PRESTA\u00c7\u00c3O DE SERVI\u00c7O NA ESCAVA\u00c7\u00c3O DE BURACOS,COLOCAC\u00c3O DE ESTACAS E ARAME PARA CONFEC\u00c7\u00c3O DE CERCA NO MINI CAMPO DA COMUNIDADE DE PEDRA PRETA ,NESTE MUNIC\u00cdPIO.","fornecedor":null,"denom_uni_orc":null,"funcao":"Urbanismo","sub_funcao":"Infra-Estrutura Urbana","programa":"PLANEJAMENTO URBANO","acao":null,"ident_acao":"Atividade","cat_econ":"Despesa Corrente","natureza_despesa":"Outras Despesas Correntes","modalidade_despesa":"Aplica\u00e7\u00f5es Diretas","elemento_despesa":"Outros Servi\u00e7os de Terceiros - Pessoa F\u00edsica","sub_elem_desp":"SEM SUBELEMENTO","fonte_recurso":"Recursos do Exerc\u00edcio Corrente \/ Recursos n\u00e3o Vinculados de Impostos \/ -"},{"ano_emissao_emp":"2023","n_emp":"0001378","data_emissao":"26\/04\/2023","valor":"900,00","tipo_empenho":"Ordin\u00e1rio","hist_emp":"VALOR QUE SE EMPENHA REFERENTE A PRESTA\u00c7\u00c3O DE SERVI\u00c7OS DE REFORMA DE PISOS, CAL\u00c7ADAS, MUROS E ENCANA\u00c7\u00c3O NO PR\u00c9DIO DA SEDE DESTA ADMINISTRA\u00c7\u00c3O, CONFORME SOLICITADO NO OF\u00cdCIO DE N\u00ba 016\/2023 - SEC. DE ARTICULA\u00c7\u00c3O EM ANEXO.","fornecedor":"EDVALDO ANDR\u00c9 ALVES FERREIRA","denom_uni_orc":null,"funcao":"Administra\u00e7\u00e3o","sub_funcao":"Planejamento e Or\u00e7amento","programa":"SUPERVIS\u00c3O E COORDENA\u00c7\u00c3O SUPERIOR","acao":null,"ident_acao":"Atividade","cat_econ":"Despesa Corrente","natureza_despesa":"Outras Despesas Correntes","modalidade_despesa":"Aplica\u00e7\u00f5es Diretas","elemento_despesa":"Outros Servi\u00e7os de Terceiros - Pessoa F\u00edsica","sub_elem_desp":"SEM SUBELEMENTO","fonte_recurso":"Recursos do Exerc\u00edcio Corrente \/ Recursos n\u00e3o Vinculados de Impostos \/ -"},{"ano_emissao_emp":"2023","n_emp":"0001379","data_emissao":"26\/04\/2023","valor":"13.199,00","tipo_empenho":"Ordin\u00e1rio","hist_emp":"VALOR QUE SE EMPENHA REFERENTE A AQUISI\u00c7\u00c3O DE MATERIAIS EL\u00c9TRICOS (L\u00c2MPADAS TUBULARES E L\u00c2MPADAS DE LED) DESTINADOS A MANUTEN\u00c7\u00c3O DOS SERVI\u00c7OS DE ILUMINA\u00c7\u00c3O P\u00daBLICA DESTA ADMINISTRA\u00c7\u00c3O, CONFORME DESCRITO EM NOTA FISCAL N\u00ba 143761 ANEXA. PREG\u00c3O ELETR\u00d4NICO N\u00ba 22\/2022","fornecedor":null,"denom_uni_orc":null,"funcao":"Urbanismo","sub_funcao":"Infra-Estrutura Urbana","programa":"PLANEJAMENTO URBANO","acao":null,"ident_acao":"Atividade","cat_econ":"Despesa Corrente","natureza_despesa":"Outras Despesas Correntes","modalidade_despesa":"Aplica\u00e7\u00f5es Diretas","elemento_despesa":"Material de Consumo","sub_elem_desp":"SEM SUBELEMENTO","fonte_recurso":"Recursos do Exerc\u00edcio Corrente \/ Recursos n\u00e3o Vinculados de Impostos \/ -"},{"ano_emissao_emp":"2023","n_emp":"0001380","data_emissao":"26\/04\/2023","valor":"11.010,00","tipo_empenho":"Ordin\u00e1rio","hist_emp":"VALOR QUE SE EMPENHA REFERENTE A AQUISI\u00c7\u00c3O DE MATERIAIS EL\u00c9TRICOS (L\u00c2MPADAS TUBULARES E L\u00c2MPADAS DE LED) DESTINADOS A MANUTEN\u00c7\u00c3O DOS SERVI\u00c7OS DE ILUMINA\u00c7\u00c3O P\u00daBLICA DESTA ADMINISTRA\u00c7\u00c3O, CONFORME DESCRITO EM NOTA FISCAL N\u00ba 143758 ANEXA. PREG\u00c3O ELETR\u00d4NICO N\u00ba 22\/2022","fornecedor":null,"denom_uni_orc":null,"funcao":"Urbanismo","sub_funcao":"Infra-Estrutura Urbana","programa":"PLANEJAMENTO URBANO","acao":null,"ident_acao":"Atividade","cat_econ":"Despesa Corrente","natureza_despesa":"Outras Despesas Correntes","modalidade_despesa":"Aplica\u00e7\u00f5es Diretas","elemento_despesa":"Material de Consumo","sub_elem_desp":"SEM SUBELEMENTO","fonte_recurso":"Recursos do Exerc\u00edcio Corrente \/ Recursos n\u00e3o Vinculados de Impostos \/ -"},{"ano_emissao_emp":"2023","n_emp":"0001381","data_emissao":"26\/04\/2023","valor":"1.230,00","tipo_empenho":"Ordin\u00e1rio","hist_emp":"VALOR QUE SE EMPENHA REFERENTE A PRESTA\u00c7\u00c3O DE SERVI\u00c7OS DE MANUTEN\u00c7\u00c3O DE SISTEMA DE C\u00c2MERA DE SEGURAN\u00c7A ELETR\u00d4NICA NA GARAGEM P\u00daBLICA DO DISTRITO DE P\u00c3O DE A\u00c7\u00daCAR NESTE MUNIC\u00cdPIO.","fornecedor":null,"denom_uni_orc":null,"funcao":"Administra\u00e7\u00e3o","sub_funcao":"Administra\u00e7\u00e3o Geral","programa":"SUPERVIS\u00c3O E COORDENA\u00c7\u00c3O SUPERIOR","acao":null,"ident_acao":"Atividade","cat_econ":"Despesa Corrente","natureza_despesa":"Outras Despesas Correntes","modalidade_despesa":"Aplica\u00e7\u00f5es Diretas","elemento_despesa":"Outros Servi\u00e7os de Terceiros - Pessoa F\u00edsica","sub_elem_desp":"SEM SUBELEMENTO","fonte_recurso":"Recursos do Exerc\u00edcio Corrente \/ Recursos n\u00e3o Vinculados de Impostos \/ -"},{"ano_emissao_emp":"2023","n_emp":"0001382","data_emissao":"27\/04\/2023","valor":"119,40","tipo_empenho":"Ordin\u00e1rio","hist_emp":"VALOR QUE SE EMPENHA REFERENTE A PRESTA\u00c7\u00c3O DE SERVI\u00c7OS DE ALINHAMENTO, BALANCEAMENTO, NO VE\u00cdCULO DE PLACA PGM-1147 PERTENCENTE A ESTA ADMINISTRA\u00c7\u00c3O, CONFORME DESCRITO EM NOTA FISCAL DE N\u00ba 361 ANEXA.","fornecedor":null,"denom_uni_orc":null,"funcao":"Agricultura","sub_funcao":"Administra\u00e7\u00e3o Geral","programa":"ADMINISTRA\u00c7\u00c3O GERAL","acao":null,"ident_acao":"Atividade","cat_econ":"Despesa Corrente","natureza_despesa":"Outras Despesas Correntes","modalidade_despesa":"Aplica\u00e7\u00f5es Diretas","elemento_despesa":"Outros Servi\u00e7os de Terceiros - Pessoa Jur\u00eddica","sub_elem_desp":"SEM SUBELEMENTO","fonte_recurso":"Recursos do Exerc\u00edcio Corrente \/ Recursos n\u00e3o Vinculados de Impostos \/ -"},{"ano_emissao_emp":"2023","n_emp":"0001383","data_emissao":"27\/04\/2023","valor":"5.400,00","tipo_empenho":"Ordin\u00e1rio","hist_emp":"VALOR QUE SE EMPENHA REFERENTE A AQUISI\u00c7\u00c3O DE PARALELEP\u00cdPEDOS DE PEDRAS GRAN\u00cdTICAS DESTINADOS A MANUTEN\u00c7\u00c3O E CAL\u00c7AMENTO DE NOVAS RUAS NESTE MUNIC\u00cdPIO, CONFORME DESCRITO EM NOTA FISCAL DE N\u00ba 69 EM ANEXO.","fornecedor":null,"denom_uni_orc":null,"funcao":"Urbanismo","sub_funcao":"Infra-Estrutura Urbana","programa":"PLANEJAMENTO URBANO","acao":null,"ident_acao":"Atividade","cat_econ":"Despesa Corrente","natureza_despesa":"Outras Despesas Correntes","modalidade_despesa":"Aplica\u00e7\u00f5es Diretas","elemento_despesa":"Material de Consumo","sub_elem_desp":"SEM SUBELEMENTO","fonte_recurso":"Recursos do Exerc\u00edcio Corrente \/ Recursos n\u00e3o Vinculados de Impostos \/ -"},{"ano_emissao_emp":"2023","n_emp":"0001384","data_emissao":"27\/04\/2023","valor":"3.000,00","tipo_empenho":"Ordin\u00e1rio","hist_emp":"VALOR QUE SE EMPENHA REFERENTE A PRESTA\u00c7\u00c3O DE SERVI\u00c7OS NO ABASTECIMENTO DE \u00c1GUA COM CAMINH\u00c3O PIPA DE PLACAS: KHR-4635, PARA ATENDER \u00c0S COMUNIDADES CARENTES DESTE MUNIC\u00cdPIO CONFORME DECRETO 38\/2020, NUM TOTAL DE 20 (VINTE) CARRADAS A R$ 150,00, CONFORME SOLICITADO NO OF\u00cdCIO DE N\u00ba 087\/2023 - SEGAB E NOTA FISCAL DE N\u00ba 5 EM ANEXO.","fornecedor":null,"denom_uni_orc":null,"funcao":"Administra\u00e7\u00e3o","sub_funcao":"Administra\u00e7\u00e3o Geral","programa":"SUPERVIS\u00c3O E COORDENA\u00c7\u00c3O SUPERIOR","acao":null,"ident_acao":"Atividade","cat_econ":"Despesa Corrente","natureza_despesa":"Outras Despesas Correntes","modalidade_despesa":"Aplica\u00e7\u00f5es Diretas","elemento_despesa":"Outros Servi\u00e7os de Terceiros - Pessoa Jur\u00eddica","sub_elem_desp":"SEM SUBELEMENTO","fonte_recurso":"Recursos do Exerc\u00edcio Corrente \/ Recursos n\u00e3o Vinculados de Impostos \/ -"},{"ano_emissao_emp":"2023","n_emp":"0001385","data_emissao":"28\/04\/2023","valor":"1.583,00","tipo_empenho":"Global","hist_emp":"VALOR QUE SE EMPENHA REFERENTE A AQUISI\u00c7\u00c3O DE MATERIAIS EL\u00c9TRICOS DIVERSOS (L\u00c2MPADAS E FITAS) DESTINADOS A MANUTEN\u00c7\u00c3O DOS SERVI\u00c7OS DE OBRAS E URBANISMO DESTA ADMINISTRA\u00c7\u00c3O, CONFORME DESCRITO EM NOTA FISCAL DE N\u00ba 139343 ANEXA. COMPRA PARCELADA EM 2X DE R$ 791,50","fornecedor":"JCL LAJES E MATERIAIS PARA CONSTRUCAO LTDA","denom_uni_orc":null,"funcao":"Urbanismo","sub_funcao":"Infra-Estrutura Urbana","programa":"PLANEJAMENTO URBANO","acao":null,"ident_acao":"Atividade","cat_econ":"Despesa Corrente","natureza_despesa":"Outras Despesas Correntes","modalidade_despesa":"Aplica\u00e7\u00f5es Diretas","elemento_despesa":"Material de Consumo","sub_elem_desp":"SEM SUBELEMENTO","fonte_recurso":"Recursos do Exerc\u00edcio Corrente \/ Recursos n\u00e3o Vinculados de Impostos \/ -"},{"ano_emissao_emp":"2023","n_emp":"0001386","data_emissao":"28\/04\/2023","valor":"3.798,00","tipo_empenho":"Global","hist_emp":"VALOR QUE SE EMPENHA REFERENTE A AQUISI\u00c7\u00c3O DE 01 (UM) NOTEBOOK E 01 (UM) HD EXTERNO DESTINADOS A MANUTEN\u00c7\u00c3O DOS SERVI\u00c7OS DA SECRETARIA DE FINAN\u00c7AS DESTA ADMINISTRA\u00c7\u00c3O, CONFORME DESCRITO EM NOTA FISCAL DE N\u00ba 221803 E BOLETOS ANEXOS. COMPRA PARCELADA EM 4X.","fornecedor":"VIP INFORMATICA LTDA","denom_uni_orc":null,"funcao":"Administra\u00e7\u00e3o","sub_funcao":"Administra\u00e7\u00e3o Geral","programa":"ADMINISTRA\u00c7\u00c3O GERAL","acao":null,"ident_acao":"Projeto","cat_econ":"Despesa de Capital","natureza_despesa":"Investimentos","modalidade_despesa":"Aplica\u00e7\u00f5es Diretas","elemento_despesa":"Equipamentos e Material Permanente","sub_elem_desp":"SEM SUBELEMENTO","fonte_recurso":"Recursos do Exerc\u00edcio Corrente \/ Recursos n\u00e3o Vinculados de Impostos \/ -"},{"ano_emissao_emp":"2023","n_emp":"0001387","data_emissao":"28\/04\/2023","valor":"1.120,80","tipo_empenho":"Ordin\u00e1rio","hist_emp":"VALOR QUE SE EMPENHA REFERENTE A AQUISI\u00c7\u00c3O DE 01(UMA) BASE PARA NOTEBOOK , 01 (UM) MOUSE SEM FIO E 01 (UM) TONNER, DESTINADOS A MANUTEN\u00c7\u00c3O DOS SERVI\u00c7OS DA COMISS\u00c3O PERMANENTE DE LICITA\u00c7\u00c3O DESTA ADMINISTRA\u00c7\u00c3O, CONFORME DESCRITO EM NOTA FISCAL DE N\u00ba 221813 E BOLETO ANEXO.","fornecedor":"VIP INFORMATICA LTDA","denom_uni_orc":null,"funcao":"Administra\u00e7\u00e3o","sub_funcao":"Administra\u00e7\u00e3o Geral","programa":"SUPERVIS\u00c3O E COORDENA\u00c7\u00c3O SUPERIOR","acao":null,"ident_acao":"Atividade","cat_econ":"Despesa Corrente","natureza_despesa":"Outras Despesas Correntes","modalidade_despesa":"Aplica\u00e7\u00f5es Diretas","elemento_despesa":"Material de Consumo","sub_elem_desp":"SEM SUBELEMENTO","fonte_recurso":"Recursos do Exerc\u00edcio Corrente \/ Recursos n\u00e3o Vinculados de Impostos \/ -"},{"ano_emissao_emp":"2023","n_emp":"0001388","data_emissao":"28\/04\/2023","valor":"383.964,22","tipo_empenho":"Ordin\u00e1rio","hist_emp":"VALOR QUE SE EMPENHA REFERENTE A DEVOLU\u00c7\u00c3O DO RECURSOS DO CONV\u00caNIO N\u00ba 838239\/2016 JUNTO AO MINIST\u00c9RIO DO DESENVOLVIMENTO REGIONAL.","fornecedor":"PREFEITURA MUNICIPAL DE TAQUARITINGA DO NORTE","denom_uni_orc":null,"funcao":"Administra\u00e7\u00e3o","sub_funcao":"Administra\u00e7\u00e3o Geral","programa":"ADMINISTRA\u00c7\u00c3O GERAL","acao":null,"ident_acao":"Atividade","cat_econ":"Despesa Corrente","natureza_despesa":"Outras Despesas Correntes","modalidade_despesa":"Aplica\u00e7\u00f5es Diretas","elemento_despesa":"Indeniza\u00e7\u00f5es e Restitui\u00e7\u00f5es","sub_elem_desp":"SEM SUBELEMENTO","fonte_recurso":"Recursos do Exerc\u00edcio Corrente \/ Recursos n\u00e3o Vinculados de Impostos \/ -"},{"ano_emissao_emp":"2023","n_emp":"0001389","data_emissao":"28\/04\/2023","valor":"164.628,69","tipo_empenho":"Ordin\u00e1rio","hist_emp":"VALOR QUE SE EMPENHA REFERENTE A DEVOLU\u00c7\u00c3O DO RECURSOS DO CONV\u00caNIO N\u00ba 838242\/2016 JUNTO AO MINIST\u00c9RIO DO DESENVOLVIMENTO REGIONAL.","fornecedor":"PREFEITURA MUNICIPAL DE TAQUARITINGA DO NORTE","denom_uni_orc":null,"funcao":"Administra\u00e7\u00e3o","sub_funcao":"Administra\u00e7\u00e3o Geral","programa":"ADMINISTRA\u00c7\u00c3O GERAL","acao":null,"ident_acao":"Atividade","cat_econ":"Despesa Corrente","natureza_despesa":"Outras Despesas Correntes","modalidade_despesa":"Aplica\u00e7\u00f5es Diretas","elemento_despesa":"Indeniza\u00e7\u00f5es e Restitui\u00e7\u00f5es","sub_elem_desp":"SEM SUBELEMENTO","fonte_recurso":"Recursos do Exerc\u00edcio Corrente \/ Recursos n\u00e3o Vinculados de Impostos \/ -"},{"ano_emissao_emp":"2023","n_emp":"0001390","data_emissao":"28\/04\/2023","valor":"2.210,00","tipo_empenho":"Ordin\u00e1rio","hist_emp":"VALOR QUE SE EMPENHA REFERENTE AO ABASTECIMENTO DE \u00c1GUA PARA CAMINH\u00d5ES DE 10.000L DESTINADOS AO ABASTECIMENTO DE PR\u00c9DIOS E CAIXAS DE \u00c1GUA P\u00daBLICAS DESTA ADMINISTRA\u00c7\u00c3O. QUANTIDADE 34 A R$ 65,00, DURANTE O M\u00caS DE ABRIL.","fornecedor":null,"denom_uni_orc":null,"funcao":"Administra\u00e7\u00e3o","sub_funcao":"Administra\u00e7\u00e3o Geral","programa":"SUPERVIS\u00c3O E COORDENA\u00c7\u00c3O SUPERIOR","acao":null,"ident_acao":"Atividade","cat_econ":"Despesa Corrente","natureza_despesa":"Outras Despesas Correntes","modalidade_despesa":"Aplica\u00e7\u00f5es Diretas","elemento_despesa":"Outros Servi\u00e7os de Terceiros - Pessoa F\u00edsica","sub_elem_desp":"SEM SUBELEMENTO","fonte_recurso":"Recursos do Exerc\u00edcio Corrente \/ Recursos n\u00e3o Vinculados de Impostos \/ -"},{"ano_emissao_emp":"2023","n_emp":"0001391","data_emissao":"28\/04\/2023","valor":"1.625,00","tipo_empenho":"Ordin\u00e1rio","hist_emp":"VALOR QUE SE EMPENHA REFERENTE AO ABASTECIMENTO DE \u00c1GUA PARA CAMINH\u00d5ES DE 10.000L DESTINADOS AO ABASTECIMENTO DE PR\u00c9DIOS E CAIXAS DE \u00c1GUA P\u00daBLICAS DESTA ADMINISTRA\u00c7\u00c3O. QUANTIDADE 25 A R$ 65,00, DURANTE O M\u00caS DE ABRIL.","fornecedor":null,"denom_uni_orc":null,"funcao":"Administra\u00e7\u00e3o","sub_funcao":"Administra\u00e7\u00e3o Geral","programa":"SUPERVIS\u00c3O E COORDENA\u00c7\u00c3O SUPERIOR","acao":null,"ident_acao":"Atividade","cat_econ":"Despesa Corrente","natureza_despesa":"Outras Despesas Correntes","modalidade_despesa":"Aplica\u00e7\u00f5es Diretas","elemento_despesa":"Outros Servi\u00e7os de Terceiros - Pessoa F\u00edsica","sub_elem_desp":"SEM SUBELEMENTO","fonte_recurso":"Recursos do Exerc\u00edcio Corrente \/ Recursos n\u00e3o Vinculados de Impostos \/ -"},{"ano_emissao_emp":"2023","n_emp":"0001392","data_emissao":"28\/04\/2023","valor":"2.080,00","tipo_empenho":"Ordin\u00e1rio","hist_emp":"VALOR QUE SE EMPENHA REFERENTE AO ABASTECIMENTO DE \u00c1GUA PARA CAMINH\u00d5ES DE 10.000L DESTINADOS AO ABASTECIMENTO DE PR\u00c9DIOS E CAIXAS DE \u00c1GUA P\u00daBLICAS DESTA ADMINISTRA\u00c7\u00c3O. QUANTIDADE 32 A R$ 65,00, DURANTE O M\u00caS DE ABRIL.","fornecedor":null,"denom_uni_orc":null,"funcao":"Administra\u00e7\u00e3o","sub_funcao":"Administra\u00e7\u00e3o Geral","programa":"SUPERVIS\u00c3O E COORDENA\u00c7\u00c3O SUPERIOR","acao":null,"ident_acao":"Atividade","cat_econ":"Despesa Corrente","natureza_despesa":"Outras Despesas Correntes","modalidade_despesa":"Aplica\u00e7\u00f5es Diretas","elemento_despesa":"Outros Servi\u00e7os de Terceiros - Pessoa F\u00edsica","sub_elem_desp":"SEM SUBELEMENTO","fonte_recurso":"Recursos do Exerc\u00edcio Corrente \/ Recursos n\u00e3o Vinculados de Impostos \/ -"},{"ano_emissao_emp":"2023","n_emp":"0001393","data_emissao":"28\/04\/2023","valor":"780,00","tipo_empenho":"Ordin\u00e1rio","hist_emp":"VALOR QUE SE EMPENHA REFERENTE A PRESTA\u00c7\u00c3O DE SERVI\u00c7OS NO ABASTECIMENTO DE CARROS PIPAS DE 10.000L DESTA ADMINISTRA\u00c7\u00c3O. TOTAL DE 12 A R$ 65,00. REF. M\u00caS DE ABRIL.","fornecedor":null,"denom_uni_orc":null,"funcao":"Administra\u00e7\u00e3o","sub_funcao":"Administra\u00e7\u00e3o Geral","programa":"SUPERVIS\u00c3O E COORDENA\u00c7\u00c3O SUPERIOR","acao":null,"ident_acao":"Atividade","cat_econ":"Despesa Corrente","natureza_despesa":"Outras Despesas Correntes","modalidade_despesa":"Aplica\u00e7\u00f5es Diretas","elemento_despesa":"Outros Servi\u00e7os de Terceiros - Pessoa F\u00edsica","sub_elem_desp":"SEM SUBELEMENTO","fonte_recurso":"Recursos do Exerc\u00edcio Corrente \/ Recursos n\u00e3o Vinculados de Impostos \/ -"},{"ano_emissao_emp":"2023","n_emp":"0001394","data_emissao":"28\/04\/2023","valor":"1.800,00","tipo_empenho":"Ordin\u00e1rio","hist_emp":"VALOR QUE SE EMPENHA REFERENTE A PRESTA\u00c7\u00c3O DE SERVI\u00c7OS DE MANUTEN\u00c7\u00c3O E LIMPEZA NO ABRIGO DOS ANIMAIS ABANDONADOS E RECOLHIDOS NESTE MUNIC\u00cdPIO. REF. ABRIL.","fornecedor":"ELIZABETE AZEVEDO DE MEDEIROS","denom_uni_orc":null,"funcao":"Urbanismo","sub_funcao":"Infra-Estrutura Urbana","programa":"PLANEJAMENTO URBANO","acao":null,"ident_acao":"Atividade","cat_econ":"Despesa Corrente","natureza_despesa":"Outras Despesas Correntes","modalidade_despesa":"Aplica\u00e7\u00f5es Diretas","elemento_despesa":"Outros Servi\u00e7os de Terceiros - Pessoa F\u00edsica","sub_elem_desp":"SEM SUBELEMENTO","fonte_recurso":"Recursos do Exerc\u00edcio Corrente \/ Recursos n\u00e3o Vinculados de Impostos \/ -"},{"ano_emissao_emp":"2023","n_emp":"0001395","data_emissao":"28\/04\/2023","valor":"4.000,00","tipo_empenho":"Ordin\u00e1rio","hist_emp":"VALOR QUE SE EMPENHA REFERENTE A PRESTA\u00c7\u00c3O DE SERVI\u00c7OS DE SOLDA MO CONSERTO DE DISCIPLINADORES, EXTRA\u00c7\u00c3O DE PARAFUSO DOS COLETORES, CONSERTO DE RO\u00c7ADEIROS, CONSERTO E MANUTEN\u00c7\u00c3O DE PORT\u00d5ES E CONFEC\u00c7\u00c3O DE CORRIM\u00c3O PARA PR\u00c9DIOS P\u00daBLICOS DO DISTRITO DE P\u00c3O DE A\u00c7\u00daCAR, NESTE MUNIC\u00cdPIO, CONFORME SOLICITADO NO OF\u00cdCIO N\u00ba 068\/2023 - SUBPREFEITURA EM ANEXO.","fornecedor":null,"denom_uni_orc":null,"funcao":"Administra\u00e7\u00e3o","sub_funcao":"Administra\u00e7\u00e3o Geral","programa":"SUPERVIS\u00c3O E COORDENA\u00c7\u00c3O SUPERIOR","acao":null,"ident_acao":"Atividade","cat_econ":"Despesa Corrente","natureza_despesa":"Outras Despesas Correntes","modalidade_despesa":"Aplica\u00e7\u00f5es Diretas","elemento_despesa":"Outros Servi\u00e7os de Terceiros - Pessoa F\u00edsica","sub_elem_desp":"SEM SUBELEMENTO","fonte_recurso":"Recursos do Exerc\u00edcio Corrente \/ Recursos n\u00e3o Vinculados de Impostos \/ -"},{"ano_emissao_emp":"2023","n_emp":"0001396","data_emissao":"28\/04\/2023","valor":"1.300,00","tipo_empenho":"Ordin\u00e1rio","hist_emp":"VALOR QUE SE EMPENHA REFERENTE A PRESTA\u00c7\u00c3O DE SERVI\u00c7OS GR\u00c1FICOS NA CRIA\u00c7\u00c3O DE ARTES GR\u00c1FICAS E VISUAIS DESTINADAS A ESTA ADMINISTRA\u00c7\u00c3O, DURANTE OS MESES DE MAR\u00c7O E ABRIL 23.","fornecedor":null,"denom_uni_orc":null,"funcao":"Administra\u00e7\u00e3o","sub_funcao":"Administra\u00e7\u00e3o Geral","programa":"SUPERVIS\u00c3O E COORDENA\u00c7\u00c3O SUPERIOR","acao":null,"ident_acao":"Atividade","cat_econ":"Despesa Corrente","natureza_despesa":"Outras Despesas Correntes","modalidade_despesa":"Aplica\u00e7\u00f5es Diretas","elemento_despesa":"Outros Servi\u00e7os de Terceiros - Pessoa F\u00edsica","sub_elem_desp":"SEM SUBELEMENTO","fonte_recurso":"Recursos do Exerc\u00edcio Corrente \/ Recursos n\u00e3o Vinculados de Impostos \/ -"},{"ano_emissao_emp":"2023","n_emp":"0001397","data_emissao":"28\/04\/2023","valor":"2.200,00","tipo_empenho":"Ordin\u00e1rio","hist_emp":"VALOR QUE SE EMPENHA REFERENTE AO PAGAMENTO DE BOLETO REFERENTE A ALTERA\u00c7\u00c3O DE CRONOGRAMA DE OBRAS DESTA ADMINISTRA\u00c7\u00c3O. CONFORME TERMO ADITIVO AO CONTRATO DE REPASSE OGU MDR 866840\/2018 - OPERA\u00c7\u00c3O 1052840-00 EM ANEXO.","fornecedor":"CAIXA ECONOMICA FEDERAL","denom_uni_orc":null,"funcao":"Urbanismo","sub_funcao":"Infra-Estrutura Urbana","programa":"PLANEJAMENTO URBANO","acao":null,"ident_acao":"Atividade","cat_econ":"Despesa Corrente","natureza_despesa":"Outras Despesas Correntes","modalidade_despesa":"Aplica\u00e7\u00f5es Diretas","elemento_despesa":"Outros Servi\u00e7os de Terceiros - Pessoa Jur\u00eddica","sub_elem_desp":"SEM SUBELEMENTO","fonte_recurso":"Recursos do Exerc\u00edcio Corrente \/ Recursos n\u00e3o Vinculados de Impostos \/ -"}]